{"id":30053,"date":"2021-11-03T23:16:14","date_gmt":"2021-11-04T02:16:14","guid":{"rendered":"http:\/\/ondauno.com.ar\/?p=30053"},"modified":"2021-11-04T10:11:14","modified_gmt":"2021-11-04T13:11:14","slug":"un-hombre-mayor-de-edad-fue-aprehendido-es-sospechado-de-haber-abusado-de-su-hija-de-11-anos","status":"publish","type":"post","link":"https:\/\/ondauno.com.ar\/index.php\/2021\/11\/03\/un-hombre-mayor-de-edad-fue-aprehendido-es-sospechado-de-haber-abusado-de-su-hija-de-11-anos\/","title":{"rendered":"Un hombre mayor de edad fue aprehendido, es sospechado de haber abusado de la hija de su pareja de 11 a\u00f1os"},"content":{"rendered":"<div class=\"ondau-before-content_3\" style=\"margin-top: -30px;\" id=\"ondau-988131096\"><a href=\"https:\/\/www.lps.com.ar\/\" aria-label=\"la-perse2\"><img loading=\"lazy\" decoding=\"async\" src=\"https:\/\/ondauno.com.ar\/wp-content\/uploads\/2021\/10\/la-perse2.jpg\" alt=\"\"  srcset=\"https:\/\/ondauno.com.ar\/wp-content\/uploads\/2021\/10\/la-perse2.jpg 1353w, https:\/\/ondauno.com.ar\/wp-content\/uploads\/2021\/10\/la-perse2-300x43.jpg 300w, https:\/\/ondauno.com.ar\/wp-content\/uploads\/2021\/10\/la-perse2-1024x148.jpg 1024w, https:\/\/ondauno.com.ar\/wp-content\/uploads\/2021\/10\/la-perse2-768x111.jpg 768w, https:\/\/ondauno.com.ar\/wp-content\/uploads\/2021\/10\/la-perse2-696x100.jpg 696w, https:\/\/ondauno.com.ar\/wp-content\/uploads\/2021\/10\/la-perse2-1068x154.jpg 1068w\" sizes=\"(max-width: 1353px) 100vw, 1353px\" class=\"no-lazyload\" width=\"1353\" height=\"195\"  style=\"display: inline-block;\" \/><\/a><\/div>\n<p>En el d\u00eda de hoy personal de CPR Cnel. Dorrego a ra\u00edz de un\nllamado al 911 que informaba que en un establecimiento Rural sito Cuartel XIV\nhabr\u00eda ocurrido un abuso sobre una menor de edad.<\/p>\n\n\n\n<p>De inmediato un m\u00f3vil con personal del CPR Coronel Dorrego,\nquienes constituidos en el campo se entrevistaron con una mujer residente del\nlugar quien refiere momentos antes hab\u00eda encontrado a su pareja abusando de a\nsu hija de (11) a\u00f1os dentro de un galp\u00f3n. <\/p>\n\n\n\n<p>Con lo relatado se procede de manera preventiva a realizar la aprehensi\u00f3n del concubino de la madre de la victima -abuso agravado por convivencia- a fines evitar posible fuga, y realizar traslado de la mujer junto a la menor hacia la oficina de atenci\u00f3n a V\u00edctimas de Violencia de G\u00e9nero de Coronel Dorrego, quienes en primeras instancias realizaron sus tareas espec\u00edficas sobre las mismas con todo su staff de profesionales, dando intervenci\u00f3n a UFIJ N\u00b0 14 del Depto. Judicial Bah\u00eda Blanca. &#8211; <\/p>\n\n\n\n<p>Posteriormente se procedi\u00f3 a mantener comunicaci\u00f3n con la\nUFIJ 14, Dr. Bayer, quien avala el proceder policial, disponiendo diligencias\nde rigor, y resguardo del aprehendido en dependencia policial hasta primera\nhora del d\u00eda 04\/11\/2021 cuando se realizar\u00e1 audiencia indagatoria. &#8211; <\/p>\n","protected":false},"excerpt":{"rendered":"<p>En el d\u00eda de hoy personal de CPR Cnel. Dorrego a ra\u00edz de un llamado al 911 que informaba que en un establecimiento Rural sito Cuartel XIV habr\u00eda ocurrido un abuso sobre una menor de edad. De inmediato un m\u00f3vil con personal del CPR Coronel Dorrego, quienes constituidos en el campo se entrevistaron con una [&hellip;]<\/p>\n","protected":false},"author":2,"featured_media":0,"comment_status":"open","ping_status":"open","sticky":false,"template":"","format":"standard","meta":{"tdm_status":"","tdm_grid_status":"","_jetpack_memberships_contains_paid_content":false,"footnotes":"","jetpack_publicize_message":"","jetpack_publicize_feature_enabled":true,"jetpack_social_post_already_shared":true,"jetpack_social_options":{"image_generator_settings":{"template":"highway","default_image_id":0,"font":"","enabled":false},"version":2}},"categories":[29],"tags":[],"class_list":{"0":"post-30053","1":"post","2":"type-post","3":"status-publish","4":"format-standard","6":"category-policiales"},"yoast_head":"<!-- This site is optimized with the Yoast SEO plugin v22.7 - https:\/\/yoast.com\/wordpress\/plugins\/seo\/ -->\n<title>Un hombre mayor de edad fue aprehendido, es sospechado de haber abusado de la hija de su pareja de 11 a\u00f1os - 103.9 fm<\/title>\n<meta name=\"robots\" content=\"index, follow, max-snippet:-1, max-image-preview:large, max-video-preview:-1\" \/>\n<link rel=\"canonical\" href=\"https:\/\/ondauno.com.ar\/index.php\/2021\/11\/03\/un-hombre-mayor-de-edad-fue-aprehendido-es-sospechado-de-haber-abusado-de-su-hija-de-11-anos\/\" \/>\n<meta property=\"og:locale\" content=\"es_ES\" \/>\n<meta property=\"og:type\" content=\"article\" \/>\n<meta property=\"og:title\" content=\"Un hombre mayor de edad fue aprehendido, es sospechado de haber abusado de la hija de su pareja de 11 a\u00f1os - 103.9 fm\" \/>\n<meta property=\"og:description\" content=\"En el d\u00eda de hoy personal de CPR Cnel. Dorrego a ra\u00edz de un llamado al 911 que informaba que en un establecimiento Rural sito Cuartel XIV habr\u00eda ocurrido un abuso sobre una menor de edad. De inmediato un m\u00f3vil con personal del CPR Coronel Dorrego, quienes constituidos en el campo se entrevistaron con una [&hellip;]\" \/>\n<meta property=\"og:url\" content=\"https:\/\/ondauno.com.ar\/index.php\/2021\/11\/03\/un-hombre-mayor-de-edad-fue-aprehendido-es-sospechado-de-haber-abusado-de-su-hija-de-11-anos\/\" \/>\n<meta property=\"og:site_name\" content=\"103.9 fm\" \/>\n<meta property=\"article:publisher\" content=\"https:\/\/www.facebook.com\/ondauno103.9\" \/>\n<meta property=\"article:published_time\" content=\"2021-11-04T02:16:14+00:00\" \/>\n<meta property=\"article:modified_time\" content=\"2021-11-04T13:11:14+00:00\" \/>\n<meta property=\"og:image\" content=\"https:\/\/ondauno.com.ar\/wp-content\/uploads\/2021\/11\/WhatsApp-Image-2021-11-03-at-22.50.29-1-1.jpeg\" \/>\n\t<meta property=\"og:image:width\" content=\"1280\" \/>\n\t<meta property=\"og:image:height\" content=\"1280\" \/>\n\t<meta property=\"og:image:type\" content=\"image\/jpeg\" \/>\n<meta name=\"author\" content=\"fernando garcia\" \/>\n<meta name=\"twitter:card\" content=\"summary_large_image\" \/>\n<meta name=\"twitter:label1\" content=\"Escrito por\" \/>\n\t<meta name=\"twitter:data1\" content=\"fernando garcia\" \/>\n\t<meta name=\"twitter:label2\" content=\"Tiempo de lectura\" \/>\n\t<meta name=\"twitter:data2\" content=\"1 minuto\" \/>\n<script type=\"application\/ld+json\" class=\"yoast-schema-graph\">{\"@context\":\"https:\/\/schema.org\",\"@graph\":[{\"@type\":\"WebPage\",\"@id\":\"https:\/\/ondauno.com.ar\/index.php\/2021\/11\/03\/un-hombre-mayor-de-edad-fue-aprehendido-es-sospechado-de-haber-abusado-de-su-hija-de-11-anos\/\",\"url\":\"https:\/\/ondauno.com.ar\/index.php\/2021\/11\/03\/un-hombre-mayor-de-edad-fue-aprehendido-es-sospechado-de-haber-abusado-de-su-hija-de-11-anos\/\",\"name\":\"Un hombre mayor de edad fue aprehendido, es sospechado de haber abusado de la hija de su pareja de 11 a\u00f1os - 103.9 fm\",\"isPartOf\":{\"@id\":\"https:\/\/ondauno.com.ar\/#website\"},\"datePublished\":\"2021-11-04T02:16:14+00:00\",\"dateModified\":\"2021-11-04T13:11:14+00:00\",\"author\":{\"@id\":\"https:\/\/ondauno.com.ar\/#\/schema\/person\/201d1b68e6c75e0fd396fe5f8af5d139\"},\"breadcrumb\":{\"@id\":\"https:\/\/ondauno.com.ar\/index.php\/2021\/11\/03\/un-hombre-mayor-de-edad-fue-aprehendido-es-sospechado-de-haber-abusado-de-su-hija-de-11-anos\/#breadcrumb\"},\"inLanguage\":\"es-AR\",\"potentialAction\":[{\"@type\":\"ReadAction\",\"target\":[\"https:\/\/ondauno.com.ar\/index.php\/2021\/11\/03\/un-hombre-mayor-de-edad-fue-aprehendido-es-sospechado-de-haber-abusado-de-su-hija-de-11-anos\/\"]}]},{\"@type\":\"BreadcrumbList\",\"@id\":\"https:\/\/ondauno.com.ar\/index.php\/2021\/11\/03\/un-hombre-mayor-de-edad-fue-aprehendido-es-sospechado-de-haber-abusado-de-su-hija-de-11-anos\/#breadcrumb\",\"itemListElement\":[{\"@type\":\"ListItem\",\"position\":1,\"name\":\"Inicio\",\"item\":\"https:\/\/ondauno.com.ar\/\"},{\"@type\":\"ListItem\",\"position\":2,\"name\":\"Un hombre mayor de edad fue aprehendido, es sospechado de haber abusado de la hija de su pareja de 11 a\u00f1os\"}]},{\"@type\":\"WebSite\",\"@id\":\"https:\/\/ondauno.com.ar\/#website\",\"url\":\"https:\/\/ondauno.com.ar\/\",\"name\":\"103.9 fm\",\"description\":\"LA PRIMERA RADIO MULTIMEDIA DE TRES ARROYOS\",\"potentialAction\":[{\"@type\":\"SearchAction\",\"target\":{\"@type\":\"EntryPoint\",\"urlTemplate\":\"https:\/\/ondauno.com.ar\/?s={search_term_string}\"},\"query-input\":\"required name=search_term_string\"}],\"inLanguage\":\"es-AR\"},{\"@type\":\"Person\",\"@id\":\"https:\/\/ondauno.com.ar\/#\/schema\/person\/201d1b68e6c75e0fd396fe5f8af5d139\",\"name\":\"fernando garcia\",\"image\":{\"@type\":\"ImageObject\",\"inLanguage\":\"es-AR\",\"@id\":\"https:\/\/ondauno.com.ar\/#\/schema\/person\/image\/\",\"url\":\"https:\/\/secure.gravatar.com\/avatar\/5f7254642ad81272e79a2e69653cfdfc?s=96&d=mm&r=g\",\"contentUrl\":\"https:\/\/secure.gravatar.com\/avatar\/5f7254642ad81272e79a2e69653cfdfc?s=96&d=mm&r=g\",\"caption\":\"fernando garcia\"},\"url\":\"https:\/\/ondauno.com.ar\/index.php\/author\/ondaunoeditor\/\"}]}<\/script>\n<!-- \/ Yoast SEO plugin. -->","yoast_head_json":{"title":"Un hombre mayor de edad fue aprehendido, es sospechado de haber abusado de la hija de su pareja de 11 a\u00f1os - 103.9 fm","robots":{"index":"index","follow":"follow","max-snippet":"max-snippet:-1","max-image-preview":"max-image-preview:large","max-video-preview":"max-video-preview:-1"},"canonical":"https:\/\/ondauno.com.ar\/index.php\/2021\/11\/03\/un-hombre-mayor-de-edad-fue-aprehendido-es-sospechado-de-haber-abusado-de-su-hija-de-11-anos\/","og_locale":"es_ES","og_type":"article","og_title":"Un hombre mayor de edad fue aprehendido, es sospechado de haber abusado de la hija de su pareja de 11 a\u00f1os - 103.9 fm","og_description":"En el d\u00eda de hoy personal de CPR Cnel. Dorrego a ra\u00edz de un llamado al 911 que informaba que en un establecimiento Rural sito Cuartel XIV habr\u00eda ocurrido un abuso sobre una menor de edad. De inmediato un m\u00f3vil con personal del CPR Coronel Dorrego, quienes constituidos en el campo se entrevistaron con una [&hellip;]","og_url":"https:\/\/ondauno.com.ar\/index.php\/2021\/11\/03\/un-hombre-mayor-de-edad-fue-aprehendido-es-sospechado-de-haber-abusado-de-su-hija-de-11-anos\/","og_site_name":"103.9 fm","article_publisher":"https:\/\/www.facebook.com\/ondauno103.9","article_published_time":"2021-11-04T02:16:14+00:00","article_modified_time":"2021-11-04T13:11:14+00:00","og_image":[{"width":1280,"height":1280,"url":"https:\/\/ondauno.com.ar\/wp-content\/uploads\/2021\/11\/WhatsApp-Image-2021-11-03-at-22.50.29-1-1.jpeg","type":"image\/jpeg"}],"author":"fernando garcia","twitter_card":"summary_large_image","twitter_misc":{"Escrito por":"fernando garcia","Tiempo de lectura":"1 minuto"},"schema":{"@context":"https:\/\/schema.org","@graph":[{"@type":"WebPage","@id":"https:\/\/ondauno.com.ar\/index.php\/2021\/11\/03\/un-hombre-mayor-de-edad-fue-aprehendido-es-sospechado-de-haber-abusado-de-su-hija-de-11-anos\/","url":"https:\/\/ondauno.com.ar\/index.php\/2021\/11\/03\/un-hombre-mayor-de-edad-fue-aprehendido-es-sospechado-de-haber-abusado-de-su-hija-de-11-anos\/","name":"Un hombre mayor de edad fue aprehendido, es sospechado de haber abusado de la hija de su pareja de 11 a\u00f1os - 103.9 fm","isPartOf":{"@id":"https:\/\/ondauno.com.ar\/#website"},"datePublished":"2021-11-04T02:16:14+00:00","dateModified":"2021-11-04T13:11:14+00:00","author":{"@id":"https:\/\/ondauno.com.ar\/#\/schema\/person\/201d1b68e6c75e0fd396fe5f8af5d139"},"breadcrumb":{"@id":"https:\/\/ondauno.com.ar\/index.php\/2021\/11\/03\/un-hombre-mayor-de-edad-fue-aprehendido-es-sospechado-de-haber-abusado-de-su-hija-de-11-anos\/#breadcrumb"},"inLanguage":"es-AR","potentialAction":[{"@type":"ReadAction","target":["https:\/\/ondauno.com.ar\/index.php\/2021\/11\/03\/un-hombre-mayor-de-edad-fue-aprehendido-es-sospechado-de-haber-abusado-de-su-hija-de-11-anos\/"]}]},{"@type":"BreadcrumbList","@id":"https:\/\/ondauno.com.ar\/index.php\/2021\/11\/03\/un-hombre-mayor-de-edad-fue-aprehendido-es-sospechado-de-haber-abusado-de-su-hija-de-11-anos\/#breadcrumb","itemListElement":[{"@type":"ListItem","position":1,"name":"Inicio","item":"https:\/\/ondauno.com.ar\/"},{"@type":"ListItem","position":2,"name":"Un hombre mayor de edad fue aprehendido, es sospechado de haber abusado de la hija de su pareja de 11 a\u00f1os"}]},{"@type":"WebSite","@id":"https:\/\/ondauno.com.ar\/#website","url":"https:\/\/ondauno.com.ar\/","name":"103.9 fm","description":"LA PRIMERA RADIO MULTIMEDIA DE TRES ARROYOS","potentialAction":[{"@type":"SearchAction","target":{"@type":"EntryPoint","urlTemplate":"https:\/\/ondauno.com.ar\/?s={search_term_string}"},"query-input":"required name=search_term_string"}],"inLanguage":"es-AR"},{"@type":"Person","@id":"https:\/\/ondauno.com.ar\/#\/schema\/person\/201d1b68e6c75e0fd396fe5f8af5d139","name":"fernando garcia","image":{"@type":"ImageObject","inLanguage":"es-AR","@id":"https:\/\/ondauno.com.ar\/#\/schema\/person\/image\/","url":"https:\/\/secure.gravatar.com\/avatar\/5f7254642ad81272e79a2e69653cfdfc?s=96&d=mm&r=g","contentUrl":"https:\/\/secure.gravatar.com\/avatar\/5f7254642ad81272e79a2e69653cfdfc?s=96&d=mm&r=g","caption":"fernando garcia"},"url":"https:\/\/ondauno.com.ar\/index.php\/author\/ondaunoeditor\/"}]}},"jetpack_publicize_connections":[],"jetpack_featured_media_url":"","jetpack_sharing_enabled":true,"_links":{"self":[{"href":"https:\/\/ondauno.com.ar\/index.php\/wp-json\/wp\/v2\/posts\/30053","targetHints":{"allow":["GET"]}}],"collection":[{"href":"https:\/\/ondauno.com.ar\/index.php\/wp-json\/wp\/v2\/posts"}],"about":[{"href":"https:\/\/ondauno.com.ar\/index.php\/wp-json\/wp\/v2\/types\/post"}],"author":[{"embeddable":true,"href":"https:\/\/ondauno.com.ar\/index.php\/wp-json\/wp\/v2\/users\/2"}],"replies":[{"embeddable":true,"href":"https:\/\/ondauno.com.ar\/index.php\/wp-json\/wp\/v2\/comments?post=30053"}],"version-history":[{"count":0,"href":"https:\/\/ondauno.com.ar\/index.php\/wp-json\/wp\/v2\/posts\/30053\/revisions"}],"wp:attachment":[{"href":"https:\/\/ondauno.com.ar\/index.php\/wp-json\/wp\/v2\/media?parent=30053"}],"wp:term":[{"taxonomy":"category","embeddable":true,"href":"https:\/\/ondauno.com.ar\/index.php\/wp-json\/wp\/v2\/categories?post=30053"},{"taxonomy":"post_tag","embeddable":true,"href":"https:\/\/ondauno.com.ar\/index.php\/wp-json\/wp\/v2\/tags?post=30053"}],"curies":[{"name":"wp","href":"https:\/\/api.w.org\/{rel}","templated":true}]}}