{"id":30049,"date":"2021-11-03T22:39:52","date_gmt":"2021-11-04T01:39:52","guid":{"rendered":"http:\/\/ondauno.com.ar\/?p=30049"},"modified":"2021-11-03T22:39:55","modified_gmt":"2021-11-04T01:39:55","slug":"melisa-juarez-la-nueva-presidente-del-congreso-de-la-juventud-radical-de-la-provincia-de-buenos-aires","status":"publish","type":"post","link":"https:\/\/ondauno.com.ar\/index.php\/2021\/11\/03\/melisa-juarez-la-nueva-presidente-del-congreso-de-la-juventud-radical-de-la-provincia-de-buenos-aires\/","title":{"rendered":"Melisa Juarez, la nueva presidente del congreso de la Juventud Radical de la provincia de Buenos Aires"},"content":{"rendered":"<div class=\"ondau-before-content_3\" style=\"margin-top: -30px;\" id=\"ondau-3618058588\"><a href=\"https:\/\/www.lps.com.ar\/\" aria-label=\"la-perse2\"><img loading=\"lazy\" decoding=\"async\" src=\"https:\/\/ondauno.com.ar\/wp-content\/uploads\/2021\/10\/la-perse2.jpg\" alt=\"\"  srcset=\"https:\/\/ondauno.com.ar\/wp-content\/uploads\/2021\/10\/la-perse2.jpg 1353w, https:\/\/ondauno.com.ar\/wp-content\/uploads\/2021\/10\/la-perse2-300x43.jpg 300w, https:\/\/ondauno.com.ar\/wp-content\/uploads\/2021\/10\/la-perse2-1024x148.jpg 1024w, https:\/\/ondauno.com.ar\/wp-content\/uploads\/2021\/10\/la-perse2-768x111.jpg 768w, https:\/\/ondauno.com.ar\/wp-content\/uploads\/2021\/10\/la-perse2-696x100.jpg 696w, https:\/\/ondauno.com.ar\/wp-content\/uploads\/2021\/10\/la-perse2-1068x154.jpg 1068w\" sizes=\"(max-width: 1353px) 100vw, 1353px\" class=\"no-lazyload\" width=\"1353\" height=\"195\"  style=\"display: inline-block;\" \/><\/a><\/div>\n<p>El pasado s\u00e1bado en la ciudad de La Plata se desarroll\u00f3 una\nnueva sesi\u00f3n del congreso de la Juventud Radical de la Provincia de Buenos Aires,\ncon una presencia de los 92 congresales, se renovaron las autoridades del mismo\nhasta el periodo 2023.<\/p>\n\n\n\n<p>Como nueva presidenta del Congreso de la Juventud Radical\nresult\u00f3 electa Melisa Ju\u00e1rez, abogada de 26 a\u00f1os, militante de la Quinta\nsecci\u00f3n electoral, candidata a concejala en la lista de Juntos en San Cayetano\ne integrante de la estructura del presidente de la UCR bonaerense, Maximiliano\nAbad y titular del bloque opositor en la C\u00e1mara de Diputados de la provincia de\nBuenos Aires.<\/p>\n\n\n\n<p>Adem\u00e1s, el tresarroyense Lucas Britez, fue elegido c\u00f3mo\nSecretario de Educaci\u00f3n del \u00f3rgano legislativo de la Juventud Radical. \u201cComo\ncandidato a Consejero Escolar, es muy importante poder ocupar espacios dentro\ndel partido en donde poder seguir trabajando por el desarrollo de pol\u00edticas p\u00fablicas\ndestinadas a mejorar la calidad educativa de los y las j\u00f3venes de la provincia\u201d\nremarco Britez.<\/p>\n\n\n\n<figure class=\"wp-block-image\"><img decoding=\"async\" data-src=\"http:\/\/ondauno.com.ar\/wp-content\/uploads\/2021\/11\/WhatsApp-Image-2021-11-03-at-13.15.45-1024x559.jpeg\" alt=\"\" class=\"wp-image-30050 lazyload\" src=\"data:image\/gif;base64,R0lGODlhAQABAAAAACH5BAEKAAEALAAAAAABAAEAAAICTAEAOw==\" style=\"--smush-placeholder-width: 1024px; --smush-placeholder-aspect-ratio: 1024\/559;\" \/><noscript><img decoding=\"async\" src=\"http:\/\/ondauno.com.ar\/wp-content\/uploads\/2021\/11\/WhatsApp-Image-2021-11-03-at-13.15.45-1024x559.jpeg\" alt=\"\" class=\"wp-image-30050\"\/><\/noscript><\/figure>\n\n\n\n<p>\u201cEs un gran desaf\u00edo representar la conducci\u00f3n de la juventud\nde un partido que est\u00e1 m\u00e1s vivo que nunca y muy vigente. En el acto de Ferro\nfue un impulso grande escuchar a Maxi (Abad), \u00c9rica (Revilla) y (Facundo)\nManes. Estamos trabajando para consolidar un radicalismo moderno, protagonista\ny que se quede con la conducci\u00f3n de la coalici\u00f3n de Juntos\u201d, remarc\u00f3 Melisa Ju\u00e1rez<\/p>\n\n\n\n<p>En esa l\u00ednea, la sancayetanense afirm\u00f3 \u201cen primera instancia\nlo que tengo para decir es que comparto la visi\u00f3n y postura de Maximiliano\nAbad, diputado provincial y presidente del Comit\u00e9 Provincia, cuando subray\u00f3 que\nal radicalismo hab\u00eda que modernizarlo y fortalecerlo, y eso qued\u00f3 demostrado\nhace unos d\u00edas en el acto de Ferro\u201d.<\/p>\n\n\n\n<p>Asimismo, Ju\u00e1rez asever\u00f3 que \u201cesta juventud, la de ayer, la\nde hoy y la que viene lo va a acompa\u00f1ar a \u00b4Maxi\u00b4 y a toda la conducci\u00f3n del\nradicalismo para que tengamos un candidato en el 2023 y que sea la UCR la que\nconduzca la coalici\u00f3n de gobierno\u201d.<\/p>\n\n\n\n<p>Tambi\u00e9n aport\u00f3 \u201cveo con mucho \u00e1nimo, seguridad y orgullo al\nradicalismo que estamos teniendo y como joven siempre acompa\u00f1ando para crecer y\nprogresar. Hoy el partido discute vocaci\u00f3n de poder y eso entusiasma. Es un\nnuevo respirar, estamos fuertes y volvimos a la escena de la pol\u00edtica\u201d.<\/p>\n\n\n\n<p>Sobre el aporte de la Juventud Radical al partido, Ju\u00e1rez\nse\u00f1al\u00f3 que \u201ca cada pueblo que vayas, vas a encontrar a una juventud radical\nlatente, trabajadora y con una estructura que no la tiene otro partido\npol\u00edtico.<\/p>\n","protected":false},"excerpt":{"rendered":"<p>El pasado s\u00e1bado en la ciudad de La Plata se desarroll\u00f3 una nueva sesi\u00f3n del congreso de la Juventud Radical de la Provincia de Buenos Aires, con una presencia de los 92 congresales, se renovaron las autoridades del mismo hasta el periodo 2023. Como nueva presidenta del Congreso de la Juventud Radical result\u00f3 electa Melisa [&hellip;]<\/p>\n","protected":false},"author":2,"featured_media":0,"comment_status":"open","ping_status":"open","sticky":false,"template":"","format":"standard","meta":{"tdm_status":"","tdm_grid_status":"","_jetpack_memberships_contains_paid_content":false,"footnotes":"","jetpack_publicize_message":"","jetpack_publicize_feature_enabled":true,"jetpack_social_post_already_shared":true,"jetpack_social_options":{"image_generator_settings":{"template":"highway","default_image_id":0,"font":"","enabled":false},"version":2}},"categories":[30],"tags":[],"class_list":{"0":"post-30049","1":"post","2":"type-post","3":"status-publish","4":"format-standard","6":"category-provinciales"},"yoast_head":"<!-- This site is optimized with the Yoast SEO plugin v22.7 - https:\/\/yoast.com\/wordpress\/plugins\/seo\/ -->\n<title>Melisa Juarez, la nueva presidente del congreso de la Juventud Radical de la provincia de Buenos Aires - 103.9 fm<\/title>\n<meta name=\"robots\" content=\"index, follow, max-snippet:-1, max-image-preview:large, max-video-preview:-1\" \/>\n<link rel=\"canonical\" href=\"https:\/\/ondauno.com.ar\/index.php\/2021\/11\/03\/melisa-juarez-la-nueva-presidente-del-congreso-de-la-juventud-radical-de-la-provincia-de-buenos-aires\/\" \/>\n<meta property=\"og:locale\" content=\"es_ES\" \/>\n<meta property=\"og:type\" content=\"article\" \/>\n<meta property=\"og:title\" content=\"Melisa Juarez, la nueva presidente del congreso de la Juventud Radical de la provincia de Buenos Aires - 103.9 fm\" \/>\n<meta property=\"og:description\" content=\"El pasado s\u00e1bado en la ciudad de La Plata se desarroll\u00f3 una nueva sesi\u00f3n del congreso de la Juventud Radical de la Provincia de Buenos Aires, con una presencia de los 92 congresales, se renovaron las autoridades del mismo hasta el periodo 2023. Como nueva presidenta del Congreso de la Juventud Radical result\u00f3 electa Melisa [&hellip;]\" \/>\n<meta property=\"og:url\" content=\"https:\/\/ondauno.com.ar\/index.php\/2021\/11\/03\/melisa-juarez-la-nueva-presidente-del-congreso-de-la-juventud-radical-de-la-provincia-de-buenos-aires\/\" \/>\n<meta property=\"og:site_name\" content=\"103.9 fm\" \/>\n<meta property=\"article:publisher\" content=\"https:\/\/www.facebook.com\/ondauno103.9\" \/>\n<meta property=\"article:published_time\" content=\"2021-11-04T01:39:52+00:00\" \/>\n<meta property=\"article:modified_time\" content=\"2021-11-04T01:39:55+00:00\" \/>\n<meta property=\"og:image\" content=\"https:\/\/ondauno.com.ar\/wp-content\/uploads\/2021\/11\/WhatsApp-Image-2021-11-03-at-13.29.23.jpeg\" \/>\n\t<meta property=\"og:image:width\" content=\"1080\" \/>\n\t<meta property=\"og:image:height\" content=\"1440\" \/>\n\t<meta property=\"og:image:type\" content=\"image\/jpeg\" \/>\n<meta name=\"author\" content=\"fernando garcia\" \/>\n<meta name=\"twitter:card\" content=\"summary_large_image\" \/>\n<meta name=\"twitter:label1\" content=\"Escrito por\" \/>\n\t<meta name=\"twitter:data1\" content=\"fernando garcia\" \/>\n\t<meta name=\"twitter:label2\" content=\"Tiempo de lectura\" \/>\n\t<meta name=\"twitter:data2\" content=\"2 minutos\" \/>\n<script type=\"application\/ld+json\" class=\"yoast-schema-graph\">{\"@context\":\"https:\/\/schema.org\",\"@graph\":[{\"@type\":\"WebPage\",\"@id\":\"https:\/\/ondauno.com.ar\/index.php\/2021\/11\/03\/melisa-juarez-la-nueva-presidente-del-congreso-de-la-juventud-radical-de-la-provincia-de-buenos-aires\/\",\"url\":\"https:\/\/ondauno.com.ar\/index.php\/2021\/11\/03\/melisa-juarez-la-nueva-presidente-del-congreso-de-la-juventud-radical-de-la-provincia-de-buenos-aires\/\",\"name\":\"Melisa Juarez, la nueva presidente del congreso de la Juventud Radical de la provincia de Buenos Aires - 103.9 fm\",\"isPartOf\":{\"@id\":\"https:\/\/ondauno.com.ar\/#website\"},\"primaryImageOfPage\":{\"@id\":\"https:\/\/ondauno.com.ar\/index.php\/2021\/11\/03\/melisa-juarez-la-nueva-presidente-del-congreso-de-la-juventud-radical-de-la-provincia-de-buenos-aires\/#primaryimage\"},\"image\":{\"@id\":\"https:\/\/ondauno.com.ar\/index.php\/2021\/11\/03\/melisa-juarez-la-nueva-presidente-del-congreso-de-la-juventud-radical-de-la-provincia-de-buenos-aires\/#primaryimage\"},\"thumbnailUrl\":\"http:\/\/ondauno.com.ar\/wp-content\/uploads\/2021\/11\/WhatsApp-Image-2021-11-03-at-13.15.45-1024x559.jpeg\",\"datePublished\":\"2021-11-04T01:39:52+00:00\",\"dateModified\":\"2021-11-04T01:39:55+00:00\",\"author\":{\"@id\":\"https:\/\/ondauno.com.ar\/#\/schema\/person\/201d1b68e6c75e0fd396fe5f8af5d139\"},\"breadcrumb\":{\"@id\":\"https:\/\/ondauno.com.ar\/index.php\/2021\/11\/03\/melisa-juarez-la-nueva-presidente-del-congreso-de-la-juventud-radical-de-la-provincia-de-buenos-aires\/#breadcrumb\"},\"inLanguage\":\"es-AR\",\"potentialAction\":[{\"@type\":\"ReadAction\",\"target\":[\"https:\/\/ondauno.com.ar\/index.php\/2021\/11\/03\/melisa-juarez-la-nueva-presidente-del-congreso-de-la-juventud-radical-de-la-provincia-de-buenos-aires\/\"]}]},{\"@type\":\"ImageObject\",\"inLanguage\":\"es-AR\",\"@id\":\"https:\/\/ondauno.com.ar\/index.php\/2021\/11\/03\/melisa-juarez-la-nueva-presidente-del-congreso-de-la-juventud-radical-de-la-provincia-de-buenos-aires\/#primaryimage\",\"url\":\"\",\"contentUrl\":\"\"},{\"@type\":\"BreadcrumbList\",\"@id\":\"https:\/\/ondauno.com.ar\/index.php\/2021\/11\/03\/melisa-juarez-la-nueva-presidente-del-congreso-de-la-juventud-radical-de-la-provincia-de-buenos-aires\/#breadcrumb\",\"itemListElement\":[{\"@type\":\"ListItem\",\"position\":1,\"name\":\"Inicio\",\"item\":\"https:\/\/ondauno.com.ar\/\"},{\"@type\":\"ListItem\",\"position\":2,\"name\":\"Melisa Juarez, la nueva presidente del congreso de la Juventud Radical de la provincia de Buenos Aires\"}]},{\"@type\":\"WebSite\",\"@id\":\"https:\/\/ondauno.com.ar\/#website\",\"url\":\"https:\/\/ondauno.com.ar\/\",\"name\":\"103.9 fm\",\"description\":\"LA PRIMERA RADIO MULTIMEDIA DE TRES ARROYOS\",\"potentialAction\":[{\"@type\":\"SearchAction\",\"target\":{\"@type\":\"EntryPoint\",\"urlTemplate\":\"https:\/\/ondauno.com.ar\/?s={search_term_string}\"},\"query-input\":\"required name=search_term_string\"}],\"inLanguage\":\"es-AR\"},{\"@type\":\"Person\",\"@id\":\"https:\/\/ondauno.com.ar\/#\/schema\/person\/201d1b68e6c75e0fd396fe5f8af5d139\",\"name\":\"fernando garcia\",\"image\":{\"@type\":\"ImageObject\",\"inLanguage\":\"es-AR\",\"@id\":\"https:\/\/ondauno.com.ar\/#\/schema\/person\/image\/\",\"url\":\"https:\/\/secure.gravatar.com\/avatar\/5f7254642ad81272e79a2e69653cfdfc?s=96&d=mm&r=g\",\"contentUrl\":\"https:\/\/secure.gravatar.com\/avatar\/5f7254642ad81272e79a2e69653cfdfc?s=96&d=mm&r=g\",\"caption\":\"fernando garcia\"},\"url\":\"https:\/\/ondauno.com.ar\/index.php\/author\/ondaunoeditor\/\"}]}<\/script>\n<!-- \/ Yoast SEO plugin. -->","yoast_head_json":{"title":"Melisa Juarez, la nueva presidente del congreso de la Juventud Radical de la provincia de Buenos Aires - 103.9 fm","robots":{"index":"index","follow":"follow","max-snippet":"max-snippet:-1","max-image-preview":"max-image-preview:large","max-video-preview":"max-video-preview:-1"},"canonical":"https:\/\/ondauno.com.ar\/index.php\/2021\/11\/03\/melisa-juarez-la-nueva-presidente-del-congreso-de-la-juventud-radical-de-la-provincia-de-buenos-aires\/","og_locale":"es_ES","og_type":"article","og_title":"Melisa Juarez, la nueva presidente del congreso de la Juventud Radical de la provincia de Buenos Aires - 103.9 fm","og_description":"El pasado s\u00e1bado en la ciudad de La Plata se desarroll\u00f3 una nueva sesi\u00f3n del congreso de la Juventud Radical de la Provincia de Buenos Aires, con una presencia de los 92 congresales, se renovaron las autoridades del mismo hasta el periodo 2023. Como nueva presidenta del Congreso de la Juventud Radical result\u00f3 electa Melisa [&hellip;]","og_url":"https:\/\/ondauno.com.ar\/index.php\/2021\/11\/03\/melisa-juarez-la-nueva-presidente-del-congreso-de-la-juventud-radical-de-la-provincia-de-buenos-aires\/","og_site_name":"103.9 fm","article_publisher":"https:\/\/www.facebook.com\/ondauno103.9","article_published_time":"2021-11-04T01:39:52+00:00","article_modified_time":"2021-11-04T01:39:55+00:00","og_image":[{"width":1080,"height":1440,"url":"https:\/\/ondauno.com.ar\/wp-content\/uploads\/2021\/11\/WhatsApp-Image-2021-11-03-at-13.29.23.jpeg","type":"image\/jpeg"}],"author":"fernando garcia","twitter_card":"summary_large_image","twitter_misc":{"Escrito por":"fernando garcia","Tiempo de lectura":"2 minutos"},"schema":{"@context":"https:\/\/schema.org","@graph":[{"@type":"WebPage","@id":"https:\/\/ondauno.com.ar\/index.php\/2021\/11\/03\/melisa-juarez-la-nueva-presidente-del-congreso-de-la-juventud-radical-de-la-provincia-de-buenos-aires\/","url":"https:\/\/ondauno.com.ar\/index.php\/2021\/11\/03\/melisa-juarez-la-nueva-presidente-del-congreso-de-la-juventud-radical-de-la-provincia-de-buenos-aires\/","name":"Melisa Juarez, la nueva presidente del congreso de la Juventud Radical de la provincia de Buenos Aires - 103.9 fm","isPartOf":{"@id":"https:\/\/ondauno.com.ar\/#website"},"primaryImageOfPage":{"@id":"https:\/\/ondauno.com.ar\/index.php\/2021\/11\/03\/melisa-juarez-la-nueva-presidente-del-congreso-de-la-juventud-radical-de-la-provincia-de-buenos-aires\/#primaryimage"},"image":{"@id":"https:\/\/ondauno.com.ar\/index.php\/2021\/11\/03\/melisa-juarez-la-nueva-presidente-del-congreso-de-la-juventud-radical-de-la-provincia-de-buenos-aires\/#primaryimage"},"thumbnailUrl":"http:\/\/ondauno.com.ar\/wp-content\/uploads\/2021\/11\/WhatsApp-Image-2021-11-03-at-13.15.45-1024x559.jpeg","datePublished":"2021-11-04T01:39:52+00:00","dateModified":"2021-11-04T01:39:55+00:00","author":{"@id":"https:\/\/ondauno.com.ar\/#\/schema\/person\/201d1b68e6c75e0fd396fe5f8af5d139"},"breadcrumb":{"@id":"https:\/\/ondauno.com.ar\/index.php\/2021\/11\/03\/melisa-juarez-la-nueva-presidente-del-congreso-de-la-juventud-radical-de-la-provincia-de-buenos-aires\/#breadcrumb"},"inLanguage":"es-AR","potentialAction":[{"@type":"ReadAction","target":["https:\/\/ondauno.com.ar\/index.php\/2021\/11\/03\/melisa-juarez-la-nueva-presidente-del-congreso-de-la-juventud-radical-de-la-provincia-de-buenos-aires\/"]}]},{"@type":"ImageObject","inLanguage":"es-AR","@id":"https:\/\/ondauno.com.ar\/index.php\/2021\/11\/03\/melisa-juarez-la-nueva-presidente-del-congreso-de-la-juventud-radical-de-la-provincia-de-buenos-aires\/#primaryimage","url":"","contentUrl":""},{"@type":"BreadcrumbList","@id":"https:\/\/ondauno.com.ar\/index.php\/2021\/11\/03\/melisa-juarez-la-nueva-presidente-del-congreso-de-la-juventud-radical-de-la-provincia-de-buenos-aires\/#breadcrumb","itemListElement":[{"@type":"ListItem","position":1,"name":"Inicio","item":"https:\/\/ondauno.com.ar\/"},{"@type":"ListItem","position":2,"name":"Melisa Juarez, la nueva presidente del congreso de la Juventud Radical de la provincia de Buenos Aires"}]},{"@type":"WebSite","@id":"https:\/\/ondauno.com.ar\/#website","url":"https:\/\/ondauno.com.ar\/","name":"103.9 fm","description":"LA PRIMERA RADIO MULTIMEDIA DE TRES ARROYOS","potentialAction":[{"@type":"SearchAction","target":{"@type":"EntryPoint","urlTemplate":"https:\/\/ondauno.com.ar\/?s={search_term_string}"},"query-input":"required name=search_term_string"}],"inLanguage":"es-AR"},{"@type":"Person","@id":"https:\/\/ondauno.com.ar\/#\/schema\/person\/201d1b68e6c75e0fd396fe5f8af5d139","name":"fernando garcia","image":{"@type":"ImageObject","inLanguage":"es-AR","@id":"https:\/\/ondauno.com.ar\/#\/schema\/person\/image\/","url":"https:\/\/secure.gravatar.com\/avatar\/5f7254642ad81272e79a2e69653cfdfc?s=96&d=mm&r=g","contentUrl":"https:\/\/secure.gravatar.com\/avatar\/5f7254642ad81272e79a2e69653cfdfc?s=96&d=mm&r=g","caption":"fernando garcia"},"url":"https:\/\/ondauno.com.ar\/index.php\/author\/ondaunoeditor\/"}]}},"jetpack_publicize_connections":[],"jetpack_featured_media_url":"","jetpack_sharing_enabled":true,"_links":{"self":[{"href":"https:\/\/ondauno.com.ar\/index.php\/wp-json\/wp\/v2\/posts\/30049","targetHints":{"allow":["GET"]}}],"collection":[{"href":"https:\/\/ondauno.com.ar\/index.php\/wp-json\/wp\/v2\/posts"}],"about":[{"href":"https:\/\/ondauno.com.ar\/index.php\/wp-json\/wp\/v2\/types\/post"}],"author":[{"embeddable":true,"href":"https:\/\/ondauno.com.ar\/index.php\/wp-json\/wp\/v2\/users\/2"}],"replies":[{"embeddable":true,"href":"https:\/\/ondauno.com.ar\/index.php\/wp-json\/wp\/v2\/comments?post=30049"}],"version-history":[{"count":0,"href":"https:\/\/ondauno.com.ar\/index.php\/wp-json\/wp\/v2\/posts\/30049\/revisions"}],"wp:attachment":[{"href":"https:\/\/ondauno.com.ar\/index.php\/wp-json\/wp\/v2\/media?parent=30049"}],"wp:term":[{"taxonomy":"category","embeddable":true,"href":"https:\/\/ondauno.com.ar\/index.php\/wp-json\/wp\/v2\/categories?post=30049"},{"taxonomy":"post_tag","embeddable":true,"href":"https:\/\/ondauno.com.ar\/index.php\/wp-json\/wp\/v2\/tags?post=30049"}],"curies":[{"name":"wp","href":"https:\/\/api.w.org\/{rel}","templated":true}]}}