{"id":30046,"date":"2021-11-03T22:33:08","date_gmt":"2021-11-04T01:33:08","guid":{"rendered":"http:\/\/ondauno.com.ar\/?p=30046"},"modified":"2021-11-03T22:33:09","modified_gmt":"2021-11-04T01:33:09","slug":"que-pasa-con-los-presos-que-fueron-beneficiados-con-el-arresto-domiciliario-por-la-pandemia-del-covid-19-preguntaron-desde-juntos","status":"publish","type":"post","link":"https:\/\/ondauno.com.ar\/index.php\/2021\/11\/03\/que-pasa-con-los-presos-que-fueron-beneficiados-con-el-arresto-domiciliario-por-la-pandemia-del-covid-19-preguntaron-desde-juntos\/","title":{"rendered":"\u201c\u00bfQu\u00e9 pasa con los presos que fueron beneficiados con el arresto domiciliario por la pandemia del Covid 19?\u201d, preguntaron desde Juntos"},"content":{"rendered":"<div class=\"ondau-before-content_3\" style=\"margin-top: -30px;\" id=\"ondau-1613325419\"><a href=\"https:\/\/www.lps.com.ar\/\" aria-label=\"la-perse2\"><img loading=\"lazy\" decoding=\"async\" src=\"https:\/\/ondauno.com.ar\/wp-content\/uploads\/2021\/10\/la-perse2.jpg\" alt=\"\"  srcset=\"https:\/\/ondauno.com.ar\/wp-content\/uploads\/2021\/10\/la-perse2.jpg 1353w, https:\/\/ondauno.com.ar\/wp-content\/uploads\/2021\/10\/la-perse2-300x43.jpg 300w, https:\/\/ondauno.com.ar\/wp-content\/uploads\/2021\/10\/la-perse2-1024x148.jpg 1024w, https:\/\/ondauno.com.ar\/wp-content\/uploads\/2021\/10\/la-perse2-768x111.jpg 768w, https:\/\/ondauno.com.ar\/wp-content\/uploads\/2021\/10\/la-perse2-696x100.jpg 696w, https:\/\/ondauno.com.ar\/wp-content\/uploads\/2021\/10\/la-perse2-1068x154.jpg 1068w\" sizes=\"(max-width: 1353px) 100vw, 1353px\" class=\"no-lazyload\" width=\"1353\" height=\"195\"  style=\"display: inline-block;\" \/><\/a><\/div>\n<p>A trav\u00e9s de un pedido de informes a la Provincia presentado por el senador de Juntos, Andr\u00e9s De Leo, buscan saber cu\u00e1ntos fueron los beneficiados, las condiciones exigidas para el beneficio, y cuantos violaron la disposici\u00f3n judicial. \u201cHoy todo est\u00e1 volviendo casi a la total normalidad, los chicos volvieron a las escuelas, los trabajadores a sus trabajos, y los militantes a la campa\u00f1a. \u00bfY los presos que fueron liberados? Ser\u00eda bueno saber hasta cu\u00e1ndo regir\u00e1 esta disposici\u00f3n\u201d, agreg\u00f3 el legislador.<\/p>\n\n\n\n<p>El pedido de informes presentado por el senador De Leo, se suma a otro en el mismo sentido, hecho a principios de a\u00f1o por la senadora Nidia Moirano, tambi\u00e9n de Juntos, y que nunca fue tratado por el oficialismo. Apunta a conocer las condiciones relacionadas con el arresto domiciliario de personas detenidas en unidades penitenciarias bonaerenses, durante el periodo de vigencia del aislamiento social y obligatorio decretado por el Poder Ejecutivo nacional, a ra\u00edz de la pandemia del COVID 19.<\/p>\n\n\n\n<p>\u201cLa iniciativa tiene como fundamento conocer el n\u00famero de detenidos que fueron beneficiados con su arresto domiciliario y si se han cumplido con las condiciones de detenci\u00f3n a partir de la morigeraci\u00f3n de su pena\u201d, grafic\u00f3 el autor del proyecto.<\/p>\n\n\n\n<p>En el mismo sentido, De Leo agreg\u00f3 que \u201cla decisi\u00f3n de trasladar un n\u00famero considerable de presos de unidades penitenciarias a su arresto domiciliario en la provincia de Buenos Aires, gener\u00f3 un intenso debate en la sociedad bonaerense, respecto&nbsp; a si la pandemia habilita esta clase de medidas o bien debe ser dictada con un car\u00e1cter restringido analizando con minuciosidad las condiciones de detenci\u00f3n\u201d.<\/p>\n\n\n\n<p>\u201cExisten muchos detenidos que fueron beneficiados con la morigeraci\u00f3n de las condiciones de detenci\u00f3n en una unidad penitenciaria, que por el tipo de delito que se le imputa o bien por sus condiciones f\u00edsicas o de edad, fueron beneficiado con su arresto domiciliario, aplic\u00e1ndose un criterio amplio a partir del fallo dictado por la Sala I del Tribunal de Casaci\u00f3n\u201d, se\u00f1al\u00f3 el legislador, y agreg\u00f3: \u201csin embargo, dicho fallo, a pesar de los l\u00edmites impuestos, permiti\u00f3 que un n\u00famero amplio de detenidos, por homicidios dolosos y delitos contra la integridad sexual, fueran beneficiados con su arresto domiciliario\u201d.<\/p>\n\n\n\n<p>A&nbsp; ra\u00edz de la pol\u00e9mica suscitada por este fallo del Tribunal de Casaci\u00f3n, suscripto \u00fanicamente por el Dr. V\u00edctor Violini, el Fiscal General apel\u00f3 ante la Suprema Corte de Justicia, fijando l\u00edmites y recomendaciones para disponer el arresto domiciliario.<\/p>\n\n\n\n<p>En la apelaci\u00f3n se destac\u00f3 que \u201cla clasificaci\u00f3n de delitos en leves y graves\u201d que hab\u00eda hecho su integrante, el Dr. V\u00edctor Violini. \u201ccarece de base legal\u201d. Y se enumer\u00f3 una serie de aspectos a tener en cuenta respecto de cada detenido para determinar si corresponde o no conceder el arresto domiciliario: el bien jur\u00eddico afectado (la vida o la propiedad, por ejemplo), el grado de participaci\u00f3n que tuvo el acusado en el delito, la modalidad que se utiliz\u00f3 para cometerlo, el nivel de organizaci\u00f3n delictiva, la pena establecida, los riesgos procesales, la relaci\u00f3n del acusado con la v\u00edctima y el an\u00e1lisis de la existencia de lugares en el sistema carcelario para alojar a personas en situaci\u00f3n de riesgo sanitario.<\/p>\n\n\n\n<p>\u201cPor eso \u2013indico De Leo-, y con el fin de contar con la informaci\u00f3n necesaria, es que proponemos la iniciativa en cuesti\u00f3n, para poder hacer una evaluaci\u00f3n respecto del arresto domiciliario de una gran cantidad de detenidos en unidades penitenciarias en la Provincia\u201d.<\/p>\n\n\n\n<p>Los puntos que se piden aclarar<\/p>\n\n\n\n<p>Entre los puntos que pide se informe, est\u00e1n: la cantidad de personas detenidas en unidades penitenciarias, que fueron beneficiadas con arresto domiciliario; las condiciones que deb\u00edan reunir los individuos para ser favorecidas con arresto domiciliario; cu\u00e1ntas personas privadas de su libertad, verific\u00f3 el Patronato de Liberados que violaron el arresto domiciliario o fueron detenidos por la comisi\u00f3n de un nuevo delito; la cantidad de sujetos detenidos que fueron beneficiados con arresto domiciliario, que se encontraban privadas de su libertad, con prisi\u00f3n preventiva o con sentencia firme; y si fueron beneficiados con arresto domiciliario o con tobillera electr\u00f3nica, detenidos o condenados por delitos de homicidio doloso y\/o contra la integridad sexual.<\/p>\n","protected":false},"excerpt":{"rendered":"<p>A trav\u00e9s de un pedido de informes a la Provincia presentado por el senador de Juntos, Andr\u00e9s De Leo, buscan saber cu\u00e1ntos fueron los beneficiados, las condiciones exigidas para el beneficio, y cuantos violaron la disposici\u00f3n judicial. \u201cHoy todo est\u00e1 volviendo casi a la total normalidad, los chicos volvieron a las escuelas, los trabajadores a [&hellip;]<\/p>\n","protected":false},"author":2,"featured_media":0,"comment_status":"open","ping_status":"open","sticky":false,"template":"","format":"standard","meta":{"tdm_status":"","tdm_grid_status":"","_jetpack_memberships_contains_paid_content":false,"footnotes":"","jetpack_publicize_message":"","jetpack_publicize_feature_enabled":true,"jetpack_social_post_already_shared":true,"jetpack_social_options":{"image_generator_settings":{"template":"highway","default_image_id":0,"font":"","enabled":false},"version":2}},"categories":[30],"tags":[],"class_list":{"0":"post-30046","1":"post","2":"type-post","3":"status-publish","4":"format-standard","6":"category-provinciales"},"yoast_head":"<!-- This site is optimized with the Yoast SEO plugin v22.7 - https:\/\/yoast.com\/wordpress\/plugins\/seo\/ -->\n<title>\u201c\u00bfQu\u00e9 pasa con los presos que fueron beneficiados con el arresto domiciliario por la pandemia del Covid 19?\u201d, preguntaron desde Juntos - 103.9 fm<\/title>\n<meta name=\"robots\" content=\"index, follow, max-snippet:-1, max-image-preview:large, max-video-preview:-1\" \/>\n<link rel=\"canonical\" href=\"https:\/\/ondauno.com.ar\/index.php\/2021\/11\/03\/que-pasa-con-los-presos-que-fueron-beneficiados-con-el-arresto-domiciliario-por-la-pandemia-del-covid-19-preguntaron-desde-juntos\/\" \/>\n<meta property=\"og:locale\" content=\"es_ES\" \/>\n<meta property=\"og:type\" content=\"article\" \/>\n<meta property=\"og:title\" content=\"\u201c\u00bfQu\u00e9 pasa con los presos que fueron beneficiados con el arresto domiciliario por la pandemia del Covid 19?\u201d, preguntaron desde Juntos - 103.9 fm\" \/>\n<meta property=\"og:description\" content=\"A trav\u00e9s de un pedido de informes a la Provincia presentado por el senador de Juntos, Andr\u00e9s De Leo, buscan saber cu\u00e1ntos fueron los beneficiados, las condiciones exigidas para el beneficio, y cuantos violaron la disposici\u00f3n judicial. \u201cHoy todo est\u00e1 volviendo casi a la total normalidad, los chicos volvieron a las escuelas, los trabajadores a [&hellip;]\" \/>\n<meta property=\"og:url\" content=\"https:\/\/ondauno.com.ar\/index.php\/2021\/11\/03\/que-pasa-con-los-presos-que-fueron-beneficiados-con-el-arresto-domiciliario-por-la-pandemia-del-covid-19-preguntaron-desde-juntos\/\" \/>\n<meta property=\"og:site_name\" content=\"103.9 fm\" \/>\n<meta property=\"article:publisher\" content=\"https:\/\/www.facebook.com\/ondauno103.9\" \/>\n<meta property=\"article:published_time\" content=\"2021-11-04T01:33:08+00:00\" \/>\n<meta property=\"article:modified_time\" content=\"2021-11-04T01:33:09+00:00\" \/>\n<meta property=\"og:image\" content=\"https:\/\/ondauno.com.ar\/wp-content\/uploads\/2021\/11\/de-leo.jpeg\" \/>\n\t<meta property=\"og:image:width\" content=\"1280\" \/>\n\t<meta property=\"og:image:height\" content=\"853\" \/>\n\t<meta property=\"og:image:type\" content=\"image\/jpeg\" \/>\n<meta name=\"author\" content=\"fernando garcia\" \/>\n<meta name=\"twitter:card\" content=\"summary_large_image\" \/>\n<meta name=\"twitter:label1\" content=\"Escrito por\" \/>\n\t<meta name=\"twitter:data1\" content=\"fernando garcia\" \/>\n\t<meta name=\"twitter:label2\" content=\"Tiempo de lectura\" \/>\n\t<meta name=\"twitter:data2\" content=\"4 minutos\" \/>\n<script type=\"application\/ld+json\" class=\"yoast-schema-graph\">{\"@context\":\"https:\/\/schema.org\",\"@graph\":[{\"@type\":\"WebPage\",\"@id\":\"https:\/\/ondauno.com.ar\/index.php\/2021\/11\/03\/que-pasa-con-los-presos-que-fueron-beneficiados-con-el-arresto-domiciliario-por-la-pandemia-del-covid-19-preguntaron-desde-juntos\/\",\"url\":\"https:\/\/ondauno.com.ar\/index.php\/2021\/11\/03\/que-pasa-con-los-presos-que-fueron-beneficiados-con-el-arresto-domiciliario-por-la-pandemia-del-covid-19-preguntaron-desde-juntos\/\",\"name\":\"\u201c\u00bfQu\u00e9 pasa con los presos que fueron beneficiados con el arresto domiciliario por la pandemia del Covid 19?\u201d, preguntaron desde Juntos - 103.9 fm\",\"isPartOf\":{\"@id\":\"https:\/\/ondauno.com.ar\/#website\"},\"datePublished\":\"2021-11-04T01:33:08+00:00\",\"dateModified\":\"2021-11-04T01:33:09+00:00\",\"author\":{\"@id\":\"https:\/\/ondauno.com.ar\/#\/schema\/person\/201d1b68e6c75e0fd396fe5f8af5d139\"},\"breadcrumb\":{\"@id\":\"https:\/\/ondauno.com.ar\/index.php\/2021\/11\/03\/que-pasa-con-los-presos-que-fueron-beneficiados-con-el-arresto-domiciliario-por-la-pandemia-del-covid-19-preguntaron-desde-juntos\/#breadcrumb\"},\"inLanguage\":\"es-AR\",\"potentialAction\":[{\"@type\":\"ReadAction\",\"target\":[\"https:\/\/ondauno.com.ar\/index.php\/2021\/11\/03\/que-pasa-con-los-presos-que-fueron-beneficiados-con-el-arresto-domiciliario-por-la-pandemia-del-covid-19-preguntaron-desde-juntos\/\"]}]},{\"@type\":\"BreadcrumbList\",\"@id\":\"https:\/\/ondauno.com.ar\/index.php\/2021\/11\/03\/que-pasa-con-los-presos-que-fueron-beneficiados-con-el-arresto-domiciliario-por-la-pandemia-del-covid-19-preguntaron-desde-juntos\/#breadcrumb\",\"itemListElement\":[{\"@type\":\"ListItem\",\"position\":1,\"name\":\"Inicio\",\"item\":\"https:\/\/ondauno.com.ar\/\"},{\"@type\":\"ListItem\",\"position\":2,\"name\":\"\u201c\u00bfQu\u00e9 pasa con los presos que fueron beneficiados con el arresto domiciliario por la pandemia del Covid 19?\u201d, preguntaron desde Juntos\"}]},{\"@type\":\"WebSite\",\"@id\":\"https:\/\/ondauno.com.ar\/#website\",\"url\":\"https:\/\/ondauno.com.ar\/\",\"name\":\"103.9 fm\",\"description\":\"LA PRIMERA RADIO MULTIMEDIA DE TRES ARROYOS\",\"potentialAction\":[{\"@type\":\"SearchAction\",\"target\":{\"@type\":\"EntryPoint\",\"urlTemplate\":\"https:\/\/ondauno.com.ar\/?s={search_term_string}\"},\"query-input\":\"required name=search_term_string\"}],\"inLanguage\":\"es-AR\"},{\"@type\":\"Person\",\"@id\":\"https:\/\/ondauno.com.ar\/#\/schema\/person\/201d1b68e6c75e0fd396fe5f8af5d139\",\"name\":\"fernando garcia\",\"image\":{\"@type\":\"ImageObject\",\"inLanguage\":\"es-AR\",\"@id\":\"https:\/\/ondauno.com.ar\/#\/schema\/person\/image\/\",\"url\":\"https:\/\/secure.gravatar.com\/avatar\/5f7254642ad81272e79a2e69653cfdfc?s=96&d=mm&r=g\",\"contentUrl\":\"https:\/\/secure.gravatar.com\/avatar\/5f7254642ad81272e79a2e69653cfdfc?s=96&d=mm&r=g\",\"caption\":\"fernando garcia\"},\"url\":\"https:\/\/ondauno.com.ar\/index.php\/author\/ondaunoeditor\/\"}]}<\/script>\n<!-- \/ Yoast SEO plugin. -->","yoast_head_json":{"title":"\u201c\u00bfQu\u00e9 pasa con los presos que fueron beneficiados con el arresto domiciliario por la pandemia del Covid 19?\u201d, preguntaron desde Juntos - 103.9 fm","robots":{"index":"index","follow":"follow","max-snippet":"max-snippet:-1","max-image-preview":"max-image-preview:large","max-video-preview":"max-video-preview:-1"},"canonical":"https:\/\/ondauno.com.ar\/index.php\/2021\/11\/03\/que-pasa-con-los-presos-que-fueron-beneficiados-con-el-arresto-domiciliario-por-la-pandemia-del-covid-19-preguntaron-desde-juntos\/","og_locale":"es_ES","og_type":"article","og_title":"\u201c\u00bfQu\u00e9 pasa con los presos que fueron beneficiados con el arresto domiciliario por la pandemia del Covid 19?\u201d, preguntaron desde Juntos - 103.9 fm","og_description":"A trav\u00e9s de un pedido de informes a la Provincia presentado por el senador de Juntos, Andr\u00e9s De Leo, buscan saber cu\u00e1ntos fueron los beneficiados, las condiciones exigidas para el beneficio, y cuantos violaron la disposici\u00f3n judicial. \u201cHoy todo est\u00e1 volviendo casi a la total normalidad, los chicos volvieron a las escuelas, los trabajadores a [&hellip;]","og_url":"https:\/\/ondauno.com.ar\/index.php\/2021\/11\/03\/que-pasa-con-los-presos-que-fueron-beneficiados-con-el-arresto-domiciliario-por-la-pandemia-del-covid-19-preguntaron-desde-juntos\/","og_site_name":"103.9 fm","article_publisher":"https:\/\/www.facebook.com\/ondauno103.9","article_published_time":"2021-11-04T01:33:08+00:00","article_modified_time":"2021-11-04T01:33:09+00:00","og_image":[{"width":1280,"height":853,"url":"https:\/\/ondauno.com.ar\/wp-content\/uploads\/2021\/11\/de-leo.jpeg","type":"image\/jpeg"}],"author":"fernando garcia","twitter_card":"summary_large_image","twitter_misc":{"Escrito por":"fernando garcia","Tiempo de lectura":"4 minutos"},"schema":{"@context":"https:\/\/schema.org","@graph":[{"@type":"WebPage","@id":"https:\/\/ondauno.com.ar\/index.php\/2021\/11\/03\/que-pasa-con-los-presos-que-fueron-beneficiados-con-el-arresto-domiciliario-por-la-pandemia-del-covid-19-preguntaron-desde-juntos\/","url":"https:\/\/ondauno.com.ar\/index.php\/2021\/11\/03\/que-pasa-con-los-presos-que-fueron-beneficiados-con-el-arresto-domiciliario-por-la-pandemia-del-covid-19-preguntaron-desde-juntos\/","name":"\u201c\u00bfQu\u00e9 pasa con los presos que fueron beneficiados con el arresto domiciliario por la pandemia del Covid 19?\u201d, preguntaron desde Juntos - 103.9 fm","isPartOf":{"@id":"https:\/\/ondauno.com.ar\/#website"},"datePublished":"2021-11-04T01:33:08+00:00","dateModified":"2021-11-04T01:33:09+00:00","author":{"@id":"https:\/\/ondauno.com.ar\/#\/schema\/person\/201d1b68e6c75e0fd396fe5f8af5d139"},"breadcrumb":{"@id":"https:\/\/ondauno.com.ar\/index.php\/2021\/11\/03\/que-pasa-con-los-presos-que-fueron-beneficiados-con-el-arresto-domiciliario-por-la-pandemia-del-covid-19-preguntaron-desde-juntos\/#breadcrumb"},"inLanguage":"es-AR","potentialAction":[{"@type":"ReadAction","target":["https:\/\/ondauno.com.ar\/index.php\/2021\/11\/03\/que-pasa-con-los-presos-que-fueron-beneficiados-con-el-arresto-domiciliario-por-la-pandemia-del-covid-19-preguntaron-desde-juntos\/"]}]},{"@type":"BreadcrumbList","@id":"https:\/\/ondauno.com.ar\/index.php\/2021\/11\/03\/que-pasa-con-los-presos-que-fueron-beneficiados-con-el-arresto-domiciliario-por-la-pandemia-del-covid-19-preguntaron-desde-juntos\/#breadcrumb","itemListElement":[{"@type":"ListItem","position":1,"name":"Inicio","item":"https:\/\/ondauno.com.ar\/"},{"@type":"ListItem","position":2,"name":"\u201c\u00bfQu\u00e9 pasa con los presos que fueron beneficiados con el arresto domiciliario por la pandemia del Covid 19?\u201d, preguntaron desde Juntos"}]},{"@type":"WebSite","@id":"https:\/\/ondauno.com.ar\/#website","url":"https:\/\/ondauno.com.ar\/","name":"103.9 fm","description":"LA PRIMERA RADIO MULTIMEDIA DE TRES ARROYOS","potentialAction":[{"@type":"SearchAction","target":{"@type":"EntryPoint","urlTemplate":"https:\/\/ondauno.com.ar\/?s={search_term_string}"},"query-input":"required name=search_term_string"}],"inLanguage":"es-AR"},{"@type":"Person","@id":"https:\/\/ondauno.com.ar\/#\/schema\/person\/201d1b68e6c75e0fd396fe5f8af5d139","name":"fernando garcia","image":{"@type":"ImageObject","inLanguage":"es-AR","@id":"https:\/\/ondauno.com.ar\/#\/schema\/person\/image\/","url":"https:\/\/secure.gravatar.com\/avatar\/5f7254642ad81272e79a2e69653cfdfc?s=96&d=mm&r=g","contentUrl":"https:\/\/secure.gravatar.com\/avatar\/5f7254642ad81272e79a2e69653cfdfc?s=96&d=mm&r=g","caption":"fernando garcia"},"url":"https:\/\/ondauno.com.ar\/index.php\/author\/ondaunoeditor\/"}]}},"jetpack_publicize_connections":[],"jetpack_featured_media_url":"","jetpack_sharing_enabled":true,"_links":{"self":[{"href":"https:\/\/ondauno.com.ar\/index.php\/wp-json\/wp\/v2\/posts\/30046","targetHints":{"allow":["GET"]}}],"collection":[{"href":"https:\/\/ondauno.com.ar\/index.php\/wp-json\/wp\/v2\/posts"}],"about":[{"href":"https:\/\/ondauno.com.ar\/index.php\/wp-json\/wp\/v2\/types\/post"}],"author":[{"embeddable":true,"href":"https:\/\/ondauno.com.ar\/index.php\/wp-json\/wp\/v2\/users\/2"}],"replies":[{"embeddable":true,"href":"https:\/\/ondauno.com.ar\/index.php\/wp-json\/wp\/v2\/comments?post=30046"}],"version-history":[{"count":0,"href":"https:\/\/ondauno.com.ar\/index.php\/wp-json\/wp\/v2\/posts\/30046\/revisions"}],"wp:attachment":[{"href":"https:\/\/ondauno.com.ar\/index.php\/wp-json\/wp\/v2\/media?parent=30046"}],"wp:term":[{"taxonomy":"category","embeddable":true,"href":"https:\/\/ondauno.com.ar\/index.php\/wp-json\/wp\/v2\/categories?post=30046"},{"taxonomy":"post_tag","embeddable":true,"href":"https:\/\/ondauno.com.ar\/index.php\/wp-json\/wp\/v2\/tags?post=30046"}],"curies":[{"name":"wp","href":"https:\/\/api.w.org\/{rel}","templated":true}]}}