{"id":29898,"date":"2021-10-28T17:41:01","date_gmt":"2021-10-28T20:41:01","guid":{"rendered":"http:\/\/ondauno.com.ar\/?p=29898"},"modified":"2021-10-28T21:50:23","modified_gmt":"2021-10-29T00:50:23","slug":"le-costo-la-vida-a-roberto-piss","status":"publish","type":"post","link":"https:\/\/ondauno.com.ar\/index.php\/2021\/10\/28\/le-costo-la-vida-a-roberto-piss\/","title":{"rendered":"Aprehendieron a un joven por el accidente que le cost\u00f3 la vida a Roberto Pissani"},"content":{"rendered":"<div class=\"ondau-before-content_3\" style=\"margin-top: -30px;\" id=\"ondau-4176340951\"><a href=\"https:\/\/www.lps.com.ar\/\" aria-label=\"la-perse2\"><img loading=\"lazy\" decoding=\"async\" src=\"https:\/\/ondauno.com.ar\/wp-content\/uploads\/2021\/10\/la-perse2.jpg\" alt=\"\"  srcset=\"https:\/\/ondauno.com.ar\/wp-content\/uploads\/2021\/10\/la-perse2.jpg 1353w, https:\/\/ondauno.com.ar\/wp-content\/uploads\/2021\/10\/la-perse2-300x43.jpg 300w, https:\/\/ondauno.com.ar\/wp-content\/uploads\/2021\/10\/la-perse2-1024x148.jpg 1024w, https:\/\/ondauno.com.ar\/wp-content\/uploads\/2021\/10\/la-perse2-768x111.jpg 768w, https:\/\/ondauno.com.ar\/wp-content\/uploads\/2021\/10\/la-perse2-696x100.jpg 696w, https:\/\/ondauno.com.ar\/wp-content\/uploads\/2021\/10\/la-perse2-1068x154.jpg 1068w\" sizes=\"(max-width: 1353px) 100vw, 1353px\" class=\"no-lazyload\" width=\"1353\" height=\"195\"  style=\"display: inline-block;\" \/><\/a><\/div>\n<p>La DDI bajo las \u00f3rdenes del fiscal Gabriel Lopazzo aprehendi\u00f3 en la tarde de este jueves a un joven identificado extraoficialmente como Braian Anta, como sospechoso del delito de homicidio culposo.<\/p>\n\n\n\n<p>El joven fue aprehendido en el marco de un allanamiento realizado en la casa de su padre quien se habr\u00eda autoinculpado para proteger a su hijo, seg\u00fan informaron fuentes de la investigaci\u00f3n.<\/p>\n\n\n\n<p>Como una de las primeras medidas se orden\u00f3 una pericia toxicol\u00f3gica para determinar en qu\u00e9 estado conduc\u00eda la camioneta Fiat Toro al momento del accidente en calle Col\u00f3n y Pedro N Carrera, que le cost\u00f3 la vida momentos despu\u00e9s al subsecretario municipal de Obras P\u00fablicas, Roberto Pissani.<\/p>\n\n\n\n<ul class=\"wp-block-gallery columns-2 is-cropped wp-block-gallery-1 is-layout-flex wp-block-gallery-is-layout-flex\"><li class=\"blocks-gallery-item\"><figure><a href=\"http:\/\/ondauno.com.ar\/wp-content\/uploads\/2021\/10\/image006.jpg\" rel=\"lightbox-0\"><img decoding=\"async\" data-src=\"http:\/\/ondauno.com.ar\/wp-content\/uploads\/2021\/10\/image006.jpg\" alt=\"\" data-id=\"29908\" data-link=\"http:\/\/ondauno.com.ar\/index.php\/2021\/10\/28\/le-costo-la-vida-a-roberto-pissani\/image006-7\/\" class=\"wp-image-29908 lazyload\" src=\"data:image\/gif;base64,R0lGODlhAQABAAAAACH5BAEKAAEALAAAAAABAAEAAAICTAEAOw==\" \/><noscript><img decoding=\"async\" src=\"http:\/\/ondauno.com.ar\/wp-content\/uploads\/2021\/10\/image006.jpg\" alt=\"\" data-id=\"29908\" data-link=\"http:\/\/ondauno.com.ar\/index.php\/2021\/10\/28\/le-costo-la-vida-a-roberto-pissani\/image006-7\/\" class=\"wp-image-29908\"\/><\/noscript><\/a><\/figure><\/li><li class=\"blocks-gallery-item\"><figure><a href=\"http:\/\/ondauno.com.ar\/wp-content\/uploads\/2021\/10\/image004.jpg\" rel=\"lightbox-1\"><img decoding=\"async\" data-src=\"http:\/\/ondauno.com.ar\/wp-content\/uploads\/2021\/10\/image004.jpg\" alt=\"\" data-id=\"29907\" data-link=\"http:\/\/ondauno.com.ar\/index.php\/2021\/10\/28\/le-costo-la-vida-a-roberto-pissani\/image004-6\/\" class=\"wp-image-29907 lazyload\" src=\"data:image\/gif;base64,R0lGODlhAQABAAAAACH5BAEKAAEALAAAAAABAAEAAAICTAEAOw==\" \/><noscript><img decoding=\"async\" src=\"http:\/\/ondauno.com.ar\/wp-content\/uploads\/2021\/10\/image004.jpg\" alt=\"\" data-id=\"29907\" data-link=\"http:\/\/ondauno.com.ar\/index.php\/2021\/10\/28\/le-costo-la-vida-a-roberto-pissani\/image004-6\/\" class=\"wp-image-29907\"\/><\/noscript><\/a><\/figure><\/li><\/ul>\n\n\n\n<p><strong><em>Parte oficial<\/em><\/strong>:<\/p>\n\n\n\n<p><strong>HOMICIDIO CULPOSO: <\/strong>en el d\u00eda de la fecha en horario de la madrugada alrededor de las 5 am. el personal de la <strong>Estaci\u00f3n de Polic\u00eda Comunal Tres Arroyos 1ra<\/strong>, a ra\u00edz de un llamado al 911 se hacen presente en la intersecci\u00f3n de las calles Colon y Pedro N. Carrera, debido a que en el lugar se habr\u00eda producido una colisi\u00f3n entre una moto 110cc. y una camioneta. <\/p>\n\n\n\n<p>A ra\u00edz de las lesiones sufridas el conductor del rodado menor, es intervenido en el Hospital Pirovano donde horas m\u00e1s tarde pierde la vida resultando ser Pisani Roberto Edgardo de 59 a\u00f1os de edad. Trabajo en el lugar de los hechos Subdelegaci\u00f3n de Polic\u00eda Cient\u00edfica. Injerencia UFIJ 16 Agente Fiscal Dr. Gabriel Iv\u00e1n Lopazzo.- <\/p>\n","protected":false},"excerpt":{"rendered":"<p>La DDI bajo las \u00f3rdenes del fiscal Gabriel Lopazzo aprehendi\u00f3 en la tarde de este jueves a un joven identificado extraoficialmente como Braian Anta, como sospechoso del delito de homicidio culposo. El joven fue aprehendido en el marco de un allanamiento realizado en la casa de su padre quien se habr\u00eda autoinculpado para proteger a [&hellip;]<\/p>\n","protected":false},"author":2,"featured_media":0,"comment_status":"open","ping_status":"open","sticky":false,"template":"","format":"standard","meta":{"tdm_status":"","tdm_grid_status":"","_jetpack_memberships_contains_paid_content":false,"footnotes":"","jetpack_publicize_message":"","jetpack_publicize_feature_enabled":true,"jetpack_social_post_already_shared":true,"jetpack_social_options":{"image_generator_settings":{"template":"highway","default_image_id":0,"font":"","enabled":false},"version":2}},"categories":[29],"tags":[],"class_list":{"0":"post-29898","1":"post","2":"type-post","3":"status-publish","4":"format-standard","6":"category-policiales"},"yoast_head":"<!-- This site is optimized with the Yoast SEO plugin v22.7 - https:\/\/yoast.com\/wordpress\/plugins\/seo\/ -->\n<title>Aprehendieron a un joven por el accidente que le cost\u00f3 la vida a Roberto Pissani - 103.9 fm<\/title>\n<meta name=\"robots\" content=\"index, follow, max-snippet:-1, max-image-preview:large, max-video-preview:-1\" \/>\n<link rel=\"canonical\" href=\"https:\/\/ondauno.com.ar\/index.php\/2021\/10\/28\/le-costo-la-vida-a-roberto-piss\/\" \/>\n<meta property=\"og:locale\" content=\"es_ES\" \/>\n<meta property=\"og:type\" content=\"article\" \/>\n<meta property=\"og:title\" content=\"Aprehendieron a un joven por el accidente que le cost\u00f3 la vida a Roberto Pissani - 103.9 fm\" \/>\n<meta property=\"og:description\" content=\"La DDI bajo las \u00f3rdenes del fiscal Gabriel Lopazzo aprehendi\u00f3 en la tarde de este jueves a un joven identificado extraoficialmente como Braian Anta, como sospechoso del delito de homicidio culposo. El joven fue aprehendido en el marco de un allanamiento realizado en la casa de su padre quien se habr\u00eda autoinculpado para proteger a [&hellip;]\" \/>\n<meta property=\"og:url\" content=\"https:\/\/ondauno.com.ar\/index.php\/2021\/10\/28\/le-costo-la-vida-a-roberto-piss\/\" \/>\n<meta property=\"og:site_name\" content=\"103.9 fm\" \/>\n<meta property=\"article:publisher\" content=\"https:\/\/www.facebook.com\/ondauno103.9\" \/>\n<meta property=\"article:published_time\" content=\"2021-10-28T20:41:01+00:00\" \/>\n<meta property=\"article:modified_time\" content=\"2021-10-29T00:50:23+00:00\" \/>\n<meta property=\"og:image\" content=\"https:\/\/ondauno.com.ar\/wp-content\/uploads\/2021\/10\/image002.jpg\" \/>\n\t<meta property=\"og:image:width\" content=\"387\" \/>\n\t<meta property=\"og:image:height\" content=\"240\" \/>\n\t<meta property=\"og:image:type\" content=\"image\/jpeg\" \/>\n<meta name=\"author\" content=\"fernando garcia\" \/>\n<meta name=\"twitter:card\" content=\"summary_large_image\" \/>\n<meta name=\"twitter:label1\" content=\"Escrito por\" \/>\n\t<meta name=\"twitter:data1\" content=\"fernando garcia\" \/>\n\t<meta name=\"twitter:label2\" content=\"Tiempo de lectura\" \/>\n\t<meta name=\"twitter:data2\" content=\"1 minuto\" \/>\n<script type=\"application\/ld+json\" class=\"yoast-schema-graph\">{\"@context\":\"https:\/\/schema.org\",\"@graph\":[{\"@type\":\"WebPage\",\"@id\":\"https:\/\/ondauno.com.ar\/index.php\/2021\/10\/28\/le-costo-la-vida-a-roberto-piss\/\",\"url\":\"https:\/\/ondauno.com.ar\/index.php\/2021\/10\/28\/le-costo-la-vida-a-roberto-piss\/\",\"name\":\"Aprehendieron a un joven por el accidente que le cost\u00f3 la vida a Roberto Pissani - 103.9 fm\",\"isPartOf\":{\"@id\":\"https:\/\/ondauno.com.ar\/#website\"},\"primaryImageOfPage\":{\"@id\":\"https:\/\/ondauno.com.ar\/index.php\/2021\/10\/28\/le-costo-la-vida-a-roberto-piss\/#primaryimage\"},\"image\":{\"@id\":\"https:\/\/ondauno.com.ar\/index.php\/2021\/10\/28\/le-costo-la-vida-a-roberto-piss\/#primaryimage\"},\"thumbnailUrl\":\"http:\/\/ondauno.com.ar\/wp-content\/uploads\/2021\/10\/image006.jpg\",\"datePublished\":\"2021-10-28T20:41:01+00:00\",\"dateModified\":\"2021-10-29T00:50:23+00:00\",\"author\":{\"@id\":\"https:\/\/ondauno.com.ar\/#\/schema\/person\/201d1b68e6c75e0fd396fe5f8af5d139\"},\"breadcrumb\":{\"@id\":\"https:\/\/ondauno.com.ar\/index.php\/2021\/10\/28\/le-costo-la-vida-a-roberto-piss\/#breadcrumb\"},\"inLanguage\":\"es-AR\",\"potentialAction\":[{\"@type\":\"ReadAction\",\"target\":[\"https:\/\/ondauno.com.ar\/index.php\/2021\/10\/28\/le-costo-la-vida-a-roberto-piss\/\"]}]},{\"@type\":\"ImageObject\",\"inLanguage\":\"es-AR\",\"@id\":\"https:\/\/ondauno.com.ar\/index.php\/2021\/10\/28\/le-costo-la-vida-a-roberto-piss\/#primaryimage\",\"url\":\"http:\/\/ondauno.com.ar\/wp-content\/uploads\/2021\/10\/image006.jpg\",\"contentUrl\":\"http:\/\/ondauno.com.ar\/wp-content\/uploads\/2021\/10\/image006.jpg\"},{\"@type\":\"BreadcrumbList\",\"@id\":\"https:\/\/ondauno.com.ar\/index.php\/2021\/10\/28\/le-costo-la-vida-a-roberto-piss\/#breadcrumb\",\"itemListElement\":[{\"@type\":\"ListItem\",\"position\":1,\"name\":\"Inicio\",\"item\":\"https:\/\/ondauno.com.ar\/\"},{\"@type\":\"ListItem\",\"position\":2,\"name\":\"Aprehendieron a un joven por el accidente que le cost\u00f3 la vida a Roberto Pissani\"}]},{\"@type\":\"WebSite\",\"@id\":\"https:\/\/ondauno.com.ar\/#website\",\"url\":\"https:\/\/ondauno.com.ar\/\",\"name\":\"103.9 fm\",\"description\":\"LA PRIMERA RADIO MULTIMEDIA DE TRES ARROYOS\",\"potentialAction\":[{\"@type\":\"SearchAction\",\"target\":{\"@type\":\"EntryPoint\",\"urlTemplate\":\"https:\/\/ondauno.com.ar\/?s={search_term_string}\"},\"query-input\":\"required name=search_term_string\"}],\"inLanguage\":\"es-AR\"},{\"@type\":\"Person\",\"@id\":\"https:\/\/ondauno.com.ar\/#\/schema\/person\/201d1b68e6c75e0fd396fe5f8af5d139\",\"name\":\"fernando garcia\",\"image\":{\"@type\":\"ImageObject\",\"inLanguage\":\"es-AR\",\"@id\":\"https:\/\/ondauno.com.ar\/#\/schema\/person\/image\/\",\"url\":\"https:\/\/secure.gravatar.com\/avatar\/5f7254642ad81272e79a2e69653cfdfc?s=96&d=mm&r=g\",\"contentUrl\":\"https:\/\/secure.gravatar.com\/avatar\/5f7254642ad81272e79a2e69653cfdfc?s=96&d=mm&r=g\",\"caption\":\"fernando garcia\"},\"url\":\"https:\/\/ondauno.com.ar\/index.php\/author\/ondaunoeditor\/\"}]}<\/script>\n<!-- \/ Yoast SEO plugin. -->","yoast_head_json":{"title":"Aprehendieron a un joven por el accidente que le cost\u00f3 la vida a Roberto Pissani - 103.9 fm","robots":{"index":"index","follow":"follow","max-snippet":"max-snippet:-1","max-image-preview":"max-image-preview:large","max-video-preview":"max-video-preview:-1"},"canonical":"https:\/\/ondauno.com.ar\/index.php\/2021\/10\/28\/le-costo-la-vida-a-roberto-piss\/","og_locale":"es_ES","og_type":"article","og_title":"Aprehendieron a un joven por el accidente que le cost\u00f3 la vida a Roberto Pissani - 103.9 fm","og_description":"La DDI bajo las \u00f3rdenes del fiscal Gabriel Lopazzo aprehendi\u00f3 en la tarde de este jueves a un joven identificado extraoficialmente como Braian Anta, como sospechoso del delito de homicidio culposo. El joven fue aprehendido en el marco de un allanamiento realizado en la casa de su padre quien se habr\u00eda autoinculpado para proteger a [&hellip;]","og_url":"https:\/\/ondauno.com.ar\/index.php\/2021\/10\/28\/le-costo-la-vida-a-roberto-piss\/","og_site_name":"103.9 fm","article_publisher":"https:\/\/www.facebook.com\/ondauno103.9","article_published_time":"2021-10-28T20:41:01+00:00","article_modified_time":"2021-10-29T00:50:23+00:00","og_image":[{"width":387,"height":240,"url":"https:\/\/ondauno.com.ar\/wp-content\/uploads\/2021\/10\/image002.jpg","type":"image\/jpeg"}],"author":"fernando garcia","twitter_card":"summary_large_image","twitter_misc":{"Escrito por":"fernando garcia","Tiempo de lectura":"1 minuto"},"schema":{"@context":"https:\/\/schema.org","@graph":[{"@type":"WebPage","@id":"https:\/\/ondauno.com.ar\/index.php\/2021\/10\/28\/le-costo-la-vida-a-roberto-piss\/","url":"https:\/\/ondauno.com.ar\/index.php\/2021\/10\/28\/le-costo-la-vida-a-roberto-piss\/","name":"Aprehendieron a un joven por el accidente que le cost\u00f3 la vida a Roberto Pissani - 103.9 fm","isPartOf":{"@id":"https:\/\/ondauno.com.ar\/#website"},"primaryImageOfPage":{"@id":"https:\/\/ondauno.com.ar\/index.php\/2021\/10\/28\/le-costo-la-vida-a-roberto-piss\/#primaryimage"},"image":{"@id":"https:\/\/ondauno.com.ar\/index.php\/2021\/10\/28\/le-costo-la-vida-a-roberto-piss\/#primaryimage"},"thumbnailUrl":"http:\/\/ondauno.com.ar\/wp-content\/uploads\/2021\/10\/image006.jpg","datePublished":"2021-10-28T20:41:01+00:00","dateModified":"2021-10-29T00:50:23+00:00","author":{"@id":"https:\/\/ondauno.com.ar\/#\/schema\/person\/201d1b68e6c75e0fd396fe5f8af5d139"},"breadcrumb":{"@id":"https:\/\/ondauno.com.ar\/index.php\/2021\/10\/28\/le-costo-la-vida-a-roberto-piss\/#breadcrumb"},"inLanguage":"es-AR","potentialAction":[{"@type":"ReadAction","target":["https:\/\/ondauno.com.ar\/index.php\/2021\/10\/28\/le-costo-la-vida-a-roberto-piss\/"]}]},{"@type":"ImageObject","inLanguage":"es-AR","@id":"https:\/\/ondauno.com.ar\/index.php\/2021\/10\/28\/le-costo-la-vida-a-roberto-piss\/#primaryimage","url":"http:\/\/ondauno.com.ar\/wp-content\/uploads\/2021\/10\/image006.jpg","contentUrl":"http:\/\/ondauno.com.ar\/wp-content\/uploads\/2021\/10\/image006.jpg"},{"@type":"BreadcrumbList","@id":"https:\/\/ondauno.com.ar\/index.php\/2021\/10\/28\/le-costo-la-vida-a-roberto-piss\/#breadcrumb","itemListElement":[{"@type":"ListItem","position":1,"name":"Inicio","item":"https:\/\/ondauno.com.ar\/"},{"@type":"ListItem","position":2,"name":"Aprehendieron a un joven por el accidente que le cost\u00f3 la vida a Roberto Pissani"}]},{"@type":"WebSite","@id":"https:\/\/ondauno.com.ar\/#website","url":"https:\/\/ondauno.com.ar\/","name":"103.9 fm","description":"LA PRIMERA RADIO MULTIMEDIA DE TRES ARROYOS","potentialAction":[{"@type":"SearchAction","target":{"@type":"EntryPoint","urlTemplate":"https:\/\/ondauno.com.ar\/?s={search_term_string}"},"query-input":"required name=search_term_string"}],"inLanguage":"es-AR"},{"@type":"Person","@id":"https:\/\/ondauno.com.ar\/#\/schema\/person\/201d1b68e6c75e0fd396fe5f8af5d139","name":"fernando garcia","image":{"@type":"ImageObject","inLanguage":"es-AR","@id":"https:\/\/ondauno.com.ar\/#\/schema\/person\/image\/","url":"https:\/\/secure.gravatar.com\/avatar\/5f7254642ad81272e79a2e69653cfdfc?s=96&d=mm&r=g","contentUrl":"https:\/\/secure.gravatar.com\/avatar\/5f7254642ad81272e79a2e69653cfdfc?s=96&d=mm&r=g","caption":"fernando garcia"},"url":"https:\/\/ondauno.com.ar\/index.php\/author\/ondaunoeditor\/"}]}},"jetpack_publicize_connections":[],"jetpack_featured_media_url":"","jetpack_sharing_enabled":true,"_links":{"self":[{"href":"https:\/\/ondauno.com.ar\/index.php\/wp-json\/wp\/v2\/posts\/29898","targetHints":{"allow":["GET"]}}],"collection":[{"href":"https:\/\/ondauno.com.ar\/index.php\/wp-json\/wp\/v2\/posts"}],"about":[{"href":"https:\/\/ondauno.com.ar\/index.php\/wp-json\/wp\/v2\/types\/post"}],"author":[{"embeddable":true,"href":"https:\/\/ondauno.com.ar\/index.php\/wp-json\/wp\/v2\/users\/2"}],"replies":[{"embeddable":true,"href":"https:\/\/ondauno.com.ar\/index.php\/wp-json\/wp\/v2\/comments?post=29898"}],"version-history":[{"count":0,"href":"https:\/\/ondauno.com.ar\/index.php\/wp-json\/wp\/v2\/posts\/29898\/revisions"}],"wp:attachment":[{"href":"https:\/\/ondauno.com.ar\/index.php\/wp-json\/wp\/v2\/media?parent=29898"}],"wp:term":[{"taxonomy":"category","embeddable":true,"href":"https:\/\/ondauno.com.ar\/index.php\/wp-json\/wp\/v2\/categories?post=29898"},{"taxonomy":"post_tag","embeddable":true,"href":"https:\/\/ondauno.com.ar\/index.php\/wp-json\/wp\/v2\/tags?post=29898"}],"curies":[{"name":"wp","href":"https:\/\/api.w.org\/{rel}","templated":true}]}}