{"id":2947,"date":"2019-12-06T13:20:46","date_gmt":"2019-12-06T16:20:46","guid":{"rendered":"http:\/\/ondauno.com.ar\/?p=2947"},"modified":"2019-12-06T13:20:53","modified_gmt":"2019-12-06T16:20:53","slug":"la-indie-rock-esta-de-fiesta","status":"publish","type":"post","link":"https:\/\/ondauno.com.ar\/index.php\/2019\/12\/06\/la-indie-rock-esta-de-fiesta\/","title":{"rendered":"La Indie Rock est\u00e1 de fiesta"},"content":{"rendered":"<div class=\"ondau-before-content_3\" style=\"margin-top: -30px;\" id=\"ondau-3095521053\"><a href=\"https:\/\/www.lps.com.ar\/\" aria-label=\"la-perse2\"><img loading=\"lazy\" decoding=\"async\" src=\"https:\/\/ondauno.com.ar\/wp-content\/uploads\/2021\/10\/la-perse2.jpg\" alt=\"\"  srcset=\"https:\/\/ondauno.com.ar\/wp-content\/uploads\/2021\/10\/la-perse2.jpg 1353w, https:\/\/ondauno.com.ar\/wp-content\/uploads\/2021\/10\/la-perse2-300x43.jpg 300w, https:\/\/ondauno.com.ar\/wp-content\/uploads\/2021\/10\/la-perse2-1024x148.jpg 1024w, https:\/\/ondauno.com.ar\/wp-content\/uploads\/2021\/10\/la-perse2-768x111.jpg 768w, https:\/\/ondauno.com.ar\/wp-content\/uploads\/2021\/10\/la-perse2-696x100.jpg 696w, https:\/\/ondauno.com.ar\/wp-content\/uploads\/2021\/10\/la-perse2-1068x154.jpg 1068w\" sizes=\"(max-width: 1353px) 100vw, 1353px\" class=\"no-lazyload\" width=\"1353\" height=\"195\"  style=\"display: inline-block;\" \/><\/a><\/div>\n<p> Diego Moyano, referente y voz ce la  Radio Cooperativa Indie Rock 104.7 Mhz habl\u00f3 en Cosas que Pasan de los festejos que preparan para el cumplea\u00f1os 18 de la FM.<\/p>\n\n\n\n<p>Entre los conceptos que manifest\u00f3 cont\u00f3 que una premisa que tienen todos los que integran la radio es la de festejar. Por tal motivo anunci\u00f3 que hoy en Alsina 2140 desde las 22 horas habr\u00e1 diferentes presentaciones que dar\u00e1n marco a este nuevo aniversario. Los festejos se extienden tambi\u00e9n para el s\u00e1bado en el mismo espacio.<\/p>\n\n\n\n<p>Mencion\u00f3 la participaci\u00f3n especial y muy esperada de Sof\u00edaViola, y de Lunatikas, Coronel Kurtz,  Kirk y  DiegoIndie.<\/p>\n\n\n\n<p>Asimismo la presentaci\u00f3n del libro &#8220;Sanputa&#8221; de Martin Graziano y la exposici\u00f3n art\u00edstica del pl\u00e1stico tresarroyense  Nacho Elizari.<\/p>\n\n\n\n<p>El valor de las anticipadas 150 pesos y se pueden adquirir en Los 7 Locos, El Gallo Rojo y Sicilana.<br>Habr\u00e1 cantina a cargo de TuLi\u00e1n y cerveza artesanal de Cerveza Orejana <\/p>\n\n\n\n<figure class=\"wp-block-embed-facebook wp-block-embed is-type-video is-provider-facebook\"><div class=\"wp-block-embed__wrapper\">\n<div class=\"fb-video\" data-allowfullscreen=\"true\" data-href=\"https:\/\/www.facebook.com\/ondauno103.9\/videos\/975537069500235\/\" style=\"background-color: #fff; display: inline-block;\"><\/div>\n<\/div><\/figure>\n\n\n\n<p><\/p>\n\n\n\n<p> <strong>Programa <\/strong><\/p>\n\n\n\n<p><strong>viernes, 6 de diciembre de 2019<\/strong><\/p>\n\n\n\n<p>20:00 Apertura<\/p>\n\n\n\n<p>21:00Martin Graziano. Presentaci\u00f3n del su libro &#8220;Sanputa&#8221;<\/p>\n\n\n\n<p>23:00<\/p>\n\n\n\n<p>Lunatikas<\/p>\n\n\n\n<p>23:50<\/p>\n\n\n\n<p>Coronel Kurtzs\u00e1bado,<\/p>\n\n\n\n<p><strong>viernes 7 de diciembre de 2019<\/strong><\/p>\n\n\n\n<p>00:30 Sofia Viola<\/p>\n\n\n\n<p>02:00 Kirk<\/p>\n\n\n\n<p>03:00 Djs Diego Indie &#8211; Tamara Turano <\/p>\n","protected":false},"excerpt":{"rendered":"<p>Diego Moyano, referente y voz ce la Radio Cooperativa Indie Rock 104.7 Mhz habl\u00f3 en Cosas que Pasan de los festejos que preparan para el cumplea\u00f1os 18 de la FM. Entre los conceptos que manifest\u00f3 cont\u00f3 que una premisa que tienen todos los que integran la radio es la de festejar. Por tal motivo anunci\u00f3 [&hellip;]<\/p>\n","protected":false},"author":2,"featured_media":45248,"comment_status":"open","ping_status":"open","sticky":false,"template":"","format":"standard","meta":{"tdm_status":"","tdm_grid_status":"","_jetpack_memberships_contains_paid_content":false,"footnotes":"","jetpack_publicize_message":"","jetpack_publicize_feature_enabled":true,"jetpack_social_post_already_shared":false,"jetpack_social_options":{"image_generator_settings":{"template":"highway","default_image_id":0,"font":"","enabled":false},"version":2}},"categories":[28],"tags":[],"class_list":{"0":"post-2947","1":"post","2":"type-post","3":"status-publish","4":"format-standard","5":"has-post-thumbnail","7":"category-interes-general"},"yoast_head":"<!-- This site is optimized with the Yoast SEO plugin v22.7 - https:\/\/yoast.com\/wordpress\/plugins\/seo\/ -->\n<title>La Indie Rock est\u00e1 de fiesta - 103.9 fm<\/title>\n<meta name=\"robots\" content=\"index, follow, max-snippet:-1, max-image-preview:large, max-video-preview:-1\" \/>\n<link rel=\"canonical\" href=\"https:\/\/ondauno.com.ar\/index.php\/2019\/12\/06\/la-indie-rock-esta-de-fiesta\/\" \/>\n<meta property=\"og:locale\" content=\"es_ES\" \/>\n<meta property=\"og:type\" content=\"article\" \/>\n<meta property=\"og:title\" content=\"La Indie Rock est\u00e1 de fiesta - 103.9 fm\" \/>\n<meta property=\"og:description\" content=\"Diego Moyano, referente y voz ce la Radio Cooperativa Indie Rock 104.7 Mhz habl\u00f3 en Cosas que Pasan de los festejos que preparan para el cumplea\u00f1os 18 de la FM. Entre los conceptos que manifest\u00f3 cont\u00f3 que una premisa que tienen todos los que integran la radio es la de festejar. Por tal motivo anunci\u00f3 [&hellip;]\" \/>\n<meta property=\"og:url\" content=\"https:\/\/ondauno.com.ar\/index.php\/2019\/12\/06\/la-indie-rock-esta-de-fiesta\/\" \/>\n<meta property=\"og:site_name\" content=\"103.9 fm\" \/>\n<meta property=\"article:publisher\" content=\"https:\/\/www.facebook.com\/ondauno103.9\" \/>\n<meta property=\"article:published_time\" content=\"2019-12-06T16:20:46+00:00\" \/>\n<meta property=\"article:modified_time\" content=\"2019-12-06T16:20:53+00:00\" \/>\n<meta property=\"og:image\" content=\"https:\/\/ondauno.com.ar\/wp-content\/uploads\/2024\/03\/logo-jpg.jpg\" \/>\n\t<meta property=\"og:image:width\" content=\"336\" \/>\n\t<meta property=\"og:image:height\" content=\"292\" \/>\n\t<meta property=\"og:image:type\" content=\"image\/jpeg\" \/>\n<meta name=\"author\" content=\"fernando garcia\" \/>\n<meta name=\"twitter:card\" content=\"summary_large_image\" \/>\n<meta name=\"twitter:label1\" content=\"Escrito por\" \/>\n\t<meta name=\"twitter:data1\" content=\"fernando garcia\" \/>\n\t<meta name=\"twitter:label2\" content=\"Tiempo de lectura\" \/>\n\t<meta name=\"twitter:data2\" content=\"1 minuto\" \/>\n<script type=\"application\/ld+json\" class=\"yoast-schema-graph\">{\"@context\":\"https:\/\/schema.org\",\"@graph\":[{\"@type\":\"WebPage\",\"@id\":\"https:\/\/ondauno.com.ar\/index.php\/2019\/12\/06\/la-indie-rock-esta-de-fiesta\/\",\"url\":\"https:\/\/ondauno.com.ar\/index.php\/2019\/12\/06\/la-indie-rock-esta-de-fiesta\/\",\"name\":\"La Indie Rock est\u00e1 de fiesta - 103.9 fm\",\"isPartOf\":{\"@id\":\"https:\/\/ondauno.com.ar\/#website\"},\"primaryImageOfPage\":{\"@id\":\"https:\/\/ondauno.com.ar\/index.php\/2019\/12\/06\/la-indie-rock-esta-de-fiesta\/#primaryimage\"},\"image\":{\"@id\":\"https:\/\/ondauno.com.ar\/index.php\/2019\/12\/06\/la-indie-rock-esta-de-fiesta\/#primaryimage\"},\"thumbnailUrl\":\"https:\/\/ondauno.com.ar\/wp-content\/uploads\/2024\/03\/logo-jpg.jpg\",\"datePublished\":\"2019-12-06T16:20:46+00:00\",\"dateModified\":\"2019-12-06T16:20:53+00:00\",\"author\":{\"@id\":\"https:\/\/ondauno.com.ar\/#\/schema\/person\/201d1b68e6c75e0fd396fe5f8af5d139\"},\"breadcrumb\":{\"@id\":\"https:\/\/ondauno.com.ar\/index.php\/2019\/12\/06\/la-indie-rock-esta-de-fiesta\/#breadcrumb\"},\"inLanguage\":\"es-AR\",\"potentialAction\":[{\"@type\":\"ReadAction\",\"target\":[\"https:\/\/ondauno.com.ar\/index.php\/2019\/12\/06\/la-indie-rock-esta-de-fiesta\/\"]}]},{\"@type\":\"ImageObject\",\"inLanguage\":\"es-AR\",\"@id\":\"https:\/\/ondauno.com.ar\/index.php\/2019\/12\/06\/la-indie-rock-esta-de-fiesta\/#primaryimage\",\"url\":\"https:\/\/ondauno.com.ar\/wp-content\/uploads\/2024\/03\/logo-jpg.jpg\",\"contentUrl\":\"https:\/\/ondauno.com.ar\/wp-content\/uploads\/2024\/03\/logo-jpg.jpg\",\"width\":336,\"height\":292},{\"@type\":\"BreadcrumbList\",\"@id\":\"https:\/\/ondauno.com.ar\/index.php\/2019\/12\/06\/la-indie-rock-esta-de-fiesta\/#breadcrumb\",\"itemListElement\":[{\"@type\":\"ListItem\",\"position\":1,\"name\":\"Inicio\",\"item\":\"https:\/\/ondauno.com.ar\/\"},{\"@type\":\"ListItem\",\"position\":2,\"name\":\"La Indie Rock est\u00e1 de fiesta\"}]},{\"@type\":\"WebSite\",\"@id\":\"https:\/\/ondauno.com.ar\/#website\",\"url\":\"https:\/\/ondauno.com.ar\/\",\"name\":\"103.9 fm\",\"description\":\"LA PRIMERA RADIO MULTIMEDIA DE TRES ARROYOS\",\"potentialAction\":[{\"@type\":\"SearchAction\",\"target\":{\"@type\":\"EntryPoint\",\"urlTemplate\":\"https:\/\/ondauno.com.ar\/?s={search_term_string}\"},\"query-input\":\"required name=search_term_string\"}],\"inLanguage\":\"es-AR\"},{\"@type\":\"Person\",\"@id\":\"https:\/\/ondauno.com.ar\/#\/schema\/person\/201d1b68e6c75e0fd396fe5f8af5d139\",\"name\":\"fernando garcia\",\"image\":{\"@type\":\"ImageObject\",\"inLanguage\":\"es-AR\",\"@id\":\"https:\/\/ondauno.com.ar\/#\/schema\/person\/image\/\",\"url\":\"https:\/\/secure.gravatar.com\/avatar\/5f7254642ad81272e79a2e69653cfdfc?s=96&d=mm&r=g\",\"contentUrl\":\"https:\/\/secure.gravatar.com\/avatar\/5f7254642ad81272e79a2e69653cfdfc?s=96&d=mm&r=g\",\"caption\":\"fernando garcia\"},\"url\":\"https:\/\/ondauno.com.ar\/index.php\/author\/ondaunoeditor\/\"}]}<\/script>\n<!-- \/ Yoast SEO plugin. -->","yoast_head_json":{"title":"La Indie Rock est\u00e1 de fiesta - 103.9 fm","robots":{"index":"index","follow":"follow","max-snippet":"max-snippet:-1","max-image-preview":"max-image-preview:large","max-video-preview":"max-video-preview:-1"},"canonical":"https:\/\/ondauno.com.ar\/index.php\/2019\/12\/06\/la-indie-rock-esta-de-fiesta\/","og_locale":"es_ES","og_type":"article","og_title":"La Indie Rock est\u00e1 de fiesta - 103.9 fm","og_description":"Diego Moyano, referente y voz ce la Radio Cooperativa Indie Rock 104.7 Mhz habl\u00f3 en Cosas que Pasan de los festejos que preparan para el cumplea\u00f1os 18 de la FM. Entre los conceptos que manifest\u00f3 cont\u00f3 que una premisa que tienen todos los que integran la radio es la de festejar. Por tal motivo anunci\u00f3 [&hellip;]","og_url":"https:\/\/ondauno.com.ar\/index.php\/2019\/12\/06\/la-indie-rock-esta-de-fiesta\/","og_site_name":"103.9 fm","article_publisher":"https:\/\/www.facebook.com\/ondauno103.9","article_published_time":"2019-12-06T16:20:46+00:00","article_modified_time":"2019-12-06T16:20:53+00:00","og_image":[{"width":336,"height":292,"url":"https:\/\/ondauno.com.ar\/wp-content\/uploads\/2024\/03\/logo-jpg.jpg","type":"image\/jpeg"}],"author":"fernando garcia","twitter_card":"summary_large_image","twitter_misc":{"Escrito por":"fernando garcia","Tiempo de lectura":"1 minuto"},"schema":{"@context":"https:\/\/schema.org","@graph":[{"@type":"WebPage","@id":"https:\/\/ondauno.com.ar\/index.php\/2019\/12\/06\/la-indie-rock-esta-de-fiesta\/","url":"https:\/\/ondauno.com.ar\/index.php\/2019\/12\/06\/la-indie-rock-esta-de-fiesta\/","name":"La Indie Rock est\u00e1 de fiesta - 103.9 fm","isPartOf":{"@id":"https:\/\/ondauno.com.ar\/#website"},"primaryImageOfPage":{"@id":"https:\/\/ondauno.com.ar\/index.php\/2019\/12\/06\/la-indie-rock-esta-de-fiesta\/#primaryimage"},"image":{"@id":"https:\/\/ondauno.com.ar\/index.php\/2019\/12\/06\/la-indie-rock-esta-de-fiesta\/#primaryimage"},"thumbnailUrl":"https:\/\/ondauno.com.ar\/wp-content\/uploads\/2024\/03\/logo-jpg.jpg","datePublished":"2019-12-06T16:20:46+00:00","dateModified":"2019-12-06T16:20:53+00:00","author":{"@id":"https:\/\/ondauno.com.ar\/#\/schema\/person\/201d1b68e6c75e0fd396fe5f8af5d139"},"breadcrumb":{"@id":"https:\/\/ondauno.com.ar\/index.php\/2019\/12\/06\/la-indie-rock-esta-de-fiesta\/#breadcrumb"},"inLanguage":"es-AR","potentialAction":[{"@type":"ReadAction","target":["https:\/\/ondauno.com.ar\/index.php\/2019\/12\/06\/la-indie-rock-esta-de-fiesta\/"]}]},{"@type":"ImageObject","inLanguage":"es-AR","@id":"https:\/\/ondauno.com.ar\/index.php\/2019\/12\/06\/la-indie-rock-esta-de-fiesta\/#primaryimage","url":"https:\/\/ondauno.com.ar\/wp-content\/uploads\/2024\/03\/logo-jpg.jpg","contentUrl":"https:\/\/ondauno.com.ar\/wp-content\/uploads\/2024\/03\/logo-jpg.jpg","width":336,"height":292},{"@type":"BreadcrumbList","@id":"https:\/\/ondauno.com.ar\/index.php\/2019\/12\/06\/la-indie-rock-esta-de-fiesta\/#breadcrumb","itemListElement":[{"@type":"ListItem","position":1,"name":"Inicio","item":"https:\/\/ondauno.com.ar\/"},{"@type":"ListItem","position":2,"name":"La Indie Rock est\u00e1 de fiesta"}]},{"@type":"WebSite","@id":"https:\/\/ondauno.com.ar\/#website","url":"https:\/\/ondauno.com.ar\/","name":"103.9 fm","description":"LA PRIMERA RADIO MULTIMEDIA DE TRES ARROYOS","potentialAction":[{"@type":"SearchAction","target":{"@type":"EntryPoint","urlTemplate":"https:\/\/ondauno.com.ar\/?s={search_term_string}"},"query-input":"required name=search_term_string"}],"inLanguage":"es-AR"},{"@type":"Person","@id":"https:\/\/ondauno.com.ar\/#\/schema\/person\/201d1b68e6c75e0fd396fe5f8af5d139","name":"fernando garcia","image":{"@type":"ImageObject","inLanguage":"es-AR","@id":"https:\/\/ondauno.com.ar\/#\/schema\/person\/image\/","url":"https:\/\/secure.gravatar.com\/avatar\/5f7254642ad81272e79a2e69653cfdfc?s=96&d=mm&r=g","contentUrl":"https:\/\/secure.gravatar.com\/avatar\/5f7254642ad81272e79a2e69653cfdfc?s=96&d=mm&r=g","caption":"fernando garcia"},"url":"https:\/\/ondauno.com.ar\/index.php\/author\/ondaunoeditor\/"}]}},"jetpack_publicize_connections":[],"jetpack_featured_media_url":"https:\/\/ondauno.com.ar\/wp-content\/uploads\/2024\/03\/logo-jpg.jpg","jetpack_sharing_enabled":true,"_links":{"self":[{"href":"https:\/\/ondauno.com.ar\/index.php\/wp-json\/wp\/v2\/posts\/2947","targetHints":{"allow":["GET"]}}],"collection":[{"href":"https:\/\/ondauno.com.ar\/index.php\/wp-json\/wp\/v2\/posts"}],"about":[{"href":"https:\/\/ondauno.com.ar\/index.php\/wp-json\/wp\/v2\/types\/post"}],"author":[{"embeddable":true,"href":"https:\/\/ondauno.com.ar\/index.php\/wp-json\/wp\/v2\/users\/2"}],"replies":[{"embeddable":true,"href":"https:\/\/ondauno.com.ar\/index.php\/wp-json\/wp\/v2\/comments?post=2947"}],"version-history":[{"count":0,"href":"https:\/\/ondauno.com.ar\/index.php\/wp-json\/wp\/v2\/posts\/2947\/revisions"}],"wp:featuredmedia":[{"embeddable":true,"href":"https:\/\/ondauno.com.ar\/index.php\/wp-json\/wp\/v2\/media\/45248"}],"wp:attachment":[{"href":"https:\/\/ondauno.com.ar\/index.php\/wp-json\/wp\/v2\/media?parent=2947"}],"wp:term":[{"taxonomy":"category","embeddable":true,"href":"https:\/\/ondauno.com.ar\/index.php\/wp-json\/wp\/v2\/categories?post=2947"},{"taxonomy":"post_tag","embeddable":true,"href":"https:\/\/ondauno.com.ar\/index.php\/wp-json\/wp\/v2\/tags?post=2947"}],"curies":[{"name":"wp","href":"https:\/\/api.w.org\/{rel}","templated":true}]}}