{"id":29427,"date":"2021-10-12T21:35:41","date_gmt":"2021-10-13T00:35:41","guid":{"rendered":"http:\/\/ondauno.com.ar\/?p=29427"},"modified":"2021-10-12T21:35:43","modified_gmt":"2021-10-13T00:35:43","slug":"aprehendieron-a-tres-personas-por-capturas-de-paradero-activo","status":"publish","type":"post","link":"https:\/\/ondauno.com.ar\/index.php\/2021\/10\/12\/aprehendieron-a-tres-personas-por-capturas-de-paradero-activo\/","title":{"rendered":"Aprehendieron a tres personas por capturas de paradero activo"},"content":{"rendered":"<div class=\"ondau-before-content_3\" style=\"margin-top: -30px;\" id=\"ondau-207545760\"><a href=\"https:\/\/www.lps.com.ar\/\" aria-label=\"la-perse2\"><img loading=\"lazy\" decoding=\"async\" src=\"https:\/\/ondauno.com.ar\/wp-content\/uploads\/2021\/10\/la-perse2.jpg\" alt=\"\"  srcset=\"https:\/\/ondauno.com.ar\/wp-content\/uploads\/2021\/10\/la-perse2.jpg 1353w, https:\/\/ondauno.com.ar\/wp-content\/uploads\/2021\/10\/la-perse2-300x43.jpg 300w, https:\/\/ondauno.com.ar\/wp-content\/uploads\/2021\/10\/la-perse2-1024x148.jpg 1024w, https:\/\/ondauno.com.ar\/wp-content\/uploads\/2021\/10\/la-perse2-768x111.jpg 768w, https:\/\/ondauno.com.ar\/wp-content\/uploads\/2021\/10\/la-perse2-696x100.jpg 696w, https:\/\/ondauno.com.ar\/wp-content\/uploads\/2021\/10\/la-perse2-1068x154.jpg 1068w\" sizes=\"(max-width: 1353px) 100vw, 1353px\" class=\"no-lazyload\" width=\"1353\" height=\"195\"  style=\"display: inline-block;\" \/><\/a><\/div>\n<p>Personal del Comando de Prevenci\u00f3n Rural de Tres Arroyos, en\nel transcurso de operativos que se vienen llevando a cabo en la zona la \u00faltima\nsemana, e intensificados por el fin de semana largo, procedi\u00f3 a la aprehensi\u00f3n\nde tres personas con sendos pedidos de captura y comparendos compulsivos,\nsolicitados por la justicia penal. <\/p>\n\n\n\n<p>El primero de ellos se realiz\u00f3 por captura por paradero\nactivo, en ruta nacional 3 y ruta provincial 85, lugar donde se identific\u00f3 a un\nciudadano mayor de edad (34 a\u00f1os), oriundo de San Isidro, quien posee un pedido\nde comparendo compulsivo activo, solicitado por la UFIJ Nro. 2 de San Isidro en\nmarco causa penal a disposici\u00f3n de la UFI N\u00ba 2 del Dpto. Judicial de San\nIsidro, quien fue trasladado a la dependencia policial y puesto a disposici\u00f3n\ndel referido magistrado quien orden\u00f3 su comparendo a primera audiencia fines\nregularizar la situaci\u00f3n procesal. <\/p>\n\n\n\n<figure class=\"wp-block-image\"><img decoding=\"async\" data-src=\"http:\/\/ondauno.com.ar\/wp-content\/uploads\/2021\/10\/WhatsApp-Image-2021-10-12-at-20.02.39-1024x1024.jpeg\" alt=\"\" class=\"wp-image-29428 lazyload\" src=\"data:image\/gif;base64,R0lGODlhAQABAAAAACH5BAEKAAEALAAAAAABAAEAAAICTAEAOw==\" style=\"--smush-placeholder-width: 1024px; --smush-placeholder-aspect-ratio: 1024\/1024;\" \/><noscript><img decoding=\"async\" src=\"http:\/\/ondauno.com.ar\/wp-content\/uploads\/2021\/10\/WhatsApp-Image-2021-10-12-at-20.02.39-1024x1024.jpeg\" alt=\"\" class=\"wp-image-29428\"\/><\/noscript><\/figure>\n\n\n\n<p>El segundo de ellos se realiz\u00f3 en ruta Nacional N\u00ba 3 km. 505\ndonde se intercepto rodado conducido por persona del sexo masculino de 29 a\u00f1os\nde edad, oriundo de Tandil, sobre el cual obraba un pedido de captura activa\npor Inf. a la Ley 12.569 (violencia de genero) a requerimiento de la fiscal\u00eda\nde familia de Tandil y J.P.L. Ayacucho, procediendo a notificar al mismo de las\ndisposiciones del magistrado de intervenci\u00f3n se lo puso a disposici\u00f3n del\nmismo, haci\u00e9ndolo comparecer a primera audiencia h\u00e1bil para el d\u00eda de la fecha.\n<\/p>\n\n\n\n<figure class=\"wp-block-image\"><img decoding=\"async\" data-src=\"http:\/\/ondauno.com.ar\/wp-content\/uploads\/2021\/10\/WhatsApp-Image-2021-10-12-at-20.02.39-2-1024x1024.jpeg\" alt=\"\" class=\"wp-image-29430 lazyload\" src=\"data:image\/gif;base64,R0lGODlhAQABAAAAACH5BAEKAAEALAAAAAABAAEAAAICTAEAOw==\" style=\"--smush-placeholder-width: 1024px; --smush-placeholder-aspect-ratio: 1024\/1024;\" \/><noscript><img decoding=\"async\" src=\"http:\/\/ondauno.com.ar\/wp-content\/uploads\/2021\/10\/WhatsApp-Image-2021-10-12-at-20.02.39-2-1024x1024.jpeg\" alt=\"\" class=\"wp-image-29430\"\/><\/noscript><\/figure>\n\n\n\n<p>Por \u00faltimo, se procedi\u00f3 a la aprehensi\u00f3n de un masculino de\n54 a\u00f1os de edad, domiciliado en este partido el cual detentaba un pedido de impedimento\nsobre su paradero con captura activa por causa penal, a requerimiento del Juzgado\nInstrucci\u00f3n N\u00ba 4 de Viedma, notificado magistrado requirente ordeno se\nnotifique comparec\u00eda del mismo a la sede de esos estrados para resolver su\nsituaci\u00f3n procesal en torno al requerimiento que pesa en su contra.<\/p>\n","protected":false},"excerpt":{"rendered":"<p>Personal del Comando de Prevenci\u00f3n Rural de Tres Arroyos, en el transcurso de operativos que se vienen llevando a cabo en la zona la \u00faltima semana, e intensificados por el fin de semana largo, procedi\u00f3 a la aprehensi\u00f3n de tres personas con sendos pedidos de captura y comparendos compulsivos, solicitados por la justicia penal. El [&hellip;]<\/p>\n","protected":false},"author":2,"featured_media":0,"comment_status":"open","ping_status":"open","sticky":false,"template":"","format":"standard","meta":{"tdm_status":"","tdm_grid_status":"","_jetpack_memberships_contains_paid_content":false,"footnotes":"","jetpack_publicize_message":"","jetpack_publicize_feature_enabled":true,"jetpack_social_post_already_shared":true,"jetpack_social_options":{"image_generator_settings":{"template":"highway","default_image_id":0,"font":"","enabled":false},"version":2}},"categories":[29],"tags":[],"class_list":{"0":"post-29427","1":"post","2":"type-post","3":"status-publish","4":"format-standard","6":"category-policiales"},"yoast_head":"<!-- This site is optimized with the Yoast SEO plugin v22.7 - https:\/\/yoast.com\/wordpress\/plugins\/seo\/ -->\n<title>Aprehendieron a tres personas por capturas de paradero activo - 103.9 fm<\/title>\n<meta name=\"robots\" content=\"index, follow, max-snippet:-1, max-image-preview:large, max-video-preview:-1\" \/>\n<link rel=\"canonical\" href=\"https:\/\/ondauno.com.ar\/index.php\/2021\/10\/12\/aprehendieron-a-tres-personas-por-capturas-de-paradero-activo\/\" \/>\n<meta property=\"og:locale\" content=\"es_ES\" \/>\n<meta property=\"og:type\" content=\"article\" \/>\n<meta property=\"og:title\" content=\"Aprehendieron a tres personas por capturas de paradero activo - 103.9 fm\" \/>\n<meta property=\"og:description\" content=\"Personal del Comando de Prevenci\u00f3n Rural de Tres Arroyos, en el transcurso de operativos que se vienen llevando a cabo en la zona la \u00faltima semana, e intensificados por el fin de semana largo, procedi\u00f3 a la aprehensi\u00f3n de tres personas con sendos pedidos de captura y comparendos compulsivos, solicitados por la justicia penal. El [&hellip;]\" \/>\n<meta property=\"og:url\" content=\"https:\/\/ondauno.com.ar\/index.php\/2021\/10\/12\/aprehendieron-a-tres-personas-por-capturas-de-paradero-activo\/\" \/>\n<meta property=\"og:site_name\" content=\"103.9 fm\" \/>\n<meta property=\"article:publisher\" content=\"https:\/\/www.facebook.com\/ondauno103.9\" \/>\n<meta property=\"article:published_time\" content=\"2021-10-13T00:35:41+00:00\" \/>\n<meta property=\"article:modified_time\" content=\"2021-10-13T00:35:43+00:00\" \/>\n<meta property=\"og:image\" content=\"https:\/\/ondauno.com.ar\/wp-content\/uploads\/2021\/10\/WhatsApp-Image-2021-10-12-at-20.02.39-1.jpeg\" \/>\n\t<meta property=\"og:image:width\" content=\"720\" \/>\n\t<meta property=\"og:image:height\" content=\"720\" \/>\n\t<meta property=\"og:image:type\" content=\"image\/jpeg\" \/>\n<meta name=\"author\" content=\"fernando garcia\" \/>\n<meta name=\"twitter:card\" content=\"summary_large_image\" \/>\n<meta name=\"twitter:label1\" content=\"Escrito por\" \/>\n\t<meta name=\"twitter:data1\" content=\"fernando garcia\" \/>\n\t<meta name=\"twitter:label2\" content=\"Tiempo de lectura\" \/>\n\t<meta name=\"twitter:data2\" content=\"2 minutos\" \/>\n<script type=\"application\/ld+json\" class=\"yoast-schema-graph\">{\"@context\":\"https:\/\/schema.org\",\"@graph\":[{\"@type\":\"WebPage\",\"@id\":\"https:\/\/ondauno.com.ar\/index.php\/2021\/10\/12\/aprehendieron-a-tres-personas-por-capturas-de-paradero-activo\/\",\"url\":\"https:\/\/ondauno.com.ar\/index.php\/2021\/10\/12\/aprehendieron-a-tres-personas-por-capturas-de-paradero-activo\/\",\"name\":\"Aprehendieron a tres personas por capturas de paradero activo - 103.9 fm\",\"isPartOf\":{\"@id\":\"https:\/\/ondauno.com.ar\/#website\"},\"primaryImageOfPage\":{\"@id\":\"https:\/\/ondauno.com.ar\/index.php\/2021\/10\/12\/aprehendieron-a-tres-personas-por-capturas-de-paradero-activo\/#primaryimage\"},\"image\":{\"@id\":\"https:\/\/ondauno.com.ar\/index.php\/2021\/10\/12\/aprehendieron-a-tres-personas-por-capturas-de-paradero-activo\/#primaryimage\"},\"thumbnailUrl\":\"http:\/\/ondauno.com.ar\/wp-content\/uploads\/2021\/10\/WhatsApp-Image-2021-10-12-at-20.02.39-1024x1024.jpeg\",\"datePublished\":\"2021-10-13T00:35:41+00:00\",\"dateModified\":\"2021-10-13T00:35:43+00:00\",\"author\":{\"@id\":\"https:\/\/ondauno.com.ar\/#\/schema\/person\/201d1b68e6c75e0fd396fe5f8af5d139\"},\"breadcrumb\":{\"@id\":\"https:\/\/ondauno.com.ar\/index.php\/2021\/10\/12\/aprehendieron-a-tres-personas-por-capturas-de-paradero-activo\/#breadcrumb\"},\"inLanguage\":\"es-AR\",\"potentialAction\":[{\"@type\":\"ReadAction\",\"target\":[\"https:\/\/ondauno.com.ar\/index.php\/2021\/10\/12\/aprehendieron-a-tres-personas-por-capturas-de-paradero-activo\/\"]}]},{\"@type\":\"ImageObject\",\"inLanguage\":\"es-AR\",\"@id\":\"https:\/\/ondauno.com.ar\/index.php\/2021\/10\/12\/aprehendieron-a-tres-personas-por-capturas-de-paradero-activo\/#primaryimage\",\"url\":\"\",\"contentUrl\":\"\"},{\"@type\":\"BreadcrumbList\",\"@id\":\"https:\/\/ondauno.com.ar\/index.php\/2021\/10\/12\/aprehendieron-a-tres-personas-por-capturas-de-paradero-activo\/#breadcrumb\",\"itemListElement\":[{\"@type\":\"ListItem\",\"position\":1,\"name\":\"Inicio\",\"item\":\"https:\/\/ondauno.com.ar\/\"},{\"@type\":\"ListItem\",\"position\":2,\"name\":\"Aprehendieron a tres personas por capturas de paradero activo\"}]},{\"@type\":\"WebSite\",\"@id\":\"https:\/\/ondauno.com.ar\/#website\",\"url\":\"https:\/\/ondauno.com.ar\/\",\"name\":\"103.9 fm\",\"description\":\"LA PRIMERA RADIO MULTIMEDIA DE TRES ARROYOS\",\"potentialAction\":[{\"@type\":\"SearchAction\",\"target\":{\"@type\":\"EntryPoint\",\"urlTemplate\":\"https:\/\/ondauno.com.ar\/?s={search_term_string}\"},\"query-input\":\"required name=search_term_string\"}],\"inLanguage\":\"es-AR\"},{\"@type\":\"Person\",\"@id\":\"https:\/\/ondauno.com.ar\/#\/schema\/person\/201d1b68e6c75e0fd396fe5f8af5d139\",\"name\":\"fernando garcia\",\"image\":{\"@type\":\"ImageObject\",\"inLanguage\":\"es-AR\",\"@id\":\"https:\/\/ondauno.com.ar\/#\/schema\/person\/image\/\",\"url\":\"https:\/\/secure.gravatar.com\/avatar\/5f7254642ad81272e79a2e69653cfdfc?s=96&d=mm&r=g\",\"contentUrl\":\"https:\/\/secure.gravatar.com\/avatar\/5f7254642ad81272e79a2e69653cfdfc?s=96&d=mm&r=g\",\"caption\":\"fernando garcia\"},\"url\":\"https:\/\/ondauno.com.ar\/index.php\/author\/ondaunoeditor\/\"}]}<\/script>\n<!-- \/ Yoast SEO plugin. -->","yoast_head_json":{"title":"Aprehendieron a tres personas por capturas de paradero activo - 103.9 fm","robots":{"index":"index","follow":"follow","max-snippet":"max-snippet:-1","max-image-preview":"max-image-preview:large","max-video-preview":"max-video-preview:-1"},"canonical":"https:\/\/ondauno.com.ar\/index.php\/2021\/10\/12\/aprehendieron-a-tres-personas-por-capturas-de-paradero-activo\/","og_locale":"es_ES","og_type":"article","og_title":"Aprehendieron a tres personas por capturas de paradero activo - 103.9 fm","og_description":"Personal del Comando de Prevenci\u00f3n Rural de Tres Arroyos, en el transcurso de operativos que se vienen llevando a cabo en la zona la \u00faltima semana, e intensificados por el fin de semana largo, procedi\u00f3 a la aprehensi\u00f3n de tres personas con sendos pedidos de captura y comparendos compulsivos, solicitados por la justicia penal. El [&hellip;]","og_url":"https:\/\/ondauno.com.ar\/index.php\/2021\/10\/12\/aprehendieron-a-tres-personas-por-capturas-de-paradero-activo\/","og_site_name":"103.9 fm","article_publisher":"https:\/\/www.facebook.com\/ondauno103.9","article_published_time":"2021-10-13T00:35:41+00:00","article_modified_time":"2021-10-13T00:35:43+00:00","og_image":[{"width":720,"height":720,"url":"https:\/\/ondauno.com.ar\/wp-content\/uploads\/2021\/10\/WhatsApp-Image-2021-10-12-at-20.02.39-1.jpeg","type":"image\/jpeg"}],"author":"fernando garcia","twitter_card":"summary_large_image","twitter_misc":{"Escrito por":"fernando garcia","Tiempo de lectura":"2 minutos"},"schema":{"@context":"https:\/\/schema.org","@graph":[{"@type":"WebPage","@id":"https:\/\/ondauno.com.ar\/index.php\/2021\/10\/12\/aprehendieron-a-tres-personas-por-capturas-de-paradero-activo\/","url":"https:\/\/ondauno.com.ar\/index.php\/2021\/10\/12\/aprehendieron-a-tres-personas-por-capturas-de-paradero-activo\/","name":"Aprehendieron a tres personas por capturas de paradero activo - 103.9 fm","isPartOf":{"@id":"https:\/\/ondauno.com.ar\/#website"},"primaryImageOfPage":{"@id":"https:\/\/ondauno.com.ar\/index.php\/2021\/10\/12\/aprehendieron-a-tres-personas-por-capturas-de-paradero-activo\/#primaryimage"},"image":{"@id":"https:\/\/ondauno.com.ar\/index.php\/2021\/10\/12\/aprehendieron-a-tres-personas-por-capturas-de-paradero-activo\/#primaryimage"},"thumbnailUrl":"http:\/\/ondauno.com.ar\/wp-content\/uploads\/2021\/10\/WhatsApp-Image-2021-10-12-at-20.02.39-1024x1024.jpeg","datePublished":"2021-10-13T00:35:41+00:00","dateModified":"2021-10-13T00:35:43+00:00","author":{"@id":"https:\/\/ondauno.com.ar\/#\/schema\/person\/201d1b68e6c75e0fd396fe5f8af5d139"},"breadcrumb":{"@id":"https:\/\/ondauno.com.ar\/index.php\/2021\/10\/12\/aprehendieron-a-tres-personas-por-capturas-de-paradero-activo\/#breadcrumb"},"inLanguage":"es-AR","potentialAction":[{"@type":"ReadAction","target":["https:\/\/ondauno.com.ar\/index.php\/2021\/10\/12\/aprehendieron-a-tres-personas-por-capturas-de-paradero-activo\/"]}]},{"@type":"ImageObject","inLanguage":"es-AR","@id":"https:\/\/ondauno.com.ar\/index.php\/2021\/10\/12\/aprehendieron-a-tres-personas-por-capturas-de-paradero-activo\/#primaryimage","url":"","contentUrl":""},{"@type":"BreadcrumbList","@id":"https:\/\/ondauno.com.ar\/index.php\/2021\/10\/12\/aprehendieron-a-tres-personas-por-capturas-de-paradero-activo\/#breadcrumb","itemListElement":[{"@type":"ListItem","position":1,"name":"Inicio","item":"https:\/\/ondauno.com.ar\/"},{"@type":"ListItem","position":2,"name":"Aprehendieron a tres personas por capturas de paradero activo"}]},{"@type":"WebSite","@id":"https:\/\/ondauno.com.ar\/#website","url":"https:\/\/ondauno.com.ar\/","name":"103.9 fm","description":"LA PRIMERA RADIO MULTIMEDIA DE TRES ARROYOS","potentialAction":[{"@type":"SearchAction","target":{"@type":"EntryPoint","urlTemplate":"https:\/\/ondauno.com.ar\/?s={search_term_string}"},"query-input":"required name=search_term_string"}],"inLanguage":"es-AR"},{"@type":"Person","@id":"https:\/\/ondauno.com.ar\/#\/schema\/person\/201d1b68e6c75e0fd396fe5f8af5d139","name":"fernando garcia","image":{"@type":"ImageObject","inLanguage":"es-AR","@id":"https:\/\/ondauno.com.ar\/#\/schema\/person\/image\/","url":"https:\/\/secure.gravatar.com\/avatar\/5f7254642ad81272e79a2e69653cfdfc?s=96&d=mm&r=g","contentUrl":"https:\/\/secure.gravatar.com\/avatar\/5f7254642ad81272e79a2e69653cfdfc?s=96&d=mm&r=g","caption":"fernando garcia"},"url":"https:\/\/ondauno.com.ar\/index.php\/author\/ondaunoeditor\/"}]}},"jetpack_publicize_connections":[],"jetpack_featured_media_url":"","jetpack_sharing_enabled":true,"_links":{"self":[{"href":"https:\/\/ondauno.com.ar\/index.php\/wp-json\/wp\/v2\/posts\/29427","targetHints":{"allow":["GET"]}}],"collection":[{"href":"https:\/\/ondauno.com.ar\/index.php\/wp-json\/wp\/v2\/posts"}],"about":[{"href":"https:\/\/ondauno.com.ar\/index.php\/wp-json\/wp\/v2\/types\/post"}],"author":[{"embeddable":true,"href":"https:\/\/ondauno.com.ar\/index.php\/wp-json\/wp\/v2\/users\/2"}],"replies":[{"embeddable":true,"href":"https:\/\/ondauno.com.ar\/index.php\/wp-json\/wp\/v2\/comments?post=29427"}],"version-history":[{"count":0,"href":"https:\/\/ondauno.com.ar\/index.php\/wp-json\/wp\/v2\/posts\/29427\/revisions"}],"wp:attachment":[{"href":"https:\/\/ondauno.com.ar\/index.php\/wp-json\/wp\/v2\/media?parent=29427"}],"wp:term":[{"taxonomy":"category","embeddable":true,"href":"https:\/\/ondauno.com.ar\/index.php\/wp-json\/wp\/v2\/categories?post=29427"},{"taxonomy":"post_tag","embeddable":true,"href":"https:\/\/ondauno.com.ar\/index.php\/wp-json\/wp\/v2\/tags?post=29427"}],"curies":[{"name":"wp","href":"https:\/\/api.w.org\/{rel}","templated":true}]}}