{"id":29334,"date":"2021-10-08T11:36:48","date_gmt":"2021-10-08T14:36:48","guid":{"rendered":"http:\/\/ondauno.com.ar\/?p=29334"},"modified":"2021-10-08T11:36:49","modified_gmt":"2021-10-08T14:36:49","slug":"afirman-que-aun-hay-alojamientos-disponibles-en-claromeco-para-el-fin-de-semana-largo","status":"publish","type":"post","link":"https:\/\/ondauno.com.ar\/index.php\/2021\/10\/08\/afirman-que-aun-hay-alojamientos-disponibles-en-claromeco-para-el-fin-de-semana-largo\/","title":{"rendered":"Afirman que a\u00fan hay alojamientos disponibles en Claromec\u00f3 para el fin de semana largo"},"content":{"rendered":"<div class=\"ondau-before-content_3\" style=\"margin-top: -30px;\" id=\"ondau-2443238321\"><a href=\"https:\/\/www.lps.com.ar\/\" aria-label=\"la-perse2\"><img loading=\"lazy\" decoding=\"async\" src=\"https:\/\/ondauno.com.ar\/wp-content\/uploads\/2021\/10\/la-perse2.jpg\" alt=\"\"  srcset=\"https:\/\/ondauno.com.ar\/wp-content\/uploads\/2021\/10\/la-perse2.jpg 1353w, https:\/\/ondauno.com.ar\/wp-content\/uploads\/2021\/10\/la-perse2-300x43.jpg 300w, https:\/\/ondauno.com.ar\/wp-content\/uploads\/2021\/10\/la-perse2-1024x148.jpg 1024w, https:\/\/ondauno.com.ar\/wp-content\/uploads\/2021\/10\/la-perse2-768x111.jpg 768w, https:\/\/ondauno.com.ar\/wp-content\/uploads\/2021\/10\/la-perse2-696x100.jpg 696w, https:\/\/ondauno.com.ar\/wp-content\/uploads\/2021\/10\/la-perse2-1068x154.jpg 1068w\" sizes=\"(max-width: 1353px) 100vw, 1353px\" class=\"no-lazyload\" width=\"1353\" height=\"195\"  style=\"display: inline-block;\" \/><\/a><\/div>\n<p>Cuando ya comenz\u00f3 a transitarse el pen\u00faltimo fin de semana largo del a\u00f1o, desde Claromec\u00f3 el prestador de servicios Luis Defrieri cont\u00f3 en Cosas que pasan c\u00f3mo ha sido hasta el momento el nivel de reservas.<\/p>\n\n\n\n<p>Adem\u00e1s opin\u00f3 sobre el nombramiento del claromequense, Alejandro Tribuchowicz, como nuevo director de Turismo a partir del 18 de este mes.<\/p>\n\n\n\n<figure><iframe loading=\"lazy\" data-src=\"https:\/\/www.facebook.com\/plugins\/video.php?height=314&amp;href=https%3A%2F%2Fwww.facebook.com%2Fondauno103.9%2Fvideos%2F628948561615376%2F&amp;show_text=false&amp;width=560&amp;t=0\" width=\"560\" height=\"314\" allowfullscreen=\"true\" src=\"data:image\/gif;base64,R0lGODlhAQABAAAAACH5BAEKAAEALAAAAAABAAEAAAICTAEAOw==\" class=\"lazyload\" data-load-mode=\"1\"><\/iframe><\/figure>\n","protected":false},"excerpt":{"rendered":"<p>Cuando ya comenz\u00f3 a transitarse el pen\u00faltimo fin de semana largo del a\u00f1o, desde Claromec\u00f3 el prestador de servicios Luis Defrieri cont\u00f3 en Cosas que pasan c\u00f3mo ha sido hasta el momento el nivel de reservas. Adem\u00e1s opin\u00f3 sobre el nombramiento del claromequense, Alejandro Tribuchowicz, como nuevo director de Turismo a partir del 18 de [&hellip;]<\/p>\n","protected":false},"author":2,"featured_media":0,"comment_status":"open","ping_status":"open","sticky":false,"template":"","format":"standard","meta":{"tdm_status":"","tdm_grid_status":"","_jetpack_memberships_contains_paid_content":false,"footnotes":"","jetpack_publicize_message":"","jetpack_publicize_feature_enabled":true,"jetpack_social_post_already_shared":true,"jetpack_social_options":{"image_generator_settings":{"template":"highway","default_image_id":0,"font":"","enabled":false},"version":2}},"categories":[35],"tags":[],"class_list":{"0":"post-29334","1":"post","2":"type-post","3":"status-publish","4":"format-standard","6":"category-regionales"},"yoast_head":"<!-- This site is optimized with the Yoast SEO plugin v22.7 - https:\/\/yoast.com\/wordpress\/plugins\/seo\/ -->\n<title>Afirman que a\u00fan hay alojamientos disponibles en Claromec\u00f3 para el fin de semana largo - 103.9 fm<\/title>\n<meta name=\"robots\" content=\"index, follow, max-snippet:-1, max-image-preview:large, max-video-preview:-1\" \/>\n<link rel=\"canonical\" href=\"https:\/\/ondauno.com.ar\/index.php\/2021\/10\/08\/afirman-que-aun-hay-alojamientos-disponibles-en-claromeco-para-el-fin-de-semana-largo\/\" \/>\n<meta property=\"og:locale\" content=\"es_ES\" \/>\n<meta property=\"og:type\" content=\"article\" \/>\n<meta property=\"og:title\" content=\"Afirman que a\u00fan hay alojamientos disponibles en Claromec\u00f3 para el fin de semana largo - 103.9 fm\" \/>\n<meta property=\"og:description\" content=\"Cuando ya comenz\u00f3 a transitarse el pen\u00faltimo fin de semana largo del a\u00f1o, desde Claromec\u00f3 el prestador de servicios Luis Defrieri cont\u00f3 en Cosas que pasan c\u00f3mo ha sido hasta el momento el nivel de reservas. Adem\u00e1s opin\u00f3 sobre el nombramiento del claromequense, Alejandro Tribuchowicz, como nuevo director de Turismo a partir del 18 de [&hellip;]\" \/>\n<meta property=\"og:url\" content=\"https:\/\/ondauno.com.ar\/index.php\/2021\/10\/08\/afirman-que-aun-hay-alojamientos-disponibles-en-claromeco-para-el-fin-de-semana-largo\/\" \/>\n<meta property=\"og:site_name\" content=\"103.9 fm\" \/>\n<meta property=\"article:publisher\" content=\"https:\/\/www.facebook.com\/ondauno103.9\" \/>\n<meta property=\"article:published_time\" content=\"2021-10-08T14:36:48+00:00\" \/>\n<meta property=\"article:modified_time\" content=\"2021-10-08T14:36:49+00:00\" \/>\n<meta property=\"og:image\" content=\"https:\/\/ondauno.com.ar\/wp-content\/uploads\/2021\/10\/claromeco-aerea.jpg\" \/>\n\t<meta property=\"og:image:width\" content=\"1024\" \/>\n\t<meta property=\"og:image:height\" content=\"683\" \/>\n\t<meta property=\"og:image:type\" content=\"image\/jpeg\" \/>\n<meta name=\"author\" content=\"fernando garcia\" \/>\n<meta name=\"twitter:card\" content=\"summary_large_image\" \/>\n<meta name=\"twitter:label1\" content=\"Escrito por\" \/>\n\t<meta name=\"twitter:data1\" content=\"fernando garcia\" \/>\n<script type=\"application\/ld+json\" class=\"yoast-schema-graph\">{\"@context\":\"https:\/\/schema.org\",\"@graph\":[{\"@type\":\"WebPage\",\"@id\":\"https:\/\/ondauno.com.ar\/index.php\/2021\/10\/08\/afirman-que-aun-hay-alojamientos-disponibles-en-claromeco-para-el-fin-de-semana-largo\/\",\"url\":\"https:\/\/ondauno.com.ar\/index.php\/2021\/10\/08\/afirman-que-aun-hay-alojamientos-disponibles-en-claromeco-para-el-fin-de-semana-largo\/\",\"name\":\"Afirman que a\u00fan hay alojamientos disponibles en Claromec\u00f3 para el fin de semana largo - 103.9 fm\",\"isPartOf\":{\"@id\":\"https:\/\/ondauno.com.ar\/#website\"},\"datePublished\":\"2021-10-08T14:36:48+00:00\",\"dateModified\":\"2021-10-08T14:36:49+00:00\",\"author\":{\"@id\":\"https:\/\/ondauno.com.ar\/#\/schema\/person\/201d1b68e6c75e0fd396fe5f8af5d139\"},\"breadcrumb\":{\"@id\":\"https:\/\/ondauno.com.ar\/index.php\/2021\/10\/08\/afirman-que-aun-hay-alojamientos-disponibles-en-claromeco-para-el-fin-de-semana-largo\/#breadcrumb\"},\"inLanguage\":\"es-AR\",\"potentialAction\":[{\"@type\":\"ReadAction\",\"target\":[\"https:\/\/ondauno.com.ar\/index.php\/2021\/10\/08\/afirman-que-aun-hay-alojamientos-disponibles-en-claromeco-para-el-fin-de-semana-largo\/\"]}]},{\"@type\":\"BreadcrumbList\",\"@id\":\"https:\/\/ondauno.com.ar\/index.php\/2021\/10\/08\/afirman-que-aun-hay-alojamientos-disponibles-en-claromeco-para-el-fin-de-semana-largo\/#breadcrumb\",\"itemListElement\":[{\"@type\":\"ListItem\",\"position\":1,\"name\":\"Inicio\",\"item\":\"https:\/\/ondauno.com.ar\/\"},{\"@type\":\"ListItem\",\"position\":2,\"name\":\"Afirman que a\u00fan hay alojamientos disponibles en Claromec\u00f3 para el fin de semana largo\"}]},{\"@type\":\"WebSite\",\"@id\":\"https:\/\/ondauno.com.ar\/#website\",\"url\":\"https:\/\/ondauno.com.ar\/\",\"name\":\"103.9 fm\",\"description\":\"LA PRIMERA RADIO MULTIMEDIA DE TRES ARROYOS\",\"potentialAction\":[{\"@type\":\"SearchAction\",\"target\":{\"@type\":\"EntryPoint\",\"urlTemplate\":\"https:\/\/ondauno.com.ar\/?s={search_term_string}\"},\"query-input\":\"required name=search_term_string\"}],\"inLanguage\":\"es-AR\"},{\"@type\":\"Person\",\"@id\":\"https:\/\/ondauno.com.ar\/#\/schema\/person\/201d1b68e6c75e0fd396fe5f8af5d139\",\"name\":\"fernando garcia\",\"image\":{\"@type\":\"ImageObject\",\"inLanguage\":\"es-AR\",\"@id\":\"https:\/\/ondauno.com.ar\/#\/schema\/person\/image\/\",\"url\":\"https:\/\/secure.gravatar.com\/avatar\/5f7254642ad81272e79a2e69653cfdfc?s=96&d=mm&r=g\",\"contentUrl\":\"https:\/\/secure.gravatar.com\/avatar\/5f7254642ad81272e79a2e69653cfdfc?s=96&d=mm&r=g\",\"caption\":\"fernando garcia\"},\"url\":\"https:\/\/ondauno.com.ar\/index.php\/author\/ondaunoeditor\/\"}]}<\/script>\n<!-- \/ Yoast SEO plugin. -->","yoast_head_json":{"title":"Afirman que a\u00fan hay alojamientos disponibles en Claromec\u00f3 para el fin de semana largo - 103.9 fm","robots":{"index":"index","follow":"follow","max-snippet":"max-snippet:-1","max-image-preview":"max-image-preview:large","max-video-preview":"max-video-preview:-1"},"canonical":"https:\/\/ondauno.com.ar\/index.php\/2021\/10\/08\/afirman-que-aun-hay-alojamientos-disponibles-en-claromeco-para-el-fin-de-semana-largo\/","og_locale":"es_ES","og_type":"article","og_title":"Afirman que a\u00fan hay alojamientos disponibles en Claromec\u00f3 para el fin de semana largo - 103.9 fm","og_description":"Cuando ya comenz\u00f3 a transitarse el pen\u00faltimo fin de semana largo del a\u00f1o, desde Claromec\u00f3 el prestador de servicios Luis Defrieri cont\u00f3 en Cosas que pasan c\u00f3mo ha sido hasta el momento el nivel de reservas. Adem\u00e1s opin\u00f3 sobre el nombramiento del claromequense, Alejandro Tribuchowicz, como nuevo director de Turismo a partir del 18 de [&hellip;]","og_url":"https:\/\/ondauno.com.ar\/index.php\/2021\/10\/08\/afirman-que-aun-hay-alojamientos-disponibles-en-claromeco-para-el-fin-de-semana-largo\/","og_site_name":"103.9 fm","article_publisher":"https:\/\/www.facebook.com\/ondauno103.9","article_published_time":"2021-10-08T14:36:48+00:00","article_modified_time":"2021-10-08T14:36:49+00:00","og_image":[{"width":1024,"height":683,"url":"https:\/\/ondauno.com.ar\/wp-content\/uploads\/2021\/10\/claromeco-aerea.jpg","type":"image\/jpeg"}],"author":"fernando garcia","twitter_card":"summary_large_image","twitter_misc":{"Escrito por":"fernando garcia"},"schema":{"@context":"https:\/\/schema.org","@graph":[{"@type":"WebPage","@id":"https:\/\/ondauno.com.ar\/index.php\/2021\/10\/08\/afirman-que-aun-hay-alojamientos-disponibles-en-claromeco-para-el-fin-de-semana-largo\/","url":"https:\/\/ondauno.com.ar\/index.php\/2021\/10\/08\/afirman-que-aun-hay-alojamientos-disponibles-en-claromeco-para-el-fin-de-semana-largo\/","name":"Afirman que a\u00fan hay alojamientos disponibles en Claromec\u00f3 para el fin de semana largo - 103.9 fm","isPartOf":{"@id":"https:\/\/ondauno.com.ar\/#website"},"datePublished":"2021-10-08T14:36:48+00:00","dateModified":"2021-10-08T14:36:49+00:00","author":{"@id":"https:\/\/ondauno.com.ar\/#\/schema\/person\/201d1b68e6c75e0fd396fe5f8af5d139"},"breadcrumb":{"@id":"https:\/\/ondauno.com.ar\/index.php\/2021\/10\/08\/afirman-que-aun-hay-alojamientos-disponibles-en-claromeco-para-el-fin-de-semana-largo\/#breadcrumb"},"inLanguage":"es-AR","potentialAction":[{"@type":"ReadAction","target":["https:\/\/ondauno.com.ar\/index.php\/2021\/10\/08\/afirman-que-aun-hay-alojamientos-disponibles-en-claromeco-para-el-fin-de-semana-largo\/"]}]},{"@type":"BreadcrumbList","@id":"https:\/\/ondauno.com.ar\/index.php\/2021\/10\/08\/afirman-que-aun-hay-alojamientos-disponibles-en-claromeco-para-el-fin-de-semana-largo\/#breadcrumb","itemListElement":[{"@type":"ListItem","position":1,"name":"Inicio","item":"https:\/\/ondauno.com.ar\/"},{"@type":"ListItem","position":2,"name":"Afirman que a\u00fan hay alojamientos disponibles en Claromec\u00f3 para el fin de semana largo"}]},{"@type":"WebSite","@id":"https:\/\/ondauno.com.ar\/#website","url":"https:\/\/ondauno.com.ar\/","name":"103.9 fm","description":"LA PRIMERA RADIO MULTIMEDIA DE TRES ARROYOS","potentialAction":[{"@type":"SearchAction","target":{"@type":"EntryPoint","urlTemplate":"https:\/\/ondauno.com.ar\/?s={search_term_string}"},"query-input":"required name=search_term_string"}],"inLanguage":"es-AR"},{"@type":"Person","@id":"https:\/\/ondauno.com.ar\/#\/schema\/person\/201d1b68e6c75e0fd396fe5f8af5d139","name":"fernando garcia","image":{"@type":"ImageObject","inLanguage":"es-AR","@id":"https:\/\/ondauno.com.ar\/#\/schema\/person\/image\/","url":"https:\/\/secure.gravatar.com\/avatar\/5f7254642ad81272e79a2e69653cfdfc?s=96&d=mm&r=g","contentUrl":"https:\/\/secure.gravatar.com\/avatar\/5f7254642ad81272e79a2e69653cfdfc?s=96&d=mm&r=g","caption":"fernando garcia"},"url":"https:\/\/ondauno.com.ar\/index.php\/author\/ondaunoeditor\/"}]}},"jetpack_publicize_connections":[],"jetpack_featured_media_url":"","jetpack_sharing_enabled":true,"_links":{"self":[{"href":"https:\/\/ondauno.com.ar\/index.php\/wp-json\/wp\/v2\/posts\/29334","targetHints":{"allow":["GET"]}}],"collection":[{"href":"https:\/\/ondauno.com.ar\/index.php\/wp-json\/wp\/v2\/posts"}],"about":[{"href":"https:\/\/ondauno.com.ar\/index.php\/wp-json\/wp\/v2\/types\/post"}],"author":[{"embeddable":true,"href":"https:\/\/ondauno.com.ar\/index.php\/wp-json\/wp\/v2\/users\/2"}],"replies":[{"embeddable":true,"href":"https:\/\/ondauno.com.ar\/index.php\/wp-json\/wp\/v2\/comments?post=29334"}],"version-history":[{"count":0,"href":"https:\/\/ondauno.com.ar\/index.php\/wp-json\/wp\/v2\/posts\/29334\/revisions"}],"wp:attachment":[{"href":"https:\/\/ondauno.com.ar\/index.php\/wp-json\/wp\/v2\/media?parent=29334"}],"wp:term":[{"taxonomy":"category","embeddable":true,"href":"https:\/\/ondauno.com.ar\/index.php\/wp-json\/wp\/v2\/categories?post=29334"},{"taxonomy":"post_tag","embeddable":true,"href":"https:\/\/ondauno.com.ar\/index.php\/wp-json\/wp\/v2\/tags?post=29334"}],"curies":[{"name":"wp","href":"https:\/\/api.w.org\/{rel}","templated":true}]}}