{"id":28758,"date":"2021-09-19T20:36:07","date_gmt":"2021-09-19T23:36:07","guid":{"rendered":"http:\/\/ondauno.com.ar\/?p=28758"},"modified":"2021-09-19T20:36:08","modified_gmt":"2021-09-19T23:36:08","slug":"martin-insaurralde-sera-el-nuevo-jefe-de-gabinete-de-axel-kicillof","status":"publish","type":"post","link":"https:\/\/ondauno.com.ar\/index.php\/2021\/09\/19\/martin-insaurralde-sera-el-nuevo-jefe-de-gabinete-de-axel-kicillof\/","title":{"rendered":"Mart\u00edn Insaurralde ser\u00e1 el nuevo jefe de Gabinete de Axel Kicillof"},"content":{"rendered":"<div class=\"ondau-before-content_3\" style=\"margin-top: -30px;\" id=\"ondau-159007719\"><a href=\"https:\/\/www.lps.com.ar\/\" aria-label=\"la-perse2\"><img loading=\"lazy\" decoding=\"async\" src=\"https:\/\/ondauno.com.ar\/wp-content\/uploads\/2021\/10\/la-perse2.jpg\" alt=\"\"  srcset=\"https:\/\/ondauno.com.ar\/wp-content\/uploads\/2021\/10\/la-perse2.jpg 1353w, https:\/\/ondauno.com.ar\/wp-content\/uploads\/2021\/10\/la-perse2-300x43.jpg 300w, https:\/\/ondauno.com.ar\/wp-content\/uploads\/2021\/10\/la-perse2-1024x148.jpg 1024w, https:\/\/ondauno.com.ar\/wp-content\/uploads\/2021\/10\/la-perse2-768x111.jpg 768w, https:\/\/ondauno.com.ar\/wp-content\/uploads\/2021\/10\/la-perse2-696x100.jpg 696w, https:\/\/ondauno.com.ar\/wp-content\/uploads\/2021\/10\/la-perse2-1068x154.jpg 1068w\" sizes=\"(max-width: 1353px) 100vw, 1353px\" class=\"no-lazyload\" width=\"1353\" height=\"195\"  style=\"display: inline-block;\" \/><\/a><\/div>\n<p>El gobernador de la provincia de Buenos Aires nombr\u00f3 tambi\u00e9n a Leonardo Nardini a cargo de Infraestructura y a Cristina \u00c1lvarez Rodr\u00edguez como ministra de Gobierno<\/p>\n\n\n\n<p>El gobernador de la provincia de Buenos Aires, Axel Kicillof, anunci\u00f3 en un comunicado que reformul\u00f3 su Gabinete y que el hasta ahora intendente de Lomas de Zamora, Mart\u00edn Insaurralde, ser\u00e1 el nuevo jefe de sus ministros, en lugar de Carlos Bianco, quien pasar\u00e1 a ocupar el cargo de jefe de asesores del gobierno bonaerense.<\/p>\n\n\n\n<p>En el comunicado, que se conoci\u00f3 este domingo al atardecer, se indic\u00f3 que las modificaciones se har\u00e1n \u201cde cara a la etapa de reconstrucci\u00f3n que comienza a partir de la pospandemia\u201d. Son tres las incorporaciones. Adem\u00e1s de Insaurralde, se suman al Gabinete el intendente de Malvinas Argentinas, Leonardo Nardini, y la arquitecta Cristina \u00c1lvarez Rodr\u00edguez.<\/p>\n\n\n\n<p>\u201cAl frente de la Jefatura de Gabinete de Ministros ser\u00e1 designado Mart\u00edn Insaurralde. Mientras que Carlos Bianco ser\u00e1 designado Jefe de Asesores del Gobierno de la Provincia de Buenos Aires\u201d, se explic\u00f3 desde el gobierno bonaerense.<\/p>\n\n\n\n<p>Insaurralde tiene 51 a\u00f1os, est\u00e1 casado con J\u00e9sica Cirio y es padre de cuatro hijos. Fue electo Intendente de Lomas de Zamora por primera vez en 2011, por el Frente para la Victoria, con el 66,16% de los votos, pero el cargo lo ejerc\u00eda como interino desde 2009. Durante la campa\u00f1a de 2011, le fue diagnosticado un seminoma, un tipo de c\u00e1ncer de test\u00edculo, que super\u00f3 con cirug\u00eda, radioterapia y quimio. Dos a\u00f1os despu\u00e9s, encabez\u00f3 la lista de diputados nacionales del Frente de la Victoria por la provincia de Buenos Aires.<\/p>\n\n\n\n<p>\u201cEl Ministerio de Infraestructura y servicios p\u00fablicos quedar\u00e1 a cargo de Leonardo Nardini. En tanto que Agust\u00edn Simone tendr\u00e1 a su cargo el Instituto de la Vivienda\u201d, continu\u00f3 el documento. \u201cPor su parte, en el Ministerio de Gobierno ser\u00e1 designada Cristina \u00c1lvarez Rodr\u00edguez\u201d, se a\u00f1adi\u00f3.<\/p>\n","protected":false},"excerpt":{"rendered":"<p>El gobernador de la provincia de Buenos Aires nombr\u00f3 tambi\u00e9n a Leonardo Nardini a cargo de Infraestructura y a Cristina \u00c1lvarez Rodr\u00edguez como ministra de Gobierno El gobernador de la provincia de Buenos Aires, Axel Kicillof, anunci\u00f3 en un comunicado que reformul\u00f3 su Gabinete y que el hasta ahora intendente de Lomas de Zamora, Mart\u00edn [&hellip;]<\/p>\n","protected":false},"author":2,"featured_media":0,"comment_status":"open","ping_status":"open","sticky":false,"template":"","format":"standard","meta":{"tdm_status":"","tdm_grid_status":"","_jetpack_memberships_contains_paid_content":false,"footnotes":"","jetpack_publicize_message":"","jetpack_publicize_feature_enabled":true,"jetpack_social_post_already_shared":true,"jetpack_social_options":{"image_generator_settings":{"template":"highway","default_image_id":0,"font":"","enabled":false},"version":2}},"categories":[3],"tags":[],"class_list":{"0":"post-28758","1":"post","2":"type-post","3":"status-publish","4":"format-standard","6":"category-nacionales"},"yoast_head":"<!-- This site is optimized with the Yoast SEO plugin v22.7 - https:\/\/yoast.com\/wordpress\/plugins\/seo\/ -->\n<title>Mart\u00edn Insaurralde ser\u00e1 el nuevo jefe de Gabinete de Axel Kicillof - 103.9 fm<\/title>\n<meta name=\"robots\" content=\"index, follow, max-snippet:-1, max-image-preview:large, max-video-preview:-1\" \/>\n<link rel=\"canonical\" href=\"https:\/\/ondauno.com.ar\/index.php\/2021\/09\/19\/martin-insaurralde-sera-el-nuevo-jefe-de-gabinete-de-axel-kicillof\/\" \/>\n<meta property=\"og:locale\" content=\"es_ES\" \/>\n<meta property=\"og:type\" content=\"article\" \/>\n<meta property=\"og:title\" content=\"Mart\u00edn Insaurralde ser\u00e1 el nuevo jefe de Gabinete de Axel Kicillof - 103.9 fm\" \/>\n<meta property=\"og:description\" content=\"El gobernador de la provincia de Buenos Aires nombr\u00f3 tambi\u00e9n a Leonardo Nardini a cargo de Infraestructura y a Cristina \u00c1lvarez Rodr\u00edguez como ministra de Gobierno El gobernador de la provincia de Buenos Aires, Axel Kicillof, anunci\u00f3 en un comunicado que reformul\u00f3 su Gabinete y que el hasta ahora intendente de Lomas de Zamora, Mart\u00edn [&hellip;]\" \/>\n<meta property=\"og:url\" content=\"https:\/\/ondauno.com.ar\/index.php\/2021\/09\/19\/martin-insaurralde-sera-el-nuevo-jefe-de-gabinete-de-axel-kicillof\/\" \/>\n<meta property=\"og:site_name\" content=\"103.9 fm\" \/>\n<meta property=\"article:publisher\" content=\"https:\/\/www.facebook.com\/ondauno103.9\" \/>\n<meta property=\"article:published_time\" content=\"2021-09-19T23:36:07+00:00\" \/>\n<meta property=\"article:modified_time\" content=\"2021-09-19T23:36:08+00:00\" \/>\n<meta property=\"og:image\" content=\"https:\/\/ondauno.com.ar\/wp-content\/uploads\/2021\/09\/Mart\u00edn-Insaurralde.jpg\" \/>\n\t<meta property=\"og:image:width\" content=\"695\" \/>\n\t<meta property=\"og:image:height\" content=\"444\" \/>\n\t<meta property=\"og:image:type\" content=\"image\/jpeg\" \/>\n<meta name=\"author\" content=\"fernando garcia\" \/>\n<meta name=\"twitter:card\" content=\"summary_large_image\" \/>\n<meta name=\"twitter:label1\" content=\"Escrito por\" \/>\n\t<meta name=\"twitter:data1\" content=\"fernando garcia\" \/>\n\t<meta name=\"twitter:label2\" content=\"Tiempo de lectura\" \/>\n\t<meta name=\"twitter:data2\" content=\"2 minutos\" \/>\n<script type=\"application\/ld+json\" class=\"yoast-schema-graph\">{\"@context\":\"https:\/\/schema.org\",\"@graph\":[{\"@type\":\"WebPage\",\"@id\":\"https:\/\/ondauno.com.ar\/index.php\/2021\/09\/19\/martin-insaurralde-sera-el-nuevo-jefe-de-gabinete-de-axel-kicillof\/\",\"url\":\"https:\/\/ondauno.com.ar\/index.php\/2021\/09\/19\/martin-insaurralde-sera-el-nuevo-jefe-de-gabinete-de-axel-kicillof\/\",\"name\":\"Mart\u00edn Insaurralde ser\u00e1 el nuevo jefe de Gabinete de Axel Kicillof - 103.9 fm\",\"isPartOf\":{\"@id\":\"https:\/\/ondauno.com.ar\/#website\"},\"datePublished\":\"2021-09-19T23:36:07+00:00\",\"dateModified\":\"2021-09-19T23:36:08+00:00\",\"author\":{\"@id\":\"https:\/\/ondauno.com.ar\/#\/schema\/person\/201d1b68e6c75e0fd396fe5f8af5d139\"},\"breadcrumb\":{\"@id\":\"https:\/\/ondauno.com.ar\/index.php\/2021\/09\/19\/martin-insaurralde-sera-el-nuevo-jefe-de-gabinete-de-axel-kicillof\/#breadcrumb\"},\"inLanguage\":\"es-AR\",\"potentialAction\":[{\"@type\":\"ReadAction\",\"target\":[\"https:\/\/ondauno.com.ar\/index.php\/2021\/09\/19\/martin-insaurralde-sera-el-nuevo-jefe-de-gabinete-de-axel-kicillof\/\"]}]},{\"@type\":\"BreadcrumbList\",\"@id\":\"https:\/\/ondauno.com.ar\/index.php\/2021\/09\/19\/martin-insaurralde-sera-el-nuevo-jefe-de-gabinete-de-axel-kicillof\/#breadcrumb\",\"itemListElement\":[{\"@type\":\"ListItem\",\"position\":1,\"name\":\"Inicio\",\"item\":\"https:\/\/ondauno.com.ar\/\"},{\"@type\":\"ListItem\",\"position\":2,\"name\":\"Mart\u00edn Insaurralde ser\u00e1 el nuevo jefe de Gabinete de Axel Kicillof\"}]},{\"@type\":\"WebSite\",\"@id\":\"https:\/\/ondauno.com.ar\/#website\",\"url\":\"https:\/\/ondauno.com.ar\/\",\"name\":\"103.9 fm\",\"description\":\"LA PRIMERA RADIO MULTIMEDIA DE TRES ARROYOS\",\"potentialAction\":[{\"@type\":\"SearchAction\",\"target\":{\"@type\":\"EntryPoint\",\"urlTemplate\":\"https:\/\/ondauno.com.ar\/?s={search_term_string}\"},\"query-input\":\"required name=search_term_string\"}],\"inLanguage\":\"es-AR\"},{\"@type\":\"Person\",\"@id\":\"https:\/\/ondauno.com.ar\/#\/schema\/person\/201d1b68e6c75e0fd396fe5f8af5d139\",\"name\":\"fernando garcia\",\"image\":{\"@type\":\"ImageObject\",\"inLanguage\":\"es-AR\",\"@id\":\"https:\/\/ondauno.com.ar\/#\/schema\/person\/image\/\",\"url\":\"https:\/\/secure.gravatar.com\/avatar\/5f7254642ad81272e79a2e69653cfdfc?s=96&d=mm&r=g\",\"contentUrl\":\"https:\/\/secure.gravatar.com\/avatar\/5f7254642ad81272e79a2e69653cfdfc?s=96&d=mm&r=g\",\"caption\":\"fernando garcia\"},\"url\":\"https:\/\/ondauno.com.ar\/index.php\/author\/ondaunoeditor\/\"}]}<\/script>\n<!-- \/ Yoast SEO plugin. -->","yoast_head_json":{"title":"Mart\u00edn Insaurralde ser\u00e1 el nuevo jefe de Gabinete de Axel Kicillof - 103.9 fm","robots":{"index":"index","follow":"follow","max-snippet":"max-snippet:-1","max-image-preview":"max-image-preview:large","max-video-preview":"max-video-preview:-1"},"canonical":"https:\/\/ondauno.com.ar\/index.php\/2021\/09\/19\/martin-insaurralde-sera-el-nuevo-jefe-de-gabinete-de-axel-kicillof\/","og_locale":"es_ES","og_type":"article","og_title":"Mart\u00edn Insaurralde ser\u00e1 el nuevo jefe de Gabinete de Axel Kicillof - 103.9 fm","og_description":"El gobernador de la provincia de Buenos Aires nombr\u00f3 tambi\u00e9n a Leonardo Nardini a cargo de Infraestructura y a Cristina \u00c1lvarez Rodr\u00edguez como ministra de Gobierno El gobernador de la provincia de Buenos Aires, Axel Kicillof, anunci\u00f3 en un comunicado que reformul\u00f3 su Gabinete y que el hasta ahora intendente de Lomas de Zamora, Mart\u00edn [&hellip;]","og_url":"https:\/\/ondauno.com.ar\/index.php\/2021\/09\/19\/martin-insaurralde-sera-el-nuevo-jefe-de-gabinete-de-axel-kicillof\/","og_site_name":"103.9 fm","article_publisher":"https:\/\/www.facebook.com\/ondauno103.9","article_published_time":"2021-09-19T23:36:07+00:00","article_modified_time":"2021-09-19T23:36:08+00:00","og_image":[{"width":695,"height":444,"url":"https:\/\/ondauno.com.ar\/wp-content\/uploads\/2021\/09\/Mart\u00edn-Insaurralde.jpg","type":"image\/jpeg"}],"author":"fernando garcia","twitter_card":"summary_large_image","twitter_misc":{"Escrito por":"fernando garcia","Tiempo de lectura":"2 minutos"},"schema":{"@context":"https:\/\/schema.org","@graph":[{"@type":"WebPage","@id":"https:\/\/ondauno.com.ar\/index.php\/2021\/09\/19\/martin-insaurralde-sera-el-nuevo-jefe-de-gabinete-de-axel-kicillof\/","url":"https:\/\/ondauno.com.ar\/index.php\/2021\/09\/19\/martin-insaurralde-sera-el-nuevo-jefe-de-gabinete-de-axel-kicillof\/","name":"Mart\u00edn Insaurralde ser\u00e1 el nuevo jefe de Gabinete de Axel Kicillof - 103.9 fm","isPartOf":{"@id":"https:\/\/ondauno.com.ar\/#website"},"datePublished":"2021-09-19T23:36:07+00:00","dateModified":"2021-09-19T23:36:08+00:00","author":{"@id":"https:\/\/ondauno.com.ar\/#\/schema\/person\/201d1b68e6c75e0fd396fe5f8af5d139"},"breadcrumb":{"@id":"https:\/\/ondauno.com.ar\/index.php\/2021\/09\/19\/martin-insaurralde-sera-el-nuevo-jefe-de-gabinete-de-axel-kicillof\/#breadcrumb"},"inLanguage":"es-AR","potentialAction":[{"@type":"ReadAction","target":["https:\/\/ondauno.com.ar\/index.php\/2021\/09\/19\/martin-insaurralde-sera-el-nuevo-jefe-de-gabinete-de-axel-kicillof\/"]}]},{"@type":"BreadcrumbList","@id":"https:\/\/ondauno.com.ar\/index.php\/2021\/09\/19\/martin-insaurralde-sera-el-nuevo-jefe-de-gabinete-de-axel-kicillof\/#breadcrumb","itemListElement":[{"@type":"ListItem","position":1,"name":"Inicio","item":"https:\/\/ondauno.com.ar\/"},{"@type":"ListItem","position":2,"name":"Mart\u00edn Insaurralde ser\u00e1 el nuevo jefe de Gabinete de Axel Kicillof"}]},{"@type":"WebSite","@id":"https:\/\/ondauno.com.ar\/#website","url":"https:\/\/ondauno.com.ar\/","name":"103.9 fm","description":"LA PRIMERA RADIO MULTIMEDIA DE TRES ARROYOS","potentialAction":[{"@type":"SearchAction","target":{"@type":"EntryPoint","urlTemplate":"https:\/\/ondauno.com.ar\/?s={search_term_string}"},"query-input":"required name=search_term_string"}],"inLanguage":"es-AR"},{"@type":"Person","@id":"https:\/\/ondauno.com.ar\/#\/schema\/person\/201d1b68e6c75e0fd396fe5f8af5d139","name":"fernando garcia","image":{"@type":"ImageObject","inLanguage":"es-AR","@id":"https:\/\/ondauno.com.ar\/#\/schema\/person\/image\/","url":"https:\/\/secure.gravatar.com\/avatar\/5f7254642ad81272e79a2e69653cfdfc?s=96&d=mm&r=g","contentUrl":"https:\/\/secure.gravatar.com\/avatar\/5f7254642ad81272e79a2e69653cfdfc?s=96&d=mm&r=g","caption":"fernando garcia"},"url":"https:\/\/ondauno.com.ar\/index.php\/author\/ondaunoeditor\/"}]}},"jetpack_publicize_connections":[],"jetpack_featured_media_url":"","jetpack_sharing_enabled":true,"_links":{"self":[{"href":"https:\/\/ondauno.com.ar\/index.php\/wp-json\/wp\/v2\/posts\/28758","targetHints":{"allow":["GET"]}}],"collection":[{"href":"https:\/\/ondauno.com.ar\/index.php\/wp-json\/wp\/v2\/posts"}],"about":[{"href":"https:\/\/ondauno.com.ar\/index.php\/wp-json\/wp\/v2\/types\/post"}],"author":[{"embeddable":true,"href":"https:\/\/ondauno.com.ar\/index.php\/wp-json\/wp\/v2\/users\/2"}],"replies":[{"embeddable":true,"href":"https:\/\/ondauno.com.ar\/index.php\/wp-json\/wp\/v2\/comments?post=28758"}],"version-history":[{"count":0,"href":"https:\/\/ondauno.com.ar\/index.php\/wp-json\/wp\/v2\/posts\/28758\/revisions"}],"wp:attachment":[{"href":"https:\/\/ondauno.com.ar\/index.php\/wp-json\/wp\/v2\/media?parent=28758"}],"wp:term":[{"taxonomy":"category","embeddable":true,"href":"https:\/\/ondauno.com.ar\/index.php\/wp-json\/wp\/v2\/categories?post=28758"},{"taxonomy":"post_tag","embeddable":true,"href":"https:\/\/ondauno.com.ar\/index.php\/wp-json\/wp\/v2\/tags?post=28758"}],"curies":[{"name":"wp","href":"https:\/\/api.w.org\/{rel}","templated":true}]}}