{"id":2834,"date":"2019-12-04T14:28:34","date_gmt":"2019-12-04T17:28:34","guid":{"rendered":"http:\/\/ondauno.com.ar\/?p=2834"},"modified":"2019-12-04T14:28:40","modified_gmt":"2019-12-04T17:28:40","slug":"tres-arroyos-dona-medula-invita-a-festejar-los-5-anos-de-campanas","status":"publish","type":"post","link":"https:\/\/ondauno.com.ar\/index.php\/2019\/12\/04\/tres-arroyos-dona-medula-invita-a-festejar-los-5-anos-de-campanas\/","title":{"rendered":"Tres Arroyos Don\u00e1 M\u00e9dula invita a festejar los 5 a\u00f1os de campa\u00f1as"},"content":{"rendered":"<div class=\"ondau-before-content_3\" style=\"margin-top: -30px;\" id=\"ondau-2054592210\"><a href=\"https:\/\/www.lps.com.ar\/\" aria-label=\"la-perse2\"><img loading=\"lazy\" decoding=\"async\" src=\"https:\/\/ondauno.com.ar\/wp-content\/uploads\/2021\/10\/la-perse2.jpg\" alt=\"\"  srcset=\"https:\/\/ondauno.com.ar\/wp-content\/uploads\/2021\/10\/la-perse2.jpg 1353w, https:\/\/ondauno.com.ar\/wp-content\/uploads\/2021\/10\/la-perse2-300x43.jpg 300w, https:\/\/ondauno.com.ar\/wp-content\/uploads\/2021\/10\/la-perse2-1024x148.jpg 1024w, https:\/\/ondauno.com.ar\/wp-content\/uploads\/2021\/10\/la-perse2-768x111.jpg 768w, https:\/\/ondauno.com.ar\/wp-content\/uploads\/2021\/10\/la-perse2-696x100.jpg 696w, https:\/\/ondauno.com.ar\/wp-content\/uploads\/2021\/10\/la-perse2-1068x154.jpg 1068w\" sizes=\"(max-width: 1353px) 100vw, 1353px\" class=\"no-lazyload\" width=\"1353\" height=\"195\"  style=\"display: inline-block;\" \/><\/a><\/div>\n<p>Guillermo Jaime de Tres Arroyos Don\u00e1 M\u00e9dula estuvo en Cosas que Pasan y habl\u00f3 del pr\u00f3ximo festival y caminata que les permitir\u00e1 visibilizar la donaci\u00f3n de m\u00e9dula en la comunidad de nuestra ciudad.<\/p>\n\n\n\n<figure class=\"wp-block-embed-facebook wp-block-embed is-type-video is-provider-facebook\"><div class=\"wp-block-embed__wrapper\">\n<div class=\"fb-video\" data-allowfullscreen=\"true\" data-href=\"https:\/\/www.facebook.com\/ondauno103.9\/videos\/2425561367759195\/\" style=\"background-color: #fff; display: inline-block;\"><\/div>\n<\/div><figcaption>Guillermo Jaime de Don\u00e1 M\u00e9dula en CQP<\/figcaption><\/figure>\n\n\n\n<p>Tres Arroyos Dona M\u00e9dula los espera a todos este s\u00e1bado 7 de Diciembre a las 17:30hs en la plaza &#8220;San Martin&#8221; frente a la municipalidad, para festejar juntos estos 5 a\u00f1os de Campa\u00f1a y de m\u00e1s de 650 donantes inscriptos. <br><\/p>\n\n\n\n<p>Guillermo Jaime asegur\u00f3 que los asistentes pasar\u00e1n una tarde divertida de la mano de excelentes profesores de zumba. <\/p>\n\n\n\n<p>SE trata de  un evento totalmente libre y gratuito para divertirnos zumbeando <\/p>\n\n\n\n<p><strong>El programa:<\/strong> <\/p>\n\n\n\n<p><br> *Una caminata alrededor de la plaza para conmemorar estos 5 a\u00f1os, de la mano de la murga Puentes de Infancia. <\/p>\n\n\n\n<p>*Zumba y diversi\u00f3n de la mano instructoras geniales como Andrea Reyes de FITNESS QUEEN, Delfina Marchetti de RITMO VIVO, Andrea Miranda, Gisela Vulcano de ATR ZUMBA, Marianela Arias de ACCI\u00d3N ZUMBERA, Noelia Azmat, Yesica Huertas de ZUMBA Z FITNESS, Samanta Rens y Andrea Bustillo.<\/p>\n\n\n\n<p>*Stand concientizando sobre la #Donaci\u00f3nDeM\u00e9dula\u00d3sea e inscribiendo donantes voluntarios.<\/p>\n\n\n\n<p>*Juegos divertidos para los m\u00e1s chicos junto a Compa\u00f1ia de Payasos Habia una Vez<\/p>\n\n\n\n<p>*Recibiremos donaciones de pelo para la realizaci\u00f3n de pelucas oncol\u00f3gicas de Peluqueras en Acci\u00f3n de Bahia Blanca. Los requisitos son: debe medir como m\u00ednimo 20cm, todo pelo sirve, tiene que estar seco y limpio. Envolvelo en papel y guardalo en una bolsa. Tambi\u00e9n se pueden donar solo mechones. <\/p>\n\n\n\n<p>*Venta de almanaques personalizados, plantines de suculentas y cactus, torta y masas para el mate. <\/p>\n\n\n\n<p>Guillermo asimismo coment\u00f3 casos paradigm\u00e1ticos en nuestra ciudad.Dos amigos, uno receptor de una donaci\u00f3n de m\u00e9dula y el otro donante, as\u00ed como la sorpresa que siempre le provoca la reacci\u00f3n de los alumnos en cada una de las charlas que realizan, ahora, con la incorporaci\u00f3n de Dante de seis a\u00f1os que cuando siente la necesidad brinda su testimonio que deja a todo el mundo sin palabras y a coraz\u00f3n abierto.<\/p>\n\n\n\n<figure class=\"wp-block-image\"><img loading=\"lazy\" decoding=\"async\" width=\"1024\" height=\"768\" data-src=\"http:\/\/ondauno.com.ar\/wp-content\/uploads\/2019\/12\/WhatsApp-Image-2019-12-04-at-13.44.33-1024x768.jpeg\" alt=\"\" class=\"wp-image-2837 lazyload\" data-srcset=\"https:\/\/ondauno.com.ar\/wp-content\/uploads\/2019\/12\/WhatsApp-Image-2019-12-04-at-13.44.33-1024x768.jpeg 1024w, https:\/\/ondauno.com.ar\/wp-content\/uploads\/2019\/12\/WhatsApp-Image-2019-12-04-at-13.44.33-300x225.jpeg 300w, https:\/\/ondauno.com.ar\/wp-content\/uploads\/2019\/12\/WhatsApp-Image-2019-12-04-at-13.44.33-768x576.jpeg 768w, https:\/\/ondauno.com.ar\/wp-content\/uploads\/2019\/12\/WhatsApp-Image-2019-12-04-at-13.44.33-80x60.jpeg 80w, https:\/\/ondauno.com.ar\/wp-content\/uploads\/2019\/12\/WhatsApp-Image-2019-12-04-at-13.44.33-265x198.jpeg 265w, https:\/\/ondauno.com.ar\/wp-content\/uploads\/2019\/12\/WhatsApp-Image-2019-12-04-at-13.44.33-696x522.jpeg 696w, https:\/\/ondauno.com.ar\/wp-content\/uploads\/2019\/12\/WhatsApp-Image-2019-12-04-at-13.44.33-560x420.jpeg 560w, https:\/\/ondauno.com.ar\/wp-content\/uploads\/2019\/12\/WhatsApp-Image-2019-12-04-at-13.44.33.jpeg 1040w\" data-sizes=\"auto, (max-width: 1024px) 100vw, 1024px\" src=\"data:image\/gif;base64,R0lGODlhAQABAAAAACH5BAEKAAEALAAAAAABAAEAAAICTAEAOw==\" style=\"--smush-placeholder-width: 1024px; --smush-placeholder-aspect-ratio: 1024\/768;\" \/><noscript><img loading=\"lazy\" decoding=\"async\" width=\"1024\" height=\"768\" src=\"http:\/\/ondauno.com.ar\/wp-content\/uploads\/2019\/12\/WhatsApp-Image-2019-12-04-at-13.44.33-1024x768.jpeg\" alt=\"\" class=\"wp-image-2837\" srcset=\"https:\/\/ondauno.com.ar\/wp-content\/uploads\/2019\/12\/WhatsApp-Image-2019-12-04-at-13.44.33-1024x768.jpeg 1024w, https:\/\/ondauno.com.ar\/wp-content\/uploads\/2019\/12\/WhatsApp-Image-2019-12-04-at-13.44.33-300x225.jpeg 300w, https:\/\/ondauno.com.ar\/wp-content\/uploads\/2019\/12\/WhatsApp-Image-2019-12-04-at-13.44.33-768x576.jpeg 768w, https:\/\/ondauno.com.ar\/wp-content\/uploads\/2019\/12\/WhatsApp-Image-2019-12-04-at-13.44.33-80x60.jpeg 80w, https:\/\/ondauno.com.ar\/wp-content\/uploads\/2019\/12\/WhatsApp-Image-2019-12-04-at-13.44.33-265x198.jpeg 265w, https:\/\/ondauno.com.ar\/wp-content\/uploads\/2019\/12\/WhatsApp-Image-2019-12-04-at-13.44.33-696x522.jpeg 696w, https:\/\/ondauno.com.ar\/wp-content\/uploads\/2019\/12\/WhatsApp-Image-2019-12-04-at-13.44.33-560x420.jpeg 560w, https:\/\/ondauno.com.ar\/wp-content\/uploads\/2019\/12\/WhatsApp-Image-2019-12-04-at-13.44.33.jpeg 1040w\" sizes=\"auto, (max-width: 1024px) 100vw, 1024px\" \/><\/noscript><figcaption>Guillermo Jaime de Don\u00e1 M\u00e9dula Tres Arroyos<\/figcaption><\/figure>\n\n\n\n<h1 class=\"wp-block-heading\">DonaVidaEnVida #TresArroyosSolidario #DonaM\u00e9dulaDonaVida #M\u00e9dula #DonaM\u00e9dulaDonaVida<\/h1>\n\n\n\n<h1 class=\"wp-block-heading\">SeDonante #TresArroyos #Salud<\/h1>\n\n\n\n<figure class=\"wp-block-embed-facebook wp-block-embed is-type-video is-provider-facebook\"><div class=\"wp-block-embed__wrapper\">\n<div class=\"fb-video\" data-allowfullscreen=\"true\" data-href=\"https:\/\/www.facebook.com\/ondauno103.9\/videos\/2425561367759195\/\" style=\"background-color: #fff; display: inline-block;\"><\/div>\n<\/div><\/figure>\n","protected":false},"excerpt":{"rendered":"<p>Guillermo Jaime de Tres Arroyos Don\u00e1 M\u00e9dula estuvo en Cosas que Pasan y habl\u00f3 del pr\u00f3ximo festival y caminata que les permitir\u00e1 visibilizar la donaci\u00f3n de m\u00e9dula en la comunidad de nuestra ciudad. Tres Arroyos Dona M\u00e9dula los espera a todos este s\u00e1bado 7 de Diciembre a las 17:30hs en la plaza &#8220;San Martin&#8221; frente [&hellip;]<\/p>\n","protected":false},"author":2,"featured_media":2835,"comment_status":"open","ping_status":"open","sticky":false,"template":"","format":"standard","meta":{"tdm_status":"","tdm_grid_status":"","_jetpack_memberships_contains_paid_content":false,"footnotes":"","jetpack_publicize_message":"","jetpack_publicize_feature_enabled":true,"jetpack_social_post_already_shared":false,"jetpack_social_options":{"image_generator_settings":{"template":"highway","default_image_id":0,"font":"","enabled":false},"version":2}},"categories":[2],"tags":[],"class_list":{"0":"post-2834","1":"post","2":"type-post","3":"status-publish","4":"format-standard","5":"has-post-thumbnail","7":"category-locales"},"yoast_head":"<!-- This site is optimized with the Yoast SEO plugin v22.7 - https:\/\/yoast.com\/wordpress\/plugins\/seo\/ -->\n<title>Tres Arroyos Don\u00e1 M\u00e9dula invita a festejar los 5 a\u00f1os de campa\u00f1as - 103.9 fm<\/title>\n<meta name=\"robots\" content=\"index, follow, max-snippet:-1, max-image-preview:large, max-video-preview:-1\" \/>\n<link rel=\"canonical\" href=\"https:\/\/ondauno.com.ar\/index.php\/2019\/12\/04\/tres-arroyos-dona-medula-invita-a-festejar-los-5-anos-de-campanas\/\" \/>\n<meta property=\"og:locale\" content=\"es_ES\" \/>\n<meta property=\"og:type\" content=\"article\" \/>\n<meta property=\"og:title\" content=\"Tres Arroyos Don\u00e1 M\u00e9dula invita a festejar los 5 a\u00f1os de campa\u00f1as - 103.9 fm\" \/>\n<meta property=\"og:description\" content=\"Guillermo Jaime de Tres Arroyos Don\u00e1 M\u00e9dula estuvo en Cosas que Pasan y habl\u00f3 del pr\u00f3ximo festival y caminata que les permitir\u00e1 visibilizar la donaci\u00f3n de m\u00e9dula en la comunidad de nuestra ciudad. Tres Arroyos Dona M\u00e9dula los espera a todos este s\u00e1bado 7 de Diciembre a las 17:30hs en la plaza &#8220;San Martin&#8221; frente [&hellip;]\" \/>\n<meta property=\"og:url\" content=\"https:\/\/ondauno.com.ar\/index.php\/2019\/12\/04\/tres-arroyos-dona-medula-invita-a-festejar-los-5-anos-de-campanas\/\" \/>\n<meta property=\"og:site_name\" content=\"103.9 fm\" \/>\n<meta property=\"article:publisher\" content=\"https:\/\/www.facebook.com\/ondauno103.9\" \/>\n<meta property=\"article:published_time\" content=\"2019-12-04T17:28:34+00:00\" \/>\n<meta property=\"article:modified_time\" content=\"2019-12-04T17:28:40+00:00\" \/>\n<meta property=\"og:image\" content=\"https:\/\/ondauno.com.ar\/wp-content\/uploads\/2019\/12\/WhatsApp-Image-2019-12-04-at-13.44.32-2.jpeg\" \/>\n\t<meta property=\"og:image:width\" content=\"1040\" \/>\n\t<meta property=\"og:image:height\" content=\"780\" \/>\n\t<meta property=\"og:image:type\" content=\"image\/jpeg\" \/>\n<meta name=\"author\" content=\"fernando garcia\" \/>\n<meta name=\"twitter:card\" content=\"summary_large_image\" \/>\n<meta name=\"twitter:label1\" content=\"Escrito por\" \/>\n\t<meta name=\"twitter:data1\" content=\"fernando garcia\" \/>\n\t<meta name=\"twitter:label2\" content=\"Tiempo de lectura\" \/>\n\t<meta name=\"twitter:data2\" content=\"2 minutos\" \/>\n<script type=\"application\/ld+json\" class=\"yoast-schema-graph\">{\"@context\":\"https:\/\/schema.org\",\"@graph\":[{\"@type\":\"WebPage\",\"@id\":\"https:\/\/ondauno.com.ar\/index.php\/2019\/12\/04\/tres-arroyos-dona-medula-invita-a-festejar-los-5-anos-de-campanas\/\",\"url\":\"https:\/\/ondauno.com.ar\/index.php\/2019\/12\/04\/tres-arroyos-dona-medula-invita-a-festejar-los-5-anos-de-campanas\/\",\"name\":\"Tres Arroyos Don\u00e1 M\u00e9dula invita a festejar los 5 a\u00f1os de campa\u00f1as - 103.9 fm\",\"isPartOf\":{\"@id\":\"https:\/\/ondauno.com.ar\/#website\"},\"primaryImageOfPage\":{\"@id\":\"https:\/\/ondauno.com.ar\/index.php\/2019\/12\/04\/tres-arroyos-dona-medula-invita-a-festejar-los-5-anos-de-campanas\/#primaryimage\"},\"image\":{\"@id\":\"https:\/\/ondauno.com.ar\/index.php\/2019\/12\/04\/tres-arroyos-dona-medula-invita-a-festejar-los-5-anos-de-campanas\/#primaryimage\"},\"thumbnailUrl\":\"https:\/\/ondauno.com.ar\/wp-content\/uploads\/2019\/12\/WhatsApp-Image-2019-12-04-at-13.44.32-2.jpeg\",\"datePublished\":\"2019-12-04T17:28:34+00:00\",\"dateModified\":\"2019-12-04T17:28:40+00:00\",\"author\":{\"@id\":\"https:\/\/ondauno.com.ar\/#\/schema\/person\/201d1b68e6c75e0fd396fe5f8af5d139\"},\"breadcrumb\":{\"@id\":\"https:\/\/ondauno.com.ar\/index.php\/2019\/12\/04\/tres-arroyos-dona-medula-invita-a-festejar-los-5-anos-de-campanas\/#breadcrumb\"},\"inLanguage\":\"es-AR\",\"potentialAction\":[{\"@type\":\"ReadAction\",\"target\":[\"https:\/\/ondauno.com.ar\/index.php\/2019\/12\/04\/tres-arroyos-dona-medula-invita-a-festejar-los-5-anos-de-campanas\/\"]}]},{\"@type\":\"ImageObject\",\"inLanguage\":\"es-AR\",\"@id\":\"https:\/\/ondauno.com.ar\/index.php\/2019\/12\/04\/tres-arroyos-dona-medula-invita-a-festejar-los-5-anos-de-campanas\/#primaryimage\",\"url\":\"https:\/\/ondauno.com.ar\/wp-content\/uploads\/2019\/12\/WhatsApp-Image-2019-12-04-at-13.44.32-2.jpeg\",\"contentUrl\":\"https:\/\/ondauno.com.ar\/wp-content\/uploads\/2019\/12\/WhatsApp-Image-2019-12-04-at-13.44.32-2.jpeg\",\"width\":1040,\"height\":780},{\"@type\":\"BreadcrumbList\",\"@id\":\"https:\/\/ondauno.com.ar\/index.php\/2019\/12\/04\/tres-arroyos-dona-medula-invita-a-festejar-los-5-anos-de-campanas\/#breadcrumb\",\"itemListElement\":[{\"@type\":\"ListItem\",\"position\":1,\"name\":\"Inicio\",\"item\":\"https:\/\/ondauno.com.ar\/\"},{\"@type\":\"ListItem\",\"position\":2,\"name\":\"Tres Arroyos Don\u00e1 M\u00e9dula invita a festejar los 5 a\u00f1os de campa\u00f1as\"}]},{\"@type\":\"WebSite\",\"@id\":\"https:\/\/ondauno.com.ar\/#website\",\"url\":\"https:\/\/ondauno.com.ar\/\",\"name\":\"103.9 fm\",\"description\":\"LA PRIMERA RADIO MULTIMEDIA DE TRES ARROYOS\",\"potentialAction\":[{\"@type\":\"SearchAction\",\"target\":{\"@type\":\"EntryPoint\",\"urlTemplate\":\"https:\/\/ondauno.com.ar\/?s={search_term_string}\"},\"query-input\":\"required name=search_term_string\"}],\"inLanguage\":\"es-AR\"},{\"@type\":\"Person\",\"@id\":\"https:\/\/ondauno.com.ar\/#\/schema\/person\/201d1b68e6c75e0fd396fe5f8af5d139\",\"name\":\"fernando garcia\",\"image\":{\"@type\":\"ImageObject\",\"inLanguage\":\"es-AR\",\"@id\":\"https:\/\/ondauno.com.ar\/#\/schema\/person\/image\/\",\"url\":\"https:\/\/secure.gravatar.com\/avatar\/5f7254642ad81272e79a2e69653cfdfc?s=96&d=mm&r=g\",\"contentUrl\":\"https:\/\/secure.gravatar.com\/avatar\/5f7254642ad81272e79a2e69653cfdfc?s=96&d=mm&r=g\",\"caption\":\"fernando garcia\"},\"url\":\"https:\/\/ondauno.com.ar\/index.php\/author\/ondaunoeditor\/\"}]}<\/script>\n<!-- \/ Yoast SEO plugin. -->","yoast_head_json":{"title":"Tres Arroyos Don\u00e1 M\u00e9dula invita a festejar los 5 a\u00f1os de campa\u00f1as - 103.9 fm","robots":{"index":"index","follow":"follow","max-snippet":"max-snippet:-1","max-image-preview":"max-image-preview:large","max-video-preview":"max-video-preview:-1"},"canonical":"https:\/\/ondauno.com.ar\/index.php\/2019\/12\/04\/tres-arroyos-dona-medula-invita-a-festejar-los-5-anos-de-campanas\/","og_locale":"es_ES","og_type":"article","og_title":"Tres Arroyos Don\u00e1 M\u00e9dula invita a festejar los 5 a\u00f1os de campa\u00f1as - 103.9 fm","og_description":"Guillermo Jaime de Tres Arroyos Don\u00e1 M\u00e9dula estuvo en Cosas que Pasan y habl\u00f3 del pr\u00f3ximo festival y caminata que les permitir\u00e1 visibilizar la donaci\u00f3n de m\u00e9dula en la comunidad de nuestra ciudad. Tres Arroyos Dona M\u00e9dula los espera a todos este s\u00e1bado 7 de Diciembre a las 17:30hs en la plaza &#8220;San Martin&#8221; frente [&hellip;]","og_url":"https:\/\/ondauno.com.ar\/index.php\/2019\/12\/04\/tres-arroyos-dona-medula-invita-a-festejar-los-5-anos-de-campanas\/","og_site_name":"103.9 fm","article_publisher":"https:\/\/www.facebook.com\/ondauno103.9","article_published_time":"2019-12-04T17:28:34+00:00","article_modified_time":"2019-12-04T17:28:40+00:00","og_image":[{"width":1040,"height":780,"url":"https:\/\/ondauno.com.ar\/wp-content\/uploads\/2019\/12\/WhatsApp-Image-2019-12-04-at-13.44.32-2.jpeg","type":"image\/jpeg"}],"author":"fernando garcia","twitter_card":"summary_large_image","twitter_misc":{"Escrito por":"fernando garcia","Tiempo de lectura":"2 minutos"},"schema":{"@context":"https:\/\/schema.org","@graph":[{"@type":"WebPage","@id":"https:\/\/ondauno.com.ar\/index.php\/2019\/12\/04\/tres-arroyos-dona-medula-invita-a-festejar-los-5-anos-de-campanas\/","url":"https:\/\/ondauno.com.ar\/index.php\/2019\/12\/04\/tres-arroyos-dona-medula-invita-a-festejar-los-5-anos-de-campanas\/","name":"Tres Arroyos Don\u00e1 M\u00e9dula invita a festejar los 5 a\u00f1os de campa\u00f1as - 103.9 fm","isPartOf":{"@id":"https:\/\/ondauno.com.ar\/#website"},"primaryImageOfPage":{"@id":"https:\/\/ondauno.com.ar\/index.php\/2019\/12\/04\/tres-arroyos-dona-medula-invita-a-festejar-los-5-anos-de-campanas\/#primaryimage"},"image":{"@id":"https:\/\/ondauno.com.ar\/index.php\/2019\/12\/04\/tres-arroyos-dona-medula-invita-a-festejar-los-5-anos-de-campanas\/#primaryimage"},"thumbnailUrl":"https:\/\/ondauno.com.ar\/wp-content\/uploads\/2019\/12\/WhatsApp-Image-2019-12-04-at-13.44.32-2.jpeg","datePublished":"2019-12-04T17:28:34+00:00","dateModified":"2019-12-04T17:28:40+00:00","author":{"@id":"https:\/\/ondauno.com.ar\/#\/schema\/person\/201d1b68e6c75e0fd396fe5f8af5d139"},"breadcrumb":{"@id":"https:\/\/ondauno.com.ar\/index.php\/2019\/12\/04\/tres-arroyos-dona-medula-invita-a-festejar-los-5-anos-de-campanas\/#breadcrumb"},"inLanguage":"es-AR","potentialAction":[{"@type":"ReadAction","target":["https:\/\/ondauno.com.ar\/index.php\/2019\/12\/04\/tres-arroyos-dona-medula-invita-a-festejar-los-5-anos-de-campanas\/"]}]},{"@type":"ImageObject","inLanguage":"es-AR","@id":"https:\/\/ondauno.com.ar\/index.php\/2019\/12\/04\/tres-arroyos-dona-medula-invita-a-festejar-los-5-anos-de-campanas\/#primaryimage","url":"https:\/\/ondauno.com.ar\/wp-content\/uploads\/2019\/12\/WhatsApp-Image-2019-12-04-at-13.44.32-2.jpeg","contentUrl":"https:\/\/ondauno.com.ar\/wp-content\/uploads\/2019\/12\/WhatsApp-Image-2019-12-04-at-13.44.32-2.jpeg","width":1040,"height":780},{"@type":"BreadcrumbList","@id":"https:\/\/ondauno.com.ar\/index.php\/2019\/12\/04\/tres-arroyos-dona-medula-invita-a-festejar-los-5-anos-de-campanas\/#breadcrumb","itemListElement":[{"@type":"ListItem","position":1,"name":"Inicio","item":"https:\/\/ondauno.com.ar\/"},{"@type":"ListItem","position":2,"name":"Tres Arroyos Don\u00e1 M\u00e9dula invita a festejar los 5 a\u00f1os de campa\u00f1as"}]},{"@type":"WebSite","@id":"https:\/\/ondauno.com.ar\/#website","url":"https:\/\/ondauno.com.ar\/","name":"103.9 fm","description":"LA PRIMERA RADIO MULTIMEDIA DE TRES ARROYOS","potentialAction":[{"@type":"SearchAction","target":{"@type":"EntryPoint","urlTemplate":"https:\/\/ondauno.com.ar\/?s={search_term_string}"},"query-input":"required name=search_term_string"}],"inLanguage":"es-AR"},{"@type":"Person","@id":"https:\/\/ondauno.com.ar\/#\/schema\/person\/201d1b68e6c75e0fd396fe5f8af5d139","name":"fernando garcia","image":{"@type":"ImageObject","inLanguage":"es-AR","@id":"https:\/\/ondauno.com.ar\/#\/schema\/person\/image\/","url":"https:\/\/secure.gravatar.com\/avatar\/5f7254642ad81272e79a2e69653cfdfc?s=96&d=mm&r=g","contentUrl":"https:\/\/secure.gravatar.com\/avatar\/5f7254642ad81272e79a2e69653cfdfc?s=96&d=mm&r=g","caption":"fernando garcia"},"url":"https:\/\/ondauno.com.ar\/index.php\/author\/ondaunoeditor\/"}]}},"jetpack_publicize_connections":[],"jetpack_featured_media_url":"https:\/\/ondauno.com.ar\/wp-content\/uploads\/2019\/12\/WhatsApp-Image-2019-12-04-at-13.44.32-2.jpeg","jetpack_sharing_enabled":true,"_links":{"self":[{"href":"https:\/\/ondauno.com.ar\/index.php\/wp-json\/wp\/v2\/posts\/2834","targetHints":{"allow":["GET"]}}],"collection":[{"href":"https:\/\/ondauno.com.ar\/index.php\/wp-json\/wp\/v2\/posts"}],"about":[{"href":"https:\/\/ondauno.com.ar\/index.php\/wp-json\/wp\/v2\/types\/post"}],"author":[{"embeddable":true,"href":"https:\/\/ondauno.com.ar\/index.php\/wp-json\/wp\/v2\/users\/2"}],"replies":[{"embeddable":true,"href":"https:\/\/ondauno.com.ar\/index.php\/wp-json\/wp\/v2\/comments?post=2834"}],"version-history":[{"count":0,"href":"https:\/\/ondauno.com.ar\/index.php\/wp-json\/wp\/v2\/posts\/2834\/revisions"}],"wp:featuredmedia":[{"embeddable":true,"href":"https:\/\/ondauno.com.ar\/index.php\/wp-json\/wp\/v2\/media\/2835"}],"wp:attachment":[{"href":"https:\/\/ondauno.com.ar\/index.php\/wp-json\/wp\/v2\/media?parent=2834"}],"wp:term":[{"taxonomy":"category","embeddable":true,"href":"https:\/\/ondauno.com.ar\/index.php\/wp-json\/wp\/v2\/categories?post=2834"},{"taxonomy":"post_tag","embeddable":true,"href":"https:\/\/ondauno.com.ar\/index.php\/wp-json\/wp\/v2\/tags?post=2834"}],"curies":[{"name":"wp","href":"https:\/\/api.w.org\/{rel}","templated":true}]}}