{"id":28164,"date":"2021-08-30T11:43:57","date_gmt":"2021-08-30T14:43:57","guid":{"rendered":"http:\/\/ondauno.com.ar\/?p=28164"},"modified":"2021-08-30T11:43:58","modified_gmt":"2021-08-30T14:43:58","slug":"varias-fiestas-clandestinas-secuestros-y-retiros-de-licencias-de-conducir","status":"publish","type":"post","link":"https:\/\/ondauno.com.ar\/index.php\/2021\/08\/30\/varias-fiestas-clandestinas-secuestros-y-retiros-de-licencias-de-conducir\/","title":{"rendered":"Varias fiestas clandestinas, secuestros y retiros de licencias de conducir"},"content":{"rendered":"<div class=\"ondau-before-content_3\" style=\"margin-top: -30px;\" id=\"ondau-1604456433\"><a href=\"https:\/\/www.lps.com.ar\/\" aria-label=\"la-perse2\"><img loading=\"lazy\" decoding=\"async\" src=\"https:\/\/ondauno.com.ar\/wp-content\/uploads\/2021\/10\/la-perse2.jpg\" alt=\"\"  srcset=\"https:\/\/ondauno.com.ar\/wp-content\/uploads\/2021\/10\/la-perse2.jpg 1353w, https:\/\/ondauno.com.ar\/wp-content\/uploads\/2021\/10\/la-perse2-300x43.jpg 300w, https:\/\/ondauno.com.ar\/wp-content\/uploads\/2021\/10\/la-perse2-1024x148.jpg 1024w, https:\/\/ondauno.com.ar\/wp-content\/uploads\/2021\/10\/la-perse2-768x111.jpg 768w, https:\/\/ondauno.com.ar\/wp-content\/uploads\/2021\/10\/la-perse2-696x100.jpg 696w, https:\/\/ondauno.com.ar\/wp-content\/uploads\/2021\/10\/la-perse2-1068x154.jpg 1068w\" sizes=\"(max-width: 1353px) 100vw, 1353px\" class=\"no-lazyload\" width=\"1353\" height=\"195\"  style=\"display: inline-block;\" \/><\/a><\/div>\n<p>En un nuevo fin de semana de control por parte de la Secretar\u00eda de Seguridad, se pudo observar el total acatamiento al horario de cierres de los locales gastron\u00f3micos.<\/p>\n\n\n\n<p>Por otra parte se procedi\u00f3 al secuestro de 2 motos veh\u00edculos por falta de documentaci\u00f3n y no contar con los escapes reglamentarios.<\/p>\n\n\n\n<ul class=\"wp-block-gallery columns-3 is-cropped wp-block-gallery-1 is-layout-flex wp-block-gallery-is-layout-flex\"><li class=\"blocks-gallery-item\"><figure><a href=\"http:\/\/ondauno.com.ar\/wp-content\/uploads\/2021\/08\/WhatsApp-Image-2021-08-30-at-09.55.21-1-1024x768.jpeg\" rel=\"lightbox-0\"><img decoding=\"async\" data-src=\"http:\/\/ondauno.com.ar\/wp-content\/uploads\/2021\/08\/WhatsApp-Image-2021-08-30-at-09.55.21-1-1024x768.jpeg\" alt=\"\" data-id=\"28169\" data-link=\"http:\/\/ondauno.com.ar\/?attachment_id=28169\" class=\"wp-image-28169 lazyload\" src=\"data:image\/gif;base64,R0lGODlhAQABAAAAACH5BAEKAAEALAAAAAABAAEAAAICTAEAOw==\" style=\"--smush-placeholder-width: 1024px; --smush-placeholder-aspect-ratio: 1024\/768;\" \/><noscript><img decoding=\"async\" src=\"http:\/\/ondauno.com.ar\/wp-content\/uploads\/2021\/08\/WhatsApp-Image-2021-08-30-at-09.55.21-1-1024x768.jpeg\" alt=\"\" data-id=\"28169\" data-link=\"http:\/\/ondauno.com.ar\/?attachment_id=28169\" class=\"wp-image-28169\"\/><\/noscript><\/a><\/figure><\/li><li class=\"blocks-gallery-item\"><figure><a href=\"http:\/\/ondauno.com.ar\/wp-content\/uploads\/2021\/08\/WhatsApp-Image-2021-08-30-at-09.55.16-1024x576.jpeg\" rel=\"lightbox-1\"><img decoding=\"async\" data-src=\"http:\/\/ondauno.com.ar\/wp-content\/uploads\/2021\/08\/WhatsApp-Image-2021-08-30-at-09.55.16-1024x576.jpeg\" alt=\"\" data-id=\"28168\" data-link=\"http:\/\/ondauno.com.ar\/?attachment_id=28168\" class=\"wp-image-28168 lazyload\" src=\"data:image\/gif;base64,R0lGODlhAQABAAAAACH5BAEKAAEALAAAAAABAAEAAAICTAEAOw==\" style=\"--smush-placeholder-width: 1024px; --smush-placeholder-aspect-ratio: 1024\/576;\" \/><noscript><img decoding=\"async\" src=\"http:\/\/ondauno.com.ar\/wp-content\/uploads\/2021\/08\/WhatsApp-Image-2021-08-30-at-09.55.16-1024x576.jpeg\" alt=\"\" data-id=\"28168\" data-link=\"http:\/\/ondauno.com.ar\/?attachment_id=28168\" class=\"wp-image-28168\"\/><\/noscript><\/a><\/figure><\/li><li class=\"blocks-gallery-item\"><figure><a href=\"http:\/\/ondauno.com.ar\/wp-content\/uploads\/2021\/08\/WhatsApp-Image-2021-08-30-at-09.55.27-1-1024x768.jpeg\" rel=\"lightbox-2\"><img decoding=\"async\" data-src=\"http:\/\/ondauno.com.ar\/wp-content\/uploads\/2021\/08\/WhatsApp-Image-2021-08-30-at-09.55.27-1-1024x768.jpeg\" alt=\"\" data-id=\"28167\" data-link=\"http:\/\/ondauno.com.ar\/?attachment_id=28167\" class=\"wp-image-28167 lazyload\" src=\"data:image\/gif;base64,R0lGODlhAQABAAAAACH5BAEKAAEALAAAAAABAAEAAAICTAEAOw==\" style=\"--smush-placeholder-width: 1024px; --smush-placeholder-aspect-ratio: 1024\/768;\" \/><noscript><img decoding=\"async\" src=\"http:\/\/ondauno.com.ar\/wp-content\/uploads\/2021\/08\/WhatsApp-Image-2021-08-30-at-09.55.27-1-1024x768.jpeg\" alt=\"\" data-id=\"28167\" data-link=\"http:\/\/ondauno.com.ar\/?attachment_id=28167\" class=\"wp-image-28167\"\/><\/noscript><\/a><\/figure><\/li><li class=\"blocks-gallery-item\"><figure><a href=\"http:\/\/ondauno.com.ar\/wp-content\/uploads\/2021\/08\/WhatsApp-Image-2021-08-30-at-09.55.21-1024x768.jpeg\" rel=\"lightbox-3\"><img decoding=\"async\" data-src=\"http:\/\/ondauno.com.ar\/wp-content\/uploads\/2021\/08\/WhatsApp-Image-2021-08-30-at-09.55.21-1024x768.jpeg\" alt=\"\" data-id=\"28165\" data-link=\"http:\/\/ondauno.com.ar\/?attachment_id=28165\" class=\"wp-image-28165 lazyload\" src=\"data:image\/gif;base64,R0lGODlhAQABAAAAACH5BAEKAAEALAAAAAABAAEAAAICTAEAOw==\" style=\"--smush-placeholder-width: 1024px; --smush-placeholder-aspect-ratio: 1024\/768;\" \/><noscript><img decoding=\"async\" src=\"http:\/\/ondauno.com.ar\/wp-content\/uploads\/2021\/08\/WhatsApp-Image-2021-08-30-at-09.55.21-1024x768.jpeg\" alt=\"\" data-id=\"28165\" data-link=\"http:\/\/ondauno.com.ar\/?attachment_id=28165\" class=\"wp-image-28165\"\/><\/noscript><\/a><\/figure><\/li><\/ul>\n\n\n\n<p>Tambi\u00e9n se les retir\u00f3 la licencia a 6 conductores ante el resultado positivo de alcoholemia en los operativos para tal fin, causa que ya se encuentra en manos del Juzgado de Faltas Municipal.<\/p>\n\n\n\n<p>El Secretario de Seguridad, Jorge Cordiglia, confirm\u00f3 que, en este \u00faltimo fin de semana, alertados por vecinos, personal del \u00e1rea, concurri\u00f3 a domicilios ubicados en calles Bolivar al 200, Pringles al 400 y Anibal Ponce al 5500, en donde constataron que se estaban realizando fiestas clandestinas. Las actas labradas en cada lugar ya fueron remitidas al Juzgado correspondiente.<\/p>\n","protected":false},"excerpt":{"rendered":"<p>En un nuevo fin de semana de control por parte de la Secretar\u00eda de Seguridad, se pudo observar el total acatamiento al horario de cierres de los locales gastron\u00f3micos. Por otra parte se procedi\u00f3 al secuestro de 2 motos veh\u00edculos por falta de documentaci\u00f3n y no contar con los escapes reglamentarios. Tambi\u00e9n se les retir\u00f3 [&hellip;]<\/p>\n","protected":false},"author":2,"featured_media":0,"comment_status":"open","ping_status":"open","sticky":false,"template":"","format":"standard","meta":{"tdm_status":"","tdm_grid_status":"","_jetpack_memberships_contains_paid_content":false,"footnotes":"","jetpack_publicize_message":"","jetpack_publicize_feature_enabled":true,"jetpack_social_post_already_shared":true,"jetpack_social_options":{"image_generator_settings":{"template":"highway","default_image_id":0,"font":"","enabled":false},"version":2}},"categories":[2],"tags":[],"class_list":{"0":"post-28164","1":"post","2":"type-post","3":"status-publish","4":"format-standard","6":"category-locales"},"yoast_head":"<!-- This site is optimized with the Yoast SEO plugin v22.7 - https:\/\/yoast.com\/wordpress\/plugins\/seo\/ -->\n<title>Varias fiestas clandestinas, secuestros y retiros de licencias de conducir - 103.9 fm<\/title>\n<meta name=\"robots\" content=\"index, follow, max-snippet:-1, max-image-preview:large, max-video-preview:-1\" \/>\n<link rel=\"canonical\" href=\"https:\/\/ondauno.com.ar\/index.php\/2021\/08\/30\/varias-fiestas-clandestinas-secuestros-y-retiros-de-licencias-de-conducir\/\" \/>\n<meta property=\"og:locale\" content=\"es_ES\" \/>\n<meta property=\"og:type\" content=\"article\" \/>\n<meta property=\"og:title\" content=\"Varias fiestas clandestinas, secuestros y retiros de licencias de conducir - 103.9 fm\" \/>\n<meta property=\"og:description\" content=\"En un nuevo fin de semana de control por parte de la Secretar\u00eda de Seguridad, se pudo observar el total acatamiento al horario de cierres de los locales gastron\u00f3micos. Por otra parte se procedi\u00f3 al secuestro de 2 motos veh\u00edculos por falta de documentaci\u00f3n y no contar con los escapes reglamentarios. Tambi\u00e9n se les retir\u00f3 [&hellip;]\" \/>\n<meta property=\"og:url\" content=\"https:\/\/ondauno.com.ar\/index.php\/2021\/08\/30\/varias-fiestas-clandestinas-secuestros-y-retiros-de-licencias-de-conducir\/\" \/>\n<meta property=\"og:site_name\" content=\"103.9 fm\" \/>\n<meta property=\"article:publisher\" content=\"https:\/\/www.facebook.com\/ondauno103.9\" \/>\n<meta property=\"article:published_time\" content=\"2021-08-30T14:43:57+00:00\" \/>\n<meta property=\"article:modified_time\" content=\"2021-08-30T14:43:58+00:00\" \/>\n<meta property=\"og:image\" content=\"https:\/\/ondauno.com.ar\/wp-content\/uploads\/2021\/08\/WhatsApp-Image-2021-08-30-at-09.55.23.jpeg\" \/>\n\t<meta property=\"og:image:width\" content=\"1599\" \/>\n\t<meta property=\"og:image:height\" content=\"1200\" \/>\n\t<meta property=\"og:image:type\" content=\"image\/jpeg\" \/>\n<meta name=\"author\" content=\"fernando garcia\" \/>\n<meta name=\"twitter:card\" content=\"summary_large_image\" \/>\n<meta name=\"twitter:label1\" content=\"Escrito por\" \/>\n\t<meta name=\"twitter:data1\" content=\"fernando garcia\" \/>\n\t<meta name=\"twitter:label2\" content=\"Tiempo de lectura\" \/>\n\t<meta name=\"twitter:data2\" content=\"1 minuto\" \/>\n<script type=\"application\/ld+json\" class=\"yoast-schema-graph\">{\"@context\":\"https:\/\/schema.org\",\"@graph\":[{\"@type\":\"WebPage\",\"@id\":\"https:\/\/ondauno.com.ar\/index.php\/2021\/08\/30\/varias-fiestas-clandestinas-secuestros-y-retiros-de-licencias-de-conducir\/\",\"url\":\"https:\/\/ondauno.com.ar\/index.php\/2021\/08\/30\/varias-fiestas-clandestinas-secuestros-y-retiros-de-licencias-de-conducir\/\",\"name\":\"Varias fiestas clandestinas, secuestros y retiros de licencias de conducir - 103.9 fm\",\"isPartOf\":{\"@id\":\"https:\/\/ondauno.com.ar\/#website\"},\"primaryImageOfPage\":{\"@id\":\"https:\/\/ondauno.com.ar\/index.php\/2021\/08\/30\/varias-fiestas-clandestinas-secuestros-y-retiros-de-licencias-de-conducir\/#primaryimage\"},\"image\":{\"@id\":\"https:\/\/ondauno.com.ar\/index.php\/2021\/08\/30\/varias-fiestas-clandestinas-secuestros-y-retiros-de-licencias-de-conducir\/#primaryimage\"},\"thumbnailUrl\":\"http:\/\/ondauno.com.ar\/wp-content\/uploads\/2021\/08\/WhatsApp-Image-2021-08-30-at-09.55.21-1-1024x768.jpeg\",\"datePublished\":\"2021-08-30T14:43:57+00:00\",\"dateModified\":\"2021-08-30T14:43:58+00:00\",\"author\":{\"@id\":\"https:\/\/ondauno.com.ar\/#\/schema\/person\/201d1b68e6c75e0fd396fe5f8af5d139\"},\"breadcrumb\":{\"@id\":\"https:\/\/ondauno.com.ar\/index.php\/2021\/08\/30\/varias-fiestas-clandestinas-secuestros-y-retiros-de-licencias-de-conducir\/#breadcrumb\"},\"inLanguage\":\"es-AR\",\"potentialAction\":[{\"@type\":\"ReadAction\",\"target\":[\"https:\/\/ondauno.com.ar\/index.php\/2021\/08\/30\/varias-fiestas-clandestinas-secuestros-y-retiros-de-licencias-de-conducir\/\"]}]},{\"@type\":\"ImageObject\",\"inLanguage\":\"es-AR\",\"@id\":\"https:\/\/ondauno.com.ar\/index.php\/2021\/08\/30\/varias-fiestas-clandestinas-secuestros-y-retiros-de-licencias-de-conducir\/#primaryimage\",\"url\":\"http:\/\/ondauno.com.ar\/wp-content\/uploads\/2021\/08\/WhatsApp-Image-2021-08-30-at-09.55.21-1-1024x768.jpeg\",\"contentUrl\":\"http:\/\/ondauno.com.ar\/wp-content\/uploads\/2021\/08\/WhatsApp-Image-2021-08-30-at-09.55.21-1-1024x768.jpeg\"},{\"@type\":\"BreadcrumbList\",\"@id\":\"https:\/\/ondauno.com.ar\/index.php\/2021\/08\/30\/varias-fiestas-clandestinas-secuestros-y-retiros-de-licencias-de-conducir\/#breadcrumb\",\"itemListElement\":[{\"@type\":\"ListItem\",\"position\":1,\"name\":\"Inicio\",\"item\":\"https:\/\/ondauno.com.ar\/\"},{\"@type\":\"ListItem\",\"position\":2,\"name\":\"Varias fiestas clandestinas, secuestros y retiros de licencias de conducir\"}]},{\"@type\":\"WebSite\",\"@id\":\"https:\/\/ondauno.com.ar\/#website\",\"url\":\"https:\/\/ondauno.com.ar\/\",\"name\":\"103.9 fm\",\"description\":\"LA PRIMERA RADIO MULTIMEDIA DE TRES ARROYOS\",\"potentialAction\":[{\"@type\":\"SearchAction\",\"target\":{\"@type\":\"EntryPoint\",\"urlTemplate\":\"https:\/\/ondauno.com.ar\/?s={search_term_string}\"},\"query-input\":\"required name=search_term_string\"}],\"inLanguage\":\"es-AR\"},{\"@type\":\"Person\",\"@id\":\"https:\/\/ondauno.com.ar\/#\/schema\/person\/201d1b68e6c75e0fd396fe5f8af5d139\",\"name\":\"fernando garcia\",\"image\":{\"@type\":\"ImageObject\",\"inLanguage\":\"es-AR\",\"@id\":\"https:\/\/ondauno.com.ar\/#\/schema\/person\/image\/\",\"url\":\"https:\/\/secure.gravatar.com\/avatar\/5f7254642ad81272e79a2e69653cfdfc?s=96&d=mm&r=g\",\"contentUrl\":\"https:\/\/secure.gravatar.com\/avatar\/5f7254642ad81272e79a2e69653cfdfc?s=96&d=mm&r=g\",\"caption\":\"fernando garcia\"},\"url\":\"https:\/\/ondauno.com.ar\/index.php\/author\/ondaunoeditor\/\"}]}<\/script>\n<!-- \/ Yoast SEO plugin. -->","yoast_head_json":{"title":"Varias fiestas clandestinas, secuestros y retiros de licencias de conducir - 103.9 fm","robots":{"index":"index","follow":"follow","max-snippet":"max-snippet:-1","max-image-preview":"max-image-preview:large","max-video-preview":"max-video-preview:-1"},"canonical":"https:\/\/ondauno.com.ar\/index.php\/2021\/08\/30\/varias-fiestas-clandestinas-secuestros-y-retiros-de-licencias-de-conducir\/","og_locale":"es_ES","og_type":"article","og_title":"Varias fiestas clandestinas, secuestros y retiros de licencias de conducir - 103.9 fm","og_description":"En un nuevo fin de semana de control por parte de la Secretar\u00eda de Seguridad, se pudo observar el total acatamiento al horario de cierres de los locales gastron\u00f3micos. Por otra parte se procedi\u00f3 al secuestro de 2 motos veh\u00edculos por falta de documentaci\u00f3n y no contar con los escapes reglamentarios. Tambi\u00e9n se les retir\u00f3 [&hellip;]","og_url":"https:\/\/ondauno.com.ar\/index.php\/2021\/08\/30\/varias-fiestas-clandestinas-secuestros-y-retiros-de-licencias-de-conducir\/","og_site_name":"103.9 fm","article_publisher":"https:\/\/www.facebook.com\/ondauno103.9","article_published_time":"2021-08-30T14:43:57+00:00","article_modified_time":"2021-08-30T14:43:58+00:00","og_image":[{"width":1599,"height":1200,"url":"https:\/\/ondauno.com.ar\/wp-content\/uploads\/2021\/08\/WhatsApp-Image-2021-08-30-at-09.55.23.jpeg","type":"image\/jpeg"}],"author":"fernando garcia","twitter_card":"summary_large_image","twitter_misc":{"Escrito por":"fernando garcia","Tiempo de lectura":"1 minuto"},"schema":{"@context":"https:\/\/schema.org","@graph":[{"@type":"WebPage","@id":"https:\/\/ondauno.com.ar\/index.php\/2021\/08\/30\/varias-fiestas-clandestinas-secuestros-y-retiros-de-licencias-de-conducir\/","url":"https:\/\/ondauno.com.ar\/index.php\/2021\/08\/30\/varias-fiestas-clandestinas-secuestros-y-retiros-de-licencias-de-conducir\/","name":"Varias fiestas clandestinas, secuestros y retiros de licencias de conducir - 103.9 fm","isPartOf":{"@id":"https:\/\/ondauno.com.ar\/#website"},"primaryImageOfPage":{"@id":"https:\/\/ondauno.com.ar\/index.php\/2021\/08\/30\/varias-fiestas-clandestinas-secuestros-y-retiros-de-licencias-de-conducir\/#primaryimage"},"image":{"@id":"https:\/\/ondauno.com.ar\/index.php\/2021\/08\/30\/varias-fiestas-clandestinas-secuestros-y-retiros-de-licencias-de-conducir\/#primaryimage"},"thumbnailUrl":"http:\/\/ondauno.com.ar\/wp-content\/uploads\/2021\/08\/WhatsApp-Image-2021-08-30-at-09.55.21-1-1024x768.jpeg","datePublished":"2021-08-30T14:43:57+00:00","dateModified":"2021-08-30T14:43:58+00:00","author":{"@id":"https:\/\/ondauno.com.ar\/#\/schema\/person\/201d1b68e6c75e0fd396fe5f8af5d139"},"breadcrumb":{"@id":"https:\/\/ondauno.com.ar\/index.php\/2021\/08\/30\/varias-fiestas-clandestinas-secuestros-y-retiros-de-licencias-de-conducir\/#breadcrumb"},"inLanguage":"es-AR","potentialAction":[{"@type":"ReadAction","target":["https:\/\/ondauno.com.ar\/index.php\/2021\/08\/30\/varias-fiestas-clandestinas-secuestros-y-retiros-de-licencias-de-conducir\/"]}]},{"@type":"ImageObject","inLanguage":"es-AR","@id":"https:\/\/ondauno.com.ar\/index.php\/2021\/08\/30\/varias-fiestas-clandestinas-secuestros-y-retiros-de-licencias-de-conducir\/#primaryimage","url":"http:\/\/ondauno.com.ar\/wp-content\/uploads\/2021\/08\/WhatsApp-Image-2021-08-30-at-09.55.21-1-1024x768.jpeg","contentUrl":"http:\/\/ondauno.com.ar\/wp-content\/uploads\/2021\/08\/WhatsApp-Image-2021-08-30-at-09.55.21-1-1024x768.jpeg"},{"@type":"BreadcrumbList","@id":"https:\/\/ondauno.com.ar\/index.php\/2021\/08\/30\/varias-fiestas-clandestinas-secuestros-y-retiros-de-licencias-de-conducir\/#breadcrumb","itemListElement":[{"@type":"ListItem","position":1,"name":"Inicio","item":"https:\/\/ondauno.com.ar\/"},{"@type":"ListItem","position":2,"name":"Varias fiestas clandestinas, secuestros y retiros de licencias de conducir"}]},{"@type":"WebSite","@id":"https:\/\/ondauno.com.ar\/#website","url":"https:\/\/ondauno.com.ar\/","name":"103.9 fm","description":"LA PRIMERA RADIO MULTIMEDIA DE TRES ARROYOS","potentialAction":[{"@type":"SearchAction","target":{"@type":"EntryPoint","urlTemplate":"https:\/\/ondauno.com.ar\/?s={search_term_string}"},"query-input":"required name=search_term_string"}],"inLanguage":"es-AR"},{"@type":"Person","@id":"https:\/\/ondauno.com.ar\/#\/schema\/person\/201d1b68e6c75e0fd396fe5f8af5d139","name":"fernando garcia","image":{"@type":"ImageObject","inLanguage":"es-AR","@id":"https:\/\/ondauno.com.ar\/#\/schema\/person\/image\/","url":"https:\/\/secure.gravatar.com\/avatar\/5f7254642ad81272e79a2e69653cfdfc?s=96&d=mm&r=g","contentUrl":"https:\/\/secure.gravatar.com\/avatar\/5f7254642ad81272e79a2e69653cfdfc?s=96&d=mm&r=g","caption":"fernando garcia"},"url":"https:\/\/ondauno.com.ar\/index.php\/author\/ondaunoeditor\/"}]}},"jetpack_publicize_connections":[],"jetpack_featured_media_url":"","jetpack_sharing_enabled":true,"_links":{"self":[{"href":"https:\/\/ondauno.com.ar\/index.php\/wp-json\/wp\/v2\/posts\/28164","targetHints":{"allow":["GET"]}}],"collection":[{"href":"https:\/\/ondauno.com.ar\/index.php\/wp-json\/wp\/v2\/posts"}],"about":[{"href":"https:\/\/ondauno.com.ar\/index.php\/wp-json\/wp\/v2\/types\/post"}],"author":[{"embeddable":true,"href":"https:\/\/ondauno.com.ar\/index.php\/wp-json\/wp\/v2\/users\/2"}],"replies":[{"embeddable":true,"href":"https:\/\/ondauno.com.ar\/index.php\/wp-json\/wp\/v2\/comments?post=28164"}],"version-history":[{"count":0,"href":"https:\/\/ondauno.com.ar\/index.php\/wp-json\/wp\/v2\/posts\/28164\/revisions"}],"wp:attachment":[{"href":"https:\/\/ondauno.com.ar\/index.php\/wp-json\/wp\/v2\/media?parent=28164"}],"wp:term":[{"taxonomy":"category","embeddable":true,"href":"https:\/\/ondauno.com.ar\/index.php\/wp-json\/wp\/v2\/categories?post=28164"},{"taxonomy":"post_tag","embeddable":true,"href":"https:\/\/ondauno.com.ar\/index.php\/wp-json\/wp\/v2\/tags?post=28164"}],"curies":[{"name":"wp","href":"https:\/\/api.w.org\/{rel}","templated":true}]}}