{"id":27671,"date":"2021-08-13T19:18:47","date_gmt":"2021-08-13T22:18:47","guid":{"rendered":"http:\/\/ondauno.com.ar\/?p=27671"},"modified":"2021-08-13T19:31:44","modified_gmt":"2021-08-13T22:31:44","slug":"gonzales-chaves-celebra-los-105-anos-con-un-plan-de-obras-millonaria","status":"publish","type":"post","link":"https:\/\/ondauno.com.ar\/index.php\/2021\/08\/13\/gonzales-chaves-celebra-los-105-anos-con-un-plan-de-obras-millonaria\/","title":{"rendered":"Gonzales Chaves celebra  los 105 a\u00f1os con un plan de obras millonaria"},"content":{"rendered":"<div class=\"ondau-before-content_3\" style=\"margin-top: -30px;\" id=\"ondau-979015552\"><a href=\"https:\/\/www.lps.com.ar\/\" aria-label=\"la-perse2\"><img loading=\"lazy\" decoding=\"async\" src=\"https:\/\/ondauno.com.ar\/wp-content\/uploads\/2021\/10\/la-perse2.jpg\" alt=\"\"  srcset=\"https:\/\/ondauno.com.ar\/wp-content\/uploads\/2021\/10\/la-perse2.jpg 1353w, https:\/\/ondauno.com.ar\/wp-content\/uploads\/2021\/10\/la-perse2-300x43.jpg 300w, https:\/\/ondauno.com.ar\/wp-content\/uploads\/2021\/10\/la-perse2-1024x148.jpg 1024w, https:\/\/ondauno.com.ar\/wp-content\/uploads\/2021\/10\/la-perse2-768x111.jpg 768w, https:\/\/ondauno.com.ar\/wp-content\/uploads\/2021\/10\/la-perse2-696x100.jpg 696w, https:\/\/ondauno.com.ar\/wp-content\/uploads\/2021\/10\/la-perse2-1068x154.jpg 1068w\" sizes=\"(max-width: 1353px) 100vw, 1353px\" class=\"no-lazyload\" width=\"1353\" height=\"195\"  style=\"display: inline-block;\" \/><\/a><\/div>\n<p>Adolfo Gonzales Chaves festeja este 22 de agosto 105 a\u00f1os de la creaci\u00f3n del distrito, y si bien no habr\u00e1 grandes festejos por la emergencia sanitaria m\u00e1s all\u00e1 de un austero acto institucional, la comunidad tiene motivos para entusiasmarse con el paquete de obras p\u00fablicas que acaba de anunciar el intendente Marcelo Santill\u00e1n para la segunda mitad del a\u00f1o. <\/p>\n\n\n\n<p>En rigor, algunas de esas obras ya est\u00e1n en marcha, otras licitadas, y otras proyectadas y aprobadas con la firma de convenios correspondientes.<\/p>\n\n\n\n<p>En principio, en intendente Marcelo Santill\u00e1n se refiri\u00f3 a cuatro obras a las que defini\u00f3 como \u201cclave\u201d, y otras que, por su dimensi\u00f3n, conf\u00eda en que generar\u00e1n un importante movimiento comercial y muchas oportunidades de trabajo para los vecinos que lo necesiten. <\/p>\n\n\n\n<p>El Intendente deja en claro que la obra p\u00fablica multiplica como ninguna la posibilidad de generar trabajo, por eso se encarga de aclarar que casi todos los proyectos ya estaban en agenda aunque la pandemia los fue postergando en el tiempo. <\/p>\n\n\n\n<p>\u201cLas obras que estar\u00e1n en ejecuci\u00f3n superan, en recursos, al equivalente de un presupuesto municipal\u201d, ejemplific\u00f3 el Jefe Comunal, en referencia a que sumadas rondan los 600 millones de inversi\u00f3n entre lo destinado por los ministerios de obras p\u00fablicas tanto de Naci\u00f3n como de Provincia. <\/p>\n\n\n\n<p>\u201cEn obras p\u00fablicas tenemos que hacer una distinci\u00f3n entre aquellas que benefician a un vecino en particular como es el cord\u00f3n cuneta, el pavimento o las cloacas; y las obras de infraestructura que tienen que ver con el conjunto de la comunidad, y que hemos decidido encarar porque son fundamentales para el desarrollo\u201d, precis\u00f3.<\/p>\n\n\n\n<p>Estas \u00faltimas, que seg\u00fan Santill\u00e1n son \u201cfundamentales\u201d, tienen tres pilares: la obra de Ampliaci\u00f3n de la Planta de Saneamiento de L\u00edquidos Cloacales (en proceso de adjudicaci\u00f3n) con una inversi\u00f3n de 240 millones; la \u201cplanta de vuelco de l\u00edquidos\u201d para camiones atmosf\u00e9ricos (ya en marcha), y la ejecuci\u00f3n de tres perforaciones para agua potable para la ciudad cabecera (tambi\u00e9n adjudicados). \u201cVan a producir agua para 12 mil habitantes, con mayor presi\u00f3n y mayor calidad de agua\u201d, coment\u00f3. <\/p>\n\n\n\n<p>Tambi\u00e9n destac\u00f3 el traslado de la Planta Reductora de Gas (ERP) que estaba ubicada de manera subterr\u00e1nea en la Plaza 25 de Mayo y que implicaba un grave riesgo ambiental: \u201cEso se resolvi\u00f3 con la construcci\u00f3n de una moderna planta en superficie que ya est\u00e1 en pleno funcionamiento, lo que implica que la ciudad tiene ahora mayor presi\u00f3n de gas y permite hacer ampliaciones de la red domiciliaria que antes eran imposibles\u201d. <\/p>\n\n\n\n<p>En resumen, el plan de obras a ejecutar se completa con viviendas, pavimentaci\u00f3n, cord\u00f3n cuneta, cloacas, reemplazo de la totalidad del alumbrado p\u00fablico por iluminaci\u00f3n LED, cubierta de nichos en el cementario, edificio de la Casa de la Provincia, y el estabilizado de la Ruta 75 entre De la Garma y Juan Eulogio Barra.<\/p>\n\n\n\n<ul class=\"wp-block-gallery columns-3 is-cropped wp-block-gallery-1 is-layout-flex wp-block-gallery-is-layout-flex\"><li class=\"blocks-gallery-item\"><figure><a href=\"http:\/\/ondauno.com.ar\/wp-content\/uploads\/2021\/08\/WhatsApp-Image-2021-08-13-at-18.25.40-1024x768.jpeg\" rel=\"lightbox-0\"><img decoding=\"async\" data-src=\"http:\/\/ondauno.com.ar\/wp-content\/uploads\/2021\/08\/WhatsApp-Image-2021-08-13-at-18.25.40-1024x768.jpeg\" alt=\"\" data-id=\"27674\" data-link=\"http:\/\/ondauno.com.ar\/?attachment_id=27674\" class=\"wp-image-27674 lazyload\" src=\"data:image\/gif;base64,R0lGODlhAQABAAAAACH5BAEKAAEALAAAAAABAAEAAAICTAEAOw==\" style=\"--smush-placeholder-width: 1024px; --smush-placeholder-aspect-ratio: 1024\/768;\" \/><noscript><img decoding=\"async\" src=\"http:\/\/ondauno.com.ar\/wp-content\/uploads\/2021\/08\/WhatsApp-Image-2021-08-13-at-18.25.40-1024x768.jpeg\" alt=\"\" data-id=\"27674\" data-link=\"http:\/\/ondauno.com.ar\/?attachment_id=27674\" class=\"wp-image-27674\"\/><\/noscript><\/a><\/figure><\/li><li class=\"blocks-gallery-item\"><figure><a href=\"http:\/\/ondauno.com.ar\/wp-content\/uploads\/2021\/08\/WhatsApp-Image-2021-08-13-at-18.25.40-3-1024x682.jpeg\" rel=\"lightbox-1\"><img decoding=\"async\" data-src=\"http:\/\/ondauno.com.ar\/wp-content\/uploads\/2021\/08\/WhatsApp-Image-2021-08-13-at-18.25.40-3-1024x682.jpeg\" alt=\"\" data-id=\"27673\" data-link=\"http:\/\/ondauno.com.ar\/?attachment_id=27673\" class=\"wp-image-27673 lazyload\" src=\"data:image\/gif;base64,R0lGODlhAQABAAAAACH5BAEKAAEALAAAAAABAAEAAAICTAEAOw==\" style=\"--smush-placeholder-width: 1024px; --smush-placeholder-aspect-ratio: 1024\/682;\" \/><noscript><img decoding=\"async\" src=\"http:\/\/ondauno.com.ar\/wp-content\/uploads\/2021\/08\/WhatsApp-Image-2021-08-13-at-18.25.40-3-1024x682.jpeg\" alt=\"\" data-id=\"27673\" data-link=\"http:\/\/ondauno.com.ar\/?attachment_id=27673\" class=\"wp-image-27673\"\/><\/noscript><\/a><\/figure><\/li><li class=\"blocks-gallery-item\"><figure><a href=\"http:\/\/ondauno.com.ar\/wp-content\/uploads\/2021\/08\/WhatsApp-Image-2021-08-13-at-18.25.40-2-1024x768.jpeg\" rel=\"lightbox-2\"><img decoding=\"async\" data-src=\"http:\/\/ondauno.com.ar\/wp-content\/uploads\/2021\/08\/WhatsApp-Image-2021-08-13-at-18.25.40-2-1024x768.jpeg\" alt=\"\" data-id=\"27672\" data-link=\"http:\/\/ondauno.com.ar\/?attachment_id=27672\" class=\"wp-image-27672 lazyload\" src=\"data:image\/gif;base64,R0lGODlhAQABAAAAACH5BAEKAAEALAAAAAABAAEAAAICTAEAOw==\" style=\"--smush-placeholder-width: 1024px; --smush-placeholder-aspect-ratio: 1024\/768;\" \/><noscript><img decoding=\"async\" src=\"http:\/\/ondauno.com.ar\/wp-content\/uploads\/2021\/08\/WhatsApp-Image-2021-08-13-at-18.25.40-2-1024x768.jpeg\" alt=\"\" data-id=\"27672\" data-link=\"http:\/\/ondauno.com.ar\/?attachment_id=27672\" class=\"wp-image-27672\"\/><\/noscript><\/a><\/figure><\/li><\/ul>\n\n\n\n<p>M\u00e1s de 120 casas en carpeta<\/p>\n\n\n\n<p>En el caso de las viviendas, se construir\u00e1n 15 en Chaves y 10 en De la Garma correspondientes al plan Solidaridad, a ejecutarse con el Instituto de la Vivienda (IVBA). \u201cYa tenemos el convenio firmado y el anticipo financiero\u201d, anunci\u00f3. <br>\nEn Chaves, estar\u00e1n ubicadas en calle Presidente Per\u00f3n, donde ya se sortearon los terrenos entre los vecinos; y en De la Garma ya fueron preadjudicados los lotes en calles Maip\u00fa y 9 de Julio.<\/p>\n\n\n\n<p>Por otro lado, el municipio tambi\u00e9n trabaja en la adjudicaci\u00f3n de unidades habitacionales para 22 vecinos que fueron beneficiados con el programa Casa Propia.<\/p>\n\n\n\n<p>Aunque el mayor movimiento lo dar\u00e1 la construcci\u00f3n de 74 viviendas que el jefe Comunal piensa levantar en el barrio Escuela N\u00b08, gestionadas en el ministerio de H\u00e1bitat y Vivienda, ha ubicarse en dos manzanas entre las calles Lucio V. L\u00f3pez, General Rodr\u00edguez, Yapey\u00fa y C\u00f3rdoba de esta ciudad. <br>\nEn estos d\u00edas se est\u00e1 ejecutando la ampliaci\u00f3n de la red de cloacas que proveer\u00e1 del servicio a este sector, y tambi\u00e9n se realiz\u00f3 la nivelaci\u00f3n de los terrenos.<\/p>\n\n\n\n<p>Pavimentaci\u00f3n de un nuevo acceso<\/p>\n\n\n\n<p>La pavimentaci\u00f3n de la calle General Rodr\u00edguez ya est\u00e1 licitada, es financiada por la Naci\u00f3n con una inversi\u00f3n de casi 100 millones de pesos y es uno de los proyectos m\u00e1s ambiciosos de la gesti\u00f3n municipal. <\/p>\n\n\n\n<p>\u201cNos permitir\u00e1 tener una salida m\u00e1s hacia la Ruta 3, y que nos quede tambi\u00e9n el lugar para la futura terminal de \u00f3mnibus que es lo que estamos trabajando en el nuevo plano urban\u00edstico\u201d, anunci\u00f3 el Jefe Comunal. La idea es buscar una nueva localizaci\u00f3n para la terminal que se ir\u00e1 haciendo en forma progresiva. <\/p>\n\n\n\n<p>Edificio \u201cLa Provincia en tu Municipio\u201d<\/p>\n\n\n\n<p>Santill\u00e1n tambi\u00e9n se refiri\u00f3 al edificio de la Casa de la Provincia que se construir\u00e1 en el centro de la ciudad, que aglutinar\u00e1 en un solo lugar a todas las oficinas de servicios de Provincia y de Naci\u00f3n, para que el vecino en un solo lugar pueda realizar y gestionar los tr\u00e1mites que necesite. <\/p>\n\n\n\n<p>\u201cNos sentimos orgullosos, porque este programa fue dise\u00f1ado en nuestro distrito y al Gobernador le gust\u00f3 la propuesta y lo convirti\u00f3 en un programa para construirlo en toda la provincia\u201d, record\u00f3 Santill\u00e1n.<br>\nEl edificio, que ya est\u00e1 licitado, se emplazar\u00e1 en terrenos lindantes al Natatorio Municipal con ingreso por calle Sarmiento.<\/p>\n\n\n\n<p>En otro orden, mencion\u00f3 la construcci\u00f3n de cord\u00f3n cuneta que ya est\u00e1 en desarrollo en distintos barrios de Chaves y De la Garma, con una inversi\u00f3n de 10 millones pesos. <\/p>\n\n\n\n<p>La gesti\u00f3n de m\u00e1s cloacas<\/p>\n\n\n\n<p>Consultado sobre la posibilidad de que la localidad de De la Garma pueda tener una red de desag\u00fces cloacales, despu\u00e9s que la obra quedara trunca por mala praxis del gobierno que lo antecedi\u00f3, Santill\u00e1n expres\u00f3: \u201cYa firmamos un primer convenio con el ministro Katopodis (Obras P\u00fablicas de la Naci\u00f3n) para desarrollar la obra de cloacas en De la Garma\u201d. <\/p>\n\n\n\n<p>&#8220;Estamos terminando el proyecto con las adecuaciones que se hicieron y se estar\u00edan licitando las tres etapas en forma conjunta que requiere cada instancia de los trabajos: la red domiciliaria, la planta elevadora de l\u00edquidos cloacales y la planta de tratamiento\u201d, explic\u00f3 Santill\u00e1n.<\/p>\n\n\n\n<p>Finalmente, el Intendente anunci\u00f3 tambi\u00e9n la construcci\u00f3n de un Centro de Atenci\u00f3n Primaria de la Salud en esta localidad, donde ya est\u00e1 determinado el lugar donde se levantar\u00e1.<\/p>\n","protected":false},"excerpt":{"rendered":"<p>Adolfo Gonzales Chaves festeja este 22 de agosto 105 a\u00f1os de la creaci\u00f3n del distrito, y si bien no habr\u00e1 grandes festejos por la emergencia sanitaria m\u00e1s all\u00e1 de un austero acto institucional, la comunidad tiene motivos para entusiasmarse con el paquete de obras p\u00fablicas que acaba de anunciar el intendente Marcelo Santill\u00e1n para la [&hellip;]<\/p>\n","protected":false},"author":2,"featured_media":0,"comment_status":"open","ping_status":"open","sticky":false,"template":"","format":"standard","meta":{"tdm_status":"","tdm_grid_status":"","_jetpack_memberships_contains_paid_content":false,"footnotes":"","jetpack_publicize_message":"","jetpack_publicize_feature_enabled":true,"jetpack_social_post_already_shared":true,"jetpack_social_options":{"image_generator_settings":{"template":"highway","default_image_id":0,"font":"","enabled":false},"version":2}},"categories":[35],"tags":[],"class_list":{"0":"post-27671","1":"post","2":"type-post","3":"status-publish","4":"format-standard","6":"category-regionales"},"yoast_head":"<!-- This site is optimized with the Yoast SEO plugin v22.7 - https:\/\/yoast.com\/wordpress\/plugins\/seo\/ -->\n<title>Gonzales Chaves celebra los 105 a\u00f1os con un plan de obras millonaria - 103.9 fm<\/title>\n<meta name=\"robots\" content=\"index, follow, max-snippet:-1, max-image-preview:large, max-video-preview:-1\" \/>\n<link rel=\"canonical\" href=\"https:\/\/ondauno.com.ar\/index.php\/2021\/08\/13\/gonzales-chaves-celebra-los-105-anos-con-un-plan-de-obras-millonaria\/\" \/>\n<meta property=\"og:locale\" content=\"es_ES\" \/>\n<meta property=\"og:type\" content=\"article\" \/>\n<meta property=\"og:title\" content=\"Gonzales Chaves celebra los 105 a\u00f1os con un plan de obras millonaria - 103.9 fm\" \/>\n<meta property=\"og:description\" content=\"Adolfo Gonzales Chaves festeja este 22 de agosto 105 a\u00f1os de la creaci\u00f3n del distrito, y si bien no habr\u00e1 grandes festejos por la emergencia sanitaria m\u00e1s all\u00e1 de un austero acto institucional, la comunidad tiene motivos para entusiasmarse con el paquete de obras p\u00fablicas que acaba de anunciar el intendente Marcelo Santill\u00e1n para la [&hellip;]\" \/>\n<meta property=\"og:url\" content=\"https:\/\/ondauno.com.ar\/index.php\/2021\/08\/13\/gonzales-chaves-celebra-los-105-anos-con-un-plan-de-obras-millonaria\/\" \/>\n<meta property=\"og:site_name\" content=\"103.9 fm\" \/>\n<meta property=\"article:publisher\" content=\"https:\/\/www.facebook.com\/ondauno103.9\" \/>\n<meta property=\"article:published_time\" content=\"2021-08-13T22:18:47+00:00\" \/>\n<meta property=\"article:modified_time\" content=\"2021-08-13T22:31:44+00:00\" \/>\n<meta property=\"og:image\" content=\"https:\/\/ondauno.com.ar\/wp-content\/uploads\/2021\/08\/WhatsApp-Image-2021-08-13-at-18.25.40-1.jpeg\" \/>\n\t<meta property=\"og:image:width\" content=\"1032\" \/>\n\t<meta property=\"og:image:height\" content=\"774\" \/>\n\t<meta property=\"og:image:type\" content=\"image\/jpeg\" \/>\n<meta name=\"author\" content=\"fernando garcia\" \/>\n<meta name=\"twitter:card\" content=\"summary_large_image\" \/>\n<meta name=\"twitter:label1\" content=\"Escrito por\" \/>\n\t<meta name=\"twitter:data1\" content=\"fernando garcia\" \/>\n\t<meta name=\"twitter:label2\" content=\"Tiempo de lectura\" \/>\n\t<meta name=\"twitter:data2\" content=\"5 minutos\" \/>\n<script type=\"application\/ld+json\" class=\"yoast-schema-graph\">{\"@context\":\"https:\/\/schema.org\",\"@graph\":[{\"@type\":\"WebPage\",\"@id\":\"https:\/\/ondauno.com.ar\/index.php\/2021\/08\/13\/gonzales-chaves-celebra-los-105-anos-con-un-plan-de-obras-millonaria\/\",\"url\":\"https:\/\/ondauno.com.ar\/index.php\/2021\/08\/13\/gonzales-chaves-celebra-los-105-anos-con-un-plan-de-obras-millonaria\/\",\"name\":\"Gonzales Chaves celebra los 105 a\u00f1os con un plan de obras millonaria - 103.9 fm\",\"isPartOf\":{\"@id\":\"https:\/\/ondauno.com.ar\/#website\"},\"primaryImageOfPage\":{\"@id\":\"https:\/\/ondauno.com.ar\/index.php\/2021\/08\/13\/gonzales-chaves-celebra-los-105-anos-con-un-plan-de-obras-millonaria\/#primaryimage\"},\"image\":{\"@id\":\"https:\/\/ondauno.com.ar\/index.php\/2021\/08\/13\/gonzales-chaves-celebra-los-105-anos-con-un-plan-de-obras-millonaria\/#primaryimage\"},\"thumbnailUrl\":\"http:\/\/ondauno.com.ar\/wp-content\/uploads\/2021\/08\/WhatsApp-Image-2021-08-13-at-18.25.40-1024x768.jpeg\",\"datePublished\":\"2021-08-13T22:18:47+00:00\",\"dateModified\":\"2021-08-13T22:31:44+00:00\",\"author\":{\"@id\":\"https:\/\/ondauno.com.ar\/#\/schema\/person\/201d1b68e6c75e0fd396fe5f8af5d139\"},\"breadcrumb\":{\"@id\":\"https:\/\/ondauno.com.ar\/index.php\/2021\/08\/13\/gonzales-chaves-celebra-los-105-anos-con-un-plan-de-obras-millonaria\/#breadcrumb\"},\"inLanguage\":\"es-AR\",\"potentialAction\":[{\"@type\":\"ReadAction\",\"target\":[\"https:\/\/ondauno.com.ar\/index.php\/2021\/08\/13\/gonzales-chaves-celebra-los-105-anos-con-un-plan-de-obras-millonaria\/\"]}]},{\"@type\":\"ImageObject\",\"inLanguage\":\"es-AR\",\"@id\":\"https:\/\/ondauno.com.ar\/index.php\/2021\/08\/13\/gonzales-chaves-celebra-los-105-anos-con-un-plan-de-obras-millonaria\/#primaryimage\",\"url\":\"http:\/\/ondauno.com.ar\/wp-content\/uploads\/2021\/08\/WhatsApp-Image-2021-08-13-at-18.25.40-1024x768.jpeg\",\"contentUrl\":\"http:\/\/ondauno.com.ar\/wp-content\/uploads\/2021\/08\/WhatsApp-Image-2021-08-13-at-18.25.40-1024x768.jpeg\"},{\"@type\":\"BreadcrumbList\",\"@id\":\"https:\/\/ondauno.com.ar\/index.php\/2021\/08\/13\/gonzales-chaves-celebra-los-105-anos-con-un-plan-de-obras-millonaria\/#breadcrumb\",\"itemListElement\":[{\"@type\":\"ListItem\",\"position\":1,\"name\":\"Inicio\",\"item\":\"https:\/\/ondauno.com.ar\/\"},{\"@type\":\"ListItem\",\"position\":2,\"name\":\"Gonzales Chaves celebra los 105 a\u00f1os con un plan de obras millonaria\"}]},{\"@type\":\"WebSite\",\"@id\":\"https:\/\/ondauno.com.ar\/#website\",\"url\":\"https:\/\/ondauno.com.ar\/\",\"name\":\"103.9 fm\",\"description\":\"LA PRIMERA RADIO MULTIMEDIA DE TRES ARROYOS\",\"potentialAction\":[{\"@type\":\"SearchAction\",\"target\":{\"@type\":\"EntryPoint\",\"urlTemplate\":\"https:\/\/ondauno.com.ar\/?s={search_term_string}\"},\"query-input\":\"required name=search_term_string\"}],\"inLanguage\":\"es-AR\"},{\"@type\":\"Person\",\"@id\":\"https:\/\/ondauno.com.ar\/#\/schema\/person\/201d1b68e6c75e0fd396fe5f8af5d139\",\"name\":\"fernando garcia\",\"image\":{\"@type\":\"ImageObject\",\"inLanguage\":\"es-AR\",\"@id\":\"https:\/\/ondauno.com.ar\/#\/schema\/person\/image\/\",\"url\":\"https:\/\/secure.gravatar.com\/avatar\/5f7254642ad81272e79a2e69653cfdfc?s=96&d=mm&r=g\",\"contentUrl\":\"https:\/\/secure.gravatar.com\/avatar\/5f7254642ad81272e79a2e69653cfdfc?s=96&d=mm&r=g\",\"caption\":\"fernando garcia\"},\"url\":\"https:\/\/ondauno.com.ar\/index.php\/author\/ondaunoeditor\/\"}]}<\/script>\n<!-- \/ Yoast SEO plugin. -->","yoast_head_json":{"title":"Gonzales Chaves celebra los 105 a\u00f1os con un plan de obras millonaria - 103.9 fm","robots":{"index":"index","follow":"follow","max-snippet":"max-snippet:-1","max-image-preview":"max-image-preview:large","max-video-preview":"max-video-preview:-1"},"canonical":"https:\/\/ondauno.com.ar\/index.php\/2021\/08\/13\/gonzales-chaves-celebra-los-105-anos-con-un-plan-de-obras-millonaria\/","og_locale":"es_ES","og_type":"article","og_title":"Gonzales Chaves celebra los 105 a\u00f1os con un plan de obras millonaria - 103.9 fm","og_description":"Adolfo Gonzales Chaves festeja este 22 de agosto 105 a\u00f1os de la creaci\u00f3n del distrito, y si bien no habr\u00e1 grandes festejos por la emergencia sanitaria m\u00e1s all\u00e1 de un austero acto institucional, la comunidad tiene motivos para entusiasmarse con el paquete de obras p\u00fablicas que acaba de anunciar el intendente Marcelo Santill\u00e1n para la [&hellip;]","og_url":"https:\/\/ondauno.com.ar\/index.php\/2021\/08\/13\/gonzales-chaves-celebra-los-105-anos-con-un-plan-de-obras-millonaria\/","og_site_name":"103.9 fm","article_publisher":"https:\/\/www.facebook.com\/ondauno103.9","article_published_time":"2021-08-13T22:18:47+00:00","article_modified_time":"2021-08-13T22:31:44+00:00","og_image":[{"width":1032,"height":774,"url":"https:\/\/ondauno.com.ar\/wp-content\/uploads\/2021\/08\/WhatsApp-Image-2021-08-13-at-18.25.40-1.jpeg","type":"image\/jpeg"}],"author":"fernando garcia","twitter_card":"summary_large_image","twitter_misc":{"Escrito por":"fernando garcia","Tiempo de lectura":"5 minutos"},"schema":{"@context":"https:\/\/schema.org","@graph":[{"@type":"WebPage","@id":"https:\/\/ondauno.com.ar\/index.php\/2021\/08\/13\/gonzales-chaves-celebra-los-105-anos-con-un-plan-de-obras-millonaria\/","url":"https:\/\/ondauno.com.ar\/index.php\/2021\/08\/13\/gonzales-chaves-celebra-los-105-anos-con-un-plan-de-obras-millonaria\/","name":"Gonzales Chaves celebra los 105 a\u00f1os con un plan de obras millonaria - 103.9 fm","isPartOf":{"@id":"https:\/\/ondauno.com.ar\/#website"},"primaryImageOfPage":{"@id":"https:\/\/ondauno.com.ar\/index.php\/2021\/08\/13\/gonzales-chaves-celebra-los-105-anos-con-un-plan-de-obras-millonaria\/#primaryimage"},"image":{"@id":"https:\/\/ondauno.com.ar\/index.php\/2021\/08\/13\/gonzales-chaves-celebra-los-105-anos-con-un-plan-de-obras-millonaria\/#primaryimage"},"thumbnailUrl":"http:\/\/ondauno.com.ar\/wp-content\/uploads\/2021\/08\/WhatsApp-Image-2021-08-13-at-18.25.40-1024x768.jpeg","datePublished":"2021-08-13T22:18:47+00:00","dateModified":"2021-08-13T22:31:44+00:00","author":{"@id":"https:\/\/ondauno.com.ar\/#\/schema\/person\/201d1b68e6c75e0fd396fe5f8af5d139"},"breadcrumb":{"@id":"https:\/\/ondauno.com.ar\/index.php\/2021\/08\/13\/gonzales-chaves-celebra-los-105-anos-con-un-plan-de-obras-millonaria\/#breadcrumb"},"inLanguage":"es-AR","potentialAction":[{"@type":"ReadAction","target":["https:\/\/ondauno.com.ar\/index.php\/2021\/08\/13\/gonzales-chaves-celebra-los-105-anos-con-un-plan-de-obras-millonaria\/"]}]},{"@type":"ImageObject","inLanguage":"es-AR","@id":"https:\/\/ondauno.com.ar\/index.php\/2021\/08\/13\/gonzales-chaves-celebra-los-105-anos-con-un-plan-de-obras-millonaria\/#primaryimage","url":"http:\/\/ondauno.com.ar\/wp-content\/uploads\/2021\/08\/WhatsApp-Image-2021-08-13-at-18.25.40-1024x768.jpeg","contentUrl":"http:\/\/ondauno.com.ar\/wp-content\/uploads\/2021\/08\/WhatsApp-Image-2021-08-13-at-18.25.40-1024x768.jpeg"},{"@type":"BreadcrumbList","@id":"https:\/\/ondauno.com.ar\/index.php\/2021\/08\/13\/gonzales-chaves-celebra-los-105-anos-con-un-plan-de-obras-millonaria\/#breadcrumb","itemListElement":[{"@type":"ListItem","position":1,"name":"Inicio","item":"https:\/\/ondauno.com.ar\/"},{"@type":"ListItem","position":2,"name":"Gonzales Chaves celebra los 105 a\u00f1os con un plan de obras millonaria"}]},{"@type":"WebSite","@id":"https:\/\/ondauno.com.ar\/#website","url":"https:\/\/ondauno.com.ar\/","name":"103.9 fm","description":"LA PRIMERA RADIO MULTIMEDIA DE TRES ARROYOS","potentialAction":[{"@type":"SearchAction","target":{"@type":"EntryPoint","urlTemplate":"https:\/\/ondauno.com.ar\/?s={search_term_string}"},"query-input":"required name=search_term_string"}],"inLanguage":"es-AR"},{"@type":"Person","@id":"https:\/\/ondauno.com.ar\/#\/schema\/person\/201d1b68e6c75e0fd396fe5f8af5d139","name":"fernando garcia","image":{"@type":"ImageObject","inLanguage":"es-AR","@id":"https:\/\/ondauno.com.ar\/#\/schema\/person\/image\/","url":"https:\/\/secure.gravatar.com\/avatar\/5f7254642ad81272e79a2e69653cfdfc?s=96&d=mm&r=g","contentUrl":"https:\/\/secure.gravatar.com\/avatar\/5f7254642ad81272e79a2e69653cfdfc?s=96&d=mm&r=g","caption":"fernando garcia"},"url":"https:\/\/ondauno.com.ar\/index.php\/author\/ondaunoeditor\/"}]}},"jetpack_publicize_connections":[],"jetpack_featured_media_url":"","jetpack_sharing_enabled":true,"_links":{"self":[{"href":"https:\/\/ondauno.com.ar\/index.php\/wp-json\/wp\/v2\/posts\/27671","targetHints":{"allow":["GET"]}}],"collection":[{"href":"https:\/\/ondauno.com.ar\/index.php\/wp-json\/wp\/v2\/posts"}],"about":[{"href":"https:\/\/ondauno.com.ar\/index.php\/wp-json\/wp\/v2\/types\/post"}],"author":[{"embeddable":true,"href":"https:\/\/ondauno.com.ar\/index.php\/wp-json\/wp\/v2\/users\/2"}],"replies":[{"embeddable":true,"href":"https:\/\/ondauno.com.ar\/index.php\/wp-json\/wp\/v2\/comments?post=27671"}],"version-history":[{"count":0,"href":"https:\/\/ondauno.com.ar\/index.php\/wp-json\/wp\/v2\/posts\/27671\/revisions"}],"wp:attachment":[{"href":"https:\/\/ondauno.com.ar\/index.php\/wp-json\/wp\/v2\/media?parent=27671"}],"wp:term":[{"taxonomy":"category","embeddable":true,"href":"https:\/\/ondauno.com.ar\/index.php\/wp-json\/wp\/v2\/categories?post=27671"},{"taxonomy":"post_tag","embeddable":true,"href":"https:\/\/ondauno.com.ar\/index.php\/wp-json\/wp\/v2\/tags?post=27671"}],"curies":[{"name":"wp","href":"https:\/\/api.w.org\/{rel}","templated":true}]}}