{"id":27577,"date":"2021-08-10T21:46:32","date_gmt":"2021-08-11T00:46:32","guid":{"rendered":"http:\/\/ondauno.com.ar\/?p=27577"},"modified":"2021-08-10T21:46:33","modified_gmt":"2021-08-11T00:46:33","slug":"nuevo-sistema-de-fases-en-la-provincia-de-buenos-aires","status":"publish","type":"post","link":"https:\/\/ondauno.com.ar\/index.php\/2021\/08\/10\/nuevo-sistema-de-fases-en-la-provincia-de-buenos-aires\/","title":{"rendered":"Nuevo sistema de fases en la provincia de Buenos Aires"},"content":{"rendered":"<div class=\"ondau-before-content_3\" style=\"margin-top: -30px;\" id=\"ondau-3365169440\"><a href=\"https:\/\/www.lps.com.ar\/\" aria-label=\"la-perse2\"><img loading=\"lazy\" decoding=\"async\" src=\"https:\/\/ondauno.com.ar\/wp-content\/uploads\/2021\/10\/la-perse2.jpg\" alt=\"\"  srcset=\"https:\/\/ondauno.com.ar\/wp-content\/uploads\/2021\/10\/la-perse2.jpg 1353w, https:\/\/ondauno.com.ar\/wp-content\/uploads\/2021\/10\/la-perse2-300x43.jpg 300w, https:\/\/ondauno.com.ar\/wp-content\/uploads\/2021\/10\/la-perse2-1024x148.jpg 1024w, https:\/\/ondauno.com.ar\/wp-content\/uploads\/2021\/10\/la-perse2-768x111.jpg 768w, https:\/\/ondauno.com.ar\/wp-content\/uploads\/2021\/10\/la-perse2-696x100.jpg 696w, https:\/\/ondauno.com.ar\/wp-content\/uploads\/2021\/10\/la-perse2-1068x154.jpg 1068w\" sizes=\"(max-width: 1353px) 100vw, 1353px\" class=\"no-lazyload\" width=\"1353\" height=\"195\"  style=\"display: inline-block;\" \/><\/a><\/div>\n<p>El gobierno bonaerense estableci\u00f3 una nueva estrategia de gesti\u00f3n de la pandemia en la que los municipios formar\u00e1n parte de la &#8220;fase general&#8221; o de una &#8220;de reserva&#8221;, seg\u00fan el porcentaje de ocupaci\u00f3n de camas de terapia intensiva y su variaci\u00f3n semana a semana.<\/p>\n\n\n\n<p>\n\nEl gobierno bonaerense modific\u00f3 el sistema de fases que reg\u00eda desde junio de 2020 y estableci\u00f3 una nueva estrategia de gesti\u00f3n de la pandemia de coronavirus en la que los municipios formar\u00e1n parte de la<strong>&nbsp;&#8220;fase general&#8221;&nbsp;<\/strong>o en una&nbsp;<strong>&#8220;de reserva&#8221;<\/strong>, en base a los indicadores de la situaci\u00f3n sanitaria y epidemiol\u00f3gica.<\/p>\n\n\n\n<p>As\u00ed lo explic\u00f3 el jefe de Gabinete de la provincia, Carlos Bianco, durante una conferencia de prensa que encabez\u00f3 en la Casa de Gobierno, en La Plata, en la que dijo que el sistema va &#8220;en consonancia con las nuevas normativas dispuestas el viernes por el gobierno nacional&#8221;.<\/p>\n\n\n\n<p>De ese modo, el decreto 583 que firm\u00f3 el gobernador Axel Kicillof y que se publicar\u00e1 este martes en el Bolet\u00edn Oficial del distrito, dispone que se actualiza el sistema de fases.<\/p>\n\n\n\n<figure class=\"wp-block-embed-youtube wp-block-embed is-type-video is-provider-youtube wp-embed-aspect-16-9 wp-has-aspect-ratio\"><div class=\"wp-block-embed__wrapper\">\n<iframe loading=\"lazy\" title=\"Rige desde hoy un nuevo sistema de fases en la provincia de Buenos Aires\" width=\"696\" height=\"392\" data-src=\"https:\/\/www.youtube.com\/embed\/zrHvpG313Mg?feature=oembed&#038;enablejsapi=1\" frameborder=\"0\" allow=\"accelerometer; autoplay; clipboard-write; encrypted-media; gyroscope; picture-in-picture\" allowfullscreen src=\"data:image\/gif;base64,R0lGODlhAQABAAAAACH5BAEKAAEALAAAAAABAAEAAAICTAEAOw==\" class=\"lazyload\" data-load-mode=\"1\"><\/iframe>\n<\/div><\/figure>\n\n\n\n<p>\n\n&#8220;<strong>Desaparecen las fases de alto, medio y bajo riesgo sanitario y epidemiol\u00f3gico<\/strong>&nbsp;(fases 2, 3 y 4). S\u00f3lo contaremos con dos fases: la general, que aplica a toda la provincia de Buenos Aires, y la de reserva, que es la de alarma sanitaria y epidemiol\u00f3gica&#8221;, explic\u00f3 Bianco.<\/p>\n\n\n\n<p>Sostuvo que en la fase general, en la que actualmente se encuentran los 135 municipios, se pueden llevar adelante distintas actividades recreativas, culturales, comerciales o de servicios.<\/p>\n\n\n\n<p>&#8220;Desaparecen las fases de alto, medio y bajo riesgo sanitario y epidemiol\u00f3gico. S\u00f3lo contaremos con dos: la general, que aplica a toda la provincia, y la de reserva, que es la de alarma sanitaria y epidemiol\u00f3gica&#8221;CARLOS BIANCO<\/p>\n\n\n\n<p>Fase general<br>El funcionario recal\u00f3 que en esas actividades en espacios cerrados &#8220;el aforo es de hasta el 70%, salvo bingos o casinos, que es del 30%&#8221;.<\/p>\n\n\n\n<p>No obstante, remarc\u00f3 que &#8220;<strong>quedan suspendidos viajes grupales, reuniones sociales de m\u00e1s de 10 personas<\/strong>&nbsp;en el interior de las viviendas, las reuniones de m\u00e1s de 20 personas \u200ben espacios exteriores, las reuniones en espacios p\u00fablicos de m\u00e1s de 100 personas, las actividades en discotecas, salones de fiestas o de baile&#8221;.<\/p>\n\n\n\n<p>&#8220;S\u00ed se pueden realizar eventos masivos hasta 1.000 personas&#8221;, destac\u00f3.<\/p>\n\n\n\n<p><\/p>\n\n\n\n<figure class=\"wp-block-image\"><img decoding=\"async\" data-src=\"https:\/\/www.telam.com.ar\/advf\/imagenes\/2021\/08\/61129a7b75c52_1004x566.jpg\" alt=\"El Jefe de Gabinete bonaerense Bianco y el ministro de Salud Kreplac. Fuente: TW\" src=\"data:image\/gif;base64,R0lGODlhAQABAAAAACH5BAEKAAEALAAAAAABAAEAAAICTAEAOw==\" class=\"lazyload\" \/><noscript><img decoding=\"async\" src=\"https:\/\/www.telam.com.ar\/advf\/imagenes\/2021\/08\/61129a7b75c52_1004x566.jpg\" alt=\"El Jefe de Gabinete bonaerense Bianco y el ministro de Salud Kreplac. Fuente: TW\"\/><\/noscript><\/figure>\n\n\n\n<p>El Jefe de Gabinete bonaerense Bianco y el ministro de Salud Kreplac. Fuente: TW<\/p>\n\n\n\n<p>Fase de reserva, de alarma epidemiol\u00f3gica y sanitaria<br>Respecto a la fase de reserva, de alarma epidemiol\u00f3gica y sanitaria, expres\u00f3 que &#8220;en caso de que tenga que ponerse en vigencia,&nbsp;<strong>s\u00f3lo se aplicar\u00e1 en aglomerados urbanos o distritos de m\u00e1s de 300 mil personas<\/strong>; es decir, en el AMBA 40 o en los municipios de Mar del Plata y Bah\u00eda Blanca&#8221;.<\/p>\n\n\n\n<p>&#8220;Los par\u00e1metros nuevos que estableci\u00f3 el gobierno nacional y que la provincia ha adoptado, a partir de los cuales eventualmente esos municipios pasar\u00edan a fase de reserva, son dos: una ocupaci\u00f3n de camas UTI superior al 80% y adem\u00e1s una variaci\u00f3n porcentual un 20% superior a la semana previa de las internaciones en UTI&#8221;, detall\u00f3 Bianco.<\/p>\n\n\n\n<p>Sostuvo que en esos casos, hay&nbsp;<strong>&#8220;restricci\u00f3n de circular de 20 a 6 horas, se proh\u00edbe cualquier tipo de evento masivo, hay un aforo m\u00e1ximo de 50% para actividades econ\u00f3micas, comerciales y de servicios, y del 30% en actividades recreativas, culturales y religiosas&#8221;.<\/strong><\/p>\n\n\n\n<p><\/p>\n\n\n\n<p>&#8220;Hay seguir cumpliendo protocolos y manteniendo los cuidados como uso de barbijo, ventilaci\u00f3n y distanciamiento&#8221;.CARLOS BIANCO<br>Tambi\u00e9n puntualiz\u00f3 que en la fase de reserva &#8220;<strong>no se pueden realizar reuniones sociales en domicilios particulares ni en espacios p\u00fablicos al aire libre&#8221; e indic\u00f3 que &#8220;el transporte p\u00fablico s\u00f3lo podr\u00eda ser utilizado por personal esencial&#8221;<\/strong>.<\/p>\n\n\n\n<p>&#8220;Toda la provincia se encuadra ahora en la fase general. Hoy en d\u00eda no tenemos distrito en situaci\u00f3n de alarma sanitaria&#8221;, celebr\u00f3 y atribuy\u00f3 ese hecho a los cuidados mantenidos por los bonaerenses y al avance de la campa\u00f1a de vacunaci\u00f3n.<\/p>\n\n\n\n<p><\/p>\n\n\n\n<p>&#8220;La pandemia no termin\u00f3&#8221;<br>Con todo, para el funcionario<strong>&nbsp;&#8220;la pandemia no termin\u00f3&#8221;,<\/strong>&nbsp;y si bien celebr\u00f3 el descenso de contagios y fallecimientos, as\u00ed como la menor ocupaci\u00f3n de camas de terapia, remarc\u00f3 la necesidad de &#8220;seguir cumpliendo protocolos y manteniendo los cuidados como uso de barbijo, ventilaci\u00f3n y distanciamiento&#8221;.<\/p>\n\n\n\n<p>&#8220;Estamos en una situaci\u00f3n m\u00e1s holgada, pero nos tenemos que seguir cuidando. Agosto es el mes de las segundas dosis. Tenemos que terminar de inmunizar a toda la poblaci\u00f3n, como corresponde, como es el derecho de todos los bonaerenses&#8221;, concluy\u00f3 Bianco.\n\n<\/p>\n","protected":false},"excerpt":{"rendered":"<p>El gobierno bonaerense estableci\u00f3 una nueva estrategia de gesti\u00f3n de la pandemia en la que los municipios formar\u00e1n parte de la &#8220;fase general&#8221; o de una &#8220;de reserva&#8221;, seg\u00fan el porcentaje de ocupaci\u00f3n de camas de terapia intensiva y su variaci\u00f3n semana a semana. El gobierno bonaerense modific\u00f3 el sistema de fases que reg\u00eda desde [&hellip;]<\/p>\n","protected":false},"author":2,"featured_media":0,"comment_status":"open","ping_status":"open","sticky":false,"template":"","format":"standard","meta":{"tdm_status":"","tdm_grid_status":"","_jetpack_memberships_contains_paid_content":false,"footnotes":"","jetpack_publicize_message":"","jetpack_publicize_feature_enabled":true,"jetpack_social_post_already_shared":true,"jetpack_social_options":{"image_generator_settings":{"template":"highway","default_image_id":0,"font":"","enabled":false},"version":2}},"categories":[3],"tags":[],"class_list":{"0":"post-27577","1":"post","2":"type-post","3":"status-publish","4":"format-standard","6":"category-nacionales"},"yoast_head":"<!-- This site is optimized with the Yoast SEO plugin v22.7 - https:\/\/yoast.com\/wordpress\/plugins\/seo\/ -->\n<title>Nuevo sistema de fases en la provincia de Buenos Aires - 103.9 fm<\/title>\n<meta name=\"robots\" content=\"index, follow, max-snippet:-1, max-image-preview:large, max-video-preview:-1\" \/>\n<link rel=\"canonical\" href=\"https:\/\/ondauno.com.ar\/index.php\/2021\/08\/10\/nuevo-sistema-de-fases-en-la-provincia-de-buenos-aires\/\" \/>\n<meta property=\"og:locale\" content=\"es_ES\" \/>\n<meta property=\"og:type\" content=\"article\" \/>\n<meta property=\"og:title\" content=\"Nuevo sistema de fases en la provincia de Buenos Aires - 103.9 fm\" \/>\n<meta property=\"og:description\" content=\"El gobierno bonaerense estableci\u00f3 una nueva estrategia de gesti\u00f3n de la pandemia en la que los municipios formar\u00e1n parte de la &#8220;fase general&#8221; o de una &#8220;de reserva&#8221;, seg\u00fan el porcentaje de ocupaci\u00f3n de camas de terapia intensiva y su variaci\u00f3n semana a semana. El gobierno bonaerense modific\u00f3 el sistema de fases que reg\u00eda desde [&hellip;]\" \/>\n<meta property=\"og:url\" content=\"https:\/\/ondauno.com.ar\/index.php\/2021\/08\/10\/nuevo-sistema-de-fases-en-la-provincia-de-buenos-aires\/\" \/>\n<meta property=\"og:site_name\" content=\"103.9 fm\" \/>\n<meta property=\"article:publisher\" content=\"https:\/\/www.facebook.com\/ondauno103.9\" \/>\n<meta property=\"article:published_time\" content=\"2021-08-11T00:46:32+00:00\" \/>\n<meta property=\"article:modified_time\" content=\"2021-08-11T00:46:33+00:00\" \/>\n<meta property=\"og:image\" content=\"https:\/\/ondauno.com.ar\/wp-content\/uploads\/2021\/08\/1628626170.jpeg\" \/>\n\t<meta property=\"og:image:width\" content=\"848\" \/>\n\t<meta property=\"og:image:height\" content=\"477\" \/>\n\t<meta property=\"og:image:type\" content=\"image\/jpeg\" \/>\n<meta name=\"author\" content=\"fernando garcia\" \/>\n<meta name=\"twitter:card\" content=\"summary_large_image\" \/>\n<meta name=\"twitter:label1\" content=\"Escrito por\" \/>\n\t<meta name=\"twitter:data1\" content=\"fernando garcia\" \/>\n\t<meta name=\"twitter:label2\" content=\"Tiempo de lectura\" \/>\n\t<meta name=\"twitter:data2\" content=\"4 minutos\" \/>\n<script type=\"application\/ld+json\" class=\"yoast-schema-graph\">{\"@context\":\"https:\/\/schema.org\",\"@graph\":[{\"@type\":\"WebPage\",\"@id\":\"https:\/\/ondauno.com.ar\/index.php\/2021\/08\/10\/nuevo-sistema-de-fases-en-la-provincia-de-buenos-aires\/\",\"url\":\"https:\/\/ondauno.com.ar\/index.php\/2021\/08\/10\/nuevo-sistema-de-fases-en-la-provincia-de-buenos-aires\/\",\"name\":\"Nuevo sistema de fases en la provincia de Buenos Aires - 103.9 fm\",\"isPartOf\":{\"@id\":\"https:\/\/ondauno.com.ar\/#website\"},\"primaryImageOfPage\":{\"@id\":\"https:\/\/ondauno.com.ar\/index.php\/2021\/08\/10\/nuevo-sistema-de-fases-en-la-provincia-de-buenos-aires\/#primaryimage\"},\"image\":{\"@id\":\"https:\/\/ondauno.com.ar\/index.php\/2021\/08\/10\/nuevo-sistema-de-fases-en-la-provincia-de-buenos-aires\/#primaryimage\"},\"thumbnailUrl\":\"https:\/\/www.telam.com.ar\/advf\/imagenes\/2021\/08\/61129a7b75c52_1004x566.jpg\",\"datePublished\":\"2021-08-11T00:46:32+00:00\",\"dateModified\":\"2021-08-11T00:46:33+00:00\",\"author\":{\"@id\":\"https:\/\/ondauno.com.ar\/#\/schema\/person\/201d1b68e6c75e0fd396fe5f8af5d139\"},\"breadcrumb\":{\"@id\":\"https:\/\/ondauno.com.ar\/index.php\/2021\/08\/10\/nuevo-sistema-de-fases-en-la-provincia-de-buenos-aires\/#breadcrumb\"},\"inLanguage\":\"es-AR\",\"potentialAction\":[{\"@type\":\"ReadAction\",\"target\":[\"https:\/\/ondauno.com.ar\/index.php\/2021\/08\/10\/nuevo-sistema-de-fases-en-la-provincia-de-buenos-aires\/\"]}]},{\"@type\":\"ImageObject\",\"inLanguage\":\"es-AR\",\"@id\":\"https:\/\/ondauno.com.ar\/index.php\/2021\/08\/10\/nuevo-sistema-de-fases-en-la-provincia-de-buenos-aires\/#primaryimage\",\"url\":\"https:\/\/www.telam.com.ar\/advf\/imagenes\/2021\/08\/61129a7b75c52_1004x566.jpg\",\"contentUrl\":\"https:\/\/www.telam.com.ar\/advf\/imagenes\/2021\/08\/61129a7b75c52_1004x566.jpg\"},{\"@type\":\"BreadcrumbList\",\"@id\":\"https:\/\/ondauno.com.ar\/index.php\/2021\/08\/10\/nuevo-sistema-de-fases-en-la-provincia-de-buenos-aires\/#breadcrumb\",\"itemListElement\":[{\"@type\":\"ListItem\",\"position\":1,\"name\":\"Inicio\",\"item\":\"https:\/\/ondauno.com.ar\/\"},{\"@type\":\"ListItem\",\"position\":2,\"name\":\"Nuevo sistema de fases en la provincia de Buenos Aires\"}]},{\"@type\":\"WebSite\",\"@id\":\"https:\/\/ondauno.com.ar\/#website\",\"url\":\"https:\/\/ondauno.com.ar\/\",\"name\":\"103.9 fm\",\"description\":\"LA PRIMERA RADIO MULTIMEDIA DE TRES ARROYOS\",\"potentialAction\":[{\"@type\":\"SearchAction\",\"target\":{\"@type\":\"EntryPoint\",\"urlTemplate\":\"https:\/\/ondauno.com.ar\/?s={search_term_string}\"},\"query-input\":\"required name=search_term_string\"}],\"inLanguage\":\"es-AR\"},{\"@type\":\"Person\",\"@id\":\"https:\/\/ondauno.com.ar\/#\/schema\/person\/201d1b68e6c75e0fd396fe5f8af5d139\",\"name\":\"fernando garcia\",\"image\":{\"@type\":\"ImageObject\",\"inLanguage\":\"es-AR\",\"@id\":\"https:\/\/ondauno.com.ar\/#\/schema\/person\/image\/\",\"url\":\"https:\/\/secure.gravatar.com\/avatar\/5f7254642ad81272e79a2e69653cfdfc?s=96&d=mm&r=g\",\"contentUrl\":\"https:\/\/secure.gravatar.com\/avatar\/5f7254642ad81272e79a2e69653cfdfc?s=96&d=mm&r=g\",\"caption\":\"fernando garcia\"},\"url\":\"https:\/\/ondauno.com.ar\/index.php\/author\/ondaunoeditor\/\"}]}<\/script>\n<!-- \/ Yoast SEO plugin. -->","yoast_head_json":{"title":"Nuevo sistema de fases en la provincia de Buenos Aires - 103.9 fm","robots":{"index":"index","follow":"follow","max-snippet":"max-snippet:-1","max-image-preview":"max-image-preview:large","max-video-preview":"max-video-preview:-1"},"canonical":"https:\/\/ondauno.com.ar\/index.php\/2021\/08\/10\/nuevo-sistema-de-fases-en-la-provincia-de-buenos-aires\/","og_locale":"es_ES","og_type":"article","og_title":"Nuevo sistema de fases en la provincia de Buenos Aires - 103.9 fm","og_description":"El gobierno bonaerense estableci\u00f3 una nueva estrategia de gesti\u00f3n de la pandemia en la que los municipios formar\u00e1n parte de la &#8220;fase general&#8221; o de una &#8220;de reserva&#8221;, seg\u00fan el porcentaje de ocupaci\u00f3n de camas de terapia intensiva y su variaci\u00f3n semana a semana. El gobierno bonaerense modific\u00f3 el sistema de fases que reg\u00eda desde [&hellip;]","og_url":"https:\/\/ondauno.com.ar\/index.php\/2021\/08\/10\/nuevo-sistema-de-fases-en-la-provincia-de-buenos-aires\/","og_site_name":"103.9 fm","article_publisher":"https:\/\/www.facebook.com\/ondauno103.9","article_published_time":"2021-08-11T00:46:32+00:00","article_modified_time":"2021-08-11T00:46:33+00:00","og_image":[{"width":848,"height":477,"url":"https:\/\/ondauno.com.ar\/wp-content\/uploads\/2021\/08\/1628626170.jpeg","type":"image\/jpeg"}],"author":"fernando garcia","twitter_card":"summary_large_image","twitter_misc":{"Escrito por":"fernando garcia","Tiempo de lectura":"4 minutos"},"schema":{"@context":"https:\/\/schema.org","@graph":[{"@type":"WebPage","@id":"https:\/\/ondauno.com.ar\/index.php\/2021\/08\/10\/nuevo-sistema-de-fases-en-la-provincia-de-buenos-aires\/","url":"https:\/\/ondauno.com.ar\/index.php\/2021\/08\/10\/nuevo-sistema-de-fases-en-la-provincia-de-buenos-aires\/","name":"Nuevo sistema de fases en la provincia de Buenos Aires - 103.9 fm","isPartOf":{"@id":"https:\/\/ondauno.com.ar\/#website"},"primaryImageOfPage":{"@id":"https:\/\/ondauno.com.ar\/index.php\/2021\/08\/10\/nuevo-sistema-de-fases-en-la-provincia-de-buenos-aires\/#primaryimage"},"image":{"@id":"https:\/\/ondauno.com.ar\/index.php\/2021\/08\/10\/nuevo-sistema-de-fases-en-la-provincia-de-buenos-aires\/#primaryimage"},"thumbnailUrl":"https:\/\/www.telam.com.ar\/advf\/imagenes\/2021\/08\/61129a7b75c52_1004x566.jpg","datePublished":"2021-08-11T00:46:32+00:00","dateModified":"2021-08-11T00:46:33+00:00","author":{"@id":"https:\/\/ondauno.com.ar\/#\/schema\/person\/201d1b68e6c75e0fd396fe5f8af5d139"},"breadcrumb":{"@id":"https:\/\/ondauno.com.ar\/index.php\/2021\/08\/10\/nuevo-sistema-de-fases-en-la-provincia-de-buenos-aires\/#breadcrumb"},"inLanguage":"es-AR","potentialAction":[{"@type":"ReadAction","target":["https:\/\/ondauno.com.ar\/index.php\/2021\/08\/10\/nuevo-sistema-de-fases-en-la-provincia-de-buenos-aires\/"]}]},{"@type":"ImageObject","inLanguage":"es-AR","@id":"https:\/\/ondauno.com.ar\/index.php\/2021\/08\/10\/nuevo-sistema-de-fases-en-la-provincia-de-buenos-aires\/#primaryimage","url":"https:\/\/www.telam.com.ar\/advf\/imagenes\/2021\/08\/61129a7b75c52_1004x566.jpg","contentUrl":"https:\/\/www.telam.com.ar\/advf\/imagenes\/2021\/08\/61129a7b75c52_1004x566.jpg"},{"@type":"BreadcrumbList","@id":"https:\/\/ondauno.com.ar\/index.php\/2021\/08\/10\/nuevo-sistema-de-fases-en-la-provincia-de-buenos-aires\/#breadcrumb","itemListElement":[{"@type":"ListItem","position":1,"name":"Inicio","item":"https:\/\/ondauno.com.ar\/"},{"@type":"ListItem","position":2,"name":"Nuevo sistema de fases en la provincia de Buenos Aires"}]},{"@type":"WebSite","@id":"https:\/\/ondauno.com.ar\/#website","url":"https:\/\/ondauno.com.ar\/","name":"103.9 fm","description":"LA PRIMERA RADIO MULTIMEDIA DE TRES ARROYOS","potentialAction":[{"@type":"SearchAction","target":{"@type":"EntryPoint","urlTemplate":"https:\/\/ondauno.com.ar\/?s={search_term_string}"},"query-input":"required name=search_term_string"}],"inLanguage":"es-AR"},{"@type":"Person","@id":"https:\/\/ondauno.com.ar\/#\/schema\/person\/201d1b68e6c75e0fd396fe5f8af5d139","name":"fernando garcia","image":{"@type":"ImageObject","inLanguage":"es-AR","@id":"https:\/\/ondauno.com.ar\/#\/schema\/person\/image\/","url":"https:\/\/secure.gravatar.com\/avatar\/5f7254642ad81272e79a2e69653cfdfc?s=96&d=mm&r=g","contentUrl":"https:\/\/secure.gravatar.com\/avatar\/5f7254642ad81272e79a2e69653cfdfc?s=96&d=mm&r=g","caption":"fernando garcia"},"url":"https:\/\/ondauno.com.ar\/index.php\/author\/ondaunoeditor\/"}]}},"jetpack_publicize_connections":[],"jetpack_featured_media_url":"","jetpack_sharing_enabled":true,"_links":{"self":[{"href":"https:\/\/ondauno.com.ar\/index.php\/wp-json\/wp\/v2\/posts\/27577","targetHints":{"allow":["GET"]}}],"collection":[{"href":"https:\/\/ondauno.com.ar\/index.php\/wp-json\/wp\/v2\/posts"}],"about":[{"href":"https:\/\/ondauno.com.ar\/index.php\/wp-json\/wp\/v2\/types\/post"}],"author":[{"embeddable":true,"href":"https:\/\/ondauno.com.ar\/index.php\/wp-json\/wp\/v2\/users\/2"}],"replies":[{"embeddable":true,"href":"https:\/\/ondauno.com.ar\/index.php\/wp-json\/wp\/v2\/comments?post=27577"}],"version-history":[{"count":0,"href":"https:\/\/ondauno.com.ar\/index.php\/wp-json\/wp\/v2\/posts\/27577\/revisions"}],"wp:attachment":[{"href":"https:\/\/ondauno.com.ar\/index.php\/wp-json\/wp\/v2\/media?parent=27577"}],"wp:term":[{"taxonomy":"category","embeddable":true,"href":"https:\/\/ondauno.com.ar\/index.php\/wp-json\/wp\/v2\/categories?post=27577"},{"taxonomy":"post_tag","embeddable":true,"href":"https:\/\/ondauno.com.ar\/index.php\/wp-json\/wp\/v2\/tags?post=27577"}],"curies":[{"name":"wp","href":"https:\/\/api.w.org\/{rel}","templated":true}]}}