{"id":27560,"date":"2021-08-09T16:00:55","date_gmt":"2021-08-09T19:00:55","guid":{"rendered":"http:\/\/ondauno.com.ar\/?p=27560"},"modified":"2021-08-09T16:00:57","modified_gmt":"2021-08-09T19:00:57","slug":"gremios-aguardan-la-convocatoria-a-paritarias-cuales-son-los-pedidos-de-cada-sector","status":"publish","type":"post","link":"https:\/\/ondauno.com.ar\/index.php\/2021\/08\/09\/gremios-aguardan-la-convocatoria-a-paritarias-cuales-son-los-pedidos-de-cada-sector\/","title":{"rendered":"Gremios aguardan la convocatoria a paritarias: cu\u00e1les son los pedidos de cada sector"},"content":{"rendered":"<div class=\"ondau-before-content_3\" style=\"margin-top: -30px;\" id=\"ondau-2081496697\"><a href=\"https:\/\/www.lps.com.ar\/\" aria-label=\"la-perse2\"><img loading=\"lazy\" decoding=\"async\" src=\"https:\/\/ondauno.com.ar\/wp-content\/uploads\/2021\/10\/la-perse2.jpg\" alt=\"\"  srcset=\"https:\/\/ondauno.com.ar\/wp-content\/uploads\/2021\/10\/la-perse2.jpg 1353w, https:\/\/ondauno.com.ar\/wp-content\/uploads\/2021\/10\/la-perse2-300x43.jpg 300w, https:\/\/ondauno.com.ar\/wp-content\/uploads\/2021\/10\/la-perse2-1024x148.jpg 1024w, https:\/\/ondauno.com.ar\/wp-content\/uploads\/2021\/10\/la-perse2-768x111.jpg 768w, https:\/\/ondauno.com.ar\/wp-content\/uploads\/2021\/10\/la-perse2-696x100.jpg 696w, https:\/\/ondauno.com.ar\/wp-content\/uploads\/2021\/10\/la-perse2-1068x154.jpg 1068w\" sizes=\"(max-width: 1353px) 100vw, 1353px\" class=\"no-lazyload\" width=\"1353\" height=\"195\"  style=\"display: inline-block;\" \/><\/a><\/div>\n<h6 class=\"wp-block-heading\">El gobierno de Axel Kicillof se comprometi\u00f3 a reabrir la discusi\u00f3n salarial en agosto, pero los sindicatos a\u00fan no fueron llamados.<\/h6>\n\n\n\n<p>Los gremios bonaerenses de docentes, profesionales de la salud, judiciales y estatales salieron a presionar por la reapertura de las negociaciones salariales prometidas por la gesti\u00f3n de Axel Kicillof para agosto.<\/p>\n\n\n\n<p>Desde el Frente de Unidad Docente Bonaerense (FUDB) adelantaron la semana pasada que el encuentro con el sector ser\u00eda despu\u00e9s de este lunes, momento en que se discutir\u00e1 la paritaria a nivel nacional. Sin embargo, hasta esta tarde no habr\u00eda una confirmaci\u00f3n oficial.<\/p>\n\n\n\n<p>\u201cComo m\u00ednimo y como viene comport\u00e1ndose la inflaci\u00f3n, el planteo es actualizar al 45% o m\u00e1s con una revisi\u00f3n en diciembre\u201d, dijo en su momento, el secretario general de Suteba, Roberto Baradel.<\/p>\n\n\n\n<p>Asimismo, el sindicalista record\u00f3 que la Provincia adelant\u00f3 una parte del incremento acordada a principio de marzo por lo que los maestros llegaron a julio con un 30% (les queda un 5% para septiembre).<\/p>\n\n\n\n<p>Es preciso mencionar, que la Provincia a principio de a\u00f1o acord\u00f3 incrementos de entre el 34% y el 35% en tres cuotas con los distintos sectores estatales. En tanto, el mes pasado defini\u00f3 adelantar puntos de los \u00faltimos tramos y reabrir las negociaciones este mes.<\/p>\n\n\n\n<p>Hasta el momento, los docentes acordaron un 14,1% a cobrar en marzo, 7,9% en julio y 13,2% en septiembre. Por lo que, con el nuevo esquema recibieron el viernes \u00faltimo un incremento de 15,9% que se adiciona al 14,1% que recibieron durante el tercer mes del a\u00f1o.<\/p>\n\n\n\n<p>Por otro lado,&nbsp;los estatales de ATE le enviaron ayer una nota a la ministra de Trabajo provincial, Mara Ruiz Malec, en la que pidieron \u201cque se instrumente a la brevedad una nueva convocatoria a una reuni\u00f3n paritaria salarial\u201d de acuerdo \u201cal compromiso asumido\u201d por Kicillof.<\/p>\n\n\n\n<p>\u201cResulta imprescindible fijar una nueva reuni\u00f3n para los pr\u00f3ximos d\u00edas, para comenzar a abordar el camino de la definitiva recuperaci\u00f3n salarial\u201d, se\u00f1alaron desde el sindicato que conduce Oscar de Isasi.<\/p>\n\n\n\n<p>Por su parte, los profesionales de la salud de&nbsp;<strong>Cicop, se\u00f1alaron hoy que se mantienen en \u201cestado de alerta\u201d a la espera de la reapertura de negociaciones<\/strong>. En tanto, los judiciales de la AJB realizar\u00e1n presentaciones para exigir que se concreten los llamados.&nbsp;<\/p>\n","protected":false},"excerpt":{"rendered":"<p>El gobierno de Axel Kicillof se comprometi\u00f3 a reabrir la discusi\u00f3n salarial en agosto, pero los sindicatos a\u00fan no fueron llamados. Los gremios bonaerenses de docentes, profesionales de la salud, judiciales y estatales salieron a presionar por la reapertura de las negociaciones salariales prometidas por la gesti\u00f3n de Axel Kicillof para agosto. Desde el Frente [&hellip;]<\/p>\n","protected":false},"author":2,"featured_media":0,"comment_status":"open","ping_status":"open","sticky":false,"template":"","format":"standard","meta":{"tdm_status":"","tdm_grid_status":"","_jetpack_memberships_contains_paid_content":false,"footnotes":"","jetpack_publicize_message":"","jetpack_publicize_feature_enabled":true,"jetpack_social_post_already_shared":true,"jetpack_social_options":{"image_generator_settings":{"template":"highway","default_image_id":0,"font":"","enabled":false},"version":2}},"categories":[3],"tags":[],"class_list":{"0":"post-27560","1":"post","2":"type-post","3":"status-publish","4":"format-standard","6":"category-nacionales"},"yoast_head":"<!-- This site is optimized with the Yoast SEO plugin v22.7 - https:\/\/yoast.com\/wordpress\/plugins\/seo\/ -->\n<title>Gremios aguardan la convocatoria a paritarias: cu\u00e1les son los pedidos de cada sector - 103.9 fm<\/title>\n<meta name=\"robots\" content=\"index, follow, max-snippet:-1, max-image-preview:large, max-video-preview:-1\" \/>\n<link rel=\"canonical\" href=\"https:\/\/ondauno.com.ar\/index.php\/2021\/08\/09\/gremios-aguardan-la-convocatoria-a-paritarias-cuales-son-los-pedidos-de-cada-sector\/\" \/>\n<meta property=\"og:locale\" content=\"es_ES\" \/>\n<meta property=\"og:type\" content=\"article\" \/>\n<meta property=\"og:title\" content=\"Gremios aguardan la convocatoria a paritarias: cu\u00e1les son los pedidos de cada sector - 103.9 fm\" \/>\n<meta property=\"og:description\" content=\"El gobierno de Axel Kicillof se comprometi\u00f3 a reabrir la discusi\u00f3n salarial en agosto, pero los sindicatos a\u00fan no fueron llamados. Los gremios bonaerenses de docentes, profesionales de la salud, judiciales y estatales salieron a presionar por la reapertura de las negociaciones salariales prometidas por la gesti\u00f3n de Axel Kicillof para agosto. Desde el Frente [&hellip;]\" \/>\n<meta property=\"og:url\" content=\"https:\/\/ondauno.com.ar\/index.php\/2021\/08\/09\/gremios-aguardan-la-convocatoria-a-paritarias-cuales-son-los-pedidos-de-cada-sector\/\" \/>\n<meta property=\"og:site_name\" content=\"103.9 fm\" \/>\n<meta property=\"article:publisher\" content=\"https:\/\/www.facebook.com\/ondauno103.9\" \/>\n<meta property=\"article:published_time\" content=\"2021-08-09T19:00:55+00:00\" \/>\n<meta property=\"article:modified_time\" content=\"2021-08-09T19:00:57+00:00\" \/>\n<meta property=\"og:image\" content=\"https:\/\/ondauno.com.ar\/wp-content\/uploads\/2021\/08\/20210809152849_20210805162512_paritaria_docente.jpg\" \/>\n\t<meta property=\"og:image:width\" content=\"730\" \/>\n\t<meta property=\"og:image:height\" content=\"487\" \/>\n\t<meta property=\"og:image:type\" content=\"image\/jpeg\" \/>\n<meta name=\"author\" content=\"fernando garcia\" \/>\n<meta name=\"twitter:card\" content=\"summary_large_image\" \/>\n<meta name=\"twitter:label1\" content=\"Escrito por\" \/>\n\t<meta name=\"twitter:data1\" content=\"fernando garcia\" \/>\n\t<meta name=\"twitter:label2\" content=\"Tiempo de lectura\" \/>\n\t<meta name=\"twitter:data2\" content=\"2 minutos\" \/>\n<script type=\"application\/ld+json\" class=\"yoast-schema-graph\">{\"@context\":\"https:\/\/schema.org\",\"@graph\":[{\"@type\":\"WebPage\",\"@id\":\"https:\/\/ondauno.com.ar\/index.php\/2021\/08\/09\/gremios-aguardan-la-convocatoria-a-paritarias-cuales-son-los-pedidos-de-cada-sector\/\",\"url\":\"https:\/\/ondauno.com.ar\/index.php\/2021\/08\/09\/gremios-aguardan-la-convocatoria-a-paritarias-cuales-son-los-pedidos-de-cada-sector\/\",\"name\":\"Gremios aguardan la convocatoria a paritarias: cu\u00e1les son los pedidos de cada sector - 103.9 fm\",\"isPartOf\":{\"@id\":\"https:\/\/ondauno.com.ar\/#website\"},\"datePublished\":\"2021-08-09T19:00:55+00:00\",\"dateModified\":\"2021-08-09T19:00:57+00:00\",\"author\":{\"@id\":\"https:\/\/ondauno.com.ar\/#\/schema\/person\/201d1b68e6c75e0fd396fe5f8af5d139\"},\"breadcrumb\":{\"@id\":\"https:\/\/ondauno.com.ar\/index.php\/2021\/08\/09\/gremios-aguardan-la-convocatoria-a-paritarias-cuales-son-los-pedidos-de-cada-sector\/#breadcrumb\"},\"inLanguage\":\"es-AR\",\"potentialAction\":[{\"@type\":\"ReadAction\",\"target\":[\"https:\/\/ondauno.com.ar\/index.php\/2021\/08\/09\/gremios-aguardan-la-convocatoria-a-paritarias-cuales-son-los-pedidos-de-cada-sector\/\"]}]},{\"@type\":\"BreadcrumbList\",\"@id\":\"https:\/\/ondauno.com.ar\/index.php\/2021\/08\/09\/gremios-aguardan-la-convocatoria-a-paritarias-cuales-son-los-pedidos-de-cada-sector\/#breadcrumb\",\"itemListElement\":[{\"@type\":\"ListItem\",\"position\":1,\"name\":\"Inicio\",\"item\":\"https:\/\/ondauno.com.ar\/\"},{\"@type\":\"ListItem\",\"position\":2,\"name\":\"Gremios aguardan la convocatoria a paritarias: cu\u00e1les son los pedidos de cada sector\"}]},{\"@type\":\"WebSite\",\"@id\":\"https:\/\/ondauno.com.ar\/#website\",\"url\":\"https:\/\/ondauno.com.ar\/\",\"name\":\"103.9 fm\",\"description\":\"LA PRIMERA RADIO MULTIMEDIA DE TRES ARROYOS\",\"potentialAction\":[{\"@type\":\"SearchAction\",\"target\":{\"@type\":\"EntryPoint\",\"urlTemplate\":\"https:\/\/ondauno.com.ar\/?s={search_term_string}\"},\"query-input\":\"required name=search_term_string\"}],\"inLanguage\":\"es-AR\"},{\"@type\":\"Person\",\"@id\":\"https:\/\/ondauno.com.ar\/#\/schema\/person\/201d1b68e6c75e0fd396fe5f8af5d139\",\"name\":\"fernando garcia\",\"image\":{\"@type\":\"ImageObject\",\"inLanguage\":\"es-AR\",\"@id\":\"https:\/\/ondauno.com.ar\/#\/schema\/person\/image\/\",\"url\":\"https:\/\/secure.gravatar.com\/avatar\/5f7254642ad81272e79a2e69653cfdfc?s=96&d=mm&r=g\",\"contentUrl\":\"https:\/\/secure.gravatar.com\/avatar\/5f7254642ad81272e79a2e69653cfdfc?s=96&d=mm&r=g\",\"caption\":\"fernando garcia\"},\"url\":\"https:\/\/ondauno.com.ar\/index.php\/author\/ondaunoeditor\/\"}]}<\/script>\n<!-- \/ Yoast SEO plugin. -->","yoast_head_json":{"title":"Gremios aguardan la convocatoria a paritarias: cu\u00e1les son los pedidos de cada sector - 103.9 fm","robots":{"index":"index","follow":"follow","max-snippet":"max-snippet:-1","max-image-preview":"max-image-preview:large","max-video-preview":"max-video-preview:-1"},"canonical":"https:\/\/ondauno.com.ar\/index.php\/2021\/08\/09\/gremios-aguardan-la-convocatoria-a-paritarias-cuales-son-los-pedidos-de-cada-sector\/","og_locale":"es_ES","og_type":"article","og_title":"Gremios aguardan la convocatoria a paritarias: cu\u00e1les son los pedidos de cada sector - 103.9 fm","og_description":"El gobierno de Axel Kicillof se comprometi\u00f3 a reabrir la discusi\u00f3n salarial en agosto, pero los sindicatos a\u00fan no fueron llamados. Los gremios bonaerenses de docentes, profesionales de la salud, judiciales y estatales salieron a presionar por la reapertura de las negociaciones salariales prometidas por la gesti\u00f3n de Axel Kicillof para agosto. Desde el Frente [&hellip;]","og_url":"https:\/\/ondauno.com.ar\/index.php\/2021\/08\/09\/gremios-aguardan-la-convocatoria-a-paritarias-cuales-son-los-pedidos-de-cada-sector\/","og_site_name":"103.9 fm","article_publisher":"https:\/\/www.facebook.com\/ondauno103.9","article_published_time":"2021-08-09T19:00:55+00:00","article_modified_time":"2021-08-09T19:00:57+00:00","og_image":[{"width":730,"height":487,"url":"https:\/\/ondauno.com.ar\/wp-content\/uploads\/2021\/08\/20210809152849_20210805162512_paritaria_docente.jpg","type":"image\/jpeg"}],"author":"fernando garcia","twitter_card":"summary_large_image","twitter_misc":{"Escrito por":"fernando garcia","Tiempo de lectura":"2 minutos"},"schema":{"@context":"https:\/\/schema.org","@graph":[{"@type":"WebPage","@id":"https:\/\/ondauno.com.ar\/index.php\/2021\/08\/09\/gremios-aguardan-la-convocatoria-a-paritarias-cuales-son-los-pedidos-de-cada-sector\/","url":"https:\/\/ondauno.com.ar\/index.php\/2021\/08\/09\/gremios-aguardan-la-convocatoria-a-paritarias-cuales-son-los-pedidos-de-cada-sector\/","name":"Gremios aguardan la convocatoria a paritarias: cu\u00e1les son los pedidos de cada sector - 103.9 fm","isPartOf":{"@id":"https:\/\/ondauno.com.ar\/#website"},"datePublished":"2021-08-09T19:00:55+00:00","dateModified":"2021-08-09T19:00:57+00:00","author":{"@id":"https:\/\/ondauno.com.ar\/#\/schema\/person\/201d1b68e6c75e0fd396fe5f8af5d139"},"breadcrumb":{"@id":"https:\/\/ondauno.com.ar\/index.php\/2021\/08\/09\/gremios-aguardan-la-convocatoria-a-paritarias-cuales-son-los-pedidos-de-cada-sector\/#breadcrumb"},"inLanguage":"es-AR","potentialAction":[{"@type":"ReadAction","target":["https:\/\/ondauno.com.ar\/index.php\/2021\/08\/09\/gremios-aguardan-la-convocatoria-a-paritarias-cuales-son-los-pedidos-de-cada-sector\/"]}]},{"@type":"BreadcrumbList","@id":"https:\/\/ondauno.com.ar\/index.php\/2021\/08\/09\/gremios-aguardan-la-convocatoria-a-paritarias-cuales-son-los-pedidos-de-cada-sector\/#breadcrumb","itemListElement":[{"@type":"ListItem","position":1,"name":"Inicio","item":"https:\/\/ondauno.com.ar\/"},{"@type":"ListItem","position":2,"name":"Gremios aguardan la convocatoria a paritarias: cu\u00e1les son los pedidos de cada sector"}]},{"@type":"WebSite","@id":"https:\/\/ondauno.com.ar\/#website","url":"https:\/\/ondauno.com.ar\/","name":"103.9 fm","description":"LA PRIMERA RADIO MULTIMEDIA DE TRES ARROYOS","potentialAction":[{"@type":"SearchAction","target":{"@type":"EntryPoint","urlTemplate":"https:\/\/ondauno.com.ar\/?s={search_term_string}"},"query-input":"required name=search_term_string"}],"inLanguage":"es-AR"},{"@type":"Person","@id":"https:\/\/ondauno.com.ar\/#\/schema\/person\/201d1b68e6c75e0fd396fe5f8af5d139","name":"fernando garcia","image":{"@type":"ImageObject","inLanguage":"es-AR","@id":"https:\/\/ondauno.com.ar\/#\/schema\/person\/image\/","url":"https:\/\/secure.gravatar.com\/avatar\/5f7254642ad81272e79a2e69653cfdfc?s=96&d=mm&r=g","contentUrl":"https:\/\/secure.gravatar.com\/avatar\/5f7254642ad81272e79a2e69653cfdfc?s=96&d=mm&r=g","caption":"fernando garcia"},"url":"https:\/\/ondauno.com.ar\/index.php\/author\/ondaunoeditor\/"}]}},"jetpack_publicize_connections":[],"jetpack_featured_media_url":"","jetpack_sharing_enabled":true,"_links":{"self":[{"href":"https:\/\/ondauno.com.ar\/index.php\/wp-json\/wp\/v2\/posts\/27560","targetHints":{"allow":["GET"]}}],"collection":[{"href":"https:\/\/ondauno.com.ar\/index.php\/wp-json\/wp\/v2\/posts"}],"about":[{"href":"https:\/\/ondauno.com.ar\/index.php\/wp-json\/wp\/v2\/types\/post"}],"author":[{"embeddable":true,"href":"https:\/\/ondauno.com.ar\/index.php\/wp-json\/wp\/v2\/users\/2"}],"replies":[{"embeddable":true,"href":"https:\/\/ondauno.com.ar\/index.php\/wp-json\/wp\/v2\/comments?post=27560"}],"version-history":[{"count":0,"href":"https:\/\/ondauno.com.ar\/index.php\/wp-json\/wp\/v2\/posts\/27560\/revisions"}],"wp:attachment":[{"href":"https:\/\/ondauno.com.ar\/index.php\/wp-json\/wp\/v2\/media?parent=27560"}],"wp:term":[{"taxonomy":"category","embeddable":true,"href":"https:\/\/ondauno.com.ar\/index.php\/wp-json\/wp\/v2\/categories?post=27560"},{"taxonomy":"post_tag","embeddable":true,"href":"https:\/\/ondauno.com.ar\/index.php\/wp-json\/wp\/v2\/tags?post=27560"}],"curies":[{"name":"wp","href":"https:\/\/api.w.org\/{rel}","templated":true}]}}