{"id":2750,"date":"2019-12-03T16:29:15","date_gmt":"2019-12-03T19:29:15","guid":{"rendered":"http:\/\/ondauno.com.ar\/?p=2750"},"modified":"2019-12-03T16:29:22","modified_gmt":"2019-12-03T19:29:22","slug":"haroldo-conti-y-su-geografia-en-un-seminario-organizado-por-adata","status":"publish","type":"post","link":"https:\/\/ondauno.com.ar\/index.php\/2019\/12\/03\/haroldo-conti-y-su-geografia-en-un-seminario-organizado-por-adata\/","title":{"rendered":"Haroldo Conti y su geograf\u00eda en un Seminario organizado por ADATA"},"content":{"rendered":"<div class=\"ondau-before-content_3\" style=\"margin-top: -30px;\" id=\"ondau-1102937348\"><a href=\"https:\/\/www.lps.com.ar\/\" aria-label=\"la-perse2\"><img loading=\"lazy\" decoding=\"async\" src=\"https:\/\/ondauno.com.ar\/wp-content\/uploads\/2021\/10\/la-perse2.jpg\" alt=\"\"  srcset=\"https:\/\/ondauno.com.ar\/wp-content\/uploads\/2021\/10\/la-perse2.jpg 1353w, https:\/\/ondauno.com.ar\/wp-content\/uploads\/2021\/10\/la-perse2-300x43.jpg 300w, https:\/\/ondauno.com.ar\/wp-content\/uploads\/2021\/10\/la-perse2-1024x148.jpg 1024w, https:\/\/ondauno.com.ar\/wp-content\/uploads\/2021\/10\/la-perse2-768x111.jpg 768w, https:\/\/ondauno.com.ar\/wp-content\/uploads\/2021\/10\/la-perse2-696x100.jpg 696w, https:\/\/ondauno.com.ar\/wp-content\/uploads\/2021\/10\/la-perse2-1068x154.jpg 1068w\" sizes=\"(max-width: 1353px) 100vw, 1353px\" class=\"no-lazyload\" width=\"1353\" height=\"195\"  style=\"display: inline-block;\" \/><\/a><\/div>\n<p>La Asociaci\u00f3n de Abogados de Tres Arroyos (ADATA) fue sede del seminario \u201cHaroldo Conti: geograf\u00edas de una escritura\u201d, a cargo de los docentes en Letras Mariano Taborda y Emilio Teno.\u00a0<br>Sandra Staniscia, profesora coordinadora del Taller de Escritura, y Marcelo Amado, presidente de la Asociaci\u00f3n de Abogados de Tres Arroyos, presentaron la actividad que se llevar\u00e1 a cabo a las 18.30 en Brandsen 474.\u00a0<br><\/p>\n\n\n\n<p>\u201cHaroldo Conti: Geograf\u00eda de una escritura\u201d es un seminario que dictaron con maestr\u00eda  los docentes marplatenses Mariano Taborda y Emilio Teno, una propuesta que rescat\u00f3 y someti\u00f3 a an\u00e1lisis la obra de Conti, al tiempo que la cruz\u00f3 con su vida.\u00a0<\/p>\n\n\n\n<p>En este sentido, los profesores compertieron im\u00e1genes de un documental en proceso en el que se escuchan las voces de los pobladores de Chacabuco-que en su gran mayor\u00eda no hab\u00edan le\u00eddo a Conti, aunque s\u00ed escucharon hablar de \u00e9l-y las de su hermana Pocha, sus tres hijos leyendo parte de su obra.<\/p>\n\n\n\n<p><br>Taborda y Teno, dos profesores de la carrera de Letras de la Universidad de Mar del Plata, realizaron este seminario en esa ciudad con mucho \u00e9xito.\u00a0<br><\/p>\n\n\n\n<p>Un escritor argentino cuya obra qued\u00f3 &#8220;desaparecida de la circulaci\u00f3n literaria y de la academia&#8221;, explicaron los disertantes.<\/p>\n\n\n\n<p>haroldo Conti naci\u00f3 en Chacabuco el 25 de mayo de 1925 y desapareci\u00f3 en Buenos Aires el 5 de mayo de 1976, unos veinte d\u00edas despu\u00e9s de la muerte de una de sus t\u00edas, hecho que motiv\u00f3 su \u00faltimo texto, ese que su esposa pidi\u00f3 a los captores &#8220;no tocaran, dejaran all\u00ed&#8221;, algo que en medio del caos del momento respetaron.<\/p>\n\n\n\n<p>&#8220;La geograf\u00eda de su ambiente est\u00e1 en su obra&#8221;, comentaron los profesores y marcaron diferentes citas de sus libros para ejemplificar estos dichos.<\/p>\n\n\n\n<p>Conti escribi\u00f3 cuatro noveles y tres libros de cuentos en forma alternada &#8220;Todos los veranos&#8221;,&#8221;Otra gente&#8221;,&#8221;El cuento perdido&#8221;, &#8220;Muerte de un hermano&#8221;,&#8221;Como un le\u00f3n&#8221;,&#8221;El \u00faltimo&#8221;, durante una primera etapa en los a\u00f1os \u00b460. Parte de la obra muestra a un narrador que toma la voz, una vida que el autor comienza interpelar, la de la burguesa en contraposici\u00f3n a la de as villas.<\/p>\n\n\n\n<p>&#8220;Conti fue un escritor de los vagabundos del siglo XX, de los Mart\u00edn Fierro urbanos&#8221;.<\/p>\n\n\n\n<p>De una d\u00e9cada a otra pas\u00f3 de ver a su pueblo sumido en el aburrimiento y la quietud al igual que sus personajes a una mirada que los colocaba en el lugar de la dignidad y reservorio de la pureza.<\/p>\n\n\n\n<p>Ejemplo de esto es el texto &#8220;La causa&#8221; o &#8220;Los novios&#8221;.<\/p>\n\n\n\n<p>En los a\u00f1os \u00b470 haroldo Conti modific\u00f3 su imagen sobre Chacabuco y los pocos cr\u00edticos que se refirieron a su obra coincidieron en que &#8220;cada persona tiene destinada una geograf\u00eda&#8221;.<\/p>\n\n\n\n<p>Sin dudas, la visita de Conti a Cuba cambi\u00f3 su perspectiva de la vida. Lleg\u00f3,como \u00e9l la llamaba- a la &#8220;Colina de Am\u00e9rica&#8221;.<\/p>\n\n\n\n<p>De esa \u00e9poca es &#8220;Congringo&#8221; (1972) y otros cuentos alrededor de la geograf\u00eda como &#8220;El hombre en vieje&#8221;, &#8220;La balada del \u00e1lamo Carolina&#8221;, &#8220;El tiempo loco del recuerdo&#8221; y finalmente el \u00faltimo, &#8220;A la diestra&#8221;.El d\u00eda que la dictadura c\u00edvico militar se llev\u00f3 a Conti, el borrador de este texto estaba sobre su escritorio y un cartel pegado a su m\u00e1quina de escribir &#8220;Este es mi lugar de lucha y de aqu\u00ed no me mover\u00e1n&#8221;.<\/p>\n\n\n\n<p>La novela &#8220;Alrededor de la jaula&#8221;, fue la excusa por la que Haroldo conoci\u00f3 a la madre de su hijo menor, Ernesto, as\u00ed lo cuenta \u00e9l en el documental que presentaron los profesores en la sede de ADATA<\/p>\n\n\n\n<p>&#8220;Sudeste&#8221;, su obra m\u00e1s reconocida y premiada describe el paisaje del delta que condiciona y da vida a sus personajes.<\/p>\n\n\n\n<p>&#8220;Mascar\u00f3&#8221; podr\u00eda ser el texto que firma su sentencia de muerte por el tratamiento que le da, ya sin demasiados tapujos aunque no de forma panfletaria, al tema de la revoluci\u00f3n y de la libertad e igualdad.<\/p>\n\n\n\n<p>Los disertantes se refirieron a este per\u00edodo como un momento de &#8220;crisis existencial de un hombre que naci\u00f3 en un pueblo y se fue a vivir a capital&#8221;.<\/p>\n\n\n\n<p><br>La profesora Staniscia adelant\u00f3 en entrevistas period\u00edsticas que \u201ces un escritor desaparecido en 1976 y con \u00e9l su obra. La dictadura militar ten\u00eda una comisi\u00f3n de an\u00e1lisis de texto, la que catalogaba. En el caso de Conti cuando edita \u2018Mascar\u00f3\u2019 en 1975, pr\u00e1cticamente es condenado a muerte, al a\u00f1o siguiente el 5 de mayo es secuestrado y permanece desaparecido\u201d, temas que desarrollaron con claridad Emilio Teno y Mariano Taborda.<\/p>\n\n\n\n<p><br>Esta propuesta abri\u00f3 un ciclo de seminarios de narrativa argentina que ADATA tiene previsto desarrollar a lo largo de 2020, con el objetivo de acercar al p\u00fablico a autores nacionales del siglo XX y XXI. Entendiendo a lo literario como una herramienta de configuraci\u00f3n y comprensi\u00f3n de la realidad, la entidad busca ofrecer a los asistentes claves de lectura para abordar la narrativa argentina a partir de las relaciones literatura-sociedad.<br><\/p>\n\n\n\n<p><br>La din\u00e1mica planteada fue la de  una charla con apertura final a preguntas, en la que los profesores expusieron sobre dos per\u00edodos bien marcados en Conti de cuentos y novelas, adem\u00e1s de  una exposici\u00f3n en simult\u00e1neo con la presentaci\u00f3n de la obra y el documental. <\/p>\n\n\n\n<figure class=\"wp-block-image\"><img decoding=\"async\" data-src=\"http:\/\/ondauno.com.ar\/wp-content\/uploads\/2019\/12\/WhatsApp-Image-2019-12-03-at-14.48.46-1-1024x768.jpeg\" alt=\"\" class=\"wp-image-2752 lazyload\" src=\"data:image\/gif;base64,R0lGODlhAQABAAAAACH5BAEKAAEALAAAAAABAAEAAAICTAEAOw==\" style=\"--smush-placeholder-width: 1024px; --smush-placeholder-aspect-ratio: 1024\/768;\" \/><noscript><img decoding=\"async\" src=\"http:\/\/ondauno.com.ar\/wp-content\/uploads\/2019\/12\/WhatsApp-Image-2019-12-03-at-14.48.46-1-1024x768.jpeg\" alt=\"\" class=\"wp-image-2752\"\/><\/noscript><\/figure>\n\n\n\n<p>Haroldo Conti<\/p>\n\n\n\n<p><br>Haroldo Conti naci\u00f3 en Chacabuco en 1925, fue secuestrado y desaparecido en 1976. Sus cuatro novelas, \u201cSudeste\u201d (1962), \u201cAlrededor de la jaula\u201d (1966), \u201cEn vida\u201d (1971), \u201cMascar\u00f3, el cazador americano\u201d (1975), y sus cuentos constituyen textos insoslayables en el panorama de la literatura argentina de la segunda parte del siglo XX.\u00a0<br>No obstante, su desaparici\u00f3n forzada incluy\u00f3 tambi\u00e9n la invisibilizaci\u00f3n de su obra y, como consecuencia, su posterior exclusi\u00f3n de la academia y de los espacios de cr\u00edtica literaria.\u00a0<br>\u00a0Partiendo de la premisa de que el nombre de Haroldo Conti ha alcanzado circulaci\u00f3n social a partir de la denominaci\u00f3n hom\u00f3nima del Centro Cultural de la Memoria de la Escuela de Mec\u00e1nica de la Armada (ESMA), \u2013 espacio clandestino de detenci\u00f3n, tortura y exterminio durante la \u00faltima dictadura c\u00edvico-militar-, ADATA organiza este seminario como puerta de entrada a su vida y obra y posibilidad de primera lectura de sus multipremiados textos.\u00a0 <\/p>\n","protected":false},"excerpt":{"rendered":"<p>La Asociaci\u00f3n de Abogados de Tres Arroyos (ADATA) fue sede del seminario \u201cHaroldo Conti: geograf\u00edas de una escritura\u201d, a cargo de los docentes en Letras Mariano Taborda y Emilio Teno.\u00a0Sandra Staniscia, profesora coordinadora del Taller de Escritura, y Marcelo Amado, presidente de la Asociaci\u00f3n de Abogados de Tres Arroyos, presentaron la actividad que se llevar\u00e1 [&hellip;]<\/p>\n","protected":false},"author":2,"featured_media":0,"comment_status":"open","ping_status":"open","sticky":false,"template":"","format":"standard","meta":{"tdm_status":"","tdm_grid_status":"","_jetpack_memberships_contains_paid_content":false,"footnotes":"","jetpack_publicize_message":"","jetpack_publicize_feature_enabled":true,"jetpack_social_post_already_shared":false,"jetpack_social_options":{"image_generator_settings":{"template":"highway","default_image_id":0,"font":"","enabled":false},"version":2}},"categories":[28],"tags":[],"class_list":{"0":"post-2750","1":"post","2":"type-post","3":"status-publish","4":"format-standard","6":"category-interes-general"},"yoast_head":"<!-- This site is optimized with the Yoast SEO plugin v22.7 - https:\/\/yoast.com\/wordpress\/plugins\/seo\/ -->\n<title>Haroldo Conti y su geograf\u00eda en un Seminario organizado por ADATA - 103.9 fm<\/title>\n<meta name=\"robots\" content=\"index, follow, max-snippet:-1, max-image-preview:large, max-video-preview:-1\" \/>\n<link rel=\"canonical\" href=\"https:\/\/ondauno.com.ar\/index.php\/2019\/12\/03\/haroldo-conti-y-su-geografia-en-un-seminario-organizado-por-adata\/\" \/>\n<meta property=\"og:locale\" content=\"es_ES\" \/>\n<meta property=\"og:type\" content=\"article\" \/>\n<meta property=\"og:title\" content=\"Haroldo Conti y su geograf\u00eda en un Seminario organizado por ADATA - 103.9 fm\" \/>\n<meta property=\"og:description\" content=\"La Asociaci\u00f3n de Abogados de Tres Arroyos (ADATA) fue sede del seminario \u201cHaroldo Conti: geograf\u00edas de una escritura\u201d, a cargo de los docentes en Letras Mariano Taborda y Emilio Teno.\u00a0Sandra Staniscia, profesora coordinadora del Taller de Escritura, y Marcelo Amado, presidente de la Asociaci\u00f3n de Abogados de Tres Arroyos, presentaron la actividad que se llevar\u00e1 [&hellip;]\" \/>\n<meta property=\"og:url\" content=\"https:\/\/ondauno.com.ar\/index.php\/2019\/12\/03\/haroldo-conti-y-su-geografia-en-un-seminario-organizado-por-adata\/\" \/>\n<meta property=\"og:site_name\" content=\"103.9 fm\" \/>\n<meta property=\"article:publisher\" content=\"https:\/\/www.facebook.com\/ondauno103.9\" \/>\n<meta property=\"article:published_time\" content=\"2019-12-03T19:29:15+00:00\" \/>\n<meta property=\"article:modified_time\" content=\"2019-12-03T19:29:22+00:00\" \/>\n<meta property=\"og:image\" content=\"https:\/\/ondauno.com.ar\/wp-content\/uploads\/2019\/12\/WhatsApp-Image-2019-12-03-at-14.48.46-2.jpeg\" \/>\n\t<meta property=\"og:image:width\" content=\"1040\" \/>\n\t<meta property=\"og:image:height\" content=\"780\" \/>\n\t<meta property=\"og:image:type\" content=\"image\/jpeg\" \/>\n<meta name=\"author\" content=\"fernando garcia\" \/>\n<meta name=\"twitter:card\" content=\"summary_large_image\" \/>\n<meta name=\"twitter:label1\" content=\"Escrito por\" \/>\n\t<meta name=\"twitter:data1\" content=\"fernando garcia\" \/>\n\t<meta name=\"twitter:label2\" content=\"Tiempo de lectura\" \/>\n\t<meta name=\"twitter:data2\" content=\"5 minutos\" \/>\n<script type=\"application\/ld+json\" class=\"yoast-schema-graph\">{\"@context\":\"https:\/\/schema.org\",\"@graph\":[{\"@type\":\"WebPage\",\"@id\":\"https:\/\/ondauno.com.ar\/index.php\/2019\/12\/03\/haroldo-conti-y-su-geografia-en-un-seminario-organizado-por-adata\/\",\"url\":\"https:\/\/ondauno.com.ar\/index.php\/2019\/12\/03\/haroldo-conti-y-su-geografia-en-un-seminario-organizado-por-adata\/\",\"name\":\"Haroldo Conti y su geograf\u00eda en un Seminario organizado por ADATA - 103.9 fm\",\"isPartOf\":{\"@id\":\"https:\/\/ondauno.com.ar\/#website\"},\"primaryImageOfPage\":{\"@id\":\"https:\/\/ondauno.com.ar\/index.php\/2019\/12\/03\/haroldo-conti-y-su-geografia-en-un-seminario-organizado-por-adata\/#primaryimage\"},\"image\":{\"@id\":\"https:\/\/ondauno.com.ar\/index.php\/2019\/12\/03\/haroldo-conti-y-su-geografia-en-un-seminario-organizado-por-adata\/#primaryimage\"},\"thumbnailUrl\":\"http:\/\/ondauno.com.ar\/wp-content\/uploads\/2019\/12\/WhatsApp-Image-2019-12-03-at-14.48.46-1-1024x768.jpeg\",\"datePublished\":\"2019-12-03T19:29:15+00:00\",\"dateModified\":\"2019-12-03T19:29:22+00:00\",\"author\":{\"@id\":\"https:\/\/ondauno.com.ar\/#\/schema\/person\/201d1b68e6c75e0fd396fe5f8af5d139\"},\"breadcrumb\":{\"@id\":\"https:\/\/ondauno.com.ar\/index.php\/2019\/12\/03\/haroldo-conti-y-su-geografia-en-un-seminario-organizado-por-adata\/#breadcrumb\"},\"inLanguage\":\"es-AR\",\"potentialAction\":[{\"@type\":\"ReadAction\",\"target\":[\"https:\/\/ondauno.com.ar\/index.php\/2019\/12\/03\/haroldo-conti-y-su-geografia-en-un-seminario-organizado-por-adata\/\"]}]},{\"@type\":\"ImageObject\",\"inLanguage\":\"es-AR\",\"@id\":\"https:\/\/ondauno.com.ar\/index.php\/2019\/12\/03\/haroldo-conti-y-su-geografia-en-un-seminario-organizado-por-adata\/#primaryimage\",\"url\":\"\",\"contentUrl\":\"\"},{\"@type\":\"BreadcrumbList\",\"@id\":\"https:\/\/ondauno.com.ar\/index.php\/2019\/12\/03\/haroldo-conti-y-su-geografia-en-un-seminario-organizado-por-adata\/#breadcrumb\",\"itemListElement\":[{\"@type\":\"ListItem\",\"position\":1,\"name\":\"Inicio\",\"item\":\"https:\/\/ondauno.com.ar\/\"},{\"@type\":\"ListItem\",\"position\":2,\"name\":\"Haroldo Conti y su geograf\u00eda en un Seminario organizado por ADATA\"}]},{\"@type\":\"WebSite\",\"@id\":\"https:\/\/ondauno.com.ar\/#website\",\"url\":\"https:\/\/ondauno.com.ar\/\",\"name\":\"103.9 fm\",\"description\":\"LA PRIMERA RADIO MULTIMEDIA DE TRES ARROYOS\",\"potentialAction\":[{\"@type\":\"SearchAction\",\"target\":{\"@type\":\"EntryPoint\",\"urlTemplate\":\"https:\/\/ondauno.com.ar\/?s={search_term_string}\"},\"query-input\":\"required name=search_term_string\"}],\"inLanguage\":\"es-AR\"},{\"@type\":\"Person\",\"@id\":\"https:\/\/ondauno.com.ar\/#\/schema\/person\/201d1b68e6c75e0fd396fe5f8af5d139\",\"name\":\"fernando garcia\",\"image\":{\"@type\":\"ImageObject\",\"inLanguage\":\"es-AR\",\"@id\":\"https:\/\/ondauno.com.ar\/#\/schema\/person\/image\/\",\"url\":\"https:\/\/secure.gravatar.com\/avatar\/5f7254642ad81272e79a2e69653cfdfc?s=96&d=mm&r=g\",\"contentUrl\":\"https:\/\/secure.gravatar.com\/avatar\/5f7254642ad81272e79a2e69653cfdfc?s=96&d=mm&r=g\",\"caption\":\"fernando garcia\"},\"url\":\"https:\/\/ondauno.com.ar\/index.php\/author\/ondaunoeditor\/\"}]}<\/script>\n<!-- \/ Yoast SEO plugin. -->","yoast_head_json":{"title":"Haroldo Conti y su geograf\u00eda en un Seminario organizado por ADATA - 103.9 fm","robots":{"index":"index","follow":"follow","max-snippet":"max-snippet:-1","max-image-preview":"max-image-preview:large","max-video-preview":"max-video-preview:-1"},"canonical":"https:\/\/ondauno.com.ar\/index.php\/2019\/12\/03\/haroldo-conti-y-su-geografia-en-un-seminario-organizado-por-adata\/","og_locale":"es_ES","og_type":"article","og_title":"Haroldo Conti y su geograf\u00eda en un Seminario organizado por ADATA - 103.9 fm","og_description":"La Asociaci\u00f3n de Abogados de Tres Arroyos (ADATA) fue sede del seminario \u201cHaroldo Conti: geograf\u00edas de una escritura\u201d, a cargo de los docentes en Letras Mariano Taborda y Emilio Teno.\u00a0Sandra Staniscia, profesora coordinadora del Taller de Escritura, y Marcelo Amado, presidente de la Asociaci\u00f3n de Abogados de Tres Arroyos, presentaron la actividad que se llevar\u00e1 [&hellip;]","og_url":"https:\/\/ondauno.com.ar\/index.php\/2019\/12\/03\/haroldo-conti-y-su-geografia-en-un-seminario-organizado-por-adata\/","og_site_name":"103.9 fm","article_publisher":"https:\/\/www.facebook.com\/ondauno103.9","article_published_time":"2019-12-03T19:29:15+00:00","article_modified_time":"2019-12-03T19:29:22+00:00","og_image":[{"width":1040,"height":780,"url":"https:\/\/ondauno.com.ar\/wp-content\/uploads\/2019\/12\/WhatsApp-Image-2019-12-03-at-14.48.46-2.jpeg","type":"image\/jpeg"}],"author":"fernando garcia","twitter_card":"summary_large_image","twitter_misc":{"Escrito por":"fernando garcia","Tiempo de lectura":"5 minutos"},"schema":{"@context":"https:\/\/schema.org","@graph":[{"@type":"WebPage","@id":"https:\/\/ondauno.com.ar\/index.php\/2019\/12\/03\/haroldo-conti-y-su-geografia-en-un-seminario-organizado-por-adata\/","url":"https:\/\/ondauno.com.ar\/index.php\/2019\/12\/03\/haroldo-conti-y-su-geografia-en-un-seminario-organizado-por-adata\/","name":"Haroldo Conti y su geograf\u00eda en un Seminario organizado por ADATA - 103.9 fm","isPartOf":{"@id":"https:\/\/ondauno.com.ar\/#website"},"primaryImageOfPage":{"@id":"https:\/\/ondauno.com.ar\/index.php\/2019\/12\/03\/haroldo-conti-y-su-geografia-en-un-seminario-organizado-por-adata\/#primaryimage"},"image":{"@id":"https:\/\/ondauno.com.ar\/index.php\/2019\/12\/03\/haroldo-conti-y-su-geografia-en-un-seminario-organizado-por-adata\/#primaryimage"},"thumbnailUrl":"http:\/\/ondauno.com.ar\/wp-content\/uploads\/2019\/12\/WhatsApp-Image-2019-12-03-at-14.48.46-1-1024x768.jpeg","datePublished":"2019-12-03T19:29:15+00:00","dateModified":"2019-12-03T19:29:22+00:00","author":{"@id":"https:\/\/ondauno.com.ar\/#\/schema\/person\/201d1b68e6c75e0fd396fe5f8af5d139"},"breadcrumb":{"@id":"https:\/\/ondauno.com.ar\/index.php\/2019\/12\/03\/haroldo-conti-y-su-geografia-en-un-seminario-organizado-por-adata\/#breadcrumb"},"inLanguage":"es-AR","potentialAction":[{"@type":"ReadAction","target":["https:\/\/ondauno.com.ar\/index.php\/2019\/12\/03\/haroldo-conti-y-su-geografia-en-un-seminario-organizado-por-adata\/"]}]},{"@type":"ImageObject","inLanguage":"es-AR","@id":"https:\/\/ondauno.com.ar\/index.php\/2019\/12\/03\/haroldo-conti-y-su-geografia-en-un-seminario-organizado-por-adata\/#primaryimage","url":"","contentUrl":""},{"@type":"BreadcrumbList","@id":"https:\/\/ondauno.com.ar\/index.php\/2019\/12\/03\/haroldo-conti-y-su-geografia-en-un-seminario-organizado-por-adata\/#breadcrumb","itemListElement":[{"@type":"ListItem","position":1,"name":"Inicio","item":"https:\/\/ondauno.com.ar\/"},{"@type":"ListItem","position":2,"name":"Haroldo Conti y su geograf\u00eda en un Seminario organizado por ADATA"}]},{"@type":"WebSite","@id":"https:\/\/ondauno.com.ar\/#website","url":"https:\/\/ondauno.com.ar\/","name":"103.9 fm","description":"LA PRIMERA RADIO MULTIMEDIA DE TRES ARROYOS","potentialAction":[{"@type":"SearchAction","target":{"@type":"EntryPoint","urlTemplate":"https:\/\/ondauno.com.ar\/?s={search_term_string}"},"query-input":"required name=search_term_string"}],"inLanguage":"es-AR"},{"@type":"Person","@id":"https:\/\/ondauno.com.ar\/#\/schema\/person\/201d1b68e6c75e0fd396fe5f8af5d139","name":"fernando garcia","image":{"@type":"ImageObject","inLanguage":"es-AR","@id":"https:\/\/ondauno.com.ar\/#\/schema\/person\/image\/","url":"https:\/\/secure.gravatar.com\/avatar\/5f7254642ad81272e79a2e69653cfdfc?s=96&d=mm&r=g","contentUrl":"https:\/\/secure.gravatar.com\/avatar\/5f7254642ad81272e79a2e69653cfdfc?s=96&d=mm&r=g","caption":"fernando garcia"},"url":"https:\/\/ondauno.com.ar\/index.php\/author\/ondaunoeditor\/"}]}},"jetpack_publicize_connections":[],"jetpack_featured_media_url":"","jetpack_sharing_enabled":true,"_links":{"self":[{"href":"https:\/\/ondauno.com.ar\/index.php\/wp-json\/wp\/v2\/posts\/2750","targetHints":{"allow":["GET"]}}],"collection":[{"href":"https:\/\/ondauno.com.ar\/index.php\/wp-json\/wp\/v2\/posts"}],"about":[{"href":"https:\/\/ondauno.com.ar\/index.php\/wp-json\/wp\/v2\/types\/post"}],"author":[{"embeddable":true,"href":"https:\/\/ondauno.com.ar\/index.php\/wp-json\/wp\/v2\/users\/2"}],"replies":[{"embeddable":true,"href":"https:\/\/ondauno.com.ar\/index.php\/wp-json\/wp\/v2\/comments?post=2750"}],"version-history":[{"count":0,"href":"https:\/\/ondauno.com.ar\/index.php\/wp-json\/wp\/v2\/posts\/2750\/revisions"}],"wp:attachment":[{"href":"https:\/\/ondauno.com.ar\/index.php\/wp-json\/wp\/v2\/media?parent=2750"}],"wp:term":[{"taxonomy":"category","embeddable":true,"href":"https:\/\/ondauno.com.ar\/index.php\/wp-json\/wp\/v2\/categories?post=2750"},{"taxonomy":"post_tag","embeddable":true,"href":"https:\/\/ondauno.com.ar\/index.php\/wp-json\/wp\/v2\/tags?post=2750"}],"curies":[{"name":"wp","href":"https:\/\/api.w.org\/{rel}","templated":true}]}}