{"id":2747,"date":"2019-12-03T15:54:23","date_gmt":"2019-12-03T18:54:23","guid":{"rendered":"http:\/\/ondauno.com.ar\/?p=2747"},"modified":"2019-12-03T15:54:29","modified_gmt":"2019-12-03T18:54:29","slug":"la-ilusion-del-agua-potable-en-reta","status":"publish","type":"post","link":"https:\/\/ondauno.com.ar\/index.php\/2019\/12\/03\/la-ilusion-del-agua-potable-en-reta\/","title":{"rendered":"La ilusi\u00f3n del agua potable en Reta"},"content":{"rendered":"<div class=\"ondau-before-content_3\" style=\"margin-top: -30px;\" id=\"ondau-1030626991\"><a href=\"https:\/\/www.lps.com.ar\/\" aria-label=\"la-perse2\"><img loading=\"lazy\" decoding=\"async\" src=\"https:\/\/ondauno.com.ar\/wp-content\/uploads\/2021\/10\/la-perse2.jpg\" alt=\"\"  srcset=\"https:\/\/ondauno.com.ar\/wp-content\/uploads\/2021\/10\/la-perse2.jpg 1353w, https:\/\/ondauno.com.ar\/wp-content\/uploads\/2021\/10\/la-perse2-300x43.jpg 300w, https:\/\/ondauno.com.ar\/wp-content\/uploads\/2021\/10\/la-perse2-1024x148.jpg 1024w, https:\/\/ondauno.com.ar\/wp-content\/uploads\/2021\/10\/la-perse2-768x111.jpg 768w, https:\/\/ondauno.com.ar\/wp-content\/uploads\/2021\/10\/la-perse2-696x100.jpg 696w, https:\/\/ondauno.com.ar\/wp-content\/uploads\/2021\/10\/la-perse2-1068x154.jpg 1068w\" sizes=\"(max-width: 1353px) 100vw, 1353px\" class=\"no-lazyload\" width=\"1353\" height=\"195\"  style=\"display: inline-block;\" \/><\/a><\/div>\n<p>Un comunicado enviado por La 23, organizaci\u00f3n peronista de Reta manifiesta que :<\/p>\n\n\n\n<p>&#8220;En el mediod\u00eda de hoy recibimos en Reta a los enviados de la Defensor\u00eda del Pueblo de La Pcia. De Buenos Aires, Jorge Ruesca, Secretario de Servicios P\u00fablicos y Nestor Alvarez, Director de Infraestructura, acompa\u00f1ados por el Concejal saliente Martin Garrido y el Diputado Pablo HumbertoGarate quienes junto a Vecinos Autoconvocados de Reta hab\u00edan iniciado el reclamo hace un tiempo sin tener respuesta por parte del Municipio, ni del Gobierno de Vidal.<br> <\/p>\n\n\n\n<p>El compromiso de llevar el caso a la pr\u00f3xima instancia, que ser\u00eda llegar a una mesa de trabajo, dej\u00f3 a los vecinos que nos reunimos expectantes. Se plantearon como objetivos, tener agua potable, multiplicar la cantidad de canillas, llegar a tener agua potable de red, cosas que parecen incre\u00edbles tener que pelear con una poblaci\u00f3n cercana a los mil habitantes, siendo Reta seg\u00fan los funcionarios uno de los pueblos contados con los dedos que con esa poblaci\u00f3n as\u00ed no cuentan con el servicio b\u00e1sico.<br> Se plantearon tambi\u00e9n otros reclamos, edificio propio para el Jard\u00edn de Infantes y secundario, arreglo del edificio de la escuela primaria, ubicaci\u00f3n de la antena de telefon\u00eda, se valor\u00f3 el potencial de la localidad en cuanto a Turismo, pero a sabiendas que sin planeamiento ni compromiso de otras instituciones que deber\u00edan trabajar en fomentar la localidad es muy dif\u00edcil desarrollarse.<br><\/p>\n\n\n\n<p> En esta acci\u00f3n como organizaci\u00f3n acompa\u00f1amos, como lo hab\u00edamos hecho personalmente estando en autoconvocados.<br> Agradecemos el compromiso de todos en este tema tan delicado para la salud de los y las habitantes. <br> Importantisimo ver que parte de lo que fue autoconvocados se haya hecho presente, siendo ellos responsables de poner este tema en agenda, y hacer el seguimiento, tambi\u00e9n a cada uno de los vecinos que se tomaron el tiempo para estar y plantear sus inquietudes.<br> Armando, Sabrina, Luis, Florencia, Maria Ang\u00e9lica. Disculpen si se nos escapa alguno de los que dieron el puntapi\u00e9 y hoy estuvieron empujando para que se haga realidad tener agua potable de verdad&#8221;<\/p>\n\n\n\n<p>La 23 de Mayo &#8211; Reta<\/p>\n","protected":false},"excerpt":{"rendered":"<p>Un comunicado enviado por La 23, organizaci\u00f3n peronista de Reta manifiesta que : &#8220;En el mediod\u00eda de hoy recibimos en Reta a los enviados de la Defensor\u00eda del Pueblo de La Pcia. De Buenos Aires, Jorge Ruesca, Secretario de Servicios P\u00fablicos y Nestor Alvarez, Director de Infraestructura, acompa\u00f1ados por el Concejal saliente Martin Garrido y [&hellip;]<\/p>\n","protected":false},"author":2,"featured_media":0,"comment_status":"open","ping_status":"open","sticky":false,"template":"","format":"standard","meta":{"tdm_status":"","tdm_grid_status":"","_jetpack_memberships_contains_paid_content":false,"footnotes":"","jetpack_publicize_message":"","jetpack_publicize_feature_enabled":true,"jetpack_social_post_already_shared":false,"jetpack_social_options":{"image_generator_settings":{"template":"highway","default_image_id":0,"font":"","enabled":false},"version":2}},"categories":[35],"tags":[],"class_list":{"0":"post-2747","1":"post","2":"type-post","3":"status-publish","4":"format-standard","6":"category-regionales"},"yoast_head":"<!-- This site is optimized with the Yoast SEO plugin v22.7 - https:\/\/yoast.com\/wordpress\/plugins\/seo\/ -->\n<title>La ilusi\u00f3n del agua potable en Reta - 103.9 fm<\/title>\n<meta name=\"robots\" content=\"index, follow, max-snippet:-1, max-image-preview:large, max-video-preview:-1\" \/>\n<link rel=\"canonical\" href=\"https:\/\/ondauno.com.ar\/index.php\/2019\/12\/03\/la-ilusion-del-agua-potable-en-reta\/\" \/>\n<meta property=\"og:locale\" content=\"es_ES\" \/>\n<meta property=\"og:type\" content=\"article\" \/>\n<meta property=\"og:title\" content=\"La ilusi\u00f3n del agua potable en Reta - 103.9 fm\" \/>\n<meta property=\"og:description\" content=\"Un comunicado enviado por La 23, organizaci\u00f3n peronista de Reta manifiesta que : &#8220;En el mediod\u00eda de hoy recibimos en Reta a los enviados de la Defensor\u00eda del Pueblo de La Pcia. De Buenos Aires, Jorge Ruesca, Secretario de Servicios P\u00fablicos y Nestor Alvarez, Director de Infraestructura, acompa\u00f1ados por el Concejal saliente Martin Garrido y [&hellip;]\" \/>\n<meta property=\"og:url\" content=\"https:\/\/ondauno.com.ar\/index.php\/2019\/12\/03\/la-ilusion-del-agua-potable-en-reta\/\" \/>\n<meta property=\"og:site_name\" content=\"103.9 fm\" \/>\n<meta property=\"article:publisher\" content=\"https:\/\/www.facebook.com\/ondauno103.9\" \/>\n<meta property=\"article:published_time\" content=\"2019-12-03T18:54:23+00:00\" \/>\n<meta property=\"article:modified_time\" content=\"2019-12-03T18:54:29+00:00\" \/>\n<meta property=\"og:image\" content=\"https:\/\/ondauno.com.ar\/wp-content\/uploads\/2019\/12\/WhatsApp-Image-2019-12-02-at-23.55.51.jpeg\" \/>\n\t<meta property=\"og:image:width\" content=\"1280\" \/>\n\t<meta property=\"og:image:height\" content=\"720\" \/>\n\t<meta property=\"og:image:type\" content=\"image\/jpeg\" \/>\n<meta name=\"author\" content=\"fernando garcia\" \/>\n<meta name=\"twitter:card\" content=\"summary_large_image\" \/>\n<meta name=\"twitter:label1\" content=\"Escrito por\" \/>\n\t<meta name=\"twitter:data1\" content=\"fernando garcia\" \/>\n\t<meta name=\"twitter:label2\" content=\"Tiempo de lectura\" \/>\n\t<meta name=\"twitter:data2\" content=\"2 minutos\" \/>\n<script type=\"application\/ld+json\" class=\"yoast-schema-graph\">{\"@context\":\"https:\/\/schema.org\",\"@graph\":[{\"@type\":\"WebPage\",\"@id\":\"https:\/\/ondauno.com.ar\/index.php\/2019\/12\/03\/la-ilusion-del-agua-potable-en-reta\/\",\"url\":\"https:\/\/ondauno.com.ar\/index.php\/2019\/12\/03\/la-ilusion-del-agua-potable-en-reta\/\",\"name\":\"La ilusi\u00f3n del agua potable en Reta - 103.9 fm\",\"isPartOf\":{\"@id\":\"https:\/\/ondauno.com.ar\/#website\"},\"datePublished\":\"2019-12-03T18:54:23+00:00\",\"dateModified\":\"2019-12-03T18:54:29+00:00\",\"author\":{\"@id\":\"https:\/\/ondauno.com.ar\/#\/schema\/person\/201d1b68e6c75e0fd396fe5f8af5d139\"},\"breadcrumb\":{\"@id\":\"https:\/\/ondauno.com.ar\/index.php\/2019\/12\/03\/la-ilusion-del-agua-potable-en-reta\/#breadcrumb\"},\"inLanguage\":\"es-AR\",\"potentialAction\":[{\"@type\":\"ReadAction\",\"target\":[\"https:\/\/ondauno.com.ar\/index.php\/2019\/12\/03\/la-ilusion-del-agua-potable-en-reta\/\"]}]},{\"@type\":\"BreadcrumbList\",\"@id\":\"https:\/\/ondauno.com.ar\/index.php\/2019\/12\/03\/la-ilusion-del-agua-potable-en-reta\/#breadcrumb\",\"itemListElement\":[{\"@type\":\"ListItem\",\"position\":1,\"name\":\"Inicio\",\"item\":\"https:\/\/ondauno.com.ar\/\"},{\"@type\":\"ListItem\",\"position\":2,\"name\":\"La ilusi\u00f3n del agua potable en Reta\"}]},{\"@type\":\"WebSite\",\"@id\":\"https:\/\/ondauno.com.ar\/#website\",\"url\":\"https:\/\/ondauno.com.ar\/\",\"name\":\"103.9 fm\",\"description\":\"LA PRIMERA RADIO MULTIMEDIA DE TRES ARROYOS\",\"potentialAction\":[{\"@type\":\"SearchAction\",\"target\":{\"@type\":\"EntryPoint\",\"urlTemplate\":\"https:\/\/ondauno.com.ar\/?s={search_term_string}\"},\"query-input\":\"required name=search_term_string\"}],\"inLanguage\":\"es-AR\"},{\"@type\":\"Person\",\"@id\":\"https:\/\/ondauno.com.ar\/#\/schema\/person\/201d1b68e6c75e0fd396fe5f8af5d139\",\"name\":\"fernando garcia\",\"image\":{\"@type\":\"ImageObject\",\"inLanguage\":\"es-AR\",\"@id\":\"https:\/\/ondauno.com.ar\/#\/schema\/person\/image\/\",\"url\":\"https:\/\/secure.gravatar.com\/avatar\/5f7254642ad81272e79a2e69653cfdfc?s=96&d=mm&r=g\",\"contentUrl\":\"https:\/\/secure.gravatar.com\/avatar\/5f7254642ad81272e79a2e69653cfdfc?s=96&d=mm&r=g\",\"caption\":\"fernando garcia\"},\"url\":\"https:\/\/ondauno.com.ar\/index.php\/author\/ondaunoeditor\/\"}]}<\/script>\n<!-- \/ Yoast SEO plugin. -->","yoast_head_json":{"title":"La ilusi\u00f3n del agua potable en Reta - 103.9 fm","robots":{"index":"index","follow":"follow","max-snippet":"max-snippet:-1","max-image-preview":"max-image-preview:large","max-video-preview":"max-video-preview:-1"},"canonical":"https:\/\/ondauno.com.ar\/index.php\/2019\/12\/03\/la-ilusion-del-agua-potable-en-reta\/","og_locale":"es_ES","og_type":"article","og_title":"La ilusi\u00f3n del agua potable en Reta - 103.9 fm","og_description":"Un comunicado enviado por La 23, organizaci\u00f3n peronista de Reta manifiesta que : &#8220;En el mediod\u00eda de hoy recibimos en Reta a los enviados de la Defensor\u00eda del Pueblo de La Pcia. De Buenos Aires, Jorge Ruesca, Secretario de Servicios P\u00fablicos y Nestor Alvarez, Director de Infraestructura, acompa\u00f1ados por el Concejal saliente Martin Garrido y [&hellip;]","og_url":"https:\/\/ondauno.com.ar\/index.php\/2019\/12\/03\/la-ilusion-del-agua-potable-en-reta\/","og_site_name":"103.9 fm","article_publisher":"https:\/\/www.facebook.com\/ondauno103.9","article_published_time":"2019-12-03T18:54:23+00:00","article_modified_time":"2019-12-03T18:54:29+00:00","og_image":[{"width":1280,"height":720,"url":"https:\/\/ondauno.com.ar\/wp-content\/uploads\/2019\/12\/WhatsApp-Image-2019-12-02-at-23.55.51.jpeg","type":"image\/jpeg"}],"author":"fernando garcia","twitter_card":"summary_large_image","twitter_misc":{"Escrito por":"fernando garcia","Tiempo de lectura":"2 minutos"},"schema":{"@context":"https:\/\/schema.org","@graph":[{"@type":"WebPage","@id":"https:\/\/ondauno.com.ar\/index.php\/2019\/12\/03\/la-ilusion-del-agua-potable-en-reta\/","url":"https:\/\/ondauno.com.ar\/index.php\/2019\/12\/03\/la-ilusion-del-agua-potable-en-reta\/","name":"La ilusi\u00f3n del agua potable en Reta - 103.9 fm","isPartOf":{"@id":"https:\/\/ondauno.com.ar\/#website"},"datePublished":"2019-12-03T18:54:23+00:00","dateModified":"2019-12-03T18:54:29+00:00","author":{"@id":"https:\/\/ondauno.com.ar\/#\/schema\/person\/201d1b68e6c75e0fd396fe5f8af5d139"},"breadcrumb":{"@id":"https:\/\/ondauno.com.ar\/index.php\/2019\/12\/03\/la-ilusion-del-agua-potable-en-reta\/#breadcrumb"},"inLanguage":"es-AR","potentialAction":[{"@type":"ReadAction","target":["https:\/\/ondauno.com.ar\/index.php\/2019\/12\/03\/la-ilusion-del-agua-potable-en-reta\/"]}]},{"@type":"BreadcrumbList","@id":"https:\/\/ondauno.com.ar\/index.php\/2019\/12\/03\/la-ilusion-del-agua-potable-en-reta\/#breadcrumb","itemListElement":[{"@type":"ListItem","position":1,"name":"Inicio","item":"https:\/\/ondauno.com.ar\/"},{"@type":"ListItem","position":2,"name":"La ilusi\u00f3n del agua potable en Reta"}]},{"@type":"WebSite","@id":"https:\/\/ondauno.com.ar\/#website","url":"https:\/\/ondauno.com.ar\/","name":"103.9 fm","description":"LA PRIMERA RADIO MULTIMEDIA DE TRES ARROYOS","potentialAction":[{"@type":"SearchAction","target":{"@type":"EntryPoint","urlTemplate":"https:\/\/ondauno.com.ar\/?s={search_term_string}"},"query-input":"required name=search_term_string"}],"inLanguage":"es-AR"},{"@type":"Person","@id":"https:\/\/ondauno.com.ar\/#\/schema\/person\/201d1b68e6c75e0fd396fe5f8af5d139","name":"fernando garcia","image":{"@type":"ImageObject","inLanguage":"es-AR","@id":"https:\/\/ondauno.com.ar\/#\/schema\/person\/image\/","url":"https:\/\/secure.gravatar.com\/avatar\/5f7254642ad81272e79a2e69653cfdfc?s=96&d=mm&r=g","contentUrl":"https:\/\/secure.gravatar.com\/avatar\/5f7254642ad81272e79a2e69653cfdfc?s=96&d=mm&r=g","caption":"fernando garcia"},"url":"https:\/\/ondauno.com.ar\/index.php\/author\/ondaunoeditor\/"}]}},"jetpack_publicize_connections":[],"jetpack_featured_media_url":"","jetpack_sharing_enabled":true,"_links":{"self":[{"href":"https:\/\/ondauno.com.ar\/index.php\/wp-json\/wp\/v2\/posts\/2747","targetHints":{"allow":["GET"]}}],"collection":[{"href":"https:\/\/ondauno.com.ar\/index.php\/wp-json\/wp\/v2\/posts"}],"about":[{"href":"https:\/\/ondauno.com.ar\/index.php\/wp-json\/wp\/v2\/types\/post"}],"author":[{"embeddable":true,"href":"https:\/\/ondauno.com.ar\/index.php\/wp-json\/wp\/v2\/users\/2"}],"replies":[{"embeddable":true,"href":"https:\/\/ondauno.com.ar\/index.php\/wp-json\/wp\/v2\/comments?post=2747"}],"version-history":[{"count":0,"href":"https:\/\/ondauno.com.ar\/index.php\/wp-json\/wp\/v2\/posts\/2747\/revisions"}],"wp:attachment":[{"href":"https:\/\/ondauno.com.ar\/index.php\/wp-json\/wp\/v2\/media?parent=2747"}],"wp:term":[{"taxonomy":"category","embeddable":true,"href":"https:\/\/ondauno.com.ar\/index.php\/wp-json\/wp\/v2\/categories?post=2747"},{"taxonomy":"post_tag","embeddable":true,"href":"https:\/\/ondauno.com.ar\/index.php\/wp-json\/wp\/v2\/tags?post=2747"}],"curies":[{"name":"wp","href":"https:\/\/api.w.org\/{rel}","templated":true}]}}