{"id":27291,"date":"2021-08-03T13:26:03","date_gmt":"2021-08-03T16:26:03","guid":{"rendered":"http:\/\/ondauno.com.ar\/?p=27291"},"modified":"2021-08-03T15:36:11","modified_gmt":"2021-08-03T18:36:11","slug":"llega-la-fragata-libertad-a-claromeco-te-contamos-como-sera-su-visita","status":"publish","type":"post","link":"https:\/\/ondauno.com.ar\/index.php\/2021\/08\/03\/llega-la-fragata-libertad-a-claromeco-te-contamos-como-sera-su-visita\/","title":{"rendered":"Llega la fragata Libertad a Claromec\u00f3: te contamos c\u00f3mo ser\u00e1 su visita"},"content":{"rendered":"<div class=\"ondau-before-content_3\" style=\"margin-top: -30px;\" id=\"ondau-2115972272\"><a href=\"https:\/\/www.lps.com.ar\/\" aria-label=\"la-perse2\"><img loading=\"lazy\" decoding=\"async\" src=\"https:\/\/ondauno.com.ar\/wp-content\/uploads\/2021\/10\/la-perse2.jpg\" alt=\"\"  srcset=\"https:\/\/ondauno.com.ar\/wp-content\/uploads\/2021\/10\/la-perse2.jpg 1353w, https:\/\/ondauno.com.ar\/wp-content\/uploads\/2021\/10\/la-perse2-300x43.jpg 300w, https:\/\/ondauno.com.ar\/wp-content\/uploads\/2021\/10\/la-perse2-1024x148.jpg 1024w, https:\/\/ondauno.com.ar\/wp-content\/uploads\/2021\/10\/la-perse2-768x111.jpg 768w, https:\/\/ondauno.com.ar\/wp-content\/uploads\/2021\/10\/la-perse2-696x100.jpg 696w, https:\/\/ondauno.com.ar\/wp-content\/uploads\/2021\/10\/la-perse2-1068x154.jpg 1068w\" sizes=\"(max-width: 1353px) 100vw, 1353px\" class=\"no-lazyload\" width=\"1353\" height=\"195\"  style=\"display: inline-block;\" \/><\/a><\/div>\n<p class=\"has-small-font-size\"><em>Capit\u00e1n de Fragata Retirado, Mariano Reguero<\/em><\/p>\n\n\n\n<p>Durante las primeras horas de la noche de este martes llegar\u00e1 a la costa claromequense la fragata ARA Libertad, en el marco de una visita que se extender\u00e1 hasta las 17 de este mi\u00e9rcoles.<\/p>\n\n\n\n<p>El Capit\u00e1n de Fragata, retirado, Mariano Reguero, cont\u00f3 en Cosas que pasan c\u00f3mo se gestion\u00f3 el arribo de la reconocida embarcaci\u00f3n de bandera; y tambi\u00e9n se refiri\u00f3 va las expectativas que genera su llegada a las costas tresarroyenses.<\/p>\n\n\n\n<figure><iframe loading=\"lazy\" data-src=\"https:\/\/www.facebook.com\/plugins\/video.php?height=314&amp;href=https%3A%2F%2Fwww.facebook.com%2Fondauno103.9%2Fvideos%2F903072467228055%2F&amp;show_text=false&amp;width=560&amp;t=0\" width=\"560\" height=\"314\" allowfullscreen=\"true\" src=\"data:image\/gif;base64,R0lGODlhAQABAAAAACH5BAEKAAEALAAAAAABAAEAAAICTAEAOw==\" class=\"lazyload\" data-load-mode=\"1\"><\/iframe><\/figure>\n","protected":false},"excerpt":{"rendered":"<p>Capit\u00e1n de Fragata Retirado, Mariano Reguero Durante las primeras horas de la noche de este martes llegar\u00e1 a la costa claromequense la fragata ARA Libertad, en el marco de una visita que se extender\u00e1 hasta las 17 de este mi\u00e9rcoles. El Capit\u00e1n de Fragata, retirado, Mariano Reguero, cont\u00f3 en Cosas que pasan c\u00f3mo se gestion\u00f3 [&hellip;]<\/p>\n","protected":false},"author":2,"featured_media":0,"comment_status":"open","ping_status":"open","sticky":false,"template":"","format":"standard","meta":{"tdm_status":"","tdm_grid_status":"","_jetpack_memberships_contains_paid_content":false,"footnotes":"","jetpack_publicize_message":"","jetpack_publicize_feature_enabled":true,"jetpack_social_post_already_shared":true,"jetpack_social_options":{"image_generator_settings":{"template":"highway","default_image_id":0,"font":"","enabled":false},"version":2}},"categories":[26,28],"tags":[],"class_list":{"0":"post-27291","1":"post","2":"type-post","3":"status-publish","4":"format-standard","6":"category-destacada","7":"category-interes-general"},"yoast_head":"<!-- This site is optimized with the Yoast SEO plugin v22.7 - https:\/\/yoast.com\/wordpress\/plugins\/seo\/ -->\n<title>Llega la fragata Libertad a Claromec\u00f3: te contamos c\u00f3mo ser\u00e1 su visita - 103.9 fm<\/title>\n<meta name=\"robots\" content=\"index, follow, max-snippet:-1, max-image-preview:large, max-video-preview:-1\" \/>\n<link rel=\"canonical\" href=\"https:\/\/ondauno.com.ar\/index.php\/2021\/08\/03\/llega-la-fragata-libertad-a-claromeco-te-contamos-como-sera-su-visita\/\" \/>\n<meta property=\"og:locale\" content=\"es_ES\" \/>\n<meta property=\"og:type\" content=\"article\" \/>\n<meta property=\"og:title\" content=\"Llega la fragata Libertad a Claromec\u00f3: te contamos c\u00f3mo ser\u00e1 su visita - 103.9 fm\" \/>\n<meta property=\"og:description\" content=\"Capit\u00e1n de Fragata Retirado, Mariano Reguero Durante las primeras horas de la noche de este martes llegar\u00e1 a la costa claromequense la fragata ARA Libertad, en el marco de una visita que se extender\u00e1 hasta las 17 de este mi\u00e9rcoles. El Capit\u00e1n de Fragata, retirado, Mariano Reguero, cont\u00f3 en Cosas que pasan c\u00f3mo se gestion\u00f3 [&hellip;]\" \/>\n<meta property=\"og:url\" content=\"https:\/\/ondauno.com.ar\/index.php\/2021\/08\/03\/llega-la-fragata-libertad-a-claromeco-te-contamos-como-sera-su-visita\/\" \/>\n<meta property=\"og:site_name\" content=\"103.9 fm\" \/>\n<meta property=\"article:publisher\" content=\"https:\/\/www.facebook.com\/ondauno103.9\" \/>\n<meta property=\"article:published_time\" content=\"2021-08-03T16:26:03+00:00\" \/>\n<meta property=\"article:modified_time\" content=\"2021-08-03T18:36:11+00:00\" \/>\n<meta property=\"og:image\" content=\"https:\/\/ondauno.com.ar\/wp-content\/uploads\/2021\/08\/fragata-libertad.jpg\" \/>\n\t<meta property=\"og:image:width\" content=\"827\" \/>\n\t<meta property=\"og:image:height\" content=\"717\" \/>\n\t<meta property=\"og:image:type\" content=\"image\/jpeg\" \/>\n<meta name=\"author\" content=\"fernando garcia\" \/>\n<meta name=\"twitter:card\" content=\"summary_large_image\" \/>\n<meta name=\"twitter:label1\" content=\"Escrito por\" \/>\n\t<meta name=\"twitter:data1\" content=\"fernando garcia\" \/>\n<script type=\"application\/ld+json\" class=\"yoast-schema-graph\">{\"@context\":\"https:\/\/schema.org\",\"@graph\":[{\"@type\":\"WebPage\",\"@id\":\"https:\/\/ondauno.com.ar\/index.php\/2021\/08\/03\/llega-la-fragata-libertad-a-claromeco-te-contamos-como-sera-su-visita\/\",\"url\":\"https:\/\/ondauno.com.ar\/index.php\/2021\/08\/03\/llega-la-fragata-libertad-a-claromeco-te-contamos-como-sera-su-visita\/\",\"name\":\"Llega la fragata Libertad a Claromec\u00f3: te contamos c\u00f3mo ser\u00e1 su visita - 103.9 fm\",\"isPartOf\":{\"@id\":\"https:\/\/ondauno.com.ar\/#website\"},\"datePublished\":\"2021-08-03T16:26:03+00:00\",\"dateModified\":\"2021-08-03T18:36:11+00:00\",\"author\":{\"@id\":\"https:\/\/ondauno.com.ar\/#\/schema\/person\/201d1b68e6c75e0fd396fe5f8af5d139\"},\"breadcrumb\":{\"@id\":\"https:\/\/ondauno.com.ar\/index.php\/2021\/08\/03\/llega-la-fragata-libertad-a-claromeco-te-contamos-como-sera-su-visita\/#breadcrumb\"},\"inLanguage\":\"es-AR\",\"potentialAction\":[{\"@type\":\"ReadAction\",\"target\":[\"https:\/\/ondauno.com.ar\/index.php\/2021\/08\/03\/llega-la-fragata-libertad-a-claromeco-te-contamos-como-sera-su-visita\/\"]}]},{\"@type\":\"BreadcrumbList\",\"@id\":\"https:\/\/ondauno.com.ar\/index.php\/2021\/08\/03\/llega-la-fragata-libertad-a-claromeco-te-contamos-como-sera-su-visita\/#breadcrumb\",\"itemListElement\":[{\"@type\":\"ListItem\",\"position\":1,\"name\":\"Inicio\",\"item\":\"https:\/\/ondauno.com.ar\/\"},{\"@type\":\"ListItem\",\"position\":2,\"name\":\"Llega la fragata Libertad a Claromec\u00f3: te contamos c\u00f3mo ser\u00e1 su visita\"}]},{\"@type\":\"WebSite\",\"@id\":\"https:\/\/ondauno.com.ar\/#website\",\"url\":\"https:\/\/ondauno.com.ar\/\",\"name\":\"103.9 fm\",\"description\":\"LA PRIMERA RADIO MULTIMEDIA DE TRES ARROYOS\",\"potentialAction\":[{\"@type\":\"SearchAction\",\"target\":{\"@type\":\"EntryPoint\",\"urlTemplate\":\"https:\/\/ondauno.com.ar\/?s={search_term_string}\"},\"query-input\":\"required name=search_term_string\"}],\"inLanguage\":\"es-AR\"},{\"@type\":\"Person\",\"@id\":\"https:\/\/ondauno.com.ar\/#\/schema\/person\/201d1b68e6c75e0fd396fe5f8af5d139\",\"name\":\"fernando garcia\",\"image\":{\"@type\":\"ImageObject\",\"inLanguage\":\"es-AR\",\"@id\":\"https:\/\/ondauno.com.ar\/#\/schema\/person\/image\/\",\"url\":\"https:\/\/secure.gravatar.com\/avatar\/5f7254642ad81272e79a2e69653cfdfc?s=96&d=mm&r=g\",\"contentUrl\":\"https:\/\/secure.gravatar.com\/avatar\/5f7254642ad81272e79a2e69653cfdfc?s=96&d=mm&r=g\",\"caption\":\"fernando garcia\"},\"url\":\"https:\/\/ondauno.com.ar\/index.php\/author\/ondaunoeditor\/\"}]}<\/script>\n<!-- \/ Yoast SEO plugin. -->","yoast_head_json":{"title":"Llega la fragata Libertad a Claromec\u00f3: te contamos c\u00f3mo ser\u00e1 su visita - 103.9 fm","robots":{"index":"index","follow":"follow","max-snippet":"max-snippet:-1","max-image-preview":"max-image-preview:large","max-video-preview":"max-video-preview:-1"},"canonical":"https:\/\/ondauno.com.ar\/index.php\/2021\/08\/03\/llega-la-fragata-libertad-a-claromeco-te-contamos-como-sera-su-visita\/","og_locale":"es_ES","og_type":"article","og_title":"Llega la fragata Libertad a Claromec\u00f3: te contamos c\u00f3mo ser\u00e1 su visita - 103.9 fm","og_description":"Capit\u00e1n de Fragata Retirado, Mariano Reguero Durante las primeras horas de la noche de este martes llegar\u00e1 a la costa claromequense la fragata ARA Libertad, en el marco de una visita que se extender\u00e1 hasta las 17 de este mi\u00e9rcoles. El Capit\u00e1n de Fragata, retirado, Mariano Reguero, cont\u00f3 en Cosas que pasan c\u00f3mo se gestion\u00f3 [&hellip;]","og_url":"https:\/\/ondauno.com.ar\/index.php\/2021\/08\/03\/llega-la-fragata-libertad-a-claromeco-te-contamos-como-sera-su-visita\/","og_site_name":"103.9 fm","article_publisher":"https:\/\/www.facebook.com\/ondauno103.9","article_published_time":"2021-08-03T16:26:03+00:00","article_modified_time":"2021-08-03T18:36:11+00:00","og_image":[{"width":827,"height":717,"url":"https:\/\/ondauno.com.ar\/wp-content\/uploads\/2021\/08\/fragata-libertad.jpg","type":"image\/jpeg"}],"author":"fernando garcia","twitter_card":"summary_large_image","twitter_misc":{"Escrito por":"fernando garcia"},"schema":{"@context":"https:\/\/schema.org","@graph":[{"@type":"WebPage","@id":"https:\/\/ondauno.com.ar\/index.php\/2021\/08\/03\/llega-la-fragata-libertad-a-claromeco-te-contamos-como-sera-su-visita\/","url":"https:\/\/ondauno.com.ar\/index.php\/2021\/08\/03\/llega-la-fragata-libertad-a-claromeco-te-contamos-como-sera-su-visita\/","name":"Llega la fragata Libertad a Claromec\u00f3: te contamos c\u00f3mo ser\u00e1 su visita - 103.9 fm","isPartOf":{"@id":"https:\/\/ondauno.com.ar\/#website"},"datePublished":"2021-08-03T16:26:03+00:00","dateModified":"2021-08-03T18:36:11+00:00","author":{"@id":"https:\/\/ondauno.com.ar\/#\/schema\/person\/201d1b68e6c75e0fd396fe5f8af5d139"},"breadcrumb":{"@id":"https:\/\/ondauno.com.ar\/index.php\/2021\/08\/03\/llega-la-fragata-libertad-a-claromeco-te-contamos-como-sera-su-visita\/#breadcrumb"},"inLanguage":"es-AR","potentialAction":[{"@type":"ReadAction","target":["https:\/\/ondauno.com.ar\/index.php\/2021\/08\/03\/llega-la-fragata-libertad-a-claromeco-te-contamos-como-sera-su-visita\/"]}]},{"@type":"BreadcrumbList","@id":"https:\/\/ondauno.com.ar\/index.php\/2021\/08\/03\/llega-la-fragata-libertad-a-claromeco-te-contamos-como-sera-su-visita\/#breadcrumb","itemListElement":[{"@type":"ListItem","position":1,"name":"Inicio","item":"https:\/\/ondauno.com.ar\/"},{"@type":"ListItem","position":2,"name":"Llega la fragata Libertad a Claromec\u00f3: te contamos c\u00f3mo ser\u00e1 su visita"}]},{"@type":"WebSite","@id":"https:\/\/ondauno.com.ar\/#website","url":"https:\/\/ondauno.com.ar\/","name":"103.9 fm","description":"LA PRIMERA RADIO MULTIMEDIA DE TRES ARROYOS","potentialAction":[{"@type":"SearchAction","target":{"@type":"EntryPoint","urlTemplate":"https:\/\/ondauno.com.ar\/?s={search_term_string}"},"query-input":"required name=search_term_string"}],"inLanguage":"es-AR"},{"@type":"Person","@id":"https:\/\/ondauno.com.ar\/#\/schema\/person\/201d1b68e6c75e0fd396fe5f8af5d139","name":"fernando garcia","image":{"@type":"ImageObject","inLanguage":"es-AR","@id":"https:\/\/ondauno.com.ar\/#\/schema\/person\/image\/","url":"https:\/\/secure.gravatar.com\/avatar\/5f7254642ad81272e79a2e69653cfdfc?s=96&d=mm&r=g","contentUrl":"https:\/\/secure.gravatar.com\/avatar\/5f7254642ad81272e79a2e69653cfdfc?s=96&d=mm&r=g","caption":"fernando garcia"},"url":"https:\/\/ondauno.com.ar\/index.php\/author\/ondaunoeditor\/"}]}},"jetpack_publicize_connections":[],"jetpack_featured_media_url":"","jetpack_sharing_enabled":true,"_links":{"self":[{"href":"https:\/\/ondauno.com.ar\/index.php\/wp-json\/wp\/v2\/posts\/27291","targetHints":{"allow":["GET"]}}],"collection":[{"href":"https:\/\/ondauno.com.ar\/index.php\/wp-json\/wp\/v2\/posts"}],"about":[{"href":"https:\/\/ondauno.com.ar\/index.php\/wp-json\/wp\/v2\/types\/post"}],"author":[{"embeddable":true,"href":"https:\/\/ondauno.com.ar\/index.php\/wp-json\/wp\/v2\/users\/2"}],"replies":[{"embeddable":true,"href":"https:\/\/ondauno.com.ar\/index.php\/wp-json\/wp\/v2\/comments?post=27291"}],"version-history":[{"count":0,"href":"https:\/\/ondauno.com.ar\/index.php\/wp-json\/wp\/v2\/posts\/27291\/revisions"}],"wp:attachment":[{"href":"https:\/\/ondauno.com.ar\/index.php\/wp-json\/wp\/v2\/media?parent=27291"}],"wp:term":[{"taxonomy":"category","embeddable":true,"href":"https:\/\/ondauno.com.ar\/index.php\/wp-json\/wp\/v2\/categories?post=27291"},{"taxonomy":"post_tag","embeddable":true,"href":"https:\/\/ondauno.com.ar\/index.php\/wp-json\/wp\/v2\/tags?post=27291"}],"curies":[{"name":"wp","href":"https:\/\/api.w.org\/{rel}","templated":true}]}}