{"id":27064,"date":"2021-07-26T15:48:08","date_gmt":"2021-07-26T18:48:08","guid":{"rendered":"http:\/\/ondauno.com.ar\/?p=27064"},"modified":"2021-07-26T15:49:26","modified_gmt":"2021-07-26T18:49:26","slug":"de-oficio-se-intervendria-ante-una-fiesta-clandestina-que-no-se-pudo-desactivar","status":"publish","type":"post","link":"https:\/\/ondauno.com.ar\/index.php\/2021\/07\/26\/de-oficio-se-intervendria-ante-una-fiesta-clandestina-que-no-se-pudo-desactivar\/","title":{"rendered":"&#8220;De oficio&#8221; se intervendr\u00eda ante una fiesta clandestina que no se pudo desactivar"},"content":{"rendered":"<div class=\"ondau-before-content_3\" style=\"margin-top: -30px;\" id=\"ondau-1433772138\"><a href=\"https:\/\/www.lps.com.ar\/\" aria-label=\"la-perse2\"><img loading=\"lazy\" decoding=\"async\" src=\"https:\/\/ondauno.com.ar\/wp-content\/uploads\/2021\/10\/la-perse2.jpg\" alt=\"\"  srcset=\"https:\/\/ondauno.com.ar\/wp-content\/uploads\/2021\/10\/la-perse2.jpg 1353w, https:\/\/ondauno.com.ar\/wp-content\/uploads\/2021\/10\/la-perse2-300x43.jpg 300w, https:\/\/ondauno.com.ar\/wp-content\/uploads\/2021\/10\/la-perse2-1024x148.jpg 1024w, https:\/\/ondauno.com.ar\/wp-content\/uploads\/2021\/10\/la-perse2-768x111.jpg 768w, https:\/\/ondauno.com.ar\/wp-content\/uploads\/2021\/10\/la-perse2-696x100.jpg 696w, https:\/\/ondauno.com.ar\/wp-content\/uploads\/2021\/10\/la-perse2-1068x154.jpg 1068w\" sizes=\"(max-width: 1353px) 100vw, 1353px\" class=\"no-lazyload\" width=\"1353\" height=\"195\"  style=\"display: inline-block;\" \/><\/a><\/div>\n<p>Desde el municipio confiaron a Cosas que pasan que se intervendr\u00e1 &#8220;de oficio&#8221; ante reiteradas denuncias de vecinos por una fiesta clandestina desarrollada entre la noche del s\u00e1bado y madrugada del domingo en un domicilio de avenida G\u00fcemes entre el 1600 y el 1700.<\/p>\n\n\n\n<p>Tras numerosas quejas de vecinos, inspectores municipales y policiales se hicieron presentes, sin poder desactivar la juntada de j\u00f3venes que superaba ampliamente lo tolerado por las normas sanitarias, en contexto de pandemia por coronavirus en la actual fase 4.<\/p>\n\n\n\n<figure class=\"wp-block-image\"><img decoding=\"async\" data-src=\"https:\/\/ondauno.com.ar\/wp-content\/uploads\/2021\/07\/guemes-1650.jpg\" alt=\"\" class=\"wp-image-27066 lazyload\" src=\"data:image\/gif;base64,R0lGODlhAQABAAAAACH5BAEKAAEALAAAAAABAAEAAAICTAEAOw==\" \/><noscript><img decoding=\"async\" src=\"https:\/\/ondauno.com.ar\/wp-content\/uploads\/2021\/07\/guemes-1650.jpg\" alt=\"\" class=\"wp-image-27066\"\/><\/noscript><\/figure>\n\n\n\n<p>Superados en n\u00famero, inspectores y efectivos, no pudieron clausurar el evento; pero en consecuencia autoridades del sector aplicar\u00edan una contravenci\u00f3n -multa- para con los responsables del inmueble.<\/p>\n","protected":false},"excerpt":{"rendered":"<p>Desde el municipio confiaron a Cosas que pasan que se intervendr\u00e1 &#8220;de oficio&#8221; ante reiteradas denuncias de vecinos por una fiesta clandestina desarrollada entre la noche del s\u00e1bado y madrugada del domingo en un domicilio de avenida G\u00fcemes entre el 1600 y el 1700. Tras numerosas quejas de vecinos, inspectores municipales y policiales se hicieron [&hellip;]<\/p>\n","protected":false},"author":2,"featured_media":26160,"comment_status":"open","ping_status":"open","sticky":false,"template":"","format":"standard","meta":{"tdm_status":"","tdm_grid_status":"","_jetpack_memberships_contains_paid_content":false,"footnotes":"","jetpack_publicize_message":"","jetpack_publicize_feature_enabled":true,"jetpack_social_post_already_shared":true,"jetpack_social_options":{"image_generator_settings":{"template":"highway","default_image_id":0,"font":"","enabled":false},"version":2}},"categories":[29],"tags":[],"class_list":{"0":"post-27064","1":"post","2":"type-post","3":"status-publish","4":"format-standard","5":"has-post-thumbnail","7":"category-policiales"},"yoast_head":"<!-- This site is optimized with the Yoast SEO plugin v22.7 - https:\/\/yoast.com\/wordpress\/plugins\/seo\/ -->\n<title>&quot;De oficio&quot; se intervendr\u00eda ante una fiesta clandestina que no se pudo desactivar - 103.9 fm<\/title>\n<meta name=\"robots\" content=\"index, follow, max-snippet:-1, max-image-preview:large, max-video-preview:-1\" \/>\n<link rel=\"canonical\" href=\"https:\/\/ondauno.com.ar\/index.php\/2021\/07\/26\/de-oficio-se-intervendria-ante-una-fiesta-clandestina-que-no-se-pudo-desactivar\/\" \/>\n<meta property=\"og:locale\" content=\"es_ES\" \/>\n<meta property=\"og:type\" content=\"article\" \/>\n<meta property=\"og:title\" content=\"&quot;De oficio&quot; se intervendr\u00eda ante una fiesta clandestina que no se pudo desactivar - 103.9 fm\" \/>\n<meta property=\"og:description\" content=\"Desde el municipio confiaron a Cosas que pasan que se intervendr\u00e1 &#8220;de oficio&#8221; ante reiteradas denuncias de vecinos por una fiesta clandestina desarrollada entre la noche del s\u00e1bado y madrugada del domingo en un domicilio de avenida G\u00fcemes entre el 1600 y el 1700. Tras numerosas quejas de vecinos, inspectores municipales y policiales se hicieron [&hellip;]\" \/>\n<meta property=\"og:url\" content=\"https:\/\/ondauno.com.ar\/index.php\/2021\/07\/26\/de-oficio-se-intervendria-ante-una-fiesta-clandestina-que-no-se-pudo-desactivar\/\" \/>\n<meta property=\"og:site_name\" content=\"103.9 fm\" \/>\n<meta property=\"article:publisher\" content=\"https:\/\/www.facebook.com\/ondauno103.9\" \/>\n<meta property=\"article:published_time\" content=\"2021-07-26T18:48:08+00:00\" \/>\n<meta property=\"article:modified_time\" content=\"2021-07-26T18:49:26+00:00\" \/>\n<meta property=\"og:image\" content=\"https:\/\/ondauno.com.ar\/wp-content\/uploads\/2021\/06\/thumb-grande1611930252-patrulla-policial-bonaerense.jpg\" \/>\n\t<meta property=\"og:image:width\" content=\"1200\" \/>\n\t<meta property=\"og:image:height\" content=\"796\" \/>\n\t<meta property=\"og:image:type\" content=\"image\/jpeg\" \/>\n<meta name=\"author\" content=\"fernando garcia\" \/>\n<meta name=\"twitter:card\" content=\"summary_large_image\" \/>\n<meta name=\"twitter:label1\" content=\"Escrito por\" \/>\n\t<meta name=\"twitter:data1\" content=\"fernando garcia\" \/>\n\t<meta name=\"twitter:label2\" content=\"Tiempo de lectura\" \/>\n\t<meta name=\"twitter:data2\" content=\"1 minuto\" \/>\n<script type=\"application\/ld+json\" class=\"yoast-schema-graph\">{\"@context\":\"https:\/\/schema.org\",\"@graph\":[{\"@type\":\"WebPage\",\"@id\":\"https:\/\/ondauno.com.ar\/index.php\/2021\/07\/26\/de-oficio-se-intervendria-ante-una-fiesta-clandestina-que-no-se-pudo-desactivar\/\",\"url\":\"https:\/\/ondauno.com.ar\/index.php\/2021\/07\/26\/de-oficio-se-intervendria-ante-una-fiesta-clandestina-que-no-se-pudo-desactivar\/\",\"name\":\"\\\"De oficio\\\" se intervendr\u00eda ante una fiesta clandestina que no se pudo desactivar - 103.9 fm\",\"isPartOf\":{\"@id\":\"https:\/\/ondauno.com.ar\/#website\"},\"primaryImageOfPage\":{\"@id\":\"https:\/\/ondauno.com.ar\/index.php\/2021\/07\/26\/de-oficio-se-intervendria-ante-una-fiesta-clandestina-que-no-se-pudo-desactivar\/#primaryimage\"},\"image\":{\"@id\":\"https:\/\/ondauno.com.ar\/index.php\/2021\/07\/26\/de-oficio-se-intervendria-ante-una-fiesta-clandestina-que-no-se-pudo-desactivar\/#primaryimage\"},\"thumbnailUrl\":\"https:\/\/ondauno.com.ar\/wp-content\/uploads\/2021\/06\/thumb-grande1611930252-patrulla-policial-bonaerense.jpg\",\"datePublished\":\"2021-07-26T18:48:08+00:00\",\"dateModified\":\"2021-07-26T18:49:26+00:00\",\"author\":{\"@id\":\"https:\/\/ondauno.com.ar\/#\/schema\/person\/201d1b68e6c75e0fd396fe5f8af5d139\"},\"breadcrumb\":{\"@id\":\"https:\/\/ondauno.com.ar\/index.php\/2021\/07\/26\/de-oficio-se-intervendria-ante-una-fiesta-clandestina-que-no-se-pudo-desactivar\/#breadcrumb\"},\"inLanguage\":\"es-AR\",\"potentialAction\":[{\"@type\":\"ReadAction\",\"target\":[\"https:\/\/ondauno.com.ar\/index.php\/2021\/07\/26\/de-oficio-se-intervendria-ante-una-fiesta-clandestina-que-no-se-pudo-desactivar\/\"]}]},{\"@type\":\"ImageObject\",\"inLanguage\":\"es-AR\",\"@id\":\"https:\/\/ondauno.com.ar\/index.php\/2021\/07\/26\/de-oficio-se-intervendria-ante-una-fiesta-clandestina-que-no-se-pudo-desactivar\/#primaryimage\",\"url\":\"https:\/\/ondauno.com.ar\/wp-content\/uploads\/2021\/06\/thumb-grande1611930252-patrulla-policial-bonaerense.jpg\",\"contentUrl\":\"https:\/\/ondauno.com.ar\/wp-content\/uploads\/2021\/06\/thumb-grande1611930252-patrulla-policial-bonaerense.jpg\",\"width\":1200,\"height\":796},{\"@type\":\"BreadcrumbList\",\"@id\":\"https:\/\/ondauno.com.ar\/index.php\/2021\/07\/26\/de-oficio-se-intervendria-ante-una-fiesta-clandestina-que-no-se-pudo-desactivar\/#breadcrumb\",\"itemListElement\":[{\"@type\":\"ListItem\",\"position\":1,\"name\":\"Inicio\",\"item\":\"https:\/\/ondauno.com.ar\/\"},{\"@type\":\"ListItem\",\"position\":2,\"name\":\"&#8220;De oficio&#8221; se intervendr\u00eda ante una fiesta clandestina que no se pudo desactivar\"}]},{\"@type\":\"WebSite\",\"@id\":\"https:\/\/ondauno.com.ar\/#website\",\"url\":\"https:\/\/ondauno.com.ar\/\",\"name\":\"103.9 fm\",\"description\":\"LA PRIMERA RADIO MULTIMEDIA DE TRES ARROYOS\",\"potentialAction\":[{\"@type\":\"SearchAction\",\"target\":{\"@type\":\"EntryPoint\",\"urlTemplate\":\"https:\/\/ondauno.com.ar\/?s={search_term_string}\"},\"query-input\":\"required name=search_term_string\"}],\"inLanguage\":\"es-AR\"},{\"@type\":\"Person\",\"@id\":\"https:\/\/ondauno.com.ar\/#\/schema\/person\/201d1b68e6c75e0fd396fe5f8af5d139\",\"name\":\"fernando garcia\",\"image\":{\"@type\":\"ImageObject\",\"inLanguage\":\"es-AR\",\"@id\":\"https:\/\/ondauno.com.ar\/#\/schema\/person\/image\/\",\"url\":\"https:\/\/secure.gravatar.com\/avatar\/5f7254642ad81272e79a2e69653cfdfc?s=96&d=mm&r=g\",\"contentUrl\":\"https:\/\/secure.gravatar.com\/avatar\/5f7254642ad81272e79a2e69653cfdfc?s=96&d=mm&r=g\",\"caption\":\"fernando garcia\"},\"url\":\"https:\/\/ondauno.com.ar\/index.php\/author\/ondaunoeditor\/\"}]}<\/script>\n<!-- \/ Yoast SEO plugin. -->","yoast_head_json":{"title":"\"De oficio\" se intervendr\u00eda ante una fiesta clandestina que no se pudo desactivar - 103.9 fm","robots":{"index":"index","follow":"follow","max-snippet":"max-snippet:-1","max-image-preview":"max-image-preview:large","max-video-preview":"max-video-preview:-1"},"canonical":"https:\/\/ondauno.com.ar\/index.php\/2021\/07\/26\/de-oficio-se-intervendria-ante-una-fiesta-clandestina-que-no-se-pudo-desactivar\/","og_locale":"es_ES","og_type":"article","og_title":"\"De oficio\" se intervendr\u00eda ante una fiesta clandestina que no se pudo desactivar - 103.9 fm","og_description":"Desde el municipio confiaron a Cosas que pasan que se intervendr\u00e1 &#8220;de oficio&#8221; ante reiteradas denuncias de vecinos por una fiesta clandestina desarrollada entre la noche del s\u00e1bado y madrugada del domingo en un domicilio de avenida G\u00fcemes entre el 1600 y el 1700. Tras numerosas quejas de vecinos, inspectores municipales y policiales se hicieron [&hellip;]","og_url":"https:\/\/ondauno.com.ar\/index.php\/2021\/07\/26\/de-oficio-se-intervendria-ante-una-fiesta-clandestina-que-no-se-pudo-desactivar\/","og_site_name":"103.9 fm","article_publisher":"https:\/\/www.facebook.com\/ondauno103.9","article_published_time":"2021-07-26T18:48:08+00:00","article_modified_time":"2021-07-26T18:49:26+00:00","og_image":[{"width":1200,"height":796,"url":"https:\/\/ondauno.com.ar\/wp-content\/uploads\/2021\/06\/thumb-grande1611930252-patrulla-policial-bonaerense.jpg","type":"image\/jpeg"}],"author":"fernando garcia","twitter_card":"summary_large_image","twitter_misc":{"Escrito por":"fernando garcia","Tiempo de lectura":"1 minuto"},"schema":{"@context":"https:\/\/schema.org","@graph":[{"@type":"WebPage","@id":"https:\/\/ondauno.com.ar\/index.php\/2021\/07\/26\/de-oficio-se-intervendria-ante-una-fiesta-clandestina-que-no-se-pudo-desactivar\/","url":"https:\/\/ondauno.com.ar\/index.php\/2021\/07\/26\/de-oficio-se-intervendria-ante-una-fiesta-clandestina-que-no-se-pudo-desactivar\/","name":"\"De oficio\" se intervendr\u00eda ante una fiesta clandestina que no se pudo desactivar - 103.9 fm","isPartOf":{"@id":"https:\/\/ondauno.com.ar\/#website"},"primaryImageOfPage":{"@id":"https:\/\/ondauno.com.ar\/index.php\/2021\/07\/26\/de-oficio-se-intervendria-ante-una-fiesta-clandestina-que-no-se-pudo-desactivar\/#primaryimage"},"image":{"@id":"https:\/\/ondauno.com.ar\/index.php\/2021\/07\/26\/de-oficio-se-intervendria-ante-una-fiesta-clandestina-que-no-se-pudo-desactivar\/#primaryimage"},"thumbnailUrl":"https:\/\/ondauno.com.ar\/wp-content\/uploads\/2021\/06\/thumb-grande1611930252-patrulla-policial-bonaerense.jpg","datePublished":"2021-07-26T18:48:08+00:00","dateModified":"2021-07-26T18:49:26+00:00","author":{"@id":"https:\/\/ondauno.com.ar\/#\/schema\/person\/201d1b68e6c75e0fd396fe5f8af5d139"},"breadcrumb":{"@id":"https:\/\/ondauno.com.ar\/index.php\/2021\/07\/26\/de-oficio-se-intervendria-ante-una-fiesta-clandestina-que-no-se-pudo-desactivar\/#breadcrumb"},"inLanguage":"es-AR","potentialAction":[{"@type":"ReadAction","target":["https:\/\/ondauno.com.ar\/index.php\/2021\/07\/26\/de-oficio-se-intervendria-ante-una-fiesta-clandestina-que-no-se-pudo-desactivar\/"]}]},{"@type":"ImageObject","inLanguage":"es-AR","@id":"https:\/\/ondauno.com.ar\/index.php\/2021\/07\/26\/de-oficio-se-intervendria-ante-una-fiesta-clandestina-que-no-se-pudo-desactivar\/#primaryimage","url":"https:\/\/ondauno.com.ar\/wp-content\/uploads\/2021\/06\/thumb-grande1611930252-patrulla-policial-bonaerense.jpg","contentUrl":"https:\/\/ondauno.com.ar\/wp-content\/uploads\/2021\/06\/thumb-grande1611930252-patrulla-policial-bonaerense.jpg","width":1200,"height":796},{"@type":"BreadcrumbList","@id":"https:\/\/ondauno.com.ar\/index.php\/2021\/07\/26\/de-oficio-se-intervendria-ante-una-fiesta-clandestina-que-no-se-pudo-desactivar\/#breadcrumb","itemListElement":[{"@type":"ListItem","position":1,"name":"Inicio","item":"https:\/\/ondauno.com.ar\/"},{"@type":"ListItem","position":2,"name":"&#8220;De oficio&#8221; se intervendr\u00eda ante una fiesta clandestina que no se pudo desactivar"}]},{"@type":"WebSite","@id":"https:\/\/ondauno.com.ar\/#website","url":"https:\/\/ondauno.com.ar\/","name":"103.9 fm","description":"LA PRIMERA RADIO MULTIMEDIA DE TRES ARROYOS","potentialAction":[{"@type":"SearchAction","target":{"@type":"EntryPoint","urlTemplate":"https:\/\/ondauno.com.ar\/?s={search_term_string}"},"query-input":"required name=search_term_string"}],"inLanguage":"es-AR"},{"@type":"Person","@id":"https:\/\/ondauno.com.ar\/#\/schema\/person\/201d1b68e6c75e0fd396fe5f8af5d139","name":"fernando garcia","image":{"@type":"ImageObject","inLanguage":"es-AR","@id":"https:\/\/ondauno.com.ar\/#\/schema\/person\/image\/","url":"https:\/\/secure.gravatar.com\/avatar\/5f7254642ad81272e79a2e69653cfdfc?s=96&d=mm&r=g","contentUrl":"https:\/\/secure.gravatar.com\/avatar\/5f7254642ad81272e79a2e69653cfdfc?s=96&d=mm&r=g","caption":"fernando garcia"},"url":"https:\/\/ondauno.com.ar\/index.php\/author\/ondaunoeditor\/"}]}},"jetpack_publicize_connections":[],"jetpack_featured_media_url":"https:\/\/ondauno.com.ar\/wp-content\/uploads\/2021\/06\/thumb-grande1611930252-patrulla-policial-bonaerense.jpg","jetpack_sharing_enabled":true,"_links":{"self":[{"href":"https:\/\/ondauno.com.ar\/index.php\/wp-json\/wp\/v2\/posts\/27064","targetHints":{"allow":["GET"]}}],"collection":[{"href":"https:\/\/ondauno.com.ar\/index.php\/wp-json\/wp\/v2\/posts"}],"about":[{"href":"https:\/\/ondauno.com.ar\/index.php\/wp-json\/wp\/v2\/types\/post"}],"author":[{"embeddable":true,"href":"https:\/\/ondauno.com.ar\/index.php\/wp-json\/wp\/v2\/users\/2"}],"replies":[{"embeddable":true,"href":"https:\/\/ondauno.com.ar\/index.php\/wp-json\/wp\/v2\/comments?post=27064"}],"version-history":[{"count":0,"href":"https:\/\/ondauno.com.ar\/index.php\/wp-json\/wp\/v2\/posts\/27064\/revisions"}],"wp:featuredmedia":[{"embeddable":true,"href":"https:\/\/ondauno.com.ar\/index.php\/wp-json\/wp\/v2\/media\/26160"}],"wp:attachment":[{"href":"https:\/\/ondauno.com.ar\/index.php\/wp-json\/wp\/v2\/media?parent=27064"}],"wp:term":[{"taxonomy":"category","embeddable":true,"href":"https:\/\/ondauno.com.ar\/index.php\/wp-json\/wp\/v2\/categories?post=27064"},{"taxonomy":"post_tag","embeddable":true,"href":"https:\/\/ondauno.com.ar\/index.php\/wp-json\/wp\/v2\/tags?post=27064"}],"curies":[{"name":"wp","href":"https:\/\/api.w.org\/{rel}","templated":true}]}}