{"id":2704,"date":"2019-12-02T14:10:56","date_gmt":"2019-12-02T17:10:56","guid":{"rendered":"http:\/\/ondauno.com.ar\/?p=2704"},"modified":"2019-12-02T14:11:03","modified_gmt":"2019-12-02T17:11:03","slug":"aumento-el-5-84-el-ultimo-mes-y-se-acumula-el-56-90-en-el-ano","status":"publish","type":"post","link":"https:\/\/ondauno.com.ar\/index.php\/2019\/12\/02\/aumento-el-5-84-el-ultimo-mes-y-se-acumula-el-56-90-en-el-ano\/","title":{"rendered":"Aument\u00f3 el 5.84% el \u00faltimo mes y se acumula el 56.90 % en el a\u00f1o"},"content":{"rendered":"<div class=\"ondau-before-content_3\" style=\"margin-top: -30px;\" id=\"ondau-1094044850\"><a href=\"https:\/\/www.lps.com.ar\/\" aria-label=\"la-perse2\"><img loading=\"lazy\" decoding=\"async\" src=\"https:\/\/ondauno.com.ar\/wp-content\/uploads\/2021\/10\/la-perse2.jpg\" alt=\"\"  srcset=\"https:\/\/ondauno.com.ar\/wp-content\/uploads\/2021\/10\/la-perse2.jpg 1353w, https:\/\/ondauno.com.ar\/wp-content\/uploads\/2021\/10\/la-perse2-300x43.jpg 300w, https:\/\/ondauno.com.ar\/wp-content\/uploads\/2021\/10\/la-perse2-1024x148.jpg 1024w, https:\/\/ondauno.com.ar\/wp-content\/uploads\/2021\/10\/la-perse2-768x111.jpg 768w, https:\/\/ondauno.com.ar\/wp-content\/uploads\/2021\/10\/la-perse2-696x100.jpg 696w, https:\/\/ondauno.com.ar\/wp-content\/uploads\/2021\/10\/la-perse2-1068x154.jpg 1068w\" sizes=\"(max-width: 1353px) 100vw, 1353px\" class=\"no-lazyload\" width=\"1353\" height=\"195\"  style=\"display: inline-block;\" \/><\/a><\/div>\n<p>El representante legal de Consumidores Libres Dr. H\u00e9ctor Polino, inform\u00f3 hoy que<br>\nseg\u00fan un relevamiento efectuado por la entidad en supermercados y negocios minoristas<br>\nde la ciudad de Buenos Aires, el precio de los 38 art\u00edculos de la llamada \u201ccanasta<br>\nb\u00e1sica de alimentos\u201d tuvo un aumento del 5.84 por ciento durante el mes de<br>\nnoviembre. Desde el 1\u00b0 de enero la suma acumulada es del 56.90 %.<\/p>\n\n\n\n<p>El seguimiento efectuado, se llev\u00f3 a cabo en los supermercados COTO y PLAZA VEA<br>\ny en centros de abastecimiento de los barrios de La Boca, Caballito, Liniers y Pompeya.<\/p>\n","protected":false},"excerpt":{"rendered":"<p>El representante legal de Consumidores Libres Dr. H\u00e9ctor Polino, inform\u00f3 hoy que seg\u00fan un relevamiento efectuado por la entidad en supermercados y negocios minoristas de la ciudad de Buenos Aires, el precio de los 38 art\u00edculos de la llamada \u201ccanasta b\u00e1sica de alimentos\u201d tuvo un aumento del 5.84 por ciento durante el mes de noviembre. [&hellip;]<\/p>\n","protected":false},"author":2,"featured_media":0,"comment_status":"open","ping_status":"open","sticky":false,"template":"","format":"standard","meta":{"tdm_status":"","tdm_grid_status":"","_jetpack_memberships_contains_paid_content":false,"footnotes":"","jetpack_publicize_message":"","jetpack_publicize_feature_enabled":true,"jetpack_social_post_already_shared":false,"jetpack_social_options":{"image_generator_settings":{"template":"highway","default_image_id":0,"font":"","enabled":false},"version":2}},"categories":[3],"tags":[],"class_list":{"0":"post-2704","1":"post","2":"type-post","3":"status-publish","4":"format-standard","6":"category-nacionales"},"yoast_head":"<!-- This site is optimized with the Yoast SEO plugin v22.7 - https:\/\/yoast.com\/wordpress\/plugins\/seo\/ -->\n<title>Aument\u00f3 el 5.84% el \u00faltimo mes y se acumula el 56.90 % en el a\u00f1o - 103.9 fm<\/title>\n<meta name=\"robots\" content=\"index, follow, max-snippet:-1, max-image-preview:large, max-video-preview:-1\" \/>\n<link rel=\"canonical\" href=\"https:\/\/ondauno.com.ar\/index.php\/2019\/12\/02\/aumento-el-5-84-el-ultimo-mes-y-se-acumula-el-56-90-en-el-ano\/\" \/>\n<meta property=\"og:locale\" content=\"es_ES\" \/>\n<meta property=\"og:type\" content=\"article\" \/>\n<meta property=\"og:title\" content=\"Aument\u00f3 el 5.84% el \u00faltimo mes y se acumula el 56.90 % en el a\u00f1o - 103.9 fm\" \/>\n<meta property=\"og:description\" content=\"El representante legal de Consumidores Libres Dr. H\u00e9ctor Polino, inform\u00f3 hoy que seg\u00fan un relevamiento efectuado por la entidad en supermercados y negocios minoristas de la ciudad de Buenos Aires, el precio de los 38 art\u00edculos de la llamada \u201ccanasta b\u00e1sica de alimentos\u201d tuvo un aumento del 5.84 por ciento durante el mes de noviembre. [&hellip;]\" \/>\n<meta property=\"og:url\" content=\"https:\/\/ondauno.com.ar\/index.php\/2019\/12\/02\/aumento-el-5-84-el-ultimo-mes-y-se-acumula-el-56-90-en-el-ano\/\" \/>\n<meta property=\"og:site_name\" content=\"103.9 fm\" \/>\n<meta property=\"article:publisher\" content=\"https:\/\/www.facebook.com\/ondauno103.9\" \/>\n<meta property=\"article:published_time\" content=\"2019-12-02T17:10:56+00:00\" \/>\n<meta property=\"article:modified_time\" content=\"2019-12-02T17:11:03+00:00\" \/>\n<meta property=\"og:image\" content=\"https:\/\/ondauno.com.ar\/wp-content\/uploads\/2019\/12\/canasta-familiar-19.jpg\" \/>\n\t<meta property=\"og:image:width\" content=\"679\" \/>\n\t<meta property=\"og:image:height\" content=\"360\" \/>\n\t<meta property=\"og:image:type\" content=\"image\/jpeg\" \/>\n<meta name=\"author\" content=\"fernando garcia\" \/>\n<meta name=\"twitter:card\" content=\"summary_large_image\" \/>\n<meta name=\"twitter:label1\" content=\"Escrito por\" \/>\n\t<meta name=\"twitter:data1\" content=\"fernando garcia\" \/>\n<script type=\"application\/ld+json\" class=\"yoast-schema-graph\">{\"@context\":\"https:\/\/schema.org\",\"@graph\":[{\"@type\":\"WebPage\",\"@id\":\"https:\/\/ondauno.com.ar\/index.php\/2019\/12\/02\/aumento-el-5-84-el-ultimo-mes-y-se-acumula-el-56-90-en-el-ano\/\",\"url\":\"https:\/\/ondauno.com.ar\/index.php\/2019\/12\/02\/aumento-el-5-84-el-ultimo-mes-y-se-acumula-el-56-90-en-el-ano\/\",\"name\":\"Aument\u00f3 el 5.84% el \u00faltimo mes y se acumula el 56.90 % en el a\u00f1o - 103.9 fm\",\"isPartOf\":{\"@id\":\"https:\/\/ondauno.com.ar\/#website\"},\"datePublished\":\"2019-12-02T17:10:56+00:00\",\"dateModified\":\"2019-12-02T17:11:03+00:00\",\"author\":{\"@id\":\"https:\/\/ondauno.com.ar\/#\/schema\/person\/201d1b68e6c75e0fd396fe5f8af5d139\"},\"breadcrumb\":{\"@id\":\"https:\/\/ondauno.com.ar\/index.php\/2019\/12\/02\/aumento-el-5-84-el-ultimo-mes-y-se-acumula-el-56-90-en-el-ano\/#breadcrumb\"},\"inLanguage\":\"es-AR\",\"potentialAction\":[{\"@type\":\"ReadAction\",\"target\":[\"https:\/\/ondauno.com.ar\/index.php\/2019\/12\/02\/aumento-el-5-84-el-ultimo-mes-y-se-acumula-el-56-90-en-el-ano\/\"]}]},{\"@type\":\"BreadcrumbList\",\"@id\":\"https:\/\/ondauno.com.ar\/index.php\/2019\/12\/02\/aumento-el-5-84-el-ultimo-mes-y-se-acumula-el-56-90-en-el-ano\/#breadcrumb\",\"itemListElement\":[{\"@type\":\"ListItem\",\"position\":1,\"name\":\"Inicio\",\"item\":\"https:\/\/ondauno.com.ar\/\"},{\"@type\":\"ListItem\",\"position\":2,\"name\":\"Aument\u00f3 el 5.84% el \u00faltimo mes y se acumula el 56.90 % en el a\u00f1o\"}]},{\"@type\":\"WebSite\",\"@id\":\"https:\/\/ondauno.com.ar\/#website\",\"url\":\"https:\/\/ondauno.com.ar\/\",\"name\":\"103.9 fm\",\"description\":\"LA PRIMERA RADIO MULTIMEDIA DE TRES ARROYOS\",\"potentialAction\":[{\"@type\":\"SearchAction\",\"target\":{\"@type\":\"EntryPoint\",\"urlTemplate\":\"https:\/\/ondauno.com.ar\/?s={search_term_string}\"},\"query-input\":\"required name=search_term_string\"}],\"inLanguage\":\"es-AR\"},{\"@type\":\"Person\",\"@id\":\"https:\/\/ondauno.com.ar\/#\/schema\/person\/201d1b68e6c75e0fd396fe5f8af5d139\",\"name\":\"fernando garcia\",\"image\":{\"@type\":\"ImageObject\",\"inLanguage\":\"es-AR\",\"@id\":\"https:\/\/ondauno.com.ar\/#\/schema\/person\/image\/\",\"url\":\"https:\/\/secure.gravatar.com\/avatar\/5f7254642ad81272e79a2e69653cfdfc?s=96&d=mm&r=g\",\"contentUrl\":\"https:\/\/secure.gravatar.com\/avatar\/5f7254642ad81272e79a2e69653cfdfc?s=96&d=mm&r=g\",\"caption\":\"fernando garcia\"},\"url\":\"https:\/\/ondauno.com.ar\/index.php\/author\/ondaunoeditor\/\"}]}<\/script>\n<!-- \/ Yoast SEO plugin. -->","yoast_head_json":{"title":"Aument\u00f3 el 5.84% el \u00faltimo mes y se acumula el 56.90 % en el a\u00f1o - 103.9 fm","robots":{"index":"index","follow":"follow","max-snippet":"max-snippet:-1","max-image-preview":"max-image-preview:large","max-video-preview":"max-video-preview:-1"},"canonical":"https:\/\/ondauno.com.ar\/index.php\/2019\/12\/02\/aumento-el-5-84-el-ultimo-mes-y-se-acumula-el-56-90-en-el-ano\/","og_locale":"es_ES","og_type":"article","og_title":"Aument\u00f3 el 5.84% el \u00faltimo mes y se acumula el 56.90 % en el a\u00f1o - 103.9 fm","og_description":"El representante legal de Consumidores Libres Dr. H\u00e9ctor Polino, inform\u00f3 hoy que seg\u00fan un relevamiento efectuado por la entidad en supermercados y negocios minoristas de la ciudad de Buenos Aires, el precio de los 38 art\u00edculos de la llamada \u201ccanasta b\u00e1sica de alimentos\u201d tuvo un aumento del 5.84 por ciento durante el mes de noviembre. [&hellip;]","og_url":"https:\/\/ondauno.com.ar\/index.php\/2019\/12\/02\/aumento-el-5-84-el-ultimo-mes-y-se-acumula-el-56-90-en-el-ano\/","og_site_name":"103.9 fm","article_publisher":"https:\/\/www.facebook.com\/ondauno103.9","article_published_time":"2019-12-02T17:10:56+00:00","article_modified_time":"2019-12-02T17:11:03+00:00","og_image":[{"width":679,"height":360,"url":"https:\/\/ondauno.com.ar\/wp-content\/uploads\/2019\/12\/canasta-familiar-19.jpg","type":"image\/jpeg"}],"author":"fernando garcia","twitter_card":"summary_large_image","twitter_misc":{"Escrito por":"fernando garcia"},"schema":{"@context":"https:\/\/schema.org","@graph":[{"@type":"WebPage","@id":"https:\/\/ondauno.com.ar\/index.php\/2019\/12\/02\/aumento-el-5-84-el-ultimo-mes-y-se-acumula-el-56-90-en-el-ano\/","url":"https:\/\/ondauno.com.ar\/index.php\/2019\/12\/02\/aumento-el-5-84-el-ultimo-mes-y-se-acumula-el-56-90-en-el-ano\/","name":"Aument\u00f3 el 5.84% el \u00faltimo mes y se acumula el 56.90 % en el a\u00f1o - 103.9 fm","isPartOf":{"@id":"https:\/\/ondauno.com.ar\/#website"},"datePublished":"2019-12-02T17:10:56+00:00","dateModified":"2019-12-02T17:11:03+00:00","author":{"@id":"https:\/\/ondauno.com.ar\/#\/schema\/person\/201d1b68e6c75e0fd396fe5f8af5d139"},"breadcrumb":{"@id":"https:\/\/ondauno.com.ar\/index.php\/2019\/12\/02\/aumento-el-5-84-el-ultimo-mes-y-se-acumula-el-56-90-en-el-ano\/#breadcrumb"},"inLanguage":"es-AR","potentialAction":[{"@type":"ReadAction","target":["https:\/\/ondauno.com.ar\/index.php\/2019\/12\/02\/aumento-el-5-84-el-ultimo-mes-y-se-acumula-el-56-90-en-el-ano\/"]}]},{"@type":"BreadcrumbList","@id":"https:\/\/ondauno.com.ar\/index.php\/2019\/12\/02\/aumento-el-5-84-el-ultimo-mes-y-se-acumula-el-56-90-en-el-ano\/#breadcrumb","itemListElement":[{"@type":"ListItem","position":1,"name":"Inicio","item":"https:\/\/ondauno.com.ar\/"},{"@type":"ListItem","position":2,"name":"Aument\u00f3 el 5.84% el \u00faltimo mes y se acumula el 56.90 % en el a\u00f1o"}]},{"@type":"WebSite","@id":"https:\/\/ondauno.com.ar\/#website","url":"https:\/\/ondauno.com.ar\/","name":"103.9 fm","description":"LA PRIMERA RADIO MULTIMEDIA DE TRES ARROYOS","potentialAction":[{"@type":"SearchAction","target":{"@type":"EntryPoint","urlTemplate":"https:\/\/ondauno.com.ar\/?s={search_term_string}"},"query-input":"required name=search_term_string"}],"inLanguage":"es-AR"},{"@type":"Person","@id":"https:\/\/ondauno.com.ar\/#\/schema\/person\/201d1b68e6c75e0fd396fe5f8af5d139","name":"fernando garcia","image":{"@type":"ImageObject","inLanguage":"es-AR","@id":"https:\/\/ondauno.com.ar\/#\/schema\/person\/image\/","url":"https:\/\/secure.gravatar.com\/avatar\/5f7254642ad81272e79a2e69653cfdfc?s=96&d=mm&r=g","contentUrl":"https:\/\/secure.gravatar.com\/avatar\/5f7254642ad81272e79a2e69653cfdfc?s=96&d=mm&r=g","caption":"fernando garcia"},"url":"https:\/\/ondauno.com.ar\/index.php\/author\/ondaunoeditor\/"}]}},"jetpack_publicize_connections":[],"jetpack_featured_media_url":"","jetpack_sharing_enabled":true,"_links":{"self":[{"href":"https:\/\/ondauno.com.ar\/index.php\/wp-json\/wp\/v2\/posts\/2704","targetHints":{"allow":["GET"]}}],"collection":[{"href":"https:\/\/ondauno.com.ar\/index.php\/wp-json\/wp\/v2\/posts"}],"about":[{"href":"https:\/\/ondauno.com.ar\/index.php\/wp-json\/wp\/v2\/types\/post"}],"author":[{"embeddable":true,"href":"https:\/\/ondauno.com.ar\/index.php\/wp-json\/wp\/v2\/users\/2"}],"replies":[{"embeddable":true,"href":"https:\/\/ondauno.com.ar\/index.php\/wp-json\/wp\/v2\/comments?post=2704"}],"version-history":[{"count":0,"href":"https:\/\/ondauno.com.ar\/index.php\/wp-json\/wp\/v2\/posts\/2704\/revisions"}],"wp:attachment":[{"href":"https:\/\/ondauno.com.ar\/index.php\/wp-json\/wp\/v2\/media?parent=2704"}],"wp:term":[{"taxonomy":"category","embeddable":true,"href":"https:\/\/ondauno.com.ar\/index.php\/wp-json\/wp\/v2\/categories?post=2704"},{"taxonomy":"post_tag","embeddable":true,"href":"https:\/\/ondauno.com.ar\/index.php\/wp-json\/wp\/v2\/tags?post=2704"}],"curies":[{"name":"wp","href":"https:\/\/api.w.org\/{rel}","templated":true}]}}