{"id":26956,"date":"2021-07-21T23:12:15","date_gmt":"2021-07-22T02:12:15","guid":{"rendered":"http:\/\/ondauno.com.ar\/?p=26956"},"modified":"2021-07-21T23:12:17","modified_gmt":"2021-07-22T02:12:17","slug":"una-madre-y-su-hijo-tresarroyenses-golpeados-al-chocar-con-animales-en-la-ruta-en-cercanias-de-chillar","status":"publish","type":"post","link":"https:\/\/ondauno.com.ar\/index.php\/2021\/07\/21\/una-madre-y-su-hijo-tresarroyenses-golpeados-al-chocar-con-animales-en-la-ruta-en-cercanias-de-chillar\/","title":{"rendered":"Una madre y su hijo tresarroyenses golpeados al chocar con animales en la ruta en cercan\u00edas de Chillar"},"content":{"rendered":"<div class=\"ondau-before-content_3\" style=\"margin-top: -30px;\" id=\"ondau-1558537534\"><a href=\"https:\/\/www.lps.com.ar\/\" aria-label=\"la-perse2\"><img loading=\"lazy\" decoding=\"async\" src=\"https:\/\/ondauno.com.ar\/wp-content\/uploads\/2021\/10\/la-perse2.jpg\" alt=\"\"  srcset=\"https:\/\/ondauno.com.ar\/wp-content\/uploads\/2021\/10\/la-perse2.jpg 1353w, https:\/\/ondauno.com.ar\/wp-content\/uploads\/2021\/10\/la-perse2-300x43.jpg 300w, https:\/\/ondauno.com.ar\/wp-content\/uploads\/2021\/10\/la-perse2-1024x148.jpg 1024w, https:\/\/ondauno.com.ar\/wp-content\/uploads\/2021\/10\/la-perse2-768x111.jpg 768w, https:\/\/ondauno.com.ar\/wp-content\/uploads\/2021\/10\/la-perse2-696x100.jpg 696w, https:\/\/ondauno.com.ar\/wp-content\/uploads\/2021\/10\/la-perse2-1068x154.jpg 1068w\" sizes=\"(max-width: 1353px) 100vw, 1353px\" class=\"no-lazyload\" width=\"1353\" height=\"195\"  style=\"display: inline-block;\" \/><\/a><\/div>\n<p><em>Como &#8220;lesiones por accidente&#8221; qued\u00f3 caratulado un sumario penal que se inici\u00f3 en la Subcomisar\u00eda de Chillar, luego de que sobre la Ruta Nacional n\u00famero 3, en jurisdicci\u00f3n de esa vecina localidad, una mujer y su hijo resultaran con diferentes traumatismos que no revest\u00edan gravedad cuando viajaban en un auto que choc\u00f3 contra dos caballos sueltos.<\/em><\/p>\n\n\n\n<p>Seg\u00fan publica el medio <a href=\"http:\/\/www.diarioeltiempo.com.ar\">www.diarioeltiempo.com.ar<\/a> el siniestro vial se produjo alrededor de la hora 3.30 de ayer mi\u00e9rcoles a la altura del kil\u00f3metro 368 de la mencionada ruta estatal.<br><\/p>\n\n\n\n<p>En ese entonces, las dos personas que resultaran con lesiones leves viajaban en un autom\u00f3vil Citro\u00ebn C3 que impact\u00f3 contra dos caballos que estaban sueltos en la ruta.<\/p>\n\n\n\n<figure class=\"wp-block-image\"><img decoding=\"async\" data-src=\"http:\/\/ondauno.com.ar\/wp-content\/uploads\/2021\/07\/1626892322.jpeg\" alt=\"\" class=\"wp-image-26958 lazyload\" src=\"data:image\/gif;base64,R0lGODlhAQABAAAAACH5BAEKAAEALAAAAAABAAEAAAICTAEAOw==\" \/><noscript><img decoding=\"async\" src=\"http:\/\/ondauno.com.ar\/wp-content\/uploads\/2021\/07\/1626892322.jpeg\" alt=\"\" class=\"wp-image-26958\"\/><\/noscript><\/figure>\n\n\n\n<p>No bien el siniestro vial se produjo los ocupantes del auto fueron trasladados al Hospital Municipal &#8220;Horacio Ferro&#8221; de Chillar, donde se comprob\u00f3 que las lesiones que presentaban no eran de gravedad, por lo que posteriormente ambos fueron dados de alta.<\/p>\n\n\n\n<p>Domiciliados en Tres Arroyos, al auto lo guiaba un joven de 19 a\u00f1os a quien la Polic\u00eda identific\u00f3 como Igor Benjam\u00edn Kwasska, que viajaba con su mam\u00e1: una mujer de 49 a\u00f1os llamada Sandra Carina Casali.<\/p>\n\n\n\n<p>Por lo ocurrido en las primeras horas de este mi\u00e9rcoles se inici\u00f3 un sumario penal que ahora est\u00e1 radicado en la UFI 6, la fiscal\u00eda que en los tribunales de Azul conduce Karina Gennuso.<\/p>\n\n\n\n<p class=\"has-small-font-size\"><a href=\"https:\/\/www.diarioeltiempo.com.ar\/nota--auto-embistio-a-caballos-sueltos-en-la-ruta-3-dos-lesionados-172758\"><em>https:\/\/www.diarioeltiempo.com.ar\/nota&#8211;auto-embistio-a-caballos-sueltos-en-la-ruta-3-dos-lesionados-172758<\/em><\/a><\/p>\n","protected":false},"excerpt":{"rendered":"<p>Como &#8220;lesiones por accidente&#8221; qued\u00f3 caratulado un sumario penal que se inici\u00f3 en la Subcomisar\u00eda de Chillar, luego de que sobre la Ruta Nacional n\u00famero 3, en jurisdicci\u00f3n de esa vecina localidad, una mujer y su hijo resultaran con diferentes traumatismos que no revest\u00edan gravedad cuando viajaban en un auto que choc\u00f3 contra dos caballos [&hellip;]<\/p>\n","protected":false},"author":2,"featured_media":0,"comment_status":"open","ping_status":"open","sticky":false,"template":"","format":"standard","meta":{"tdm_status":"","tdm_grid_status":"","_jetpack_memberships_contains_paid_content":false,"footnotes":"","jetpack_publicize_message":"","jetpack_publicize_feature_enabled":true,"jetpack_social_post_already_shared":true,"jetpack_social_options":{"image_generator_settings":{"template":"highway","default_image_id":0,"font":"","enabled":false},"version":2}},"categories":[29],"tags":[],"class_list":{"0":"post-26956","1":"post","2":"type-post","3":"status-publish","4":"format-standard","6":"category-policiales"},"yoast_head":"<!-- This site is optimized with the Yoast SEO plugin v22.7 - https:\/\/yoast.com\/wordpress\/plugins\/seo\/ -->\n<title>Una madre y su hijo tresarroyenses golpeados al chocar con animales en la ruta en cercan\u00edas de Chillar - 103.9 fm<\/title>\n<meta name=\"robots\" content=\"index, follow, max-snippet:-1, max-image-preview:large, max-video-preview:-1\" \/>\n<link rel=\"canonical\" href=\"https:\/\/ondauno.com.ar\/index.php\/2021\/07\/21\/una-madre-y-su-hijo-tresarroyenses-golpeados-al-chocar-con-animales-en-la-ruta-en-cercanias-de-chillar\/\" \/>\n<meta property=\"og:locale\" content=\"es_ES\" \/>\n<meta property=\"og:type\" content=\"article\" \/>\n<meta property=\"og:title\" content=\"Una madre y su hijo tresarroyenses golpeados al chocar con animales en la ruta en cercan\u00edas de Chillar - 103.9 fm\" \/>\n<meta property=\"og:description\" content=\"Como &#8220;lesiones por accidente&#8221; qued\u00f3 caratulado un sumario penal que se inici\u00f3 en la Subcomisar\u00eda de Chillar, luego de que sobre la Ruta Nacional n\u00famero 3, en jurisdicci\u00f3n de esa vecina localidad, una mujer y su hijo resultaran con diferentes traumatismos que no revest\u00edan gravedad cuando viajaban en un auto que choc\u00f3 contra dos caballos [&hellip;]\" \/>\n<meta property=\"og:url\" content=\"https:\/\/ondauno.com.ar\/index.php\/2021\/07\/21\/una-madre-y-su-hijo-tresarroyenses-golpeados-al-chocar-con-animales-en-la-ruta-en-cercanias-de-chillar\/\" \/>\n<meta property=\"og:site_name\" content=\"103.9 fm\" \/>\n<meta property=\"article:publisher\" content=\"https:\/\/www.facebook.com\/ondauno103.9\" \/>\n<meta property=\"article:published_time\" content=\"2021-07-22T02:12:15+00:00\" \/>\n<meta property=\"article:modified_time\" content=\"2021-07-22T02:12:17+00:00\" \/>\n<meta property=\"og:image\" content=\"https:\/\/ondauno.com.ar\/wp-content\/uploads\/2021\/07\/1626892306.jpeg\" \/>\n\t<meta property=\"og:image:width\" content=\"948\" \/>\n\t<meta property=\"og:image:height\" content=\"533\" \/>\n\t<meta property=\"og:image:type\" content=\"image\/jpeg\" \/>\n<meta name=\"author\" content=\"fernando garcia\" \/>\n<meta name=\"twitter:card\" content=\"summary_large_image\" \/>\n<meta name=\"twitter:label1\" content=\"Escrito por\" \/>\n\t<meta name=\"twitter:data1\" content=\"fernando garcia\" \/>\n\t<meta name=\"twitter:label2\" content=\"Tiempo de lectura\" \/>\n\t<meta name=\"twitter:data2\" content=\"1 minuto\" \/>\n<script type=\"application\/ld+json\" class=\"yoast-schema-graph\">{\"@context\":\"https:\/\/schema.org\",\"@graph\":[{\"@type\":\"WebPage\",\"@id\":\"https:\/\/ondauno.com.ar\/index.php\/2021\/07\/21\/una-madre-y-su-hijo-tresarroyenses-golpeados-al-chocar-con-animales-en-la-ruta-en-cercanias-de-chillar\/\",\"url\":\"https:\/\/ondauno.com.ar\/index.php\/2021\/07\/21\/una-madre-y-su-hijo-tresarroyenses-golpeados-al-chocar-con-animales-en-la-ruta-en-cercanias-de-chillar\/\",\"name\":\"Una madre y su hijo tresarroyenses golpeados al chocar con animales en la ruta en cercan\u00edas de Chillar - 103.9 fm\",\"isPartOf\":{\"@id\":\"https:\/\/ondauno.com.ar\/#website\"},\"primaryImageOfPage\":{\"@id\":\"https:\/\/ondauno.com.ar\/index.php\/2021\/07\/21\/una-madre-y-su-hijo-tresarroyenses-golpeados-al-chocar-con-animales-en-la-ruta-en-cercanias-de-chillar\/#primaryimage\"},\"image\":{\"@id\":\"https:\/\/ondauno.com.ar\/index.php\/2021\/07\/21\/una-madre-y-su-hijo-tresarroyenses-golpeados-al-chocar-con-animales-en-la-ruta-en-cercanias-de-chillar\/#primaryimage\"},\"thumbnailUrl\":\"http:\/\/ondauno.com.ar\/wp-content\/uploads\/2021\/07\/1626892322.jpeg\",\"datePublished\":\"2021-07-22T02:12:15+00:00\",\"dateModified\":\"2021-07-22T02:12:17+00:00\",\"author\":{\"@id\":\"https:\/\/ondauno.com.ar\/#\/schema\/person\/201d1b68e6c75e0fd396fe5f8af5d139\"},\"breadcrumb\":{\"@id\":\"https:\/\/ondauno.com.ar\/index.php\/2021\/07\/21\/una-madre-y-su-hijo-tresarroyenses-golpeados-al-chocar-con-animales-en-la-ruta-en-cercanias-de-chillar\/#breadcrumb\"},\"inLanguage\":\"es-AR\",\"potentialAction\":[{\"@type\":\"ReadAction\",\"target\":[\"https:\/\/ondauno.com.ar\/index.php\/2021\/07\/21\/una-madre-y-su-hijo-tresarroyenses-golpeados-al-chocar-con-animales-en-la-ruta-en-cercanias-de-chillar\/\"]}]},{\"@type\":\"ImageObject\",\"inLanguage\":\"es-AR\",\"@id\":\"https:\/\/ondauno.com.ar\/index.php\/2021\/07\/21\/una-madre-y-su-hijo-tresarroyenses-golpeados-al-chocar-con-animales-en-la-ruta-en-cercanias-de-chillar\/#primaryimage\",\"url\":\"\",\"contentUrl\":\"\"},{\"@type\":\"BreadcrumbList\",\"@id\":\"https:\/\/ondauno.com.ar\/index.php\/2021\/07\/21\/una-madre-y-su-hijo-tresarroyenses-golpeados-al-chocar-con-animales-en-la-ruta-en-cercanias-de-chillar\/#breadcrumb\",\"itemListElement\":[{\"@type\":\"ListItem\",\"position\":1,\"name\":\"Inicio\",\"item\":\"https:\/\/ondauno.com.ar\/\"},{\"@type\":\"ListItem\",\"position\":2,\"name\":\"Una madre y su hijo tresarroyenses golpeados al chocar con animales en la ruta en cercan\u00edas de Chillar\"}]},{\"@type\":\"WebSite\",\"@id\":\"https:\/\/ondauno.com.ar\/#website\",\"url\":\"https:\/\/ondauno.com.ar\/\",\"name\":\"103.9 fm\",\"description\":\"LA PRIMERA RADIO MULTIMEDIA DE TRES ARROYOS\",\"potentialAction\":[{\"@type\":\"SearchAction\",\"target\":{\"@type\":\"EntryPoint\",\"urlTemplate\":\"https:\/\/ondauno.com.ar\/?s={search_term_string}\"},\"query-input\":\"required name=search_term_string\"}],\"inLanguage\":\"es-AR\"},{\"@type\":\"Person\",\"@id\":\"https:\/\/ondauno.com.ar\/#\/schema\/person\/201d1b68e6c75e0fd396fe5f8af5d139\",\"name\":\"fernando garcia\",\"image\":{\"@type\":\"ImageObject\",\"inLanguage\":\"es-AR\",\"@id\":\"https:\/\/ondauno.com.ar\/#\/schema\/person\/image\/\",\"url\":\"https:\/\/secure.gravatar.com\/avatar\/5f7254642ad81272e79a2e69653cfdfc?s=96&d=mm&r=g\",\"contentUrl\":\"https:\/\/secure.gravatar.com\/avatar\/5f7254642ad81272e79a2e69653cfdfc?s=96&d=mm&r=g\",\"caption\":\"fernando garcia\"},\"url\":\"https:\/\/ondauno.com.ar\/index.php\/author\/ondaunoeditor\/\"}]}<\/script>\n<!-- \/ Yoast SEO plugin. -->","yoast_head_json":{"title":"Una madre y su hijo tresarroyenses golpeados al chocar con animales en la ruta en cercan\u00edas de Chillar - 103.9 fm","robots":{"index":"index","follow":"follow","max-snippet":"max-snippet:-1","max-image-preview":"max-image-preview:large","max-video-preview":"max-video-preview:-1"},"canonical":"https:\/\/ondauno.com.ar\/index.php\/2021\/07\/21\/una-madre-y-su-hijo-tresarroyenses-golpeados-al-chocar-con-animales-en-la-ruta-en-cercanias-de-chillar\/","og_locale":"es_ES","og_type":"article","og_title":"Una madre y su hijo tresarroyenses golpeados al chocar con animales en la ruta en cercan\u00edas de Chillar - 103.9 fm","og_description":"Como &#8220;lesiones por accidente&#8221; qued\u00f3 caratulado un sumario penal que se inici\u00f3 en la Subcomisar\u00eda de Chillar, luego de que sobre la Ruta Nacional n\u00famero 3, en jurisdicci\u00f3n de esa vecina localidad, una mujer y su hijo resultaran con diferentes traumatismos que no revest\u00edan gravedad cuando viajaban en un auto que choc\u00f3 contra dos caballos [&hellip;]","og_url":"https:\/\/ondauno.com.ar\/index.php\/2021\/07\/21\/una-madre-y-su-hijo-tresarroyenses-golpeados-al-chocar-con-animales-en-la-ruta-en-cercanias-de-chillar\/","og_site_name":"103.9 fm","article_publisher":"https:\/\/www.facebook.com\/ondauno103.9","article_published_time":"2021-07-22T02:12:15+00:00","article_modified_time":"2021-07-22T02:12:17+00:00","og_image":[{"width":948,"height":533,"url":"https:\/\/ondauno.com.ar\/wp-content\/uploads\/2021\/07\/1626892306.jpeg","type":"image\/jpeg"}],"author":"fernando garcia","twitter_card":"summary_large_image","twitter_misc":{"Escrito por":"fernando garcia","Tiempo de lectura":"1 minuto"},"schema":{"@context":"https:\/\/schema.org","@graph":[{"@type":"WebPage","@id":"https:\/\/ondauno.com.ar\/index.php\/2021\/07\/21\/una-madre-y-su-hijo-tresarroyenses-golpeados-al-chocar-con-animales-en-la-ruta-en-cercanias-de-chillar\/","url":"https:\/\/ondauno.com.ar\/index.php\/2021\/07\/21\/una-madre-y-su-hijo-tresarroyenses-golpeados-al-chocar-con-animales-en-la-ruta-en-cercanias-de-chillar\/","name":"Una madre y su hijo tresarroyenses golpeados al chocar con animales en la ruta en cercan\u00edas de Chillar - 103.9 fm","isPartOf":{"@id":"https:\/\/ondauno.com.ar\/#website"},"primaryImageOfPage":{"@id":"https:\/\/ondauno.com.ar\/index.php\/2021\/07\/21\/una-madre-y-su-hijo-tresarroyenses-golpeados-al-chocar-con-animales-en-la-ruta-en-cercanias-de-chillar\/#primaryimage"},"image":{"@id":"https:\/\/ondauno.com.ar\/index.php\/2021\/07\/21\/una-madre-y-su-hijo-tresarroyenses-golpeados-al-chocar-con-animales-en-la-ruta-en-cercanias-de-chillar\/#primaryimage"},"thumbnailUrl":"http:\/\/ondauno.com.ar\/wp-content\/uploads\/2021\/07\/1626892322.jpeg","datePublished":"2021-07-22T02:12:15+00:00","dateModified":"2021-07-22T02:12:17+00:00","author":{"@id":"https:\/\/ondauno.com.ar\/#\/schema\/person\/201d1b68e6c75e0fd396fe5f8af5d139"},"breadcrumb":{"@id":"https:\/\/ondauno.com.ar\/index.php\/2021\/07\/21\/una-madre-y-su-hijo-tresarroyenses-golpeados-al-chocar-con-animales-en-la-ruta-en-cercanias-de-chillar\/#breadcrumb"},"inLanguage":"es-AR","potentialAction":[{"@type":"ReadAction","target":["https:\/\/ondauno.com.ar\/index.php\/2021\/07\/21\/una-madre-y-su-hijo-tresarroyenses-golpeados-al-chocar-con-animales-en-la-ruta-en-cercanias-de-chillar\/"]}]},{"@type":"ImageObject","inLanguage":"es-AR","@id":"https:\/\/ondauno.com.ar\/index.php\/2021\/07\/21\/una-madre-y-su-hijo-tresarroyenses-golpeados-al-chocar-con-animales-en-la-ruta-en-cercanias-de-chillar\/#primaryimage","url":"","contentUrl":""},{"@type":"BreadcrumbList","@id":"https:\/\/ondauno.com.ar\/index.php\/2021\/07\/21\/una-madre-y-su-hijo-tresarroyenses-golpeados-al-chocar-con-animales-en-la-ruta-en-cercanias-de-chillar\/#breadcrumb","itemListElement":[{"@type":"ListItem","position":1,"name":"Inicio","item":"https:\/\/ondauno.com.ar\/"},{"@type":"ListItem","position":2,"name":"Una madre y su hijo tresarroyenses golpeados al chocar con animales en la ruta en cercan\u00edas de Chillar"}]},{"@type":"WebSite","@id":"https:\/\/ondauno.com.ar\/#website","url":"https:\/\/ondauno.com.ar\/","name":"103.9 fm","description":"LA PRIMERA RADIO MULTIMEDIA DE TRES ARROYOS","potentialAction":[{"@type":"SearchAction","target":{"@type":"EntryPoint","urlTemplate":"https:\/\/ondauno.com.ar\/?s={search_term_string}"},"query-input":"required name=search_term_string"}],"inLanguage":"es-AR"},{"@type":"Person","@id":"https:\/\/ondauno.com.ar\/#\/schema\/person\/201d1b68e6c75e0fd396fe5f8af5d139","name":"fernando garcia","image":{"@type":"ImageObject","inLanguage":"es-AR","@id":"https:\/\/ondauno.com.ar\/#\/schema\/person\/image\/","url":"https:\/\/secure.gravatar.com\/avatar\/5f7254642ad81272e79a2e69653cfdfc?s=96&d=mm&r=g","contentUrl":"https:\/\/secure.gravatar.com\/avatar\/5f7254642ad81272e79a2e69653cfdfc?s=96&d=mm&r=g","caption":"fernando garcia"},"url":"https:\/\/ondauno.com.ar\/index.php\/author\/ondaunoeditor\/"}]}},"jetpack_publicize_connections":[],"jetpack_featured_media_url":"","jetpack_sharing_enabled":true,"_links":{"self":[{"href":"https:\/\/ondauno.com.ar\/index.php\/wp-json\/wp\/v2\/posts\/26956","targetHints":{"allow":["GET"]}}],"collection":[{"href":"https:\/\/ondauno.com.ar\/index.php\/wp-json\/wp\/v2\/posts"}],"about":[{"href":"https:\/\/ondauno.com.ar\/index.php\/wp-json\/wp\/v2\/types\/post"}],"author":[{"embeddable":true,"href":"https:\/\/ondauno.com.ar\/index.php\/wp-json\/wp\/v2\/users\/2"}],"replies":[{"embeddable":true,"href":"https:\/\/ondauno.com.ar\/index.php\/wp-json\/wp\/v2\/comments?post=26956"}],"version-history":[{"count":0,"href":"https:\/\/ondauno.com.ar\/index.php\/wp-json\/wp\/v2\/posts\/26956\/revisions"}],"wp:attachment":[{"href":"https:\/\/ondauno.com.ar\/index.php\/wp-json\/wp\/v2\/media?parent=26956"}],"wp:term":[{"taxonomy":"category","embeddable":true,"href":"https:\/\/ondauno.com.ar\/index.php\/wp-json\/wp\/v2\/categories?post=26956"},{"taxonomy":"post_tag","embeddable":true,"href":"https:\/\/ondauno.com.ar\/index.php\/wp-json\/wp\/v2\/tags?post=26956"}],"curies":[{"name":"wp","href":"https:\/\/api.w.org\/{rel}","templated":true}]}}