{"id":26898,"date":"2021-07-20T19:51:50","date_gmt":"2021-07-20T22:51:50","guid":{"rendered":"http:\/\/ondauno.com.ar\/?p=26898"},"modified":"2021-07-20T20:34:09","modified_gmt":"2021-07-20T23:34:09","slug":"un-invierno-con-temperaturas-habituales-y-menos-lluvias-para-tres-arroyos-segun-smn","status":"publish","type":"post","link":"https:\/\/ondauno.com.ar\/index.php\/2021\/07\/20\/un-invierno-con-temperaturas-habituales-y-menos-lluvias-para-tres-arroyos-segun-smn\/","title":{"rendered":"Un invierno con temperaturas habituales y menos lluvias para Tres Arroyos; seg\u00fan el SMN"},"content":{"rendered":"<div class=\"ondau-before-content_3\" style=\"margin-top: -30px;\" id=\"ondau-741923129\"><a href=\"https:\/\/www.lps.com.ar\/\" aria-label=\"la-perse2\"><img loading=\"lazy\" decoding=\"async\" src=\"https:\/\/ondauno.com.ar\/wp-content\/uploads\/2021\/10\/la-perse2.jpg\" alt=\"\"  srcset=\"https:\/\/ondauno.com.ar\/wp-content\/uploads\/2021\/10\/la-perse2.jpg 1353w, https:\/\/ondauno.com.ar\/wp-content\/uploads\/2021\/10\/la-perse2-300x43.jpg 300w, https:\/\/ondauno.com.ar\/wp-content\/uploads\/2021\/10\/la-perse2-1024x148.jpg 1024w, https:\/\/ondauno.com.ar\/wp-content\/uploads\/2021\/10\/la-perse2-768x111.jpg 768w, https:\/\/ondauno.com.ar\/wp-content\/uploads\/2021\/10\/la-perse2-696x100.jpg 696w, https:\/\/ondauno.com.ar\/wp-content\/uploads\/2021\/10\/la-perse2-1068x154.jpg 1068w\" sizes=\"(max-width: 1353px) 100vw, 1353px\" class=\"no-lazyload\" width=\"1353\" height=\"195\"  style=\"display: inline-block;\" \/><\/a><\/div>\n<p>El Coordinador Nacional de Redes y Meteor\u00f3logo del Servicio\nMeteorol\u00f3gico Nacional, Lucas Berengua, dio un informe clim\u00e1tico para el\ninvierno que se transita en el distrito.<\/p>\n\n\n\n<p>Adem\u00e1s, en Cosas que pasan, explic\u00f3 c\u00f3mo act\u00faa el servicio\nde Alertas Tempranas, disponible en la web con acceso libre; y adem\u00e1s destac\u00f3\nel trabajo hecho por la oficina local del Servicio Meteorol\u00f3gico Nacional.<\/p>\n\n\n\n<figure><iframe loading=\"lazy\" data-src=\"https:\/\/www.facebook.com\/plugins\/video.php?height=314&amp;href=https%3A%2F%2Fwww.facebook.com%2Fondauno103.9%2Fvideos%2F161427792722126%2F&amp;show_text=false&amp;width=560&amp;t=0\" width=\"560\" height=\"314\" allowfullscreen=\"true\" src=\"data:image\/gif;base64,R0lGODlhAQABAAAAACH5BAEKAAEALAAAAAABAAEAAAICTAEAOw==\" class=\"lazyload\" data-load-mode=\"1\"><\/iframe><\/figure>\n","protected":false},"excerpt":{"rendered":"<p>El Coordinador Nacional de Redes y Meteor\u00f3logo del Servicio Meteorol\u00f3gico Nacional, Lucas Berengua, dio un informe clim\u00e1tico para el invierno que se transita en el distrito. Adem\u00e1s, en Cosas que pasan, explic\u00f3 c\u00f3mo act\u00faa el servicio de Alertas Tempranas, disponible en la web con acceso libre; y adem\u00e1s destac\u00f3 el trabajo hecho por la oficina [&hellip;]<\/p>\n","protected":false},"author":2,"featured_media":0,"comment_status":"open","ping_status":"open","sticky":false,"template":"","format":"standard","meta":{"tdm_status":"","tdm_grid_status":"","_jetpack_memberships_contains_paid_content":false,"footnotes":"","jetpack_publicize_message":"","jetpack_publicize_feature_enabled":true,"jetpack_social_post_already_shared":true,"jetpack_social_options":{"image_generator_settings":{"template":"highway","default_image_id":0,"font":"","enabled":false},"version":2}},"categories":[26],"tags":[],"class_list":{"0":"post-26898","1":"post","2":"type-post","3":"status-publish","4":"format-standard","6":"category-destacada"},"yoast_head":"<!-- This site is optimized with the Yoast SEO plugin v22.7 - https:\/\/yoast.com\/wordpress\/plugins\/seo\/ -->\n<title>Un invierno con temperaturas habituales y menos lluvias para Tres Arroyos; seg\u00fan el SMN - 103.9 fm<\/title>\n<meta name=\"robots\" content=\"index, follow, max-snippet:-1, max-image-preview:large, max-video-preview:-1\" \/>\n<link rel=\"canonical\" href=\"https:\/\/ondauno.com.ar\/index.php\/2021\/07\/20\/un-invierno-con-temperaturas-habituales-y-menos-lluvias-para-tres-arroyos-segun-smn\/\" \/>\n<meta property=\"og:locale\" content=\"es_ES\" \/>\n<meta property=\"og:type\" content=\"article\" \/>\n<meta property=\"og:title\" content=\"Un invierno con temperaturas habituales y menos lluvias para Tres Arroyos; seg\u00fan el SMN - 103.9 fm\" \/>\n<meta property=\"og:description\" content=\"El Coordinador Nacional de Redes y Meteor\u00f3logo del Servicio Meteorol\u00f3gico Nacional, Lucas Berengua, dio un informe clim\u00e1tico para el invierno que se transita en el distrito. Adem\u00e1s, en Cosas que pasan, explic\u00f3 c\u00f3mo act\u00faa el servicio de Alertas Tempranas, disponible en la web con acceso libre; y adem\u00e1s destac\u00f3 el trabajo hecho por la oficina [&hellip;]\" \/>\n<meta property=\"og:url\" content=\"https:\/\/ondauno.com.ar\/index.php\/2021\/07\/20\/un-invierno-con-temperaturas-habituales-y-menos-lluvias-para-tres-arroyos-segun-smn\/\" \/>\n<meta property=\"og:site_name\" content=\"103.9 fm\" \/>\n<meta property=\"article:publisher\" content=\"https:\/\/www.facebook.com\/ondauno103.9\" \/>\n<meta property=\"article:published_time\" content=\"2021-07-20T22:51:50+00:00\" \/>\n<meta property=\"article:modified_time\" content=\"2021-07-20T23:34:09+00:00\" \/>\n<meta property=\"og:image\" content=\"https:\/\/ondauno.com.ar\/wp-content\/uploads\/2021\/07\/helada.jpg\" \/>\n\t<meta property=\"og:image:width\" content=\"650\" \/>\n\t<meta property=\"og:image:height\" content=\"404\" \/>\n\t<meta property=\"og:image:type\" content=\"image\/jpeg\" \/>\n<meta name=\"author\" content=\"fernando garcia\" \/>\n<meta name=\"twitter:card\" content=\"summary_large_image\" \/>\n<meta name=\"twitter:label1\" content=\"Escrito por\" \/>\n\t<meta name=\"twitter:data1\" content=\"fernando garcia\" \/>\n<script type=\"application\/ld+json\" class=\"yoast-schema-graph\">{\"@context\":\"https:\/\/schema.org\",\"@graph\":[{\"@type\":\"WebPage\",\"@id\":\"https:\/\/ondauno.com.ar\/index.php\/2021\/07\/20\/un-invierno-con-temperaturas-habituales-y-menos-lluvias-para-tres-arroyos-segun-smn\/\",\"url\":\"https:\/\/ondauno.com.ar\/index.php\/2021\/07\/20\/un-invierno-con-temperaturas-habituales-y-menos-lluvias-para-tres-arroyos-segun-smn\/\",\"name\":\"Un invierno con temperaturas habituales y menos lluvias para Tres Arroyos; seg\u00fan el SMN - 103.9 fm\",\"isPartOf\":{\"@id\":\"https:\/\/ondauno.com.ar\/#website\"},\"datePublished\":\"2021-07-20T22:51:50+00:00\",\"dateModified\":\"2021-07-20T23:34:09+00:00\",\"author\":{\"@id\":\"https:\/\/ondauno.com.ar\/#\/schema\/person\/201d1b68e6c75e0fd396fe5f8af5d139\"},\"breadcrumb\":{\"@id\":\"https:\/\/ondauno.com.ar\/index.php\/2021\/07\/20\/un-invierno-con-temperaturas-habituales-y-menos-lluvias-para-tres-arroyos-segun-smn\/#breadcrumb\"},\"inLanguage\":\"es-AR\",\"potentialAction\":[{\"@type\":\"ReadAction\",\"target\":[\"https:\/\/ondauno.com.ar\/index.php\/2021\/07\/20\/un-invierno-con-temperaturas-habituales-y-menos-lluvias-para-tres-arroyos-segun-smn\/\"]}]},{\"@type\":\"BreadcrumbList\",\"@id\":\"https:\/\/ondauno.com.ar\/index.php\/2021\/07\/20\/un-invierno-con-temperaturas-habituales-y-menos-lluvias-para-tres-arroyos-segun-smn\/#breadcrumb\",\"itemListElement\":[{\"@type\":\"ListItem\",\"position\":1,\"name\":\"Inicio\",\"item\":\"https:\/\/ondauno.com.ar\/\"},{\"@type\":\"ListItem\",\"position\":2,\"name\":\"Un invierno con temperaturas habituales y menos lluvias para Tres Arroyos; seg\u00fan el SMN\"}]},{\"@type\":\"WebSite\",\"@id\":\"https:\/\/ondauno.com.ar\/#website\",\"url\":\"https:\/\/ondauno.com.ar\/\",\"name\":\"103.9 fm\",\"description\":\"LA PRIMERA RADIO MULTIMEDIA DE TRES ARROYOS\",\"potentialAction\":[{\"@type\":\"SearchAction\",\"target\":{\"@type\":\"EntryPoint\",\"urlTemplate\":\"https:\/\/ondauno.com.ar\/?s={search_term_string}\"},\"query-input\":\"required name=search_term_string\"}],\"inLanguage\":\"es-AR\"},{\"@type\":\"Person\",\"@id\":\"https:\/\/ondauno.com.ar\/#\/schema\/person\/201d1b68e6c75e0fd396fe5f8af5d139\",\"name\":\"fernando garcia\",\"image\":{\"@type\":\"ImageObject\",\"inLanguage\":\"es-AR\",\"@id\":\"https:\/\/ondauno.com.ar\/#\/schema\/person\/image\/\",\"url\":\"https:\/\/secure.gravatar.com\/avatar\/5f7254642ad81272e79a2e69653cfdfc?s=96&d=mm&r=g\",\"contentUrl\":\"https:\/\/secure.gravatar.com\/avatar\/5f7254642ad81272e79a2e69653cfdfc?s=96&d=mm&r=g\",\"caption\":\"fernando garcia\"},\"url\":\"https:\/\/ondauno.com.ar\/index.php\/author\/ondaunoeditor\/\"}]}<\/script>\n<!-- \/ Yoast SEO plugin. -->","yoast_head_json":{"title":"Un invierno con temperaturas habituales y menos lluvias para Tres Arroyos; seg\u00fan el SMN - 103.9 fm","robots":{"index":"index","follow":"follow","max-snippet":"max-snippet:-1","max-image-preview":"max-image-preview:large","max-video-preview":"max-video-preview:-1"},"canonical":"https:\/\/ondauno.com.ar\/index.php\/2021\/07\/20\/un-invierno-con-temperaturas-habituales-y-menos-lluvias-para-tres-arroyos-segun-smn\/","og_locale":"es_ES","og_type":"article","og_title":"Un invierno con temperaturas habituales y menos lluvias para Tres Arroyos; seg\u00fan el SMN - 103.9 fm","og_description":"El Coordinador Nacional de Redes y Meteor\u00f3logo del Servicio Meteorol\u00f3gico Nacional, Lucas Berengua, dio un informe clim\u00e1tico para el invierno que se transita en el distrito. Adem\u00e1s, en Cosas que pasan, explic\u00f3 c\u00f3mo act\u00faa el servicio de Alertas Tempranas, disponible en la web con acceso libre; y adem\u00e1s destac\u00f3 el trabajo hecho por la oficina [&hellip;]","og_url":"https:\/\/ondauno.com.ar\/index.php\/2021\/07\/20\/un-invierno-con-temperaturas-habituales-y-menos-lluvias-para-tres-arroyos-segun-smn\/","og_site_name":"103.9 fm","article_publisher":"https:\/\/www.facebook.com\/ondauno103.9","article_published_time":"2021-07-20T22:51:50+00:00","article_modified_time":"2021-07-20T23:34:09+00:00","og_image":[{"width":650,"height":404,"url":"https:\/\/ondauno.com.ar\/wp-content\/uploads\/2021\/07\/helada.jpg","type":"image\/jpeg"}],"author":"fernando garcia","twitter_card":"summary_large_image","twitter_misc":{"Escrito por":"fernando garcia"},"schema":{"@context":"https:\/\/schema.org","@graph":[{"@type":"WebPage","@id":"https:\/\/ondauno.com.ar\/index.php\/2021\/07\/20\/un-invierno-con-temperaturas-habituales-y-menos-lluvias-para-tres-arroyos-segun-smn\/","url":"https:\/\/ondauno.com.ar\/index.php\/2021\/07\/20\/un-invierno-con-temperaturas-habituales-y-menos-lluvias-para-tres-arroyos-segun-smn\/","name":"Un invierno con temperaturas habituales y menos lluvias para Tres Arroyos; seg\u00fan el SMN - 103.9 fm","isPartOf":{"@id":"https:\/\/ondauno.com.ar\/#website"},"datePublished":"2021-07-20T22:51:50+00:00","dateModified":"2021-07-20T23:34:09+00:00","author":{"@id":"https:\/\/ondauno.com.ar\/#\/schema\/person\/201d1b68e6c75e0fd396fe5f8af5d139"},"breadcrumb":{"@id":"https:\/\/ondauno.com.ar\/index.php\/2021\/07\/20\/un-invierno-con-temperaturas-habituales-y-menos-lluvias-para-tres-arroyos-segun-smn\/#breadcrumb"},"inLanguage":"es-AR","potentialAction":[{"@type":"ReadAction","target":["https:\/\/ondauno.com.ar\/index.php\/2021\/07\/20\/un-invierno-con-temperaturas-habituales-y-menos-lluvias-para-tres-arroyos-segun-smn\/"]}]},{"@type":"BreadcrumbList","@id":"https:\/\/ondauno.com.ar\/index.php\/2021\/07\/20\/un-invierno-con-temperaturas-habituales-y-menos-lluvias-para-tres-arroyos-segun-smn\/#breadcrumb","itemListElement":[{"@type":"ListItem","position":1,"name":"Inicio","item":"https:\/\/ondauno.com.ar\/"},{"@type":"ListItem","position":2,"name":"Un invierno con temperaturas habituales y menos lluvias para Tres Arroyos; seg\u00fan el SMN"}]},{"@type":"WebSite","@id":"https:\/\/ondauno.com.ar\/#website","url":"https:\/\/ondauno.com.ar\/","name":"103.9 fm","description":"LA PRIMERA RADIO MULTIMEDIA DE TRES ARROYOS","potentialAction":[{"@type":"SearchAction","target":{"@type":"EntryPoint","urlTemplate":"https:\/\/ondauno.com.ar\/?s={search_term_string}"},"query-input":"required name=search_term_string"}],"inLanguage":"es-AR"},{"@type":"Person","@id":"https:\/\/ondauno.com.ar\/#\/schema\/person\/201d1b68e6c75e0fd396fe5f8af5d139","name":"fernando garcia","image":{"@type":"ImageObject","inLanguage":"es-AR","@id":"https:\/\/ondauno.com.ar\/#\/schema\/person\/image\/","url":"https:\/\/secure.gravatar.com\/avatar\/5f7254642ad81272e79a2e69653cfdfc?s=96&d=mm&r=g","contentUrl":"https:\/\/secure.gravatar.com\/avatar\/5f7254642ad81272e79a2e69653cfdfc?s=96&d=mm&r=g","caption":"fernando garcia"},"url":"https:\/\/ondauno.com.ar\/index.php\/author\/ondaunoeditor\/"}]}},"jetpack_publicize_connections":[],"jetpack_featured_media_url":"","jetpack_sharing_enabled":true,"_links":{"self":[{"href":"https:\/\/ondauno.com.ar\/index.php\/wp-json\/wp\/v2\/posts\/26898","targetHints":{"allow":["GET"]}}],"collection":[{"href":"https:\/\/ondauno.com.ar\/index.php\/wp-json\/wp\/v2\/posts"}],"about":[{"href":"https:\/\/ondauno.com.ar\/index.php\/wp-json\/wp\/v2\/types\/post"}],"author":[{"embeddable":true,"href":"https:\/\/ondauno.com.ar\/index.php\/wp-json\/wp\/v2\/users\/2"}],"replies":[{"embeddable":true,"href":"https:\/\/ondauno.com.ar\/index.php\/wp-json\/wp\/v2\/comments?post=26898"}],"version-history":[{"count":0,"href":"https:\/\/ondauno.com.ar\/index.php\/wp-json\/wp\/v2\/posts\/26898\/revisions"}],"wp:attachment":[{"href":"https:\/\/ondauno.com.ar\/index.php\/wp-json\/wp\/v2\/media?parent=26898"}],"wp:term":[{"taxonomy":"category","embeddable":true,"href":"https:\/\/ondauno.com.ar\/index.php\/wp-json\/wp\/v2\/categories?post=26898"},{"taxonomy":"post_tag","embeddable":true,"href":"https:\/\/ondauno.com.ar\/index.php\/wp-json\/wp\/v2\/tags?post=26898"}],"curies":[{"name":"wp","href":"https:\/\/api.w.org\/{rel}","templated":true}]}}