{"id":26892,"date":"2021-07-20T19:48:43","date_gmt":"2021-07-20T22:48:43","guid":{"rendered":"http:\/\/ondauno.com.ar\/?p=26892"},"modified":"2021-07-20T20:50:01","modified_gmt":"2021-07-20T23:50:01","slug":"post-covid-guillermina-tano-conto-como-trabaja-en-pacientes-con-las-secuelas-del-coronavirus","status":"publish","type":"post","link":"https:\/\/ondauno.com.ar\/index.php\/2021\/07\/20\/post-covid-guillermina-tano-conto-como-trabaja-en-pacientes-con-las-secuelas-del-coronavirus\/","title":{"rendered":"Post covid: Guillermina Tano cont\u00f3 c\u00f3mo trabaja en pacientes con las secuelas del coronavirus"},"content":{"rendered":"<div class=\"ondau-before-content_3\" style=\"margin-top: -30px;\" id=\"ondau-1281781171\"><a href=\"https:\/\/www.lps.com.ar\/\" aria-label=\"la-perse2\"><img loading=\"lazy\" decoding=\"async\" src=\"https:\/\/ondauno.com.ar\/wp-content\/uploads\/2021\/10\/la-perse2.jpg\" alt=\"\"  srcset=\"https:\/\/ondauno.com.ar\/wp-content\/uploads\/2021\/10\/la-perse2.jpg 1353w, https:\/\/ondauno.com.ar\/wp-content\/uploads\/2021\/10\/la-perse2-300x43.jpg 300w, https:\/\/ondauno.com.ar\/wp-content\/uploads\/2021\/10\/la-perse2-1024x148.jpg 1024w, https:\/\/ondauno.com.ar\/wp-content\/uploads\/2021\/10\/la-perse2-768x111.jpg 768w, https:\/\/ondauno.com.ar\/wp-content\/uploads\/2021\/10\/la-perse2-696x100.jpg 696w, https:\/\/ondauno.com.ar\/wp-content\/uploads\/2021\/10\/la-perse2-1068x154.jpg 1068w\" sizes=\"(max-width: 1353px) 100vw, 1353px\" class=\"no-lazyload\" width=\"1353\" height=\"195\"  style=\"display: inline-block;\" \/><\/a><\/div>\n<p>La kinesi\u00f3loga tresarroyense Guillermina Tano, habl\u00f3 en\nCosas que pasan sobre el trabajo que realiza para al servicio de terapia\nintensiva del Hospital Pirovano, especialmente con los pacientes que logran\nsalir vivos de terapia intensiva.<\/p>\n\n\n\n<div class=\"wp-block-jetpack-tiled-gallery aligncenter is-style-rectangular\"><div class=\"tiled-gallery__gallery\"><div class=\"tiled-gallery__row\"><div class=\"tiled-gallery__col\"><figure class=\"tiled-gallery__item\"><a href=\"https:\/\/i1.wp.com\/ondauno.com.ar\/wp-content\/uploads\/2021\/07\/WhatsApp-Image-2021-07-20-at-19.11.12-1.jpeg?ssl=1\" rel=\"lightbox[26892]\"><img decoding=\"async\" data-srcset=\"https:\/\/i1.wp.com\/ondauno.com.ar\/wp-content\/uploads\/2021\/07\/WhatsApp-Image-2021-07-20-at-19.11.12-1.jpeg?strip=info&#038;w=600&#038;ssl=1 600w,https:\/\/i1.wp.com\/ondauno.com.ar\/wp-content\/uploads\/2021\/07\/WhatsApp-Image-2021-07-20-at-19.11.12-1.jpeg?strip=info&#038;w=900&#038;ssl=1 900w,https:\/\/i1.wp.com\/ondauno.com.ar\/wp-content\/uploads\/2021\/07\/WhatsApp-Image-2021-07-20-at-19.11.12-1.jpeg?strip=info&#038;w=1080&#038;ssl=1 1080w\" alt=\"\" data-height=\"1252\" data-id=\"26896\" data-link=\"https:\/\/ondauno.com.ar\/?attachment_id=26896\" data-url=\"https:\/\/ondauno.com.ar\/wp-content\/uploads\/2021\/07\/WhatsApp-Image-2021-07-20-at-19.11.12-1.jpeg\" data-width=\"1080\" data-src=\"https:\/\/i1.wp.com\/ondauno.com.ar\/wp-content\/uploads\/2021\/07\/WhatsApp-Image-2021-07-20-at-19.11.12-1.jpeg?ssl=1\" src=\"data:image\/gif;base64,R0lGODlhAQABAAAAACH5BAEKAAEALAAAAAABAAEAAAICTAEAOw==\" class=\"lazyload\" \/><noscript><img decoding=\"async\" srcset=\"https:\/\/i1.wp.com\/ondauno.com.ar\/wp-content\/uploads\/2021\/07\/WhatsApp-Image-2021-07-20-at-19.11.12-1.jpeg?strip=info&#038;w=600&#038;ssl=1 600w,https:\/\/i1.wp.com\/ondauno.com.ar\/wp-content\/uploads\/2021\/07\/WhatsApp-Image-2021-07-20-at-19.11.12-1.jpeg?strip=info&#038;w=900&#038;ssl=1 900w,https:\/\/i1.wp.com\/ondauno.com.ar\/wp-content\/uploads\/2021\/07\/WhatsApp-Image-2021-07-20-at-19.11.12-1.jpeg?strip=info&#038;w=1080&#038;ssl=1 1080w\" alt=\"\" data-height=\"1252\" data-id=\"26896\" data-link=\"https:\/\/ondauno.com.ar\/?attachment_id=26896\" data-url=\"https:\/\/ondauno.com.ar\/wp-content\/uploads\/2021\/07\/WhatsApp-Image-2021-07-20-at-19.11.12-1.jpeg\" data-width=\"1080\" src=\"https:\/\/i1.wp.com\/ondauno.com.ar\/wp-content\/uploads\/2021\/07\/WhatsApp-Image-2021-07-20-at-19.11.12-1.jpeg?ssl=1\"\/><\/noscript><\/a><\/figure><\/div><div class=\"tiled-gallery__col\"><figure class=\"tiled-gallery__item\"><a href=\"https:\/\/i0.wp.com\/ondauno.com.ar\/wp-content\/uploads\/2021\/07\/WhatsApp-Image-2021-07-20-at-19.11.13.jpeg?ssl=1\" rel=\"lightbox[26892]\"><img decoding=\"async\" data-srcset=\"https:\/\/i0.wp.com\/ondauno.com.ar\/wp-content\/uploads\/2021\/07\/WhatsApp-Image-2021-07-20-at-19.11.13.jpeg?strip=info&#038;w=600&#038;ssl=1 600w,https:\/\/i0.wp.com\/ondauno.com.ar\/wp-content\/uploads\/2021\/07\/WhatsApp-Image-2021-07-20-at-19.11.13.jpeg?strip=info&#038;w=900&#038;ssl=1 900w,https:\/\/i0.wp.com\/ondauno.com.ar\/wp-content\/uploads\/2021\/07\/WhatsApp-Image-2021-07-20-at-19.11.13.jpeg?strip=info&#038;w=1015&#038;ssl=1 1015w\" alt=\"\" data-height=\"1053\" data-id=\"26895\" data-link=\"https:\/\/ondauno.com.ar\/?attachment_id=26895\" data-url=\"https:\/\/ondauno.com.ar\/wp-content\/uploads\/2021\/07\/WhatsApp-Image-2021-07-20-at-19.11.13.jpeg\" data-width=\"1015\" data-src=\"https:\/\/i0.wp.com\/ondauno.com.ar\/wp-content\/uploads\/2021\/07\/WhatsApp-Image-2021-07-20-at-19.11.13.jpeg?ssl=1\" src=\"data:image\/gif;base64,R0lGODlhAQABAAAAACH5BAEKAAEALAAAAAABAAEAAAICTAEAOw==\" class=\"lazyload\" \/><noscript><img decoding=\"async\" srcset=\"https:\/\/i0.wp.com\/ondauno.com.ar\/wp-content\/uploads\/2021\/07\/WhatsApp-Image-2021-07-20-at-19.11.13.jpeg?strip=info&#038;w=600&#038;ssl=1 600w,https:\/\/i0.wp.com\/ondauno.com.ar\/wp-content\/uploads\/2021\/07\/WhatsApp-Image-2021-07-20-at-19.11.13.jpeg?strip=info&#038;w=900&#038;ssl=1 900w,https:\/\/i0.wp.com\/ondauno.com.ar\/wp-content\/uploads\/2021\/07\/WhatsApp-Image-2021-07-20-at-19.11.13.jpeg?strip=info&#038;w=1015&#038;ssl=1 1015w\" alt=\"\" data-height=\"1053\" data-id=\"26895\" data-link=\"https:\/\/ondauno.com.ar\/?attachment_id=26895\" data-url=\"https:\/\/ondauno.com.ar\/wp-content\/uploads\/2021\/07\/WhatsApp-Image-2021-07-20-at-19.11.13.jpeg\" data-width=\"1015\" src=\"https:\/\/i0.wp.com\/ondauno.com.ar\/wp-content\/uploads\/2021\/07\/WhatsApp-Image-2021-07-20-at-19.11.13.jpeg?ssl=1\"\/><\/noscript><\/a><\/figure><\/div><div class=\"tiled-gallery__col\"><figure class=\"tiled-gallery__item\"><a href=\"https:\/\/i2.wp.com\/ondauno.com.ar\/wp-content\/uploads\/2021\/07\/WhatsApp-Image-2021-07-20-at-19.11.13-1.jpeg?ssl=1\" rel=\"lightbox[26892]\"><img decoding=\"async\" data-srcset=\"https:\/\/i2.wp.com\/ondauno.com.ar\/wp-content\/uploads\/2021\/07\/WhatsApp-Image-2021-07-20-at-19.11.13-1.jpeg?strip=info&#038;w=600&#038;ssl=1 600w,https:\/\/i2.wp.com\/ondauno.com.ar\/wp-content\/uploads\/2021\/07\/WhatsApp-Image-2021-07-20-at-19.11.13-1.jpeg?strip=info&#038;w=738&#038;ssl=1 738w\" alt=\"\" data-height=\"1600\" data-id=\"26894\" data-link=\"https:\/\/ondauno.com.ar\/?attachment_id=26894\" data-url=\"https:\/\/ondauno.com.ar\/wp-content\/uploads\/2021\/07\/WhatsApp-Image-2021-07-20-at-19.11.13-1.jpeg\" data-width=\"738\" data-src=\"https:\/\/i2.wp.com\/ondauno.com.ar\/wp-content\/uploads\/2021\/07\/WhatsApp-Image-2021-07-20-at-19.11.13-1.jpeg?ssl=1\" src=\"data:image\/gif;base64,R0lGODlhAQABAAAAACH5BAEKAAEALAAAAAABAAEAAAICTAEAOw==\" class=\"lazyload\" \/><noscript><img decoding=\"async\" srcset=\"https:\/\/i2.wp.com\/ondauno.com.ar\/wp-content\/uploads\/2021\/07\/WhatsApp-Image-2021-07-20-at-19.11.13-1.jpeg?strip=info&#038;w=600&#038;ssl=1 600w,https:\/\/i2.wp.com\/ondauno.com.ar\/wp-content\/uploads\/2021\/07\/WhatsApp-Image-2021-07-20-at-19.11.13-1.jpeg?strip=info&#038;w=738&#038;ssl=1 738w\" alt=\"\" data-height=\"1600\" data-id=\"26894\" data-link=\"https:\/\/ondauno.com.ar\/?attachment_id=26894\" data-url=\"https:\/\/ondauno.com.ar\/wp-content\/uploads\/2021\/07\/WhatsApp-Image-2021-07-20-at-19.11.13-1.jpeg\" data-width=\"738\" src=\"https:\/\/i2.wp.com\/ondauno.com.ar\/wp-content\/uploads\/2021\/07\/WhatsApp-Image-2021-07-20-at-19.11.13-1.jpeg?ssl=1\"\/><\/noscript><\/a><\/figure><\/div><\/div><\/div><\/div>\n\n\n\n<p>La profesional de la salud que adem\u00e1s trabaja para el servicio de kinesiolog\u00eda del hospital San Mart\u00edn de La Plata, explic\u00f3 lo importante que representa el acompa\u00f1amiento del grupo familiar para los pacientes que deben enfrentar un paciente trabajo de recuperaci\u00f3n.<\/p>\n\n\n\n<figure><iframe loading=\"lazy\" data-src=\"https:\/\/www.facebook.com\/plugins\/video.php?height=314&amp;href=https%3A%2F%2Fwww.facebook.com%2Fondauno103.9%2Fvideos%2F914137849170887%2F&amp;show_text=false&amp;width=560&amp;t=0\" width=\"560\" height=\"314\" allowfullscreen=\"true\" src=\"data:image\/gif;base64,R0lGODlhAQABAAAAACH5BAEKAAEALAAAAAABAAEAAAICTAEAOw==\" class=\"lazyload\" data-load-mode=\"1\"><\/iframe><\/figure>\n","protected":false},"excerpt":{"rendered":"<p>La kinesi\u00f3loga tresarroyense Guillermina Tano, habl\u00f3 en Cosas que pasan sobre el trabajo que realiza para al servicio de terapia intensiva del Hospital Pirovano, especialmente con los pacientes que logran salir vivos de terapia intensiva. La profesional de la salud que adem\u00e1s trabaja para el servicio de kinesiolog\u00eda del hospital San Mart\u00edn de La Plata, [&hellip;]<\/p>\n","protected":false},"author":2,"featured_media":0,"comment_status":"open","ping_status":"open","sticky":false,"template":"","format":"standard","meta":{"tdm_status":"","tdm_grid_status":"","_jetpack_memberships_contains_paid_content":false,"footnotes":"","jetpack_publicize_message":"","jetpack_publicize_feature_enabled":true,"jetpack_social_post_already_shared":true,"jetpack_social_options":{"image_generator_settings":{"template":"highway","default_image_id":0,"font":"","enabled":false},"version":2}},"categories":[2],"tags":[],"class_list":{"0":"post-26892","1":"post","2":"type-post","3":"status-publish","4":"format-standard","6":"category-locales"},"yoast_head":"<!-- This site is optimized with the Yoast SEO plugin v22.7 - https:\/\/yoast.com\/wordpress\/plugins\/seo\/ -->\n<title>Post covid: Guillermina Tano cont\u00f3 c\u00f3mo trabaja en pacientes con las secuelas del coronavirus - 103.9 fm<\/title>\n<meta name=\"robots\" content=\"index, follow, max-snippet:-1, max-image-preview:large, max-video-preview:-1\" \/>\n<link rel=\"canonical\" href=\"https:\/\/ondauno.com.ar\/index.php\/2021\/07\/20\/post-covid-guillermina-tano-conto-como-trabaja-en-pacientes-con-las-secuelas-del-coronavirus\/\" \/>\n<meta property=\"og:locale\" content=\"es_ES\" \/>\n<meta property=\"og:type\" content=\"article\" \/>\n<meta property=\"og:title\" content=\"Post covid: Guillermina Tano cont\u00f3 c\u00f3mo trabaja en pacientes con las secuelas del coronavirus - 103.9 fm\" \/>\n<meta property=\"og:description\" content=\"La kinesi\u00f3loga tresarroyense Guillermina Tano, habl\u00f3 en Cosas que pasan sobre el trabajo que realiza para al servicio de terapia intensiva del Hospital Pirovano, especialmente con los pacientes que logran salir vivos de terapia intensiva. La profesional de la salud que adem\u00e1s trabaja para el servicio de kinesiolog\u00eda del hospital San Mart\u00edn de La Plata, [&hellip;]\" \/>\n<meta property=\"og:url\" content=\"https:\/\/ondauno.com.ar\/index.php\/2021\/07\/20\/post-covid-guillermina-tano-conto-como-trabaja-en-pacientes-con-las-secuelas-del-coronavirus\/\" \/>\n<meta property=\"og:site_name\" content=\"103.9 fm\" \/>\n<meta property=\"article:publisher\" content=\"https:\/\/www.facebook.com\/ondauno103.9\" \/>\n<meta property=\"article:published_time\" content=\"2021-07-20T22:48:43+00:00\" \/>\n<meta property=\"article:modified_time\" content=\"2021-07-20T23:50:01+00:00\" \/>\n<meta property=\"og:image\" content=\"https:\/\/ondauno.com.ar\/wp-content\/uploads\/2021\/07\/WhatsApp-Image-2021-07-20-at-19.11.12.jpeg\" \/>\n\t<meta property=\"og:image:width\" content=\"780\" \/>\n\t<meta property=\"og:image:height\" content=\"1040\" \/>\n\t<meta property=\"og:image:type\" content=\"image\/jpeg\" \/>\n<meta name=\"author\" content=\"fernando garcia\" \/>\n<meta name=\"twitter:card\" content=\"summary_large_image\" \/>\n<meta name=\"twitter:label1\" content=\"Escrito por\" \/>\n\t<meta name=\"twitter:data1\" content=\"fernando garcia\" \/>\n<script type=\"application\/ld+json\" class=\"yoast-schema-graph\">{\"@context\":\"https:\/\/schema.org\",\"@graph\":[{\"@type\":\"WebPage\",\"@id\":\"https:\/\/ondauno.com.ar\/index.php\/2021\/07\/20\/post-covid-guillermina-tano-conto-como-trabaja-en-pacientes-con-las-secuelas-del-coronavirus\/\",\"url\":\"https:\/\/ondauno.com.ar\/index.php\/2021\/07\/20\/post-covid-guillermina-tano-conto-como-trabaja-en-pacientes-con-las-secuelas-del-coronavirus\/\",\"name\":\"Post covid: Guillermina Tano cont\u00f3 c\u00f3mo trabaja en pacientes con las secuelas del coronavirus - 103.9 fm\",\"isPartOf\":{\"@id\":\"https:\/\/ondauno.com.ar\/#website\"},\"primaryImageOfPage\":{\"@id\":\"https:\/\/ondauno.com.ar\/index.php\/2021\/07\/20\/post-covid-guillermina-tano-conto-como-trabaja-en-pacientes-con-las-secuelas-del-coronavirus\/#primaryimage\"},\"image\":{\"@id\":\"https:\/\/ondauno.com.ar\/index.php\/2021\/07\/20\/post-covid-guillermina-tano-conto-como-trabaja-en-pacientes-con-las-secuelas-del-coronavirus\/#primaryimage\"},\"thumbnailUrl\":\"https:\/\/i1.wp.com\/ondauno.com.ar\/wp-content\/uploads\/2021\/07\/WhatsApp-Image-2021-07-20-at-19.11.12-1.jpeg?ssl=1\",\"datePublished\":\"2021-07-20T22:48:43+00:00\",\"dateModified\":\"2021-07-20T23:50:01+00:00\",\"author\":{\"@id\":\"https:\/\/ondauno.com.ar\/#\/schema\/person\/201d1b68e6c75e0fd396fe5f8af5d139\"},\"breadcrumb\":{\"@id\":\"https:\/\/ondauno.com.ar\/index.php\/2021\/07\/20\/post-covid-guillermina-tano-conto-como-trabaja-en-pacientes-con-las-secuelas-del-coronavirus\/#breadcrumb\"},\"inLanguage\":\"es-AR\",\"potentialAction\":[{\"@type\":\"ReadAction\",\"target\":[\"https:\/\/ondauno.com.ar\/index.php\/2021\/07\/20\/post-covid-guillermina-tano-conto-como-trabaja-en-pacientes-con-las-secuelas-del-coronavirus\/\"]}]},{\"@type\":\"ImageObject\",\"inLanguage\":\"es-AR\",\"@id\":\"https:\/\/ondauno.com.ar\/index.php\/2021\/07\/20\/post-covid-guillermina-tano-conto-como-trabaja-en-pacientes-con-las-secuelas-del-coronavirus\/#primaryimage\",\"url\":\"https:\/\/i1.wp.com\/ondauno.com.ar\/wp-content\/uploads\/2021\/07\/WhatsApp-Image-2021-07-20-at-19.11.12-1.jpeg?ssl=1\",\"contentUrl\":\"https:\/\/i1.wp.com\/ondauno.com.ar\/wp-content\/uploads\/2021\/07\/WhatsApp-Image-2021-07-20-at-19.11.12-1.jpeg?ssl=1\"},{\"@type\":\"BreadcrumbList\",\"@id\":\"https:\/\/ondauno.com.ar\/index.php\/2021\/07\/20\/post-covid-guillermina-tano-conto-como-trabaja-en-pacientes-con-las-secuelas-del-coronavirus\/#breadcrumb\",\"itemListElement\":[{\"@type\":\"ListItem\",\"position\":1,\"name\":\"Inicio\",\"item\":\"https:\/\/ondauno.com.ar\/\"},{\"@type\":\"ListItem\",\"position\":2,\"name\":\"Post covid: Guillermina Tano cont\u00f3 c\u00f3mo trabaja en pacientes con las secuelas del coronavirus\"}]},{\"@type\":\"WebSite\",\"@id\":\"https:\/\/ondauno.com.ar\/#website\",\"url\":\"https:\/\/ondauno.com.ar\/\",\"name\":\"103.9 fm\",\"description\":\"LA PRIMERA RADIO MULTIMEDIA DE TRES ARROYOS\",\"potentialAction\":[{\"@type\":\"SearchAction\",\"target\":{\"@type\":\"EntryPoint\",\"urlTemplate\":\"https:\/\/ondauno.com.ar\/?s={search_term_string}\"},\"query-input\":\"required name=search_term_string\"}],\"inLanguage\":\"es-AR\"},{\"@type\":\"Person\",\"@id\":\"https:\/\/ondauno.com.ar\/#\/schema\/person\/201d1b68e6c75e0fd396fe5f8af5d139\",\"name\":\"fernando garcia\",\"image\":{\"@type\":\"ImageObject\",\"inLanguage\":\"es-AR\",\"@id\":\"https:\/\/ondauno.com.ar\/#\/schema\/person\/image\/\",\"url\":\"https:\/\/secure.gravatar.com\/avatar\/5f7254642ad81272e79a2e69653cfdfc?s=96&d=mm&r=g\",\"contentUrl\":\"https:\/\/secure.gravatar.com\/avatar\/5f7254642ad81272e79a2e69653cfdfc?s=96&d=mm&r=g\",\"caption\":\"fernando garcia\"},\"url\":\"https:\/\/ondauno.com.ar\/index.php\/author\/ondaunoeditor\/\"}]}<\/script>\n<!-- \/ Yoast SEO plugin. -->","yoast_head_json":{"title":"Post covid: Guillermina Tano cont\u00f3 c\u00f3mo trabaja en pacientes con las secuelas del coronavirus - 103.9 fm","robots":{"index":"index","follow":"follow","max-snippet":"max-snippet:-1","max-image-preview":"max-image-preview:large","max-video-preview":"max-video-preview:-1"},"canonical":"https:\/\/ondauno.com.ar\/index.php\/2021\/07\/20\/post-covid-guillermina-tano-conto-como-trabaja-en-pacientes-con-las-secuelas-del-coronavirus\/","og_locale":"es_ES","og_type":"article","og_title":"Post covid: Guillermina Tano cont\u00f3 c\u00f3mo trabaja en pacientes con las secuelas del coronavirus - 103.9 fm","og_description":"La kinesi\u00f3loga tresarroyense Guillermina Tano, habl\u00f3 en Cosas que pasan sobre el trabajo que realiza para al servicio de terapia intensiva del Hospital Pirovano, especialmente con los pacientes que logran salir vivos de terapia intensiva. La profesional de la salud que adem\u00e1s trabaja para el servicio de kinesiolog\u00eda del hospital San Mart\u00edn de La Plata, [&hellip;]","og_url":"https:\/\/ondauno.com.ar\/index.php\/2021\/07\/20\/post-covid-guillermina-tano-conto-como-trabaja-en-pacientes-con-las-secuelas-del-coronavirus\/","og_site_name":"103.9 fm","article_publisher":"https:\/\/www.facebook.com\/ondauno103.9","article_published_time":"2021-07-20T22:48:43+00:00","article_modified_time":"2021-07-20T23:50:01+00:00","og_image":[{"width":780,"height":1040,"url":"https:\/\/ondauno.com.ar\/wp-content\/uploads\/2021\/07\/WhatsApp-Image-2021-07-20-at-19.11.12.jpeg","type":"image\/jpeg"}],"author":"fernando garcia","twitter_card":"summary_large_image","twitter_misc":{"Escrito por":"fernando garcia"},"schema":{"@context":"https:\/\/schema.org","@graph":[{"@type":"WebPage","@id":"https:\/\/ondauno.com.ar\/index.php\/2021\/07\/20\/post-covid-guillermina-tano-conto-como-trabaja-en-pacientes-con-las-secuelas-del-coronavirus\/","url":"https:\/\/ondauno.com.ar\/index.php\/2021\/07\/20\/post-covid-guillermina-tano-conto-como-trabaja-en-pacientes-con-las-secuelas-del-coronavirus\/","name":"Post covid: Guillermina Tano cont\u00f3 c\u00f3mo trabaja en pacientes con las secuelas del coronavirus - 103.9 fm","isPartOf":{"@id":"https:\/\/ondauno.com.ar\/#website"},"primaryImageOfPage":{"@id":"https:\/\/ondauno.com.ar\/index.php\/2021\/07\/20\/post-covid-guillermina-tano-conto-como-trabaja-en-pacientes-con-las-secuelas-del-coronavirus\/#primaryimage"},"image":{"@id":"https:\/\/ondauno.com.ar\/index.php\/2021\/07\/20\/post-covid-guillermina-tano-conto-como-trabaja-en-pacientes-con-las-secuelas-del-coronavirus\/#primaryimage"},"thumbnailUrl":"https:\/\/i1.wp.com\/ondauno.com.ar\/wp-content\/uploads\/2021\/07\/WhatsApp-Image-2021-07-20-at-19.11.12-1.jpeg?ssl=1","datePublished":"2021-07-20T22:48:43+00:00","dateModified":"2021-07-20T23:50:01+00:00","author":{"@id":"https:\/\/ondauno.com.ar\/#\/schema\/person\/201d1b68e6c75e0fd396fe5f8af5d139"},"breadcrumb":{"@id":"https:\/\/ondauno.com.ar\/index.php\/2021\/07\/20\/post-covid-guillermina-tano-conto-como-trabaja-en-pacientes-con-las-secuelas-del-coronavirus\/#breadcrumb"},"inLanguage":"es-AR","potentialAction":[{"@type":"ReadAction","target":["https:\/\/ondauno.com.ar\/index.php\/2021\/07\/20\/post-covid-guillermina-tano-conto-como-trabaja-en-pacientes-con-las-secuelas-del-coronavirus\/"]}]},{"@type":"ImageObject","inLanguage":"es-AR","@id":"https:\/\/ondauno.com.ar\/index.php\/2021\/07\/20\/post-covid-guillermina-tano-conto-como-trabaja-en-pacientes-con-las-secuelas-del-coronavirus\/#primaryimage","url":"https:\/\/i1.wp.com\/ondauno.com.ar\/wp-content\/uploads\/2021\/07\/WhatsApp-Image-2021-07-20-at-19.11.12-1.jpeg?ssl=1","contentUrl":"https:\/\/i1.wp.com\/ondauno.com.ar\/wp-content\/uploads\/2021\/07\/WhatsApp-Image-2021-07-20-at-19.11.12-1.jpeg?ssl=1"},{"@type":"BreadcrumbList","@id":"https:\/\/ondauno.com.ar\/index.php\/2021\/07\/20\/post-covid-guillermina-tano-conto-como-trabaja-en-pacientes-con-las-secuelas-del-coronavirus\/#breadcrumb","itemListElement":[{"@type":"ListItem","position":1,"name":"Inicio","item":"https:\/\/ondauno.com.ar\/"},{"@type":"ListItem","position":2,"name":"Post covid: Guillermina Tano cont\u00f3 c\u00f3mo trabaja en pacientes con las secuelas del coronavirus"}]},{"@type":"WebSite","@id":"https:\/\/ondauno.com.ar\/#website","url":"https:\/\/ondauno.com.ar\/","name":"103.9 fm","description":"LA PRIMERA RADIO MULTIMEDIA DE TRES ARROYOS","potentialAction":[{"@type":"SearchAction","target":{"@type":"EntryPoint","urlTemplate":"https:\/\/ondauno.com.ar\/?s={search_term_string}"},"query-input":"required name=search_term_string"}],"inLanguage":"es-AR"},{"@type":"Person","@id":"https:\/\/ondauno.com.ar\/#\/schema\/person\/201d1b68e6c75e0fd396fe5f8af5d139","name":"fernando garcia","image":{"@type":"ImageObject","inLanguage":"es-AR","@id":"https:\/\/ondauno.com.ar\/#\/schema\/person\/image\/","url":"https:\/\/secure.gravatar.com\/avatar\/5f7254642ad81272e79a2e69653cfdfc?s=96&d=mm&r=g","contentUrl":"https:\/\/secure.gravatar.com\/avatar\/5f7254642ad81272e79a2e69653cfdfc?s=96&d=mm&r=g","caption":"fernando garcia"},"url":"https:\/\/ondauno.com.ar\/index.php\/author\/ondaunoeditor\/"}]}},"jetpack_publicize_connections":[],"jetpack_featured_media_url":"","jetpack_sharing_enabled":true,"_links":{"self":[{"href":"https:\/\/ondauno.com.ar\/index.php\/wp-json\/wp\/v2\/posts\/26892","targetHints":{"allow":["GET"]}}],"collection":[{"href":"https:\/\/ondauno.com.ar\/index.php\/wp-json\/wp\/v2\/posts"}],"about":[{"href":"https:\/\/ondauno.com.ar\/index.php\/wp-json\/wp\/v2\/types\/post"}],"author":[{"embeddable":true,"href":"https:\/\/ondauno.com.ar\/index.php\/wp-json\/wp\/v2\/users\/2"}],"replies":[{"embeddable":true,"href":"https:\/\/ondauno.com.ar\/index.php\/wp-json\/wp\/v2\/comments?post=26892"}],"version-history":[{"count":0,"href":"https:\/\/ondauno.com.ar\/index.php\/wp-json\/wp\/v2\/posts\/26892\/revisions"}],"wp:attachment":[{"href":"https:\/\/ondauno.com.ar\/index.php\/wp-json\/wp\/v2\/media?parent=26892"}],"wp:term":[{"taxonomy":"category","embeddable":true,"href":"https:\/\/ondauno.com.ar\/index.php\/wp-json\/wp\/v2\/categories?post=26892"},{"taxonomy":"post_tag","embeddable":true,"href":"https:\/\/ondauno.com.ar\/index.php\/wp-json\/wp\/v2\/tags?post=26892"}],"curies":[{"name":"wp","href":"https:\/\/api.w.org\/{rel}","templated":true}]}}