{"id":26090,"date":"2021-06-21T13:07:15","date_gmt":"2021-06-21T16:07:15","guid":{"rendered":"http:\/\/ondauno.com.ar\/?p=26090"},"modified":"2021-06-22T00:21:35","modified_gmt":"2021-06-22T03:21:35","slug":"atacaron-a-efectivos-de-la-policia-y-apedrearon-un-patrullero","status":"publish","type":"post","link":"https:\/\/ondauno.com.ar\/index.php\/2021\/06\/21\/atacaron-a-efectivos-de-la-policia-y-apedrearon-un-patrullero\/","title":{"rendered":"Atacaron a efectivos de la polic\u00eda y apedrearon un patrullero"},"content":{"rendered":"<div class=\"ondau-before-content_3\" style=\"margin-top: -30px;\" id=\"ondau-593914373\"><a href=\"https:\/\/www.lps.com.ar\/\" aria-label=\"la-perse2\"><img loading=\"lazy\" decoding=\"async\" src=\"https:\/\/ondauno.com.ar\/wp-content\/uploads\/2021\/10\/la-perse2.jpg\" alt=\"\"  srcset=\"https:\/\/ondauno.com.ar\/wp-content\/uploads\/2021\/10\/la-perse2.jpg 1353w, https:\/\/ondauno.com.ar\/wp-content\/uploads\/2021\/10\/la-perse2-300x43.jpg 300w, https:\/\/ondauno.com.ar\/wp-content\/uploads\/2021\/10\/la-perse2-1024x148.jpg 1024w, https:\/\/ondauno.com.ar\/wp-content\/uploads\/2021\/10\/la-perse2-768x111.jpg 768w, https:\/\/ondauno.com.ar\/wp-content\/uploads\/2021\/10\/la-perse2-696x100.jpg 696w, https:\/\/ondauno.com.ar\/wp-content\/uploads\/2021\/10\/la-perse2-1068x154.jpg 1068w\" sizes=\"(max-width: 1353px) 100vw, 1353px\" class=\"no-lazyload\" width=\"1353\" height=\"195\"  style=\"display: inline-block;\" \/><\/a><\/div>\n<p>En calle Godoy Cruz al 400 efectivos de la polic\u00eda que llegaban en un patrullero fueron agredidos a piedrazos por una turba violenta de personas.<\/p>\n\n\n\n<p>Los agentes hab\u00edan acudido al lugar porque se hab\u00eda requerido su presencia al haberse producido una confrontaci\u00f3n entre numerosas personas, en un descampado sobre el cual luego huyeron en diferentes direcciones.<\/p>\n\n\n\n<p>El m\u00f3vil policial termin\u00f3 con los vidrios rotos, y se iniciaron actuaciones por da\u00f1o.<\/p>\n","protected":false},"excerpt":{"rendered":"<p>En calle Godoy Cruz al 400 efectivos de la polic\u00eda que llegaban en un patrullero fueron agredidos a piedrazos por una turba violenta de personas. Los agentes hab\u00edan acudido al lugar porque se hab\u00eda requerido su presencia al haberse producido una confrontaci\u00f3n entre numerosas personas, en un descampado sobre el cual luego huyeron en diferentes [&hellip;]<\/p>\n","protected":false},"author":2,"featured_media":0,"comment_status":"open","ping_status":"open","sticky":false,"template":"","format":"standard","meta":{"tdm_status":"","tdm_grid_status":"","_jetpack_memberships_contains_paid_content":false,"footnotes":"","jetpack_publicize_message":"","jetpack_publicize_feature_enabled":true,"jetpack_social_post_already_shared":true,"jetpack_social_options":{"image_generator_settings":{"template":"highway","default_image_id":0,"font":"","enabled":false},"version":2}},"categories":[29],"tags":[],"class_list":{"0":"post-26090","1":"post","2":"type-post","3":"status-publish","4":"format-standard","6":"category-policiales"},"yoast_head":"<!-- This site is optimized with the Yoast SEO plugin v22.7 - https:\/\/yoast.com\/wordpress\/plugins\/seo\/ -->\n<title>Atacaron a efectivos de la polic\u00eda y apedrearon un patrullero - 103.9 fm<\/title>\n<meta name=\"robots\" content=\"index, follow, max-snippet:-1, max-image-preview:large, max-video-preview:-1\" \/>\n<link rel=\"canonical\" href=\"https:\/\/ondauno.com.ar\/index.php\/2021\/06\/21\/atacaron-a-efectivos-de-la-policia-y-apedrearon-un-patrullero\/\" \/>\n<meta property=\"og:locale\" content=\"es_ES\" \/>\n<meta property=\"og:type\" content=\"article\" \/>\n<meta property=\"og:title\" content=\"Atacaron a efectivos de la polic\u00eda y apedrearon un patrullero - 103.9 fm\" \/>\n<meta property=\"og:description\" content=\"En calle Godoy Cruz al 400 efectivos de la polic\u00eda que llegaban en un patrullero fueron agredidos a piedrazos por una turba violenta de personas. Los agentes hab\u00edan acudido al lugar porque se hab\u00eda requerido su presencia al haberse producido una confrontaci\u00f3n entre numerosas personas, en un descampado sobre el cual luego huyeron en diferentes [&hellip;]\" \/>\n<meta property=\"og:url\" content=\"https:\/\/ondauno.com.ar\/index.php\/2021\/06\/21\/atacaron-a-efectivos-de-la-policia-y-apedrearon-un-patrullero\/\" \/>\n<meta property=\"og:site_name\" content=\"103.9 fm\" \/>\n<meta property=\"article:publisher\" content=\"https:\/\/www.facebook.com\/ondauno103.9\" \/>\n<meta property=\"article:published_time\" content=\"2021-06-21T16:07:15+00:00\" \/>\n<meta property=\"article:modified_time\" content=\"2021-06-22T03:21:35+00:00\" \/>\n<meta property=\"og:image\" content=\"https:\/\/ondauno.com.ar\/wp-content\/uploads\/2021\/06\/WhatsApp-Image-2021-06-21-at-22.53.46.jpeg\" \/>\n\t<meta property=\"og:image:width\" content=\"1280\" \/>\n\t<meta property=\"og:image:height\" content=\"720\" \/>\n\t<meta property=\"og:image:type\" content=\"image\/jpeg\" \/>\n<meta name=\"author\" content=\"fernando garcia\" \/>\n<meta name=\"twitter:card\" content=\"summary_large_image\" \/>\n<meta name=\"twitter:label1\" content=\"Escrito por\" \/>\n\t<meta name=\"twitter:data1\" content=\"fernando garcia\" \/>\n<script type=\"application\/ld+json\" class=\"yoast-schema-graph\">{\"@context\":\"https:\/\/schema.org\",\"@graph\":[{\"@type\":\"WebPage\",\"@id\":\"https:\/\/ondauno.com.ar\/index.php\/2021\/06\/21\/atacaron-a-efectivos-de-la-policia-y-apedrearon-un-patrullero\/\",\"url\":\"https:\/\/ondauno.com.ar\/index.php\/2021\/06\/21\/atacaron-a-efectivos-de-la-policia-y-apedrearon-un-patrullero\/\",\"name\":\"Atacaron a efectivos de la polic\u00eda y apedrearon un patrullero - 103.9 fm\",\"isPartOf\":{\"@id\":\"https:\/\/ondauno.com.ar\/#website\"},\"datePublished\":\"2021-06-21T16:07:15+00:00\",\"dateModified\":\"2021-06-22T03:21:35+00:00\",\"author\":{\"@id\":\"https:\/\/ondauno.com.ar\/#\/schema\/person\/201d1b68e6c75e0fd396fe5f8af5d139\"},\"breadcrumb\":{\"@id\":\"https:\/\/ondauno.com.ar\/index.php\/2021\/06\/21\/atacaron-a-efectivos-de-la-policia-y-apedrearon-un-patrullero\/#breadcrumb\"},\"inLanguage\":\"es-AR\",\"potentialAction\":[{\"@type\":\"ReadAction\",\"target\":[\"https:\/\/ondauno.com.ar\/index.php\/2021\/06\/21\/atacaron-a-efectivos-de-la-policia-y-apedrearon-un-patrullero\/\"]}]},{\"@type\":\"BreadcrumbList\",\"@id\":\"https:\/\/ondauno.com.ar\/index.php\/2021\/06\/21\/atacaron-a-efectivos-de-la-policia-y-apedrearon-un-patrullero\/#breadcrumb\",\"itemListElement\":[{\"@type\":\"ListItem\",\"position\":1,\"name\":\"Inicio\",\"item\":\"https:\/\/ondauno.com.ar\/\"},{\"@type\":\"ListItem\",\"position\":2,\"name\":\"Atacaron a efectivos de la polic\u00eda y apedrearon un patrullero\"}]},{\"@type\":\"WebSite\",\"@id\":\"https:\/\/ondauno.com.ar\/#website\",\"url\":\"https:\/\/ondauno.com.ar\/\",\"name\":\"103.9 fm\",\"description\":\"LA PRIMERA RADIO MULTIMEDIA DE TRES ARROYOS\",\"potentialAction\":[{\"@type\":\"SearchAction\",\"target\":{\"@type\":\"EntryPoint\",\"urlTemplate\":\"https:\/\/ondauno.com.ar\/?s={search_term_string}\"},\"query-input\":\"required name=search_term_string\"}],\"inLanguage\":\"es-AR\"},{\"@type\":\"Person\",\"@id\":\"https:\/\/ondauno.com.ar\/#\/schema\/person\/201d1b68e6c75e0fd396fe5f8af5d139\",\"name\":\"fernando garcia\",\"image\":{\"@type\":\"ImageObject\",\"inLanguage\":\"es-AR\",\"@id\":\"https:\/\/ondauno.com.ar\/#\/schema\/person\/image\/\",\"url\":\"https:\/\/secure.gravatar.com\/avatar\/5f7254642ad81272e79a2e69653cfdfc?s=96&d=mm&r=g\",\"contentUrl\":\"https:\/\/secure.gravatar.com\/avatar\/5f7254642ad81272e79a2e69653cfdfc?s=96&d=mm&r=g\",\"caption\":\"fernando garcia\"},\"url\":\"https:\/\/ondauno.com.ar\/index.php\/author\/ondaunoeditor\/\"}]}<\/script>\n<!-- \/ Yoast SEO plugin. -->","yoast_head_json":{"title":"Atacaron a efectivos de la polic\u00eda y apedrearon un patrullero - 103.9 fm","robots":{"index":"index","follow":"follow","max-snippet":"max-snippet:-1","max-image-preview":"max-image-preview:large","max-video-preview":"max-video-preview:-1"},"canonical":"https:\/\/ondauno.com.ar\/index.php\/2021\/06\/21\/atacaron-a-efectivos-de-la-policia-y-apedrearon-un-patrullero\/","og_locale":"es_ES","og_type":"article","og_title":"Atacaron a efectivos de la polic\u00eda y apedrearon un patrullero - 103.9 fm","og_description":"En calle Godoy Cruz al 400 efectivos de la polic\u00eda que llegaban en un patrullero fueron agredidos a piedrazos por una turba violenta de personas. Los agentes hab\u00edan acudido al lugar porque se hab\u00eda requerido su presencia al haberse producido una confrontaci\u00f3n entre numerosas personas, en un descampado sobre el cual luego huyeron en diferentes [&hellip;]","og_url":"https:\/\/ondauno.com.ar\/index.php\/2021\/06\/21\/atacaron-a-efectivos-de-la-policia-y-apedrearon-un-patrullero\/","og_site_name":"103.9 fm","article_publisher":"https:\/\/www.facebook.com\/ondauno103.9","article_published_time":"2021-06-21T16:07:15+00:00","article_modified_time":"2021-06-22T03:21:35+00:00","og_image":[{"width":1280,"height":720,"url":"https:\/\/ondauno.com.ar\/wp-content\/uploads\/2021\/06\/WhatsApp-Image-2021-06-21-at-22.53.46.jpeg","type":"image\/jpeg"}],"author":"fernando garcia","twitter_card":"summary_large_image","twitter_misc":{"Escrito por":"fernando garcia"},"schema":{"@context":"https:\/\/schema.org","@graph":[{"@type":"WebPage","@id":"https:\/\/ondauno.com.ar\/index.php\/2021\/06\/21\/atacaron-a-efectivos-de-la-policia-y-apedrearon-un-patrullero\/","url":"https:\/\/ondauno.com.ar\/index.php\/2021\/06\/21\/atacaron-a-efectivos-de-la-policia-y-apedrearon-un-patrullero\/","name":"Atacaron a efectivos de la polic\u00eda y apedrearon un patrullero - 103.9 fm","isPartOf":{"@id":"https:\/\/ondauno.com.ar\/#website"},"datePublished":"2021-06-21T16:07:15+00:00","dateModified":"2021-06-22T03:21:35+00:00","author":{"@id":"https:\/\/ondauno.com.ar\/#\/schema\/person\/201d1b68e6c75e0fd396fe5f8af5d139"},"breadcrumb":{"@id":"https:\/\/ondauno.com.ar\/index.php\/2021\/06\/21\/atacaron-a-efectivos-de-la-policia-y-apedrearon-un-patrullero\/#breadcrumb"},"inLanguage":"es-AR","potentialAction":[{"@type":"ReadAction","target":["https:\/\/ondauno.com.ar\/index.php\/2021\/06\/21\/atacaron-a-efectivos-de-la-policia-y-apedrearon-un-patrullero\/"]}]},{"@type":"BreadcrumbList","@id":"https:\/\/ondauno.com.ar\/index.php\/2021\/06\/21\/atacaron-a-efectivos-de-la-policia-y-apedrearon-un-patrullero\/#breadcrumb","itemListElement":[{"@type":"ListItem","position":1,"name":"Inicio","item":"https:\/\/ondauno.com.ar\/"},{"@type":"ListItem","position":2,"name":"Atacaron a efectivos de la polic\u00eda y apedrearon un patrullero"}]},{"@type":"WebSite","@id":"https:\/\/ondauno.com.ar\/#website","url":"https:\/\/ondauno.com.ar\/","name":"103.9 fm","description":"LA PRIMERA RADIO MULTIMEDIA DE TRES ARROYOS","potentialAction":[{"@type":"SearchAction","target":{"@type":"EntryPoint","urlTemplate":"https:\/\/ondauno.com.ar\/?s={search_term_string}"},"query-input":"required name=search_term_string"}],"inLanguage":"es-AR"},{"@type":"Person","@id":"https:\/\/ondauno.com.ar\/#\/schema\/person\/201d1b68e6c75e0fd396fe5f8af5d139","name":"fernando garcia","image":{"@type":"ImageObject","inLanguage":"es-AR","@id":"https:\/\/ondauno.com.ar\/#\/schema\/person\/image\/","url":"https:\/\/secure.gravatar.com\/avatar\/5f7254642ad81272e79a2e69653cfdfc?s=96&d=mm&r=g","contentUrl":"https:\/\/secure.gravatar.com\/avatar\/5f7254642ad81272e79a2e69653cfdfc?s=96&d=mm&r=g","caption":"fernando garcia"},"url":"https:\/\/ondauno.com.ar\/index.php\/author\/ondaunoeditor\/"}]}},"jetpack_publicize_connections":[],"jetpack_featured_media_url":"","jetpack_sharing_enabled":true,"_links":{"self":[{"href":"https:\/\/ondauno.com.ar\/index.php\/wp-json\/wp\/v2\/posts\/26090","targetHints":{"allow":["GET"]}}],"collection":[{"href":"https:\/\/ondauno.com.ar\/index.php\/wp-json\/wp\/v2\/posts"}],"about":[{"href":"https:\/\/ondauno.com.ar\/index.php\/wp-json\/wp\/v2\/types\/post"}],"author":[{"embeddable":true,"href":"https:\/\/ondauno.com.ar\/index.php\/wp-json\/wp\/v2\/users\/2"}],"replies":[{"embeddable":true,"href":"https:\/\/ondauno.com.ar\/index.php\/wp-json\/wp\/v2\/comments?post=26090"}],"version-history":[{"count":0,"href":"https:\/\/ondauno.com.ar\/index.php\/wp-json\/wp\/v2\/posts\/26090\/revisions"}],"wp:attachment":[{"href":"https:\/\/ondauno.com.ar\/index.php\/wp-json\/wp\/v2\/media?parent=26090"}],"wp:term":[{"taxonomy":"category","embeddable":true,"href":"https:\/\/ondauno.com.ar\/index.php\/wp-json\/wp\/v2\/categories?post=26090"},{"taxonomy":"post_tag","embeddable":true,"href":"https:\/\/ondauno.com.ar\/index.php\/wp-json\/wp\/v2\/tags?post=26090"}],"curies":[{"name":"wp","href":"https:\/\/api.w.org\/{rel}","templated":true}]}}