{"id":25534,"date":"2021-05-28T20:44:59","date_gmt":"2021-05-28T23:44:59","guid":{"rendered":"http:\/\/ondauno.com.ar\/?p=25534"},"modified":"2021-05-28T20:49:54","modified_gmt":"2021-05-28T23:49:54","slug":"violentos-repeliendo-a-la-policia-en-un-operativo-antidrogas","status":"publish","type":"post","link":"https:\/\/ondauno.com.ar\/index.php\/2021\/05\/28\/violentos-repeliendo-a-la-policia-en-un-operativo-antidrogas\/","title":{"rendered":"Violentos repeliendo a la polic\u00eda, en un operativo antidrogas (video)"},"content":{"rendered":"<div class=\"ondau-before-content_3\" style=\"margin-top: -30px;\" id=\"ondau-3256464672\"><a href=\"https:\/\/www.lps.com.ar\/\" aria-label=\"la-perse2\"><img loading=\"lazy\" decoding=\"async\" src=\"https:\/\/ondauno.com.ar\/wp-content\/uploads\/2021\/10\/la-perse2.jpg\" alt=\"\"  srcset=\"https:\/\/ondauno.com.ar\/wp-content\/uploads\/2021\/10\/la-perse2.jpg 1353w, https:\/\/ondauno.com.ar\/wp-content\/uploads\/2021\/10\/la-perse2-300x43.jpg 300w, https:\/\/ondauno.com.ar\/wp-content\/uploads\/2021\/10\/la-perse2-1024x148.jpg 1024w, https:\/\/ondauno.com.ar\/wp-content\/uploads\/2021\/10\/la-perse2-768x111.jpg 768w, https:\/\/ondauno.com.ar\/wp-content\/uploads\/2021\/10\/la-perse2-696x100.jpg 696w, https:\/\/ondauno.com.ar\/wp-content\/uploads\/2021\/10\/la-perse2-1068x154.jpg 1068w\" sizes=\"(max-width: 1353px) 100vw, 1353px\" class=\"no-lazyload\" width=\"1353\" height=\"195\"  style=\"display: inline-block;\" \/><\/a><\/div>\n<p>En un breve video de las adyacencias del procedimiento realizado ayer por la polic\u00eda, se puede observar el momento en que un veh\u00edculo de Investigaciones debi\u00f3 dejar la escena al ser resistida su presencia en el lugar.<\/p>\n\n\n\n<p>El procedimiento ordenado por la Justicia de Garant\u00edas, e investigado por el fiscal Gabriel Lopazzo, finalmente logr\u00f3 secuestrar marihuana y detener a un sujeto de 20 a\u00f1os, aunque en contrapartida se gener\u00f3 un violento enfrentamiento entre allegados al detenido y las fuerzas del orden, sobre calle Dean Funes al 1200 aproximadamente.<\/p>\n\n\n\n<figure class=\"wp-block-embed-youtube wp-block-embed is-type-video is-provider-youtube wp-embed-aspect-16-9 wp-has-aspect-ratio\"><div class=\"wp-block-embed__wrapper\">\n<iframe loading=\"lazy\" title=\"Apedreado!!\" width=\"696\" height=\"392\" data-src=\"https:\/\/www.youtube.com\/embed\/-apG6jieMZM?feature=oembed&#038;enablejsapi=1\" frameborder=\"0\" allow=\"accelerometer; autoplay; clipboard-write; encrypted-media; gyroscope; picture-in-picture\" allowfullscreen src=\"data:image\/gif;base64,R0lGODlhAQABAAAAACH5BAEKAAEALAAAAAABAAEAAAICTAEAOw==\" class=\"lazyload\" data-load-mode=\"1\"><\/iframe>\n<\/div><\/figure>\n","protected":false},"excerpt":{"rendered":"<p>En un breve video de las adyacencias del procedimiento realizado ayer por la polic\u00eda, se puede observar el momento en que un veh\u00edculo de Investigaciones debi\u00f3 dejar la escena al ser resistida su presencia en el lugar. El procedimiento ordenado por la Justicia de Garant\u00edas, e investigado por el fiscal Gabriel Lopazzo, finalmente logr\u00f3 secuestrar [&hellip;]<\/p>\n","protected":false},"author":2,"featured_media":0,"comment_status":"open","ping_status":"open","sticky":false,"template":"","format":"standard","meta":{"tdm_status":"","tdm_grid_status":"","_jetpack_memberships_contains_paid_content":false,"footnotes":"","jetpack_publicize_message":"","jetpack_publicize_feature_enabled":true,"jetpack_social_post_already_shared":true,"jetpack_social_options":{"image_generator_settings":{"template":"highway","default_image_id":0,"font":"","enabled":false},"version":2}},"categories":[29],"tags":[],"class_list":{"0":"post-25534","1":"post","2":"type-post","3":"status-publish","4":"format-standard","6":"category-policiales"},"yoast_head":"<!-- This site is optimized with the Yoast SEO plugin v22.7 - https:\/\/yoast.com\/wordpress\/plugins\/seo\/ -->\n<title>Violentos repeliendo a la polic\u00eda, en un operativo antidrogas (video) - 103.9 fm<\/title>\n<meta name=\"robots\" content=\"index, follow, max-snippet:-1, max-image-preview:large, max-video-preview:-1\" \/>\n<link rel=\"canonical\" href=\"https:\/\/ondauno.com.ar\/index.php\/2021\/05\/28\/violentos-repeliendo-a-la-policia-en-un-operativo-antidrogas\/\" \/>\n<meta property=\"og:locale\" content=\"es_ES\" \/>\n<meta property=\"og:type\" content=\"article\" \/>\n<meta property=\"og:title\" content=\"Violentos repeliendo a la polic\u00eda, en un operativo antidrogas (video) - 103.9 fm\" \/>\n<meta property=\"og:description\" content=\"En un breve video de las adyacencias del procedimiento realizado ayer por la polic\u00eda, se puede observar el momento en que un veh\u00edculo de Investigaciones debi\u00f3 dejar la escena al ser resistida su presencia en el lugar. El procedimiento ordenado por la Justicia de Garant\u00edas, e investigado por el fiscal Gabriel Lopazzo, finalmente logr\u00f3 secuestrar [&hellip;]\" \/>\n<meta property=\"og:url\" content=\"https:\/\/ondauno.com.ar\/index.php\/2021\/05\/28\/violentos-repeliendo-a-la-policia-en-un-operativo-antidrogas\/\" \/>\n<meta property=\"og:site_name\" content=\"103.9 fm\" \/>\n<meta property=\"article:publisher\" content=\"https:\/\/www.facebook.com\/ondauno103.9\" \/>\n<meta property=\"article:published_time\" content=\"2021-05-28T23:44:59+00:00\" \/>\n<meta property=\"article:modified_time\" content=\"2021-05-28T23:49:54+00:00\" \/>\n<meta property=\"og:image\" content=\"https:\/\/ondauno.com.ar\/wp-content\/uploads\/2021\/05\/movil-apedrado.jpg\" \/>\n\t<meta property=\"og:image:width\" content=\"461\" \/>\n\t<meta property=\"og:image:height\" content=\"352\" \/>\n\t<meta property=\"og:image:type\" content=\"image\/jpeg\" \/>\n<meta name=\"author\" content=\"fernando garcia\" \/>\n<meta name=\"twitter:card\" content=\"summary_large_image\" \/>\n<meta name=\"twitter:label1\" content=\"Escrito por\" \/>\n\t<meta name=\"twitter:data1\" content=\"fernando garcia\" \/>\n<script type=\"application\/ld+json\" class=\"yoast-schema-graph\">{\"@context\":\"https:\/\/schema.org\",\"@graph\":[{\"@type\":\"WebPage\",\"@id\":\"https:\/\/ondauno.com.ar\/index.php\/2021\/05\/28\/violentos-repeliendo-a-la-policia-en-un-operativo-antidrogas\/\",\"url\":\"https:\/\/ondauno.com.ar\/index.php\/2021\/05\/28\/violentos-repeliendo-a-la-policia-en-un-operativo-antidrogas\/\",\"name\":\"Violentos repeliendo a la polic\u00eda, en un operativo antidrogas (video) - 103.9 fm\",\"isPartOf\":{\"@id\":\"https:\/\/ondauno.com.ar\/#website\"},\"datePublished\":\"2021-05-28T23:44:59+00:00\",\"dateModified\":\"2021-05-28T23:49:54+00:00\",\"author\":{\"@id\":\"https:\/\/ondauno.com.ar\/#\/schema\/person\/201d1b68e6c75e0fd396fe5f8af5d139\"},\"breadcrumb\":{\"@id\":\"https:\/\/ondauno.com.ar\/index.php\/2021\/05\/28\/violentos-repeliendo-a-la-policia-en-un-operativo-antidrogas\/#breadcrumb\"},\"inLanguage\":\"es-AR\",\"potentialAction\":[{\"@type\":\"ReadAction\",\"target\":[\"https:\/\/ondauno.com.ar\/index.php\/2021\/05\/28\/violentos-repeliendo-a-la-policia-en-un-operativo-antidrogas\/\"]}]},{\"@type\":\"BreadcrumbList\",\"@id\":\"https:\/\/ondauno.com.ar\/index.php\/2021\/05\/28\/violentos-repeliendo-a-la-policia-en-un-operativo-antidrogas\/#breadcrumb\",\"itemListElement\":[{\"@type\":\"ListItem\",\"position\":1,\"name\":\"Inicio\",\"item\":\"https:\/\/ondauno.com.ar\/\"},{\"@type\":\"ListItem\",\"position\":2,\"name\":\"Violentos repeliendo a la polic\u00eda, en un operativo antidrogas (video)\"}]},{\"@type\":\"WebSite\",\"@id\":\"https:\/\/ondauno.com.ar\/#website\",\"url\":\"https:\/\/ondauno.com.ar\/\",\"name\":\"103.9 fm\",\"description\":\"LA PRIMERA RADIO MULTIMEDIA DE TRES ARROYOS\",\"potentialAction\":[{\"@type\":\"SearchAction\",\"target\":{\"@type\":\"EntryPoint\",\"urlTemplate\":\"https:\/\/ondauno.com.ar\/?s={search_term_string}\"},\"query-input\":\"required name=search_term_string\"}],\"inLanguage\":\"es-AR\"},{\"@type\":\"Person\",\"@id\":\"https:\/\/ondauno.com.ar\/#\/schema\/person\/201d1b68e6c75e0fd396fe5f8af5d139\",\"name\":\"fernando garcia\",\"image\":{\"@type\":\"ImageObject\",\"inLanguage\":\"es-AR\",\"@id\":\"https:\/\/ondauno.com.ar\/#\/schema\/person\/image\/\",\"url\":\"https:\/\/secure.gravatar.com\/avatar\/5f7254642ad81272e79a2e69653cfdfc?s=96&d=mm&r=g\",\"contentUrl\":\"https:\/\/secure.gravatar.com\/avatar\/5f7254642ad81272e79a2e69653cfdfc?s=96&d=mm&r=g\",\"caption\":\"fernando garcia\"},\"url\":\"https:\/\/ondauno.com.ar\/index.php\/author\/ondaunoeditor\/\"}]}<\/script>\n<!-- \/ Yoast SEO plugin. -->","yoast_head_json":{"title":"Violentos repeliendo a la polic\u00eda, en un operativo antidrogas (video) - 103.9 fm","robots":{"index":"index","follow":"follow","max-snippet":"max-snippet:-1","max-image-preview":"max-image-preview:large","max-video-preview":"max-video-preview:-1"},"canonical":"https:\/\/ondauno.com.ar\/index.php\/2021\/05\/28\/violentos-repeliendo-a-la-policia-en-un-operativo-antidrogas\/","og_locale":"es_ES","og_type":"article","og_title":"Violentos repeliendo a la polic\u00eda, en un operativo antidrogas (video) - 103.9 fm","og_description":"En un breve video de las adyacencias del procedimiento realizado ayer por la polic\u00eda, se puede observar el momento en que un veh\u00edculo de Investigaciones debi\u00f3 dejar la escena al ser resistida su presencia en el lugar. El procedimiento ordenado por la Justicia de Garant\u00edas, e investigado por el fiscal Gabriel Lopazzo, finalmente logr\u00f3 secuestrar [&hellip;]","og_url":"https:\/\/ondauno.com.ar\/index.php\/2021\/05\/28\/violentos-repeliendo-a-la-policia-en-un-operativo-antidrogas\/","og_site_name":"103.9 fm","article_publisher":"https:\/\/www.facebook.com\/ondauno103.9","article_published_time":"2021-05-28T23:44:59+00:00","article_modified_time":"2021-05-28T23:49:54+00:00","og_image":[{"width":461,"height":352,"url":"https:\/\/ondauno.com.ar\/wp-content\/uploads\/2021\/05\/movil-apedrado.jpg","type":"image\/jpeg"}],"author":"fernando garcia","twitter_card":"summary_large_image","twitter_misc":{"Escrito por":"fernando garcia"},"schema":{"@context":"https:\/\/schema.org","@graph":[{"@type":"WebPage","@id":"https:\/\/ondauno.com.ar\/index.php\/2021\/05\/28\/violentos-repeliendo-a-la-policia-en-un-operativo-antidrogas\/","url":"https:\/\/ondauno.com.ar\/index.php\/2021\/05\/28\/violentos-repeliendo-a-la-policia-en-un-operativo-antidrogas\/","name":"Violentos repeliendo a la polic\u00eda, en un operativo antidrogas (video) - 103.9 fm","isPartOf":{"@id":"https:\/\/ondauno.com.ar\/#website"},"datePublished":"2021-05-28T23:44:59+00:00","dateModified":"2021-05-28T23:49:54+00:00","author":{"@id":"https:\/\/ondauno.com.ar\/#\/schema\/person\/201d1b68e6c75e0fd396fe5f8af5d139"},"breadcrumb":{"@id":"https:\/\/ondauno.com.ar\/index.php\/2021\/05\/28\/violentos-repeliendo-a-la-policia-en-un-operativo-antidrogas\/#breadcrumb"},"inLanguage":"es-AR","potentialAction":[{"@type":"ReadAction","target":["https:\/\/ondauno.com.ar\/index.php\/2021\/05\/28\/violentos-repeliendo-a-la-policia-en-un-operativo-antidrogas\/"]}]},{"@type":"BreadcrumbList","@id":"https:\/\/ondauno.com.ar\/index.php\/2021\/05\/28\/violentos-repeliendo-a-la-policia-en-un-operativo-antidrogas\/#breadcrumb","itemListElement":[{"@type":"ListItem","position":1,"name":"Inicio","item":"https:\/\/ondauno.com.ar\/"},{"@type":"ListItem","position":2,"name":"Violentos repeliendo a la polic\u00eda, en un operativo antidrogas (video)"}]},{"@type":"WebSite","@id":"https:\/\/ondauno.com.ar\/#website","url":"https:\/\/ondauno.com.ar\/","name":"103.9 fm","description":"LA PRIMERA RADIO MULTIMEDIA DE TRES ARROYOS","potentialAction":[{"@type":"SearchAction","target":{"@type":"EntryPoint","urlTemplate":"https:\/\/ondauno.com.ar\/?s={search_term_string}"},"query-input":"required name=search_term_string"}],"inLanguage":"es-AR"},{"@type":"Person","@id":"https:\/\/ondauno.com.ar\/#\/schema\/person\/201d1b68e6c75e0fd396fe5f8af5d139","name":"fernando garcia","image":{"@type":"ImageObject","inLanguage":"es-AR","@id":"https:\/\/ondauno.com.ar\/#\/schema\/person\/image\/","url":"https:\/\/secure.gravatar.com\/avatar\/5f7254642ad81272e79a2e69653cfdfc?s=96&d=mm&r=g","contentUrl":"https:\/\/secure.gravatar.com\/avatar\/5f7254642ad81272e79a2e69653cfdfc?s=96&d=mm&r=g","caption":"fernando garcia"},"url":"https:\/\/ondauno.com.ar\/index.php\/author\/ondaunoeditor\/"}]}},"jetpack_publicize_connections":[],"jetpack_featured_media_url":"","jetpack_sharing_enabled":true,"_links":{"self":[{"href":"https:\/\/ondauno.com.ar\/index.php\/wp-json\/wp\/v2\/posts\/25534","targetHints":{"allow":["GET"]}}],"collection":[{"href":"https:\/\/ondauno.com.ar\/index.php\/wp-json\/wp\/v2\/posts"}],"about":[{"href":"https:\/\/ondauno.com.ar\/index.php\/wp-json\/wp\/v2\/types\/post"}],"author":[{"embeddable":true,"href":"https:\/\/ondauno.com.ar\/index.php\/wp-json\/wp\/v2\/users\/2"}],"replies":[{"embeddable":true,"href":"https:\/\/ondauno.com.ar\/index.php\/wp-json\/wp\/v2\/comments?post=25534"}],"version-history":[{"count":0,"href":"https:\/\/ondauno.com.ar\/index.php\/wp-json\/wp\/v2\/posts\/25534\/revisions"}],"wp:attachment":[{"href":"https:\/\/ondauno.com.ar\/index.php\/wp-json\/wp\/v2\/media?parent=25534"}],"wp:term":[{"taxonomy":"category","embeddable":true,"href":"https:\/\/ondauno.com.ar\/index.php\/wp-json\/wp\/v2\/categories?post=25534"},{"taxonomy":"post_tag","embeddable":true,"href":"https:\/\/ondauno.com.ar\/index.php\/wp-json\/wp\/v2\/tags?post=25534"}],"curies":[{"name":"wp","href":"https:\/\/api.w.org\/{rel}","templated":true}]}}