{"id":25204,"date":"2021-05-17T22:43:17","date_gmt":"2021-05-18T01:43:17","guid":{"rendered":"http:\/\/ondauno.com.ar\/?p=25204"},"modified":"2021-05-17T22:43:18","modified_gmt":"2021-05-18T01:43:18","slug":"carbap-en-alerta-y-movilizacion-ante-un-eventual-cierre-de-exportaciones","status":"publish","type":"post","link":"https:\/\/ondauno.com.ar\/index.php\/2021\/05\/17\/carbap-en-alerta-y-movilizacion-ante-un-eventual-cierre-de-exportaciones\/","title":{"rendered":"CARBAP en alerta y movilizaci\u00f3n ante un eventual cierre de exportaciones"},"content":{"rendered":"<div class=\"ondau-before-content_3\" style=\"margin-top: -30px;\" id=\"ondau-3400540946\"><a href=\"https:\/\/www.lps.com.ar\/\" aria-label=\"la-perse2\"><img loading=\"lazy\" decoding=\"async\" src=\"https:\/\/ondauno.com.ar\/wp-content\/uploads\/2021\/10\/la-perse2.jpg\" alt=\"\"  srcset=\"https:\/\/ondauno.com.ar\/wp-content\/uploads\/2021\/10\/la-perse2.jpg 1353w, https:\/\/ondauno.com.ar\/wp-content\/uploads\/2021\/10\/la-perse2-300x43.jpg 300w, https:\/\/ondauno.com.ar\/wp-content\/uploads\/2021\/10\/la-perse2-1024x148.jpg 1024w, https:\/\/ondauno.com.ar\/wp-content\/uploads\/2021\/10\/la-perse2-768x111.jpg 768w, https:\/\/ondauno.com.ar\/wp-content\/uploads\/2021\/10\/la-perse2-696x100.jpg 696w, https:\/\/ondauno.com.ar\/wp-content\/uploads\/2021\/10\/la-perse2-1068x154.jpg 1068w\" sizes=\"(max-width: 1353px) 100vw, 1353px\" class=\"no-lazyload\" width=\"1353\" height=\"195\"  style=\"display: inline-block;\" \/><\/a><\/div>\n<p>En vista de las comunicaciones que dan cuenta de un cierre de exportaciones de carne vacuna por 30 d\u00edas anunciado por el  Gobierno Nacional, argumentando para ello el alto precio de la misma, desde la Confederaci\u00f3n de Asociaciones Rurales de Buenos Aires y La Pampa expresamos nuestra firme oposici\u00f3n a la medida por inconducente, inconsulta e indebida, a tal punto que dicha medida como ya ha ocurrido a\u00f1os atr\u00e1s en nuestro pa\u00eds, no solo agravara el problema que se pretende solucionar, sino que perjudicara a cientos de miles de trabajadores de la cadena c\u00e1rnica que aun en este contexto de pandemia siguen trabajando.    <\/p>\n\n\n\n<p>Pareciera que a menos de dos a\u00f1os de la administraci\u00f3n, al Gobierno se le han acabado las ideas para poder morigerar el aumento de los alimentos (provocado principalmente por el desmanejo en las variables macroecon\u00f3micas \u2013inflaci\u00f3n-), y pretende resolverlo aplicando recetas que ya han sido aplicadas y han fracasado, y cuyos resultados toda la ciudadan\u00eda conoce.<\/p>\n\n\n\n<p>Es por ello que CARBAP, ante el inminente error gubernamental,  se declara en estado de alerta y movilizaci\u00f3n y convoca a una reuni\u00f3n de su Consejo Directivo de urgencia para decidir las acciones a seguir.<\/p>\n","protected":false},"excerpt":{"rendered":"<p>En vista de las comunicaciones que dan cuenta de un cierre de exportaciones de carne vacuna por 30 d\u00edas anunciado por el Gobierno Nacional, argumentando para ello el alto precio de la misma, desde la Confederaci\u00f3n de Asociaciones Rurales de Buenos Aires y La Pampa expresamos nuestra firme oposici\u00f3n a la medida por inconducente, inconsulta [&hellip;]<\/p>\n","protected":false},"author":2,"featured_media":19127,"comment_status":"open","ping_status":"open","sticky":false,"template":"","format":"standard","meta":{"tdm_status":"","tdm_grid_status":"","_jetpack_memberships_contains_paid_content":false,"footnotes":"","jetpack_publicize_message":"","jetpack_publicize_feature_enabled":true,"jetpack_social_post_already_shared":true,"jetpack_social_options":{"image_generator_settings":{"template":"highway","default_image_id":0,"font":"","enabled":false},"version":2}},"categories":[26],"tags":[],"class_list":{"0":"post-25204","1":"post","2":"type-post","3":"status-publish","4":"format-standard","5":"has-post-thumbnail","7":"category-destacada"},"yoast_head":"<!-- This site is optimized with the Yoast SEO plugin v22.7 - https:\/\/yoast.com\/wordpress\/plugins\/seo\/ -->\n<title>CARBAP en alerta y movilizaci\u00f3n ante un eventual cierre de exportaciones - 103.9 fm<\/title>\n<meta name=\"robots\" content=\"index, follow, max-snippet:-1, max-image-preview:large, max-video-preview:-1\" \/>\n<link rel=\"canonical\" href=\"https:\/\/ondauno.com.ar\/index.php\/2021\/05\/17\/carbap-en-alerta-y-movilizacion-ante-un-eventual-cierre-de-exportaciones\/\" \/>\n<meta property=\"og:locale\" content=\"es_ES\" \/>\n<meta property=\"og:type\" content=\"article\" \/>\n<meta property=\"og:title\" content=\"CARBAP en alerta y movilizaci\u00f3n ante un eventual cierre de exportaciones - 103.9 fm\" \/>\n<meta property=\"og:description\" content=\"En vista de las comunicaciones que dan cuenta de un cierre de exportaciones de carne vacuna por 30 d\u00edas anunciado por el Gobierno Nacional, argumentando para ello el alto precio de la misma, desde la Confederaci\u00f3n de Asociaciones Rurales de Buenos Aires y La Pampa expresamos nuestra firme oposici\u00f3n a la medida por inconducente, inconsulta [&hellip;]\" \/>\n<meta property=\"og:url\" content=\"https:\/\/ondauno.com.ar\/index.php\/2021\/05\/17\/carbap-en-alerta-y-movilizacion-ante-un-eventual-cierre-de-exportaciones\/\" \/>\n<meta property=\"og:site_name\" content=\"103.9 fm\" \/>\n<meta property=\"article:publisher\" content=\"https:\/\/www.facebook.com\/ondauno103.9\" \/>\n<meta property=\"article:published_time\" content=\"2021-05-18T01:43:17+00:00\" \/>\n<meta property=\"article:modified_time\" content=\"2021-05-18T01:43:18+00:00\" \/>\n<meta property=\"og:image\" content=\"https:\/\/ondauno.com.ar\/wp-content\/uploads\/2020\/11\/carbap-protesta-min.jpg\" \/>\n\t<meta property=\"og:image:width\" content=\"1000\" \/>\n\t<meta property=\"og:image:height\" content=\"562\" \/>\n\t<meta property=\"og:image:type\" content=\"image\/jpeg\" \/>\n<meta name=\"author\" content=\"fernando garcia\" \/>\n<meta name=\"twitter:card\" content=\"summary_large_image\" \/>\n<meta name=\"twitter:label1\" content=\"Escrito por\" \/>\n\t<meta name=\"twitter:data1\" content=\"fernando garcia\" \/>\n\t<meta name=\"twitter:label2\" content=\"Tiempo de lectura\" \/>\n\t<meta name=\"twitter:data2\" content=\"1 minuto\" \/>\n<script type=\"application\/ld+json\" class=\"yoast-schema-graph\">{\"@context\":\"https:\/\/schema.org\",\"@graph\":[{\"@type\":\"WebPage\",\"@id\":\"https:\/\/ondauno.com.ar\/index.php\/2021\/05\/17\/carbap-en-alerta-y-movilizacion-ante-un-eventual-cierre-de-exportaciones\/\",\"url\":\"https:\/\/ondauno.com.ar\/index.php\/2021\/05\/17\/carbap-en-alerta-y-movilizacion-ante-un-eventual-cierre-de-exportaciones\/\",\"name\":\"CARBAP en alerta y movilizaci\u00f3n ante un eventual cierre de exportaciones - 103.9 fm\",\"isPartOf\":{\"@id\":\"https:\/\/ondauno.com.ar\/#website\"},\"primaryImageOfPage\":{\"@id\":\"https:\/\/ondauno.com.ar\/index.php\/2021\/05\/17\/carbap-en-alerta-y-movilizacion-ante-un-eventual-cierre-de-exportaciones\/#primaryimage\"},\"image\":{\"@id\":\"https:\/\/ondauno.com.ar\/index.php\/2021\/05\/17\/carbap-en-alerta-y-movilizacion-ante-un-eventual-cierre-de-exportaciones\/#primaryimage\"},\"thumbnailUrl\":\"https:\/\/ondauno.com.ar\/wp-content\/uploads\/2020\/11\/carbap-protesta-min.jpg\",\"datePublished\":\"2021-05-18T01:43:17+00:00\",\"dateModified\":\"2021-05-18T01:43:18+00:00\",\"author\":{\"@id\":\"https:\/\/ondauno.com.ar\/#\/schema\/person\/201d1b68e6c75e0fd396fe5f8af5d139\"},\"breadcrumb\":{\"@id\":\"https:\/\/ondauno.com.ar\/index.php\/2021\/05\/17\/carbap-en-alerta-y-movilizacion-ante-un-eventual-cierre-de-exportaciones\/#breadcrumb\"},\"inLanguage\":\"es-AR\",\"potentialAction\":[{\"@type\":\"ReadAction\",\"target\":[\"https:\/\/ondauno.com.ar\/index.php\/2021\/05\/17\/carbap-en-alerta-y-movilizacion-ante-un-eventual-cierre-de-exportaciones\/\"]}]},{\"@type\":\"ImageObject\",\"inLanguage\":\"es-AR\",\"@id\":\"https:\/\/ondauno.com.ar\/index.php\/2021\/05\/17\/carbap-en-alerta-y-movilizacion-ante-un-eventual-cierre-de-exportaciones\/#primaryimage\",\"url\":\"https:\/\/ondauno.com.ar\/wp-content\/uploads\/2020\/11\/carbap-protesta-min.jpg\",\"contentUrl\":\"https:\/\/ondauno.com.ar\/wp-content\/uploads\/2020\/11\/carbap-protesta-min.jpg\",\"width\":1000,\"height\":562},{\"@type\":\"BreadcrumbList\",\"@id\":\"https:\/\/ondauno.com.ar\/index.php\/2021\/05\/17\/carbap-en-alerta-y-movilizacion-ante-un-eventual-cierre-de-exportaciones\/#breadcrumb\",\"itemListElement\":[{\"@type\":\"ListItem\",\"position\":1,\"name\":\"Inicio\",\"item\":\"https:\/\/ondauno.com.ar\/\"},{\"@type\":\"ListItem\",\"position\":2,\"name\":\"CARBAP en alerta y movilizaci\u00f3n ante un eventual cierre de exportaciones\"}]},{\"@type\":\"WebSite\",\"@id\":\"https:\/\/ondauno.com.ar\/#website\",\"url\":\"https:\/\/ondauno.com.ar\/\",\"name\":\"103.9 fm\",\"description\":\"LA PRIMERA RADIO MULTIMEDIA DE TRES ARROYOS\",\"potentialAction\":[{\"@type\":\"SearchAction\",\"target\":{\"@type\":\"EntryPoint\",\"urlTemplate\":\"https:\/\/ondauno.com.ar\/?s={search_term_string}\"},\"query-input\":\"required name=search_term_string\"}],\"inLanguage\":\"es-AR\"},{\"@type\":\"Person\",\"@id\":\"https:\/\/ondauno.com.ar\/#\/schema\/person\/201d1b68e6c75e0fd396fe5f8af5d139\",\"name\":\"fernando garcia\",\"image\":{\"@type\":\"ImageObject\",\"inLanguage\":\"es-AR\",\"@id\":\"https:\/\/ondauno.com.ar\/#\/schema\/person\/image\/\",\"url\":\"https:\/\/secure.gravatar.com\/avatar\/5f7254642ad81272e79a2e69653cfdfc?s=96&d=mm&r=g\",\"contentUrl\":\"https:\/\/secure.gravatar.com\/avatar\/5f7254642ad81272e79a2e69653cfdfc?s=96&d=mm&r=g\",\"caption\":\"fernando garcia\"},\"url\":\"https:\/\/ondauno.com.ar\/index.php\/author\/ondaunoeditor\/\"}]}<\/script>\n<!-- \/ Yoast SEO plugin. -->","yoast_head_json":{"title":"CARBAP en alerta y movilizaci\u00f3n ante un eventual cierre de exportaciones - 103.9 fm","robots":{"index":"index","follow":"follow","max-snippet":"max-snippet:-1","max-image-preview":"max-image-preview:large","max-video-preview":"max-video-preview:-1"},"canonical":"https:\/\/ondauno.com.ar\/index.php\/2021\/05\/17\/carbap-en-alerta-y-movilizacion-ante-un-eventual-cierre-de-exportaciones\/","og_locale":"es_ES","og_type":"article","og_title":"CARBAP en alerta y movilizaci\u00f3n ante un eventual cierre de exportaciones - 103.9 fm","og_description":"En vista de las comunicaciones que dan cuenta de un cierre de exportaciones de carne vacuna por 30 d\u00edas anunciado por el Gobierno Nacional, argumentando para ello el alto precio de la misma, desde la Confederaci\u00f3n de Asociaciones Rurales de Buenos Aires y La Pampa expresamos nuestra firme oposici\u00f3n a la medida por inconducente, inconsulta [&hellip;]","og_url":"https:\/\/ondauno.com.ar\/index.php\/2021\/05\/17\/carbap-en-alerta-y-movilizacion-ante-un-eventual-cierre-de-exportaciones\/","og_site_name":"103.9 fm","article_publisher":"https:\/\/www.facebook.com\/ondauno103.9","article_published_time":"2021-05-18T01:43:17+00:00","article_modified_time":"2021-05-18T01:43:18+00:00","og_image":[{"width":1000,"height":562,"url":"https:\/\/ondauno.com.ar\/wp-content\/uploads\/2020\/11\/carbap-protesta-min.jpg","type":"image\/jpeg"}],"author":"fernando garcia","twitter_card":"summary_large_image","twitter_misc":{"Escrito por":"fernando garcia","Tiempo de lectura":"1 minuto"},"schema":{"@context":"https:\/\/schema.org","@graph":[{"@type":"WebPage","@id":"https:\/\/ondauno.com.ar\/index.php\/2021\/05\/17\/carbap-en-alerta-y-movilizacion-ante-un-eventual-cierre-de-exportaciones\/","url":"https:\/\/ondauno.com.ar\/index.php\/2021\/05\/17\/carbap-en-alerta-y-movilizacion-ante-un-eventual-cierre-de-exportaciones\/","name":"CARBAP en alerta y movilizaci\u00f3n ante un eventual cierre de exportaciones - 103.9 fm","isPartOf":{"@id":"https:\/\/ondauno.com.ar\/#website"},"primaryImageOfPage":{"@id":"https:\/\/ondauno.com.ar\/index.php\/2021\/05\/17\/carbap-en-alerta-y-movilizacion-ante-un-eventual-cierre-de-exportaciones\/#primaryimage"},"image":{"@id":"https:\/\/ondauno.com.ar\/index.php\/2021\/05\/17\/carbap-en-alerta-y-movilizacion-ante-un-eventual-cierre-de-exportaciones\/#primaryimage"},"thumbnailUrl":"https:\/\/ondauno.com.ar\/wp-content\/uploads\/2020\/11\/carbap-protesta-min.jpg","datePublished":"2021-05-18T01:43:17+00:00","dateModified":"2021-05-18T01:43:18+00:00","author":{"@id":"https:\/\/ondauno.com.ar\/#\/schema\/person\/201d1b68e6c75e0fd396fe5f8af5d139"},"breadcrumb":{"@id":"https:\/\/ondauno.com.ar\/index.php\/2021\/05\/17\/carbap-en-alerta-y-movilizacion-ante-un-eventual-cierre-de-exportaciones\/#breadcrumb"},"inLanguage":"es-AR","potentialAction":[{"@type":"ReadAction","target":["https:\/\/ondauno.com.ar\/index.php\/2021\/05\/17\/carbap-en-alerta-y-movilizacion-ante-un-eventual-cierre-de-exportaciones\/"]}]},{"@type":"ImageObject","inLanguage":"es-AR","@id":"https:\/\/ondauno.com.ar\/index.php\/2021\/05\/17\/carbap-en-alerta-y-movilizacion-ante-un-eventual-cierre-de-exportaciones\/#primaryimage","url":"https:\/\/ondauno.com.ar\/wp-content\/uploads\/2020\/11\/carbap-protesta-min.jpg","contentUrl":"https:\/\/ondauno.com.ar\/wp-content\/uploads\/2020\/11\/carbap-protesta-min.jpg","width":1000,"height":562},{"@type":"BreadcrumbList","@id":"https:\/\/ondauno.com.ar\/index.php\/2021\/05\/17\/carbap-en-alerta-y-movilizacion-ante-un-eventual-cierre-de-exportaciones\/#breadcrumb","itemListElement":[{"@type":"ListItem","position":1,"name":"Inicio","item":"https:\/\/ondauno.com.ar\/"},{"@type":"ListItem","position":2,"name":"CARBAP en alerta y movilizaci\u00f3n ante un eventual cierre de exportaciones"}]},{"@type":"WebSite","@id":"https:\/\/ondauno.com.ar\/#website","url":"https:\/\/ondauno.com.ar\/","name":"103.9 fm","description":"LA PRIMERA RADIO MULTIMEDIA DE TRES ARROYOS","potentialAction":[{"@type":"SearchAction","target":{"@type":"EntryPoint","urlTemplate":"https:\/\/ondauno.com.ar\/?s={search_term_string}"},"query-input":"required name=search_term_string"}],"inLanguage":"es-AR"},{"@type":"Person","@id":"https:\/\/ondauno.com.ar\/#\/schema\/person\/201d1b68e6c75e0fd396fe5f8af5d139","name":"fernando garcia","image":{"@type":"ImageObject","inLanguage":"es-AR","@id":"https:\/\/ondauno.com.ar\/#\/schema\/person\/image\/","url":"https:\/\/secure.gravatar.com\/avatar\/5f7254642ad81272e79a2e69653cfdfc?s=96&d=mm&r=g","contentUrl":"https:\/\/secure.gravatar.com\/avatar\/5f7254642ad81272e79a2e69653cfdfc?s=96&d=mm&r=g","caption":"fernando garcia"},"url":"https:\/\/ondauno.com.ar\/index.php\/author\/ondaunoeditor\/"}]}},"jetpack_publicize_connections":[],"jetpack_featured_media_url":"https:\/\/ondauno.com.ar\/wp-content\/uploads\/2020\/11\/carbap-protesta-min.jpg","jetpack_sharing_enabled":true,"_links":{"self":[{"href":"https:\/\/ondauno.com.ar\/index.php\/wp-json\/wp\/v2\/posts\/25204","targetHints":{"allow":["GET"]}}],"collection":[{"href":"https:\/\/ondauno.com.ar\/index.php\/wp-json\/wp\/v2\/posts"}],"about":[{"href":"https:\/\/ondauno.com.ar\/index.php\/wp-json\/wp\/v2\/types\/post"}],"author":[{"embeddable":true,"href":"https:\/\/ondauno.com.ar\/index.php\/wp-json\/wp\/v2\/users\/2"}],"replies":[{"embeddable":true,"href":"https:\/\/ondauno.com.ar\/index.php\/wp-json\/wp\/v2\/comments?post=25204"}],"version-history":[{"count":0,"href":"https:\/\/ondauno.com.ar\/index.php\/wp-json\/wp\/v2\/posts\/25204\/revisions"}],"wp:featuredmedia":[{"embeddable":true,"href":"https:\/\/ondauno.com.ar\/index.php\/wp-json\/wp\/v2\/media\/19127"}],"wp:attachment":[{"href":"https:\/\/ondauno.com.ar\/index.php\/wp-json\/wp\/v2\/media?parent=25204"}],"wp:term":[{"taxonomy":"category","embeddable":true,"href":"https:\/\/ondauno.com.ar\/index.php\/wp-json\/wp\/v2\/categories?post=25204"},{"taxonomy":"post_tag","embeddable":true,"href":"https:\/\/ondauno.com.ar\/index.php\/wp-json\/wp\/v2\/tags?post=25204"}],"curies":[{"name":"wp","href":"https:\/\/api.w.org\/{rel}","templated":true}]}}