{"id":24981,"date":"2021-05-06T18:46:24","date_gmt":"2021-05-06T21:46:24","guid":{"rendered":"http:\/\/ondauno.com.ar\/?p=24981"},"modified":"2021-05-06T18:46:26","modified_gmt":"2021-05-06T21:46:26","slug":"fuga-de-presos-la-hipotesis-mas-fuerte-es-que-recibieron-ayuda-de-afuera-sostienen-desde-la-investigacion","status":"publish","type":"post","link":"https:\/\/ondauno.com.ar\/index.php\/2021\/05\/06\/fuga-de-presos-la-hipotesis-mas-fuerte-es-que-recibieron-ayuda-de-afuera-sostienen-desde-la-investigacion\/","title":{"rendered":"Fuga de presos: &#8220;La hip\u00f3tesis m\u00e1s fuerte es que recibieron ayuda de afuera&#8221;, sostienen desde la investigaci\u00f3n"},"content":{"rendered":"<div class=\"ondau-before-content_3\" style=\"margin-top: -30px;\" id=\"ondau-3782084792\"><a href=\"https:\/\/www.lps.com.ar\/\" aria-label=\"la-perse2\"><img loading=\"lazy\" decoding=\"async\" src=\"https:\/\/ondauno.com.ar\/wp-content\/uploads\/2021\/10\/la-perse2.jpg\" alt=\"\"  srcset=\"https:\/\/ondauno.com.ar\/wp-content\/uploads\/2021\/10\/la-perse2.jpg 1353w, https:\/\/ondauno.com.ar\/wp-content\/uploads\/2021\/10\/la-perse2-300x43.jpg 300w, https:\/\/ondauno.com.ar\/wp-content\/uploads\/2021\/10\/la-perse2-1024x148.jpg 1024w, https:\/\/ondauno.com.ar\/wp-content\/uploads\/2021\/10\/la-perse2-768x111.jpg 768w, https:\/\/ondauno.com.ar\/wp-content\/uploads\/2021\/10\/la-perse2-696x100.jpg 696w, https:\/\/ondauno.com.ar\/wp-content\/uploads\/2021\/10\/la-perse2-1068x154.jpg 1068w\" sizes=\"(max-width: 1353px) 100vw, 1353px\" class=\"no-lazyload\" width=\"1353\" height=\"195\"  style=\"display: inline-block;\" \/><\/a><\/div>\n<p>Fuentes vinculadas con la investigaci\u00f3n de la fuga de cinco peligrosos delincuentes de los calabozos de la comisar\u00eda Primera confiaron que a\u00fan no dieron con los malvivientes.<\/p>\n\n\n\n<p>&#8220;La hip\u00f3tesis m\u00e1s fuerte es que obtuvieron ayuda de afuera. Se est\u00e1 investigando&#8221; esa l\u00ednea entre otras confiaron las fuentes a Cosas que pasan.<\/p>\n\n\n\n<p>El sumario del caso que repercuti\u00f3 en medios de prensa de todo el pa\u00eds lo est\u00e1 llevando a cabo el fiscal Gabriel Lopazzo con apoyo de Gendarmer\u00eda, Polic\u00eda Federal e Investigaciones.<\/p>\n\n\n\n<ul class=\"wp-block-gallery columns-3 is-cropped wp-block-gallery-1 is-layout-flex wp-block-gallery-is-layout-flex\"><li class=\"blocks-gallery-item\"><figure><a href=\"http:\/\/ondauno.com.ar\/wp-content\/uploads\/2021\/05\/IMG_8320-1024x768.jpg\" rel=\"lightbox-0\"><img decoding=\"async\" data-src=\"http:\/\/ondauno.com.ar\/wp-content\/uploads\/2021\/05\/IMG_8320-1024x768.jpg\" alt=\"\" data-id=\"24987\" data-link=\"http:\/\/ondauno.com.ar\/?attachment_id=24987\" class=\"wp-image-24987 lazyload\" src=\"data:image\/gif;base64,R0lGODlhAQABAAAAACH5BAEKAAEALAAAAAABAAEAAAICTAEAOw==\" style=\"--smush-placeholder-width: 1024px; --smush-placeholder-aspect-ratio: 1024\/768;\" \/><noscript><img decoding=\"async\" src=\"http:\/\/ondauno.com.ar\/wp-content\/uploads\/2021\/05\/IMG_8320-1024x768.jpg\" alt=\"\" data-id=\"24987\" data-link=\"http:\/\/ondauno.com.ar\/?attachment_id=24987\" class=\"wp-image-24987\"\/><\/noscript><\/a><\/figure><\/li><li class=\"blocks-gallery-item\"><figure><a href=\"http:\/\/ondauno.com.ar\/wp-content\/uploads\/2021\/05\/IMG_8319-1024x768.jpg\" rel=\"lightbox-1\"><img decoding=\"async\" data-src=\"http:\/\/ondauno.com.ar\/wp-content\/uploads\/2021\/05\/IMG_8319-1024x768.jpg\" alt=\"\" data-id=\"24986\" data-link=\"http:\/\/ondauno.com.ar\/?attachment_id=24986\" class=\"wp-image-24986 lazyload\" src=\"data:image\/gif;base64,R0lGODlhAQABAAAAACH5BAEKAAEALAAAAAABAAEAAAICTAEAOw==\" style=\"--smush-placeholder-width: 1024px; --smush-placeholder-aspect-ratio: 1024\/768;\" \/><noscript><img decoding=\"async\" src=\"http:\/\/ondauno.com.ar\/wp-content\/uploads\/2021\/05\/IMG_8319-1024x768.jpg\" alt=\"\" data-id=\"24986\" data-link=\"http:\/\/ondauno.com.ar\/?attachment_id=24986\" class=\"wp-image-24986\"\/><\/noscript><\/a><\/figure><\/li><li class=\"blocks-gallery-item\"><figure><a href=\"http:\/\/ondauno.com.ar\/wp-content\/uploads\/2021\/05\/IMG_8322-1024x768.jpg\" rel=\"lightbox-2\"><img decoding=\"async\" data-src=\"http:\/\/ondauno.com.ar\/wp-content\/uploads\/2021\/05\/IMG_8322-1024x768.jpg\" alt=\"\" data-id=\"24982\" data-link=\"http:\/\/ondauno.com.ar\/?attachment_id=24982\" class=\"wp-image-24982 lazyload\" src=\"data:image\/gif;base64,R0lGODlhAQABAAAAACH5BAEKAAEALAAAAAABAAEAAAICTAEAOw==\" style=\"--smush-placeholder-width: 1024px; --smush-placeholder-aspect-ratio: 1024\/768;\" \/><noscript><img decoding=\"async\" src=\"http:\/\/ondauno.com.ar\/wp-content\/uploads\/2021\/05\/IMG_8322-1024x768.jpg\" alt=\"\" data-id=\"24982\" data-link=\"http:\/\/ondauno.com.ar\/?attachment_id=24982\" class=\"wp-image-24982\"\/><\/noscript><\/a><\/figure><\/li><\/ul>\n\n\n\n<p>En tanto una brigada especial de la ciudad de Bah\u00eda Blanca realiza peritajes para establecer el modo utilizado para que los cinco delincuentes logren huir en el transcurso de la \u00faltima noche.<\/p>\n","protected":false},"excerpt":{"rendered":"<p>Fuentes vinculadas con la investigaci\u00f3n de la fuga de cinco peligrosos delincuentes de los calabozos de la comisar\u00eda Primera confiaron que a\u00fan no dieron con los malvivientes. &#8220;La hip\u00f3tesis m\u00e1s fuerte es que obtuvieron ayuda de afuera. Se est\u00e1 investigando&#8221; esa l\u00ednea entre otras confiaron las fuentes a Cosas que pasan. El sumario del caso [&hellip;]<\/p>\n","protected":false},"author":2,"featured_media":0,"comment_status":"open","ping_status":"open","sticky":false,"template":"","format":"standard","meta":{"tdm_status":"","tdm_grid_status":"","_jetpack_memberships_contains_paid_content":false,"footnotes":"","jetpack_publicize_message":"","jetpack_publicize_feature_enabled":true,"jetpack_social_post_already_shared":true,"jetpack_social_options":{"image_generator_settings":{"template":"highway","default_image_id":0,"font":"","enabled":false},"version":2}},"categories":[29],"tags":[],"class_list":{"0":"post-24981","1":"post","2":"type-post","3":"status-publish","4":"format-standard","6":"category-policiales"},"yoast_head":"<!-- This site is optimized with the Yoast SEO plugin v22.7 - https:\/\/yoast.com\/wordpress\/plugins\/seo\/ -->\n<title>Fuga de presos: &quot;La hip\u00f3tesis m\u00e1s fuerte es que recibieron ayuda de afuera&quot;, sostienen desde la investigaci\u00f3n - 103.9 fm<\/title>\n<meta name=\"robots\" content=\"index, follow, max-snippet:-1, max-image-preview:large, max-video-preview:-1\" \/>\n<link rel=\"canonical\" href=\"https:\/\/ondauno.com.ar\/index.php\/2021\/05\/06\/fuga-de-presos-la-hipotesis-mas-fuerte-es-que-recibieron-ayuda-de-afuera-sostienen-desde-la-investigacion\/\" \/>\n<meta property=\"og:locale\" content=\"es_ES\" \/>\n<meta property=\"og:type\" content=\"article\" \/>\n<meta property=\"og:title\" content=\"Fuga de presos: &quot;La hip\u00f3tesis m\u00e1s fuerte es que recibieron ayuda de afuera&quot;, sostienen desde la investigaci\u00f3n - 103.9 fm\" \/>\n<meta property=\"og:description\" content=\"Fuentes vinculadas con la investigaci\u00f3n de la fuga de cinco peligrosos delincuentes de los calabozos de la comisar\u00eda Primera confiaron que a\u00fan no dieron con los malvivientes. &#8220;La hip\u00f3tesis m\u00e1s fuerte es que obtuvieron ayuda de afuera. Se est\u00e1 investigando&#8221; esa l\u00ednea entre otras confiaron las fuentes a Cosas que pasan. El sumario del caso [&hellip;]\" \/>\n<meta property=\"og:url\" content=\"https:\/\/ondauno.com.ar\/index.php\/2021\/05\/06\/fuga-de-presos-la-hipotesis-mas-fuerte-es-que-recibieron-ayuda-de-afuera-sostienen-desde-la-investigacion\/\" \/>\n<meta property=\"og:site_name\" content=\"103.9 fm\" \/>\n<meta property=\"article:publisher\" content=\"https:\/\/www.facebook.com\/ondauno103.9\" \/>\n<meta property=\"article:published_time\" content=\"2021-05-06T21:46:24+00:00\" \/>\n<meta property=\"article:modified_time\" content=\"2021-05-06T21:46:26+00:00\" \/>\n<meta property=\"og:image\" content=\"https:\/\/ondauno.com.ar\/wp-content\/uploads\/2021\/05\/IMG_8317.jpg\" \/>\n\t<meta property=\"og:image:width\" content=\"1417\" \/>\n\t<meta property=\"og:image:height\" content=\"1063\" \/>\n\t<meta property=\"og:image:type\" content=\"image\/jpeg\" \/>\n<meta name=\"author\" content=\"fernando garcia\" \/>\n<meta name=\"twitter:card\" content=\"summary_large_image\" \/>\n<meta name=\"twitter:label1\" content=\"Escrito por\" \/>\n\t<meta name=\"twitter:data1\" content=\"fernando garcia\" \/>\n\t<meta name=\"twitter:label2\" content=\"Tiempo de lectura\" \/>\n\t<meta name=\"twitter:data2\" content=\"1 minuto\" \/>\n<script type=\"application\/ld+json\" class=\"yoast-schema-graph\">{\"@context\":\"https:\/\/schema.org\",\"@graph\":[{\"@type\":\"WebPage\",\"@id\":\"https:\/\/ondauno.com.ar\/index.php\/2021\/05\/06\/fuga-de-presos-la-hipotesis-mas-fuerte-es-que-recibieron-ayuda-de-afuera-sostienen-desde-la-investigacion\/\",\"url\":\"https:\/\/ondauno.com.ar\/index.php\/2021\/05\/06\/fuga-de-presos-la-hipotesis-mas-fuerte-es-que-recibieron-ayuda-de-afuera-sostienen-desde-la-investigacion\/\",\"name\":\"Fuga de presos: \\\"La hip\u00f3tesis m\u00e1s fuerte es que recibieron ayuda de afuera\\\", sostienen desde la investigaci\u00f3n - 103.9 fm\",\"isPartOf\":{\"@id\":\"https:\/\/ondauno.com.ar\/#website\"},\"primaryImageOfPage\":{\"@id\":\"https:\/\/ondauno.com.ar\/index.php\/2021\/05\/06\/fuga-de-presos-la-hipotesis-mas-fuerte-es-que-recibieron-ayuda-de-afuera-sostienen-desde-la-investigacion\/#primaryimage\"},\"image\":{\"@id\":\"https:\/\/ondauno.com.ar\/index.php\/2021\/05\/06\/fuga-de-presos-la-hipotesis-mas-fuerte-es-que-recibieron-ayuda-de-afuera-sostienen-desde-la-investigacion\/#primaryimage\"},\"thumbnailUrl\":\"http:\/\/ondauno.com.ar\/wp-content\/uploads\/2021\/05\/IMG_8320-1024x768.jpg\",\"datePublished\":\"2021-05-06T21:46:24+00:00\",\"dateModified\":\"2021-05-06T21:46:26+00:00\",\"author\":{\"@id\":\"https:\/\/ondauno.com.ar\/#\/schema\/person\/201d1b68e6c75e0fd396fe5f8af5d139\"},\"breadcrumb\":{\"@id\":\"https:\/\/ondauno.com.ar\/index.php\/2021\/05\/06\/fuga-de-presos-la-hipotesis-mas-fuerte-es-que-recibieron-ayuda-de-afuera-sostienen-desde-la-investigacion\/#breadcrumb\"},\"inLanguage\":\"es-AR\",\"potentialAction\":[{\"@type\":\"ReadAction\",\"target\":[\"https:\/\/ondauno.com.ar\/index.php\/2021\/05\/06\/fuga-de-presos-la-hipotesis-mas-fuerte-es-que-recibieron-ayuda-de-afuera-sostienen-desde-la-investigacion\/\"]}]},{\"@type\":\"ImageObject\",\"inLanguage\":\"es-AR\",\"@id\":\"https:\/\/ondauno.com.ar\/index.php\/2021\/05\/06\/fuga-de-presos-la-hipotesis-mas-fuerte-es-que-recibieron-ayuda-de-afuera-sostienen-desde-la-investigacion\/#primaryimage\",\"url\":\"http:\/\/ondauno.com.ar\/wp-content\/uploads\/2021\/05\/IMG_8320-1024x768.jpg\",\"contentUrl\":\"http:\/\/ondauno.com.ar\/wp-content\/uploads\/2021\/05\/IMG_8320-1024x768.jpg\"},{\"@type\":\"BreadcrumbList\",\"@id\":\"https:\/\/ondauno.com.ar\/index.php\/2021\/05\/06\/fuga-de-presos-la-hipotesis-mas-fuerte-es-que-recibieron-ayuda-de-afuera-sostienen-desde-la-investigacion\/#breadcrumb\",\"itemListElement\":[{\"@type\":\"ListItem\",\"position\":1,\"name\":\"Inicio\",\"item\":\"https:\/\/ondauno.com.ar\/\"},{\"@type\":\"ListItem\",\"position\":2,\"name\":\"Fuga de presos: &#8220;La hip\u00f3tesis m\u00e1s fuerte es que recibieron ayuda de afuera&#8221;, sostienen desde la investigaci\u00f3n\"}]},{\"@type\":\"WebSite\",\"@id\":\"https:\/\/ondauno.com.ar\/#website\",\"url\":\"https:\/\/ondauno.com.ar\/\",\"name\":\"103.9 fm\",\"description\":\"LA PRIMERA RADIO MULTIMEDIA DE TRES ARROYOS\",\"potentialAction\":[{\"@type\":\"SearchAction\",\"target\":{\"@type\":\"EntryPoint\",\"urlTemplate\":\"https:\/\/ondauno.com.ar\/?s={search_term_string}\"},\"query-input\":\"required name=search_term_string\"}],\"inLanguage\":\"es-AR\"},{\"@type\":\"Person\",\"@id\":\"https:\/\/ondauno.com.ar\/#\/schema\/person\/201d1b68e6c75e0fd396fe5f8af5d139\",\"name\":\"fernando garcia\",\"image\":{\"@type\":\"ImageObject\",\"inLanguage\":\"es-AR\",\"@id\":\"https:\/\/ondauno.com.ar\/#\/schema\/person\/image\/\",\"url\":\"https:\/\/secure.gravatar.com\/avatar\/5f7254642ad81272e79a2e69653cfdfc?s=96&d=mm&r=g\",\"contentUrl\":\"https:\/\/secure.gravatar.com\/avatar\/5f7254642ad81272e79a2e69653cfdfc?s=96&d=mm&r=g\",\"caption\":\"fernando garcia\"},\"url\":\"https:\/\/ondauno.com.ar\/index.php\/author\/ondaunoeditor\/\"}]}<\/script>\n<!-- \/ Yoast SEO plugin. -->","yoast_head_json":{"title":"Fuga de presos: \"La hip\u00f3tesis m\u00e1s fuerte es que recibieron ayuda de afuera\", sostienen desde la investigaci\u00f3n - 103.9 fm","robots":{"index":"index","follow":"follow","max-snippet":"max-snippet:-1","max-image-preview":"max-image-preview:large","max-video-preview":"max-video-preview:-1"},"canonical":"https:\/\/ondauno.com.ar\/index.php\/2021\/05\/06\/fuga-de-presos-la-hipotesis-mas-fuerte-es-que-recibieron-ayuda-de-afuera-sostienen-desde-la-investigacion\/","og_locale":"es_ES","og_type":"article","og_title":"Fuga de presos: \"La hip\u00f3tesis m\u00e1s fuerte es que recibieron ayuda de afuera\", sostienen desde la investigaci\u00f3n - 103.9 fm","og_description":"Fuentes vinculadas con la investigaci\u00f3n de la fuga de cinco peligrosos delincuentes de los calabozos de la comisar\u00eda Primera confiaron que a\u00fan no dieron con los malvivientes. &#8220;La hip\u00f3tesis m\u00e1s fuerte es que obtuvieron ayuda de afuera. Se est\u00e1 investigando&#8221; esa l\u00ednea entre otras confiaron las fuentes a Cosas que pasan. El sumario del caso [&hellip;]","og_url":"https:\/\/ondauno.com.ar\/index.php\/2021\/05\/06\/fuga-de-presos-la-hipotesis-mas-fuerte-es-que-recibieron-ayuda-de-afuera-sostienen-desde-la-investigacion\/","og_site_name":"103.9 fm","article_publisher":"https:\/\/www.facebook.com\/ondauno103.9","article_published_time":"2021-05-06T21:46:24+00:00","article_modified_time":"2021-05-06T21:46:26+00:00","og_image":[{"width":1417,"height":1063,"url":"https:\/\/ondauno.com.ar\/wp-content\/uploads\/2021\/05\/IMG_8317.jpg","type":"image\/jpeg"}],"author":"fernando garcia","twitter_card":"summary_large_image","twitter_misc":{"Escrito por":"fernando garcia","Tiempo de lectura":"1 minuto"},"schema":{"@context":"https:\/\/schema.org","@graph":[{"@type":"WebPage","@id":"https:\/\/ondauno.com.ar\/index.php\/2021\/05\/06\/fuga-de-presos-la-hipotesis-mas-fuerte-es-que-recibieron-ayuda-de-afuera-sostienen-desde-la-investigacion\/","url":"https:\/\/ondauno.com.ar\/index.php\/2021\/05\/06\/fuga-de-presos-la-hipotesis-mas-fuerte-es-que-recibieron-ayuda-de-afuera-sostienen-desde-la-investigacion\/","name":"Fuga de presos: \"La hip\u00f3tesis m\u00e1s fuerte es que recibieron ayuda de afuera\", sostienen desde la investigaci\u00f3n - 103.9 fm","isPartOf":{"@id":"https:\/\/ondauno.com.ar\/#website"},"primaryImageOfPage":{"@id":"https:\/\/ondauno.com.ar\/index.php\/2021\/05\/06\/fuga-de-presos-la-hipotesis-mas-fuerte-es-que-recibieron-ayuda-de-afuera-sostienen-desde-la-investigacion\/#primaryimage"},"image":{"@id":"https:\/\/ondauno.com.ar\/index.php\/2021\/05\/06\/fuga-de-presos-la-hipotesis-mas-fuerte-es-que-recibieron-ayuda-de-afuera-sostienen-desde-la-investigacion\/#primaryimage"},"thumbnailUrl":"http:\/\/ondauno.com.ar\/wp-content\/uploads\/2021\/05\/IMG_8320-1024x768.jpg","datePublished":"2021-05-06T21:46:24+00:00","dateModified":"2021-05-06T21:46:26+00:00","author":{"@id":"https:\/\/ondauno.com.ar\/#\/schema\/person\/201d1b68e6c75e0fd396fe5f8af5d139"},"breadcrumb":{"@id":"https:\/\/ondauno.com.ar\/index.php\/2021\/05\/06\/fuga-de-presos-la-hipotesis-mas-fuerte-es-que-recibieron-ayuda-de-afuera-sostienen-desde-la-investigacion\/#breadcrumb"},"inLanguage":"es-AR","potentialAction":[{"@type":"ReadAction","target":["https:\/\/ondauno.com.ar\/index.php\/2021\/05\/06\/fuga-de-presos-la-hipotesis-mas-fuerte-es-que-recibieron-ayuda-de-afuera-sostienen-desde-la-investigacion\/"]}]},{"@type":"ImageObject","inLanguage":"es-AR","@id":"https:\/\/ondauno.com.ar\/index.php\/2021\/05\/06\/fuga-de-presos-la-hipotesis-mas-fuerte-es-que-recibieron-ayuda-de-afuera-sostienen-desde-la-investigacion\/#primaryimage","url":"http:\/\/ondauno.com.ar\/wp-content\/uploads\/2021\/05\/IMG_8320-1024x768.jpg","contentUrl":"http:\/\/ondauno.com.ar\/wp-content\/uploads\/2021\/05\/IMG_8320-1024x768.jpg"},{"@type":"BreadcrumbList","@id":"https:\/\/ondauno.com.ar\/index.php\/2021\/05\/06\/fuga-de-presos-la-hipotesis-mas-fuerte-es-que-recibieron-ayuda-de-afuera-sostienen-desde-la-investigacion\/#breadcrumb","itemListElement":[{"@type":"ListItem","position":1,"name":"Inicio","item":"https:\/\/ondauno.com.ar\/"},{"@type":"ListItem","position":2,"name":"Fuga de presos: &#8220;La hip\u00f3tesis m\u00e1s fuerte es que recibieron ayuda de afuera&#8221;, sostienen desde la investigaci\u00f3n"}]},{"@type":"WebSite","@id":"https:\/\/ondauno.com.ar\/#website","url":"https:\/\/ondauno.com.ar\/","name":"103.9 fm","description":"LA PRIMERA RADIO MULTIMEDIA DE TRES ARROYOS","potentialAction":[{"@type":"SearchAction","target":{"@type":"EntryPoint","urlTemplate":"https:\/\/ondauno.com.ar\/?s={search_term_string}"},"query-input":"required name=search_term_string"}],"inLanguage":"es-AR"},{"@type":"Person","@id":"https:\/\/ondauno.com.ar\/#\/schema\/person\/201d1b68e6c75e0fd396fe5f8af5d139","name":"fernando garcia","image":{"@type":"ImageObject","inLanguage":"es-AR","@id":"https:\/\/ondauno.com.ar\/#\/schema\/person\/image\/","url":"https:\/\/secure.gravatar.com\/avatar\/5f7254642ad81272e79a2e69653cfdfc?s=96&d=mm&r=g","contentUrl":"https:\/\/secure.gravatar.com\/avatar\/5f7254642ad81272e79a2e69653cfdfc?s=96&d=mm&r=g","caption":"fernando garcia"},"url":"https:\/\/ondauno.com.ar\/index.php\/author\/ondaunoeditor\/"}]}},"jetpack_publicize_connections":[],"jetpack_featured_media_url":"","jetpack_sharing_enabled":true,"_links":{"self":[{"href":"https:\/\/ondauno.com.ar\/index.php\/wp-json\/wp\/v2\/posts\/24981","targetHints":{"allow":["GET"]}}],"collection":[{"href":"https:\/\/ondauno.com.ar\/index.php\/wp-json\/wp\/v2\/posts"}],"about":[{"href":"https:\/\/ondauno.com.ar\/index.php\/wp-json\/wp\/v2\/types\/post"}],"author":[{"embeddable":true,"href":"https:\/\/ondauno.com.ar\/index.php\/wp-json\/wp\/v2\/users\/2"}],"replies":[{"embeddable":true,"href":"https:\/\/ondauno.com.ar\/index.php\/wp-json\/wp\/v2\/comments?post=24981"}],"version-history":[{"count":0,"href":"https:\/\/ondauno.com.ar\/index.php\/wp-json\/wp\/v2\/posts\/24981\/revisions"}],"wp:attachment":[{"href":"https:\/\/ondauno.com.ar\/index.php\/wp-json\/wp\/v2\/media?parent=24981"}],"wp:term":[{"taxonomy":"category","embeddable":true,"href":"https:\/\/ondauno.com.ar\/index.php\/wp-json\/wp\/v2\/categories?post=24981"},{"taxonomy":"post_tag","embeddable":true,"href":"https:\/\/ondauno.com.ar\/index.php\/wp-json\/wp\/v2\/tags?post=24981"}],"curies":[{"name":"wp","href":"https:\/\/api.w.org\/{rel}","templated":true}]}}