{"id":23826,"date":"2021-03-26T15:05:28","date_gmt":"2021-03-26T18:05:28","guid":{"rendered":"http:\/\/ondauno.com.ar\/?p=23826"},"modified":"2021-03-26T15:05:30","modified_gmt":"2021-03-26T18:05:30","slug":"reta-onatibia-toma-contacto-con-funcionarios-municipales","status":"publish","type":"post","link":"https:\/\/ondauno.com.ar\/index.php\/2021\/03\/26\/reta-onatibia-toma-contacto-con-funcionarios-municipales\/","title":{"rendered":"Reta: o\u00f1atibia toma contacto con funcionarios municipales"},"content":{"rendered":"<div class=\"ondau-before-content_3\" style=\"margin-top: -30px;\" id=\"ondau-2068075606\"><a href=\"https:\/\/www.lps.com.ar\/\" aria-label=\"la-perse2\"><img loading=\"lazy\" decoding=\"async\" src=\"https:\/\/ondauno.com.ar\/wp-content\/uploads\/2021\/10\/la-perse2.jpg\" alt=\"\"  srcset=\"https:\/\/ondauno.com.ar\/wp-content\/uploads\/2021\/10\/la-perse2.jpg 1353w, https:\/\/ondauno.com.ar\/wp-content\/uploads\/2021\/10\/la-perse2-300x43.jpg 300w, https:\/\/ondauno.com.ar\/wp-content\/uploads\/2021\/10\/la-perse2-1024x148.jpg 1024w, https:\/\/ondauno.com.ar\/wp-content\/uploads\/2021\/10\/la-perse2-768x111.jpg 768w, https:\/\/ondauno.com.ar\/wp-content\/uploads\/2021\/10\/la-perse2-696x100.jpg 696w, https:\/\/ondauno.com.ar\/wp-content\/uploads\/2021\/10\/la-perse2-1068x154.jpg 1068w\" sizes=\"(max-width: 1353px) 100vw, 1353px\" class=\"no-lazyload\" width=\"1353\" height=\"195\"  style=\"display: inline-block;\" \/><\/a><\/div>\n<p>Ante la inminente asunci\u00f3n en su cargo, pautado para el pr\u00f3ximo d\u00eda lunes 14 de Abril, como Delegado de la localidad de Reta, Horacio O\u00f1atibia, mantuvo una serie de encuentros organizados por el propio Intendente Carlos S\u00e1nchez.<\/p>\n\n\n\n<p>En las \u00faltimas horas, en la misma localidad de Reta, se reunieron integrantes de la Sociedad de Fomento local, el actual Delegado Oscar Toledo y el Director de Turismo Francisco Aramberri. S\u00e1nchez present\u00f3 de manera formal a O\u00f1atibia quien escuch\u00f3 atentamente las necesidades elevadas por la instituci\u00f3n.<\/p>\n\n\n\n<p>M\u00e1s tarde, ya en el Palacio municipal, se llev\u00f3 a cabo otro encuentro, del que participaron adem\u00e1s del Jefe Comunal y O\u00f1atibia, el Secretario de Obras y Servicios P\u00fablicos, Arq. Mario Izurieta, su Sub Secretario, Roberto Pissani, el Director del Ente Vial H\u00e9ctor Poggi, y la Concejal (MV) Dra. Claudia Cittadino.<\/p>\n\n\n\n<p>El motivo de la reuni\u00f3n radic\u00f3 en trazar pautas concretas basadas en el trabajo mancomunado entre los integrantes del Ejecutivo, el HCD y el propio O\u00f1atibia, de cara a su pronta asunci\u00f3n como Delegado. Cabe aclarar la predisposici\u00f3n desinteresada del saliente Oscar Toledo, quien se ofreci\u00f3 a acompa\u00f1ar a O\u00f1atibia en sus primeros d\u00edas de gesti\u00f3n.Ya en el d\u00eda de hoy, el Intendente Carlos S\u00e1nchez convoc\u00f3 a todo el gabinete con el fin de tomar contacto con el nuevo Delegado designado para Reta.<br><\/p>\n","protected":false},"excerpt":{"rendered":"<p>Ante la inminente asunci\u00f3n en su cargo, pautado para el pr\u00f3ximo d\u00eda lunes 14 de Abril, como Delegado de la localidad de Reta, Horacio O\u00f1atibia, mantuvo una serie de encuentros organizados por el propio Intendente Carlos S\u00e1nchez. En las \u00faltimas horas, en la misma localidad de Reta, se reunieron integrantes de la Sociedad de Fomento [&hellip;]<\/p>\n","protected":false},"author":2,"featured_media":0,"comment_status":"open","ping_status":"open","sticky":false,"template":"","format":"standard","meta":{"tdm_status":"","tdm_grid_status":"","_jetpack_memberships_contains_paid_content":false,"footnotes":"","jetpack_publicize_message":"","jetpack_publicize_feature_enabled":true,"jetpack_social_post_already_shared":true,"jetpack_social_options":{"image_generator_settings":{"template":"highway","default_image_id":0,"font":"","enabled":false},"version":2}},"categories":[35],"tags":[],"class_list":{"0":"post-23826","1":"post","2":"type-post","3":"status-publish","4":"format-standard","6":"category-regionales"},"yoast_head":"<!-- This site is optimized with the Yoast SEO plugin v22.7 - https:\/\/yoast.com\/wordpress\/plugins\/seo\/ -->\n<title>Reta: o\u00f1atibia toma contacto con funcionarios municipales - 103.9 fm<\/title>\n<meta name=\"robots\" content=\"index, follow, max-snippet:-1, max-image-preview:large, max-video-preview:-1\" \/>\n<link rel=\"canonical\" href=\"https:\/\/ondauno.com.ar\/index.php\/2021\/03\/26\/reta-onatibia-toma-contacto-con-funcionarios-municipales\/\" \/>\n<meta property=\"og:locale\" content=\"es_ES\" \/>\n<meta property=\"og:type\" content=\"article\" \/>\n<meta property=\"og:title\" content=\"Reta: o\u00f1atibia toma contacto con funcionarios municipales - 103.9 fm\" \/>\n<meta property=\"og:description\" content=\"Ante la inminente asunci\u00f3n en su cargo, pautado para el pr\u00f3ximo d\u00eda lunes 14 de Abril, como Delegado de la localidad de Reta, Horacio O\u00f1atibia, mantuvo una serie de encuentros organizados por el propio Intendente Carlos S\u00e1nchez. En las \u00faltimas horas, en la misma localidad de Reta, se reunieron integrantes de la Sociedad de Fomento [&hellip;]\" \/>\n<meta property=\"og:url\" content=\"https:\/\/ondauno.com.ar\/index.php\/2021\/03\/26\/reta-onatibia-toma-contacto-con-funcionarios-municipales\/\" \/>\n<meta property=\"og:site_name\" content=\"103.9 fm\" \/>\n<meta property=\"article:publisher\" content=\"https:\/\/www.facebook.com\/ondauno103.9\" \/>\n<meta property=\"article:published_time\" content=\"2021-03-26T18:05:28+00:00\" \/>\n<meta property=\"article:modified_time\" content=\"2021-03-26T18:05:30+00:00\" \/>\n<meta property=\"og:image\" content=\"https:\/\/ondauno.com.ar\/wp-content\/uploads\/2021\/03\/gabinete2.jpg\" \/>\n\t<meta property=\"og:image:width\" content=\"1280\" \/>\n\t<meta property=\"og:image:height\" content=\"827\" \/>\n\t<meta property=\"og:image:type\" content=\"image\/jpeg\" \/>\n<meta name=\"author\" content=\"fernando garcia\" \/>\n<meta name=\"twitter:card\" content=\"summary_large_image\" \/>\n<meta name=\"twitter:label1\" content=\"Escrito por\" \/>\n\t<meta name=\"twitter:data1\" content=\"fernando garcia\" \/>\n\t<meta name=\"twitter:label2\" content=\"Tiempo de lectura\" \/>\n\t<meta name=\"twitter:data2\" content=\"1 minuto\" \/>\n<script type=\"application\/ld+json\" class=\"yoast-schema-graph\">{\"@context\":\"https:\/\/schema.org\",\"@graph\":[{\"@type\":\"WebPage\",\"@id\":\"https:\/\/ondauno.com.ar\/index.php\/2021\/03\/26\/reta-onatibia-toma-contacto-con-funcionarios-municipales\/\",\"url\":\"https:\/\/ondauno.com.ar\/index.php\/2021\/03\/26\/reta-onatibia-toma-contacto-con-funcionarios-municipales\/\",\"name\":\"Reta: o\u00f1atibia toma contacto con funcionarios municipales - 103.9 fm\",\"isPartOf\":{\"@id\":\"https:\/\/ondauno.com.ar\/#website\"},\"datePublished\":\"2021-03-26T18:05:28+00:00\",\"dateModified\":\"2021-03-26T18:05:30+00:00\",\"author\":{\"@id\":\"https:\/\/ondauno.com.ar\/#\/schema\/person\/201d1b68e6c75e0fd396fe5f8af5d139\"},\"breadcrumb\":{\"@id\":\"https:\/\/ondauno.com.ar\/index.php\/2021\/03\/26\/reta-onatibia-toma-contacto-con-funcionarios-municipales\/#breadcrumb\"},\"inLanguage\":\"es-AR\",\"potentialAction\":[{\"@type\":\"ReadAction\",\"target\":[\"https:\/\/ondauno.com.ar\/index.php\/2021\/03\/26\/reta-onatibia-toma-contacto-con-funcionarios-municipales\/\"]}]},{\"@type\":\"BreadcrumbList\",\"@id\":\"https:\/\/ondauno.com.ar\/index.php\/2021\/03\/26\/reta-onatibia-toma-contacto-con-funcionarios-municipales\/#breadcrumb\",\"itemListElement\":[{\"@type\":\"ListItem\",\"position\":1,\"name\":\"Inicio\",\"item\":\"https:\/\/ondauno.com.ar\/\"},{\"@type\":\"ListItem\",\"position\":2,\"name\":\"Reta: o\u00f1atibia toma contacto con funcionarios municipales\"}]},{\"@type\":\"WebSite\",\"@id\":\"https:\/\/ondauno.com.ar\/#website\",\"url\":\"https:\/\/ondauno.com.ar\/\",\"name\":\"103.9 fm\",\"description\":\"LA PRIMERA RADIO MULTIMEDIA DE TRES ARROYOS\",\"potentialAction\":[{\"@type\":\"SearchAction\",\"target\":{\"@type\":\"EntryPoint\",\"urlTemplate\":\"https:\/\/ondauno.com.ar\/?s={search_term_string}\"},\"query-input\":\"required name=search_term_string\"}],\"inLanguage\":\"es-AR\"},{\"@type\":\"Person\",\"@id\":\"https:\/\/ondauno.com.ar\/#\/schema\/person\/201d1b68e6c75e0fd396fe5f8af5d139\",\"name\":\"fernando garcia\",\"image\":{\"@type\":\"ImageObject\",\"inLanguage\":\"es-AR\",\"@id\":\"https:\/\/ondauno.com.ar\/#\/schema\/person\/image\/\",\"url\":\"https:\/\/secure.gravatar.com\/avatar\/5f7254642ad81272e79a2e69653cfdfc?s=96&d=mm&r=g\",\"contentUrl\":\"https:\/\/secure.gravatar.com\/avatar\/5f7254642ad81272e79a2e69653cfdfc?s=96&d=mm&r=g\",\"caption\":\"fernando garcia\"},\"url\":\"https:\/\/ondauno.com.ar\/index.php\/author\/ondaunoeditor\/\"}]}<\/script>\n<!-- \/ Yoast SEO plugin. -->","yoast_head_json":{"title":"Reta: o\u00f1atibia toma contacto con funcionarios municipales - 103.9 fm","robots":{"index":"index","follow":"follow","max-snippet":"max-snippet:-1","max-image-preview":"max-image-preview:large","max-video-preview":"max-video-preview:-1"},"canonical":"https:\/\/ondauno.com.ar\/index.php\/2021\/03\/26\/reta-onatibia-toma-contacto-con-funcionarios-municipales\/","og_locale":"es_ES","og_type":"article","og_title":"Reta: o\u00f1atibia toma contacto con funcionarios municipales - 103.9 fm","og_description":"Ante la inminente asunci\u00f3n en su cargo, pautado para el pr\u00f3ximo d\u00eda lunes 14 de Abril, como Delegado de la localidad de Reta, Horacio O\u00f1atibia, mantuvo una serie de encuentros organizados por el propio Intendente Carlos S\u00e1nchez. En las \u00faltimas horas, en la misma localidad de Reta, se reunieron integrantes de la Sociedad de Fomento [&hellip;]","og_url":"https:\/\/ondauno.com.ar\/index.php\/2021\/03\/26\/reta-onatibia-toma-contacto-con-funcionarios-municipales\/","og_site_name":"103.9 fm","article_publisher":"https:\/\/www.facebook.com\/ondauno103.9","article_published_time":"2021-03-26T18:05:28+00:00","article_modified_time":"2021-03-26T18:05:30+00:00","og_image":[{"width":1280,"height":827,"url":"https:\/\/ondauno.com.ar\/wp-content\/uploads\/2021\/03\/gabinete2.jpg","type":"image\/jpeg"}],"author":"fernando garcia","twitter_card":"summary_large_image","twitter_misc":{"Escrito por":"fernando garcia","Tiempo de lectura":"1 minuto"},"schema":{"@context":"https:\/\/schema.org","@graph":[{"@type":"WebPage","@id":"https:\/\/ondauno.com.ar\/index.php\/2021\/03\/26\/reta-onatibia-toma-contacto-con-funcionarios-municipales\/","url":"https:\/\/ondauno.com.ar\/index.php\/2021\/03\/26\/reta-onatibia-toma-contacto-con-funcionarios-municipales\/","name":"Reta: o\u00f1atibia toma contacto con funcionarios municipales - 103.9 fm","isPartOf":{"@id":"https:\/\/ondauno.com.ar\/#website"},"datePublished":"2021-03-26T18:05:28+00:00","dateModified":"2021-03-26T18:05:30+00:00","author":{"@id":"https:\/\/ondauno.com.ar\/#\/schema\/person\/201d1b68e6c75e0fd396fe5f8af5d139"},"breadcrumb":{"@id":"https:\/\/ondauno.com.ar\/index.php\/2021\/03\/26\/reta-onatibia-toma-contacto-con-funcionarios-municipales\/#breadcrumb"},"inLanguage":"es-AR","potentialAction":[{"@type":"ReadAction","target":["https:\/\/ondauno.com.ar\/index.php\/2021\/03\/26\/reta-onatibia-toma-contacto-con-funcionarios-municipales\/"]}]},{"@type":"BreadcrumbList","@id":"https:\/\/ondauno.com.ar\/index.php\/2021\/03\/26\/reta-onatibia-toma-contacto-con-funcionarios-municipales\/#breadcrumb","itemListElement":[{"@type":"ListItem","position":1,"name":"Inicio","item":"https:\/\/ondauno.com.ar\/"},{"@type":"ListItem","position":2,"name":"Reta: o\u00f1atibia toma contacto con funcionarios municipales"}]},{"@type":"WebSite","@id":"https:\/\/ondauno.com.ar\/#website","url":"https:\/\/ondauno.com.ar\/","name":"103.9 fm","description":"LA PRIMERA RADIO MULTIMEDIA DE TRES ARROYOS","potentialAction":[{"@type":"SearchAction","target":{"@type":"EntryPoint","urlTemplate":"https:\/\/ondauno.com.ar\/?s={search_term_string}"},"query-input":"required name=search_term_string"}],"inLanguage":"es-AR"},{"@type":"Person","@id":"https:\/\/ondauno.com.ar\/#\/schema\/person\/201d1b68e6c75e0fd396fe5f8af5d139","name":"fernando garcia","image":{"@type":"ImageObject","inLanguage":"es-AR","@id":"https:\/\/ondauno.com.ar\/#\/schema\/person\/image\/","url":"https:\/\/secure.gravatar.com\/avatar\/5f7254642ad81272e79a2e69653cfdfc?s=96&d=mm&r=g","contentUrl":"https:\/\/secure.gravatar.com\/avatar\/5f7254642ad81272e79a2e69653cfdfc?s=96&d=mm&r=g","caption":"fernando garcia"},"url":"https:\/\/ondauno.com.ar\/index.php\/author\/ondaunoeditor\/"}]}},"jetpack_publicize_connections":[],"jetpack_featured_media_url":"","jetpack_sharing_enabled":true,"_links":{"self":[{"href":"https:\/\/ondauno.com.ar\/index.php\/wp-json\/wp\/v2\/posts\/23826","targetHints":{"allow":["GET"]}}],"collection":[{"href":"https:\/\/ondauno.com.ar\/index.php\/wp-json\/wp\/v2\/posts"}],"about":[{"href":"https:\/\/ondauno.com.ar\/index.php\/wp-json\/wp\/v2\/types\/post"}],"author":[{"embeddable":true,"href":"https:\/\/ondauno.com.ar\/index.php\/wp-json\/wp\/v2\/users\/2"}],"replies":[{"embeddable":true,"href":"https:\/\/ondauno.com.ar\/index.php\/wp-json\/wp\/v2\/comments?post=23826"}],"version-history":[{"count":0,"href":"https:\/\/ondauno.com.ar\/index.php\/wp-json\/wp\/v2\/posts\/23826\/revisions"}],"wp:attachment":[{"href":"https:\/\/ondauno.com.ar\/index.php\/wp-json\/wp\/v2\/media?parent=23826"}],"wp:term":[{"taxonomy":"category","embeddable":true,"href":"https:\/\/ondauno.com.ar\/index.php\/wp-json\/wp\/v2\/categories?post=23826"},{"taxonomy":"post_tag","embeddable":true,"href":"https:\/\/ondauno.com.ar\/index.php\/wp-json\/wp\/v2\/tags?post=23826"}],"curies":[{"name":"wp","href":"https:\/\/api.w.org\/{rel}","templated":true}]}}