{"id":23742,"date":"2021-03-23T12:45:19","date_gmt":"2021-03-23T15:45:19","guid":{"rendered":"http:\/\/ondauno.com.ar\/?p=23742"},"modified":"2021-03-23T13:16:33","modified_gmt":"2021-03-23T16:16:33","slug":"cuatro-allanamientos-y-un-nuevo-detenido-por-el-crimen-del-peon-rural-en-coronel-suarez","status":"publish","type":"post","link":"https:\/\/ondauno.com.ar\/index.php\/2021\/03\/23\/cuatro-allanamientos-y-un-nuevo-detenido-por-el-crimen-del-peon-rural-en-coronel-suarez\/","title":{"rendered":"Cuatro allanamientos y un nuevo detenido, por el crimen del pe\u00f3n rural en Coronel Su\u00e1rez"},"content":{"rendered":"<div class=\"ondau-before-content_3\" style=\"margin-top: -30px;\" id=\"ondau-2233355573\"><a href=\"https:\/\/www.lps.com.ar\/\" aria-label=\"la-perse2\"><img loading=\"lazy\" decoding=\"async\" src=\"https:\/\/ondauno.com.ar\/wp-content\/uploads\/2021\/10\/la-perse2.jpg\" alt=\"\"  srcset=\"https:\/\/ondauno.com.ar\/wp-content\/uploads\/2021\/10\/la-perse2.jpg 1353w, https:\/\/ondauno.com.ar\/wp-content\/uploads\/2021\/10\/la-perse2-300x43.jpg 300w, https:\/\/ondauno.com.ar\/wp-content\/uploads\/2021\/10\/la-perse2-1024x148.jpg 1024w, https:\/\/ondauno.com.ar\/wp-content\/uploads\/2021\/10\/la-perse2-768x111.jpg 768w, https:\/\/ondauno.com.ar\/wp-content\/uploads\/2021\/10\/la-perse2-696x100.jpg 696w, https:\/\/ondauno.com.ar\/wp-content\/uploads\/2021\/10\/la-perse2-1068x154.jpg 1068w\" sizes=\"(max-width: 1353px) 100vw, 1353px\" class=\"no-lazyload\" width=\"1353\" height=\"195\"  style=\"display: inline-block;\" \/><\/a><\/div>\n<p><em>Los procedimientos se hicieron en Coronel Pringles y fueron investigados por SUBDDI de Corone Su\u00e1rez con colaboraci\u00f3n de personal de CPR Cnel. Pringles y Polic\u00eda Comunal de \u00e9sta misma localidad<\/em><\/p>\n\n\n\n<figure class=\"wp-block-embed-youtube wp-block-embed is-type-video is-provider-youtube wp-embed-aspect-16-9 wp-has-aspect-ratio\"><div class=\"wp-block-embed__wrapper\">\n<iframe loading=\"lazy\" title=\"Cuatro allanamientos y un nuevo detenido, por el crimen del pe\u00f3n rural en Coronel Su\u00e1rez\" width=\"696\" height=\"392\" data-src=\"https:\/\/www.youtube.com\/embed\/q1EKJvzTZM4?feature=oembed&#038;enablejsapi=1\" frameborder=\"0\" allow=\"accelerometer; autoplay; clipboard-write; encrypted-media; gyroscope; picture-in-picture\" allowfullscreen src=\"data:image\/gif;base64,R0lGODlhAQABAAAAACH5BAEKAAEALAAAAAABAAEAAAICTAEAOw==\" class=\"lazyload\" data-load-mode=\"1\"><\/iframe>\n<\/div><figcaption><em>Video: El Diario de Pringles <\/em><\/figcaption><\/figure>\n\n\n\n<p>En la ma\u00f1ana de este martes se llevaron a cabo cuatro allanamientos en Coronel Pringles, en los domicilios ubicados en Calle Vicente L\u00f3pez al 800, Rauch al  1200, Calle 43 al 1800 y en Calle Medina al 1300, ordenados por la Jueza de Garant\u00eda Marisa Pom\u00e9, en el marco de la causa caratulada Homicidio, en el partido de Coronel Suarez, donde perdi\u00f3 la vida el pe\u00f3n de campo suarense, Jos\u00e9 Baier. <\/p>\n\n\n\n<p>En el marco de los procedimientos se detuvo a Cesar Pereyra, sobre quien hab\u00eda una orden de detenci\u00f3n. <\/p>\n\n\n\n<p>En el domicilio de calle Medica N\u00b0 1300, reside una pareja de presuntos c\u00f3mplices sospechosos, que seg\u00fan la investigaci\u00f3n, se habr\u00edan encargado de ir a buscar al campo \u2013la misma noche del homicidio- a los acusados de haber cometido el asesinato.<br>Existen escuchas y pruebas telef\u00f3nicas de ello y filmaciones del rodado que utilizaron, que probar\u00edan las hip\u00f3tesis de los investigadores.<\/p>\n\n\n\n<figure class=\"wp-block-image\"><img loading=\"lazy\" decoding=\"async\" width=\"1024\" height=\"638\" data-src=\"http:\/\/ondauno.com.ar\/wp-content\/uploads\/2021\/03\/WhatsApp-Image-2021-03-23-at-12.10.18-1-1024x638.jpeg\" alt=\"\" class=\"wp-image-23744 lazyload\" data-srcset=\"https:\/\/ondauno.com.ar\/wp-content\/uploads\/2021\/03\/WhatsApp-Image-2021-03-23-at-12.10.18-1-1024x638.jpeg 1024w, https:\/\/ondauno.com.ar\/wp-content\/uploads\/2021\/03\/WhatsApp-Image-2021-03-23-at-12.10.18-1-300x187.jpeg 300w, https:\/\/ondauno.com.ar\/wp-content\/uploads\/2021\/03\/WhatsApp-Image-2021-03-23-at-12.10.18-1-768x478.jpeg 768w, https:\/\/ondauno.com.ar\/wp-content\/uploads\/2021\/03\/WhatsApp-Image-2021-03-23-at-12.10.18-1-696x433.jpeg 696w, https:\/\/ondauno.com.ar\/wp-content\/uploads\/2021\/03\/WhatsApp-Image-2021-03-23-at-12.10.18-1-1068x665.jpeg 1068w, https:\/\/ondauno.com.ar\/wp-content\/uploads\/2021\/03\/WhatsApp-Image-2021-03-23-at-12.10.18-1-675x420.jpeg 675w, https:\/\/ondauno.com.ar\/wp-content\/uploads\/2021\/03\/WhatsApp-Image-2021-03-23-at-12.10.18-1.jpeg 1280w\" data-sizes=\"auto, (max-width: 1024px) 100vw, 1024px\" src=\"data:image\/gif;base64,R0lGODlhAQABAAAAACH5BAEKAAEALAAAAAABAAEAAAICTAEAOw==\" style=\"--smush-placeholder-width: 1024px; --smush-placeholder-aspect-ratio: 1024\/638;\" \/><noscript><img loading=\"lazy\" decoding=\"async\" width=\"1024\" height=\"638\" src=\"http:\/\/ondauno.com.ar\/wp-content\/uploads\/2021\/03\/WhatsApp-Image-2021-03-23-at-12.10.18-1-1024x638.jpeg\" alt=\"\" class=\"wp-image-23744\" srcset=\"https:\/\/ondauno.com.ar\/wp-content\/uploads\/2021\/03\/WhatsApp-Image-2021-03-23-at-12.10.18-1-1024x638.jpeg 1024w, https:\/\/ondauno.com.ar\/wp-content\/uploads\/2021\/03\/WhatsApp-Image-2021-03-23-at-12.10.18-1-300x187.jpeg 300w, https:\/\/ondauno.com.ar\/wp-content\/uploads\/2021\/03\/WhatsApp-Image-2021-03-23-at-12.10.18-1-768x478.jpeg 768w, https:\/\/ondauno.com.ar\/wp-content\/uploads\/2021\/03\/WhatsApp-Image-2021-03-23-at-12.10.18-1-696x433.jpeg 696w, https:\/\/ondauno.com.ar\/wp-content\/uploads\/2021\/03\/WhatsApp-Image-2021-03-23-at-12.10.18-1-1068x665.jpeg 1068w, https:\/\/ondauno.com.ar\/wp-content\/uploads\/2021\/03\/WhatsApp-Image-2021-03-23-at-12.10.18-1-675x420.jpeg 675w, https:\/\/ondauno.com.ar\/wp-content\/uploads\/2021\/03\/WhatsApp-Image-2021-03-23-at-12.10.18-1.jpeg 1280w\" sizes=\"auto, (max-width: 1024px) 100vw, 1024px\" \/><\/noscript><figcaption> <em>Comisario Inspector, Ricardo Fransen, jefe de la DDI de Coronel Su\u00e1rez<\/em> &#8211; Foto: El Diario de Pringles<\/figcaption><\/figure>\n\n\n\n<p>El restante sospechoso de participar en el resonante crimen fue identificado por los investigadores como Juan Mario Gerling, que d\u00edas atr\u00e1s fue detenido como responsable de una serie de robos cometidos en ruta, uno de ellos hace diez d\u00edas entre rutas 33 y 76.<br>Gerling integr\u00f3 la banda conocida como La Bin Laden, y estuvo preso en Sierra Chica y tiene antecedentes como \u2018pirata del asfalto\u2019.<\/p>\n\n\n\n<p>La investigaci\u00f3n la llev\u00f3 a cabo la SUBDDI de Cnel. Su\u00e1rez con colaboraci\u00f3n de personal de CPR Cnel. Pringles y Polic\u00eda Comunal, desde hace m\u00e1s de dos meses. Se investigaron los celulares utilizados durante la noche del homicidio en Coronel Su\u00e1rez. Para ello se procesaron m\u00e1s de diez mil comunicaciones.<\/p>\n\n\n\n<p>Las mismas se filtraron por horarios y as\u00ed es como salieron a la luz detalles que llamaron la atenci\u00f3n de los investigadores. Una comunicaci\u00f3n de las 23:59 aproximadamente, entre n\u00fameros de Coronel Pringles sirvi\u00f3 como disparador para dar con la pareja allanada, que adem\u00e1s resultar\u00eda ser c\u00f3mplice del hecho.<\/p>\n\n\n\n<p>Ambos detenidos y coimputados en la causa poseen una amplia relaci\u00f3n delictiva entre ellos. Seg\u00fan la investigaci\u00f3n de la SUBDDI habr\u00edan estado imputados en otro hecho en el a\u00f1o 2015, donde se demostr\u00f3 que eran socios para la comisi\u00f3n de delitos, por ello ya hab\u00eda una base investigativa que los ten\u00eda se\u00f1alados.<\/p>\n\n\n\n<p>Respecto a Gerling, en el a\u00f1o 2013, se le imputaron 13 hechos de robo calificado en la Ruta 76 y 51,  donde robaba a camioneros. En esa misma \u00e9poca gozaba de salidas transitorias del penal de Sierra Chica. Actualmente tiene condena hasta el a\u00f1o 2028, pero hac\u00eda uso de libertad condicional.<\/p>\n\n\n\n<p>Ahora deber\u00eda afrontar la pena que le resta m\u00e1s la suma de esta causa de robo calificado y homicidio, por el crimen de Jos\u00e9 Baier.<\/p>\n\n\n\n<p>En tanto durante 2008, Pereyra que cuenta con antecedentes penales y es apodado como &#8220;Kuki&#8221;, hab\u00eda sido condenado a 9 a\u00f1os de prisi\u00f3n como uno de los responsables de un violento atraco en un campo de Pringles.<\/p>\n","protected":false},"excerpt":{"rendered":"<p>Los procedimientos se hicieron en Coronel Pringles y fueron investigados por SUBDDI de Corone Su\u00e1rez con colaboraci\u00f3n de personal de CPR Cnel. Pringles y Polic\u00eda Comunal de \u00e9sta misma localidad En la ma\u00f1ana de este martes se llevaron a cabo cuatro allanamientos en Coronel Pringles, en los domicilios ubicados en Calle Vicente L\u00f3pez al 800, [&hellip;]<\/p>\n","protected":false},"author":2,"featured_media":0,"comment_status":"open","ping_status":"open","sticky":false,"template":"","format":"standard","meta":{"tdm_status":"","tdm_grid_status":"","_jetpack_memberships_contains_paid_content":false,"footnotes":"","jetpack_publicize_message":"","jetpack_publicize_feature_enabled":true,"jetpack_social_post_already_shared":true,"jetpack_social_options":{"image_generator_settings":{"template":"highway","default_image_id":0,"font":"","enabled":false},"version":2}},"categories":[29,35],"tags":[],"class_list":{"0":"post-23742","1":"post","2":"type-post","3":"status-publish","4":"format-standard","6":"category-policiales","7":"category-regionales"},"yoast_head":"<!-- This site is optimized with the Yoast SEO plugin v22.7 - https:\/\/yoast.com\/wordpress\/plugins\/seo\/ -->\n<title>Cuatro allanamientos y un nuevo detenido, por el crimen del pe\u00f3n rural en Coronel Su\u00e1rez - 103.9 fm<\/title>\n<meta name=\"robots\" content=\"index, follow, max-snippet:-1, max-image-preview:large, max-video-preview:-1\" \/>\n<link rel=\"canonical\" href=\"https:\/\/ondauno.com.ar\/index.php\/2021\/03\/23\/cuatro-allanamientos-y-un-nuevo-detenido-por-el-crimen-del-peon-rural-en-coronel-suarez\/\" \/>\n<meta property=\"og:locale\" content=\"es_ES\" \/>\n<meta property=\"og:type\" content=\"article\" \/>\n<meta property=\"og:title\" content=\"Cuatro allanamientos y un nuevo detenido, por el crimen del pe\u00f3n rural en Coronel Su\u00e1rez - 103.9 fm\" \/>\n<meta property=\"og:description\" content=\"Los procedimientos se hicieron en Coronel Pringles y fueron investigados por SUBDDI de Corone Su\u00e1rez con colaboraci\u00f3n de personal de CPR Cnel. Pringles y Polic\u00eda Comunal de \u00e9sta misma localidad En la ma\u00f1ana de este martes se llevaron a cabo cuatro allanamientos en Coronel Pringles, en los domicilios ubicados en Calle Vicente L\u00f3pez al 800, [&hellip;]\" \/>\n<meta property=\"og:url\" content=\"https:\/\/ondauno.com.ar\/index.php\/2021\/03\/23\/cuatro-allanamientos-y-un-nuevo-detenido-por-el-crimen-del-peon-rural-en-coronel-suarez\/\" \/>\n<meta property=\"og:site_name\" content=\"103.9 fm\" \/>\n<meta property=\"article:publisher\" content=\"https:\/\/www.facebook.com\/ondauno103.9\" \/>\n<meta property=\"article:published_time\" content=\"2021-03-23T15:45:19+00:00\" \/>\n<meta property=\"article:modified_time\" content=\"2021-03-23T16:16:33+00:00\" \/>\n<meta property=\"og:image\" content=\"https:\/\/ondauno.com.ar\/wp-content\/uploads\/2021\/03\/20210323115117743ee7844d458591e201c76be215e39f.jpg\" \/>\n\t<meta property=\"og:image:width\" content=\"1141\" \/>\n\t<meta property=\"og:image:height\" content=\"697\" \/>\n\t<meta property=\"og:image:type\" content=\"image\/jpeg\" \/>\n<meta name=\"author\" content=\"fernando garcia\" \/>\n<meta name=\"twitter:card\" content=\"summary_large_image\" \/>\n<meta name=\"twitter:label1\" content=\"Escrito por\" \/>\n\t<meta name=\"twitter:data1\" content=\"fernando garcia\" \/>\n\t<meta name=\"twitter:label2\" content=\"Tiempo de lectura\" \/>\n\t<meta name=\"twitter:data2\" content=\"3 minutos\" \/>\n<script type=\"application\/ld+json\" class=\"yoast-schema-graph\">{\"@context\":\"https:\/\/schema.org\",\"@graph\":[{\"@type\":\"WebPage\",\"@id\":\"https:\/\/ondauno.com.ar\/index.php\/2021\/03\/23\/cuatro-allanamientos-y-un-nuevo-detenido-por-el-crimen-del-peon-rural-en-coronel-suarez\/\",\"url\":\"https:\/\/ondauno.com.ar\/index.php\/2021\/03\/23\/cuatro-allanamientos-y-un-nuevo-detenido-por-el-crimen-del-peon-rural-en-coronel-suarez\/\",\"name\":\"Cuatro allanamientos y un nuevo detenido, por el crimen del pe\u00f3n rural en Coronel Su\u00e1rez - 103.9 fm\",\"isPartOf\":{\"@id\":\"https:\/\/ondauno.com.ar\/#website\"},\"primaryImageOfPage\":{\"@id\":\"https:\/\/ondauno.com.ar\/index.php\/2021\/03\/23\/cuatro-allanamientos-y-un-nuevo-detenido-por-el-crimen-del-peon-rural-en-coronel-suarez\/#primaryimage\"},\"image\":{\"@id\":\"https:\/\/ondauno.com.ar\/index.php\/2021\/03\/23\/cuatro-allanamientos-y-un-nuevo-detenido-por-el-crimen-del-peon-rural-en-coronel-suarez\/#primaryimage\"},\"thumbnailUrl\":\"http:\/\/ondauno.com.ar\/wp-content\/uploads\/2021\/03\/WhatsApp-Image-2021-03-23-at-12.10.18-1-1024x638.jpeg\",\"datePublished\":\"2021-03-23T15:45:19+00:00\",\"dateModified\":\"2021-03-23T16:16:33+00:00\",\"author\":{\"@id\":\"https:\/\/ondauno.com.ar\/#\/schema\/person\/201d1b68e6c75e0fd396fe5f8af5d139\"},\"breadcrumb\":{\"@id\":\"https:\/\/ondauno.com.ar\/index.php\/2021\/03\/23\/cuatro-allanamientos-y-un-nuevo-detenido-por-el-crimen-del-peon-rural-en-coronel-suarez\/#breadcrumb\"},\"inLanguage\":\"es-AR\",\"potentialAction\":[{\"@type\":\"ReadAction\",\"target\":[\"https:\/\/ondauno.com.ar\/index.php\/2021\/03\/23\/cuatro-allanamientos-y-un-nuevo-detenido-por-el-crimen-del-peon-rural-en-coronel-suarez\/\"]}]},{\"@type\":\"ImageObject\",\"inLanguage\":\"es-AR\",\"@id\":\"https:\/\/ondauno.com.ar\/index.php\/2021\/03\/23\/cuatro-allanamientos-y-un-nuevo-detenido-por-el-crimen-del-peon-rural-en-coronel-suarez\/#primaryimage\",\"url\":\"https:\/\/ondauno.com.ar\/wp-content\/uploads\/2021\/03\/WhatsApp-Image-2021-03-23-at-12.10.18-1.jpeg\",\"contentUrl\":\"https:\/\/ondauno.com.ar\/wp-content\/uploads\/2021\/03\/WhatsApp-Image-2021-03-23-at-12.10.18-1.jpeg\",\"width\":1280,\"height\":797},{\"@type\":\"BreadcrumbList\",\"@id\":\"https:\/\/ondauno.com.ar\/index.php\/2021\/03\/23\/cuatro-allanamientos-y-un-nuevo-detenido-por-el-crimen-del-peon-rural-en-coronel-suarez\/#breadcrumb\",\"itemListElement\":[{\"@type\":\"ListItem\",\"position\":1,\"name\":\"Inicio\",\"item\":\"https:\/\/ondauno.com.ar\/\"},{\"@type\":\"ListItem\",\"position\":2,\"name\":\"Cuatro allanamientos y un nuevo detenido, por el crimen del pe\u00f3n rural en Coronel Su\u00e1rez\"}]},{\"@type\":\"WebSite\",\"@id\":\"https:\/\/ondauno.com.ar\/#website\",\"url\":\"https:\/\/ondauno.com.ar\/\",\"name\":\"103.9 fm\",\"description\":\"LA PRIMERA RADIO MULTIMEDIA DE TRES ARROYOS\",\"potentialAction\":[{\"@type\":\"SearchAction\",\"target\":{\"@type\":\"EntryPoint\",\"urlTemplate\":\"https:\/\/ondauno.com.ar\/?s={search_term_string}\"},\"query-input\":\"required name=search_term_string\"}],\"inLanguage\":\"es-AR\"},{\"@type\":\"Person\",\"@id\":\"https:\/\/ondauno.com.ar\/#\/schema\/person\/201d1b68e6c75e0fd396fe5f8af5d139\",\"name\":\"fernando garcia\",\"image\":{\"@type\":\"ImageObject\",\"inLanguage\":\"es-AR\",\"@id\":\"https:\/\/ondauno.com.ar\/#\/schema\/person\/image\/\",\"url\":\"https:\/\/secure.gravatar.com\/avatar\/5f7254642ad81272e79a2e69653cfdfc?s=96&d=mm&r=g\",\"contentUrl\":\"https:\/\/secure.gravatar.com\/avatar\/5f7254642ad81272e79a2e69653cfdfc?s=96&d=mm&r=g\",\"caption\":\"fernando garcia\"},\"url\":\"https:\/\/ondauno.com.ar\/index.php\/author\/ondaunoeditor\/\"}]}<\/script>\n<!-- \/ Yoast SEO plugin. -->","yoast_head_json":{"title":"Cuatro allanamientos y un nuevo detenido, por el crimen del pe\u00f3n rural en Coronel Su\u00e1rez - 103.9 fm","robots":{"index":"index","follow":"follow","max-snippet":"max-snippet:-1","max-image-preview":"max-image-preview:large","max-video-preview":"max-video-preview:-1"},"canonical":"https:\/\/ondauno.com.ar\/index.php\/2021\/03\/23\/cuatro-allanamientos-y-un-nuevo-detenido-por-el-crimen-del-peon-rural-en-coronel-suarez\/","og_locale":"es_ES","og_type":"article","og_title":"Cuatro allanamientos y un nuevo detenido, por el crimen del pe\u00f3n rural en Coronel Su\u00e1rez - 103.9 fm","og_description":"Los procedimientos se hicieron en Coronel Pringles y fueron investigados por SUBDDI de Corone Su\u00e1rez con colaboraci\u00f3n de personal de CPR Cnel. Pringles y Polic\u00eda Comunal de \u00e9sta misma localidad En la ma\u00f1ana de este martes se llevaron a cabo cuatro allanamientos en Coronel Pringles, en los domicilios ubicados en Calle Vicente L\u00f3pez al 800, [&hellip;]","og_url":"https:\/\/ondauno.com.ar\/index.php\/2021\/03\/23\/cuatro-allanamientos-y-un-nuevo-detenido-por-el-crimen-del-peon-rural-en-coronel-suarez\/","og_site_name":"103.9 fm","article_publisher":"https:\/\/www.facebook.com\/ondauno103.9","article_published_time":"2021-03-23T15:45:19+00:00","article_modified_time":"2021-03-23T16:16:33+00:00","og_image":[{"width":1141,"height":697,"url":"https:\/\/ondauno.com.ar\/wp-content\/uploads\/2021\/03\/20210323115117743ee7844d458591e201c76be215e39f.jpg","type":"image\/jpeg"}],"author":"fernando garcia","twitter_card":"summary_large_image","twitter_misc":{"Escrito por":"fernando garcia","Tiempo de lectura":"3 minutos"},"schema":{"@context":"https:\/\/schema.org","@graph":[{"@type":"WebPage","@id":"https:\/\/ondauno.com.ar\/index.php\/2021\/03\/23\/cuatro-allanamientos-y-un-nuevo-detenido-por-el-crimen-del-peon-rural-en-coronel-suarez\/","url":"https:\/\/ondauno.com.ar\/index.php\/2021\/03\/23\/cuatro-allanamientos-y-un-nuevo-detenido-por-el-crimen-del-peon-rural-en-coronel-suarez\/","name":"Cuatro allanamientos y un nuevo detenido, por el crimen del pe\u00f3n rural en Coronel Su\u00e1rez - 103.9 fm","isPartOf":{"@id":"https:\/\/ondauno.com.ar\/#website"},"primaryImageOfPage":{"@id":"https:\/\/ondauno.com.ar\/index.php\/2021\/03\/23\/cuatro-allanamientos-y-un-nuevo-detenido-por-el-crimen-del-peon-rural-en-coronel-suarez\/#primaryimage"},"image":{"@id":"https:\/\/ondauno.com.ar\/index.php\/2021\/03\/23\/cuatro-allanamientos-y-un-nuevo-detenido-por-el-crimen-del-peon-rural-en-coronel-suarez\/#primaryimage"},"thumbnailUrl":"http:\/\/ondauno.com.ar\/wp-content\/uploads\/2021\/03\/WhatsApp-Image-2021-03-23-at-12.10.18-1-1024x638.jpeg","datePublished":"2021-03-23T15:45:19+00:00","dateModified":"2021-03-23T16:16:33+00:00","author":{"@id":"https:\/\/ondauno.com.ar\/#\/schema\/person\/201d1b68e6c75e0fd396fe5f8af5d139"},"breadcrumb":{"@id":"https:\/\/ondauno.com.ar\/index.php\/2021\/03\/23\/cuatro-allanamientos-y-un-nuevo-detenido-por-el-crimen-del-peon-rural-en-coronel-suarez\/#breadcrumb"},"inLanguage":"es-AR","potentialAction":[{"@type":"ReadAction","target":["https:\/\/ondauno.com.ar\/index.php\/2021\/03\/23\/cuatro-allanamientos-y-un-nuevo-detenido-por-el-crimen-del-peon-rural-en-coronel-suarez\/"]}]},{"@type":"ImageObject","inLanguage":"es-AR","@id":"https:\/\/ondauno.com.ar\/index.php\/2021\/03\/23\/cuatro-allanamientos-y-un-nuevo-detenido-por-el-crimen-del-peon-rural-en-coronel-suarez\/#primaryimage","url":"https:\/\/ondauno.com.ar\/wp-content\/uploads\/2021\/03\/WhatsApp-Image-2021-03-23-at-12.10.18-1.jpeg","contentUrl":"https:\/\/ondauno.com.ar\/wp-content\/uploads\/2021\/03\/WhatsApp-Image-2021-03-23-at-12.10.18-1.jpeg","width":1280,"height":797},{"@type":"BreadcrumbList","@id":"https:\/\/ondauno.com.ar\/index.php\/2021\/03\/23\/cuatro-allanamientos-y-un-nuevo-detenido-por-el-crimen-del-peon-rural-en-coronel-suarez\/#breadcrumb","itemListElement":[{"@type":"ListItem","position":1,"name":"Inicio","item":"https:\/\/ondauno.com.ar\/"},{"@type":"ListItem","position":2,"name":"Cuatro allanamientos y un nuevo detenido, por el crimen del pe\u00f3n rural en Coronel Su\u00e1rez"}]},{"@type":"WebSite","@id":"https:\/\/ondauno.com.ar\/#website","url":"https:\/\/ondauno.com.ar\/","name":"103.9 fm","description":"LA PRIMERA RADIO MULTIMEDIA DE TRES ARROYOS","potentialAction":[{"@type":"SearchAction","target":{"@type":"EntryPoint","urlTemplate":"https:\/\/ondauno.com.ar\/?s={search_term_string}"},"query-input":"required name=search_term_string"}],"inLanguage":"es-AR"},{"@type":"Person","@id":"https:\/\/ondauno.com.ar\/#\/schema\/person\/201d1b68e6c75e0fd396fe5f8af5d139","name":"fernando garcia","image":{"@type":"ImageObject","inLanguage":"es-AR","@id":"https:\/\/ondauno.com.ar\/#\/schema\/person\/image\/","url":"https:\/\/secure.gravatar.com\/avatar\/5f7254642ad81272e79a2e69653cfdfc?s=96&d=mm&r=g","contentUrl":"https:\/\/secure.gravatar.com\/avatar\/5f7254642ad81272e79a2e69653cfdfc?s=96&d=mm&r=g","caption":"fernando garcia"},"url":"https:\/\/ondauno.com.ar\/index.php\/author\/ondaunoeditor\/"}]}},"jetpack_publicize_connections":[],"jetpack_featured_media_url":"","jetpack_sharing_enabled":true,"_links":{"self":[{"href":"https:\/\/ondauno.com.ar\/index.php\/wp-json\/wp\/v2\/posts\/23742","targetHints":{"allow":["GET"]}}],"collection":[{"href":"https:\/\/ondauno.com.ar\/index.php\/wp-json\/wp\/v2\/posts"}],"about":[{"href":"https:\/\/ondauno.com.ar\/index.php\/wp-json\/wp\/v2\/types\/post"}],"author":[{"embeddable":true,"href":"https:\/\/ondauno.com.ar\/index.php\/wp-json\/wp\/v2\/users\/2"}],"replies":[{"embeddable":true,"href":"https:\/\/ondauno.com.ar\/index.php\/wp-json\/wp\/v2\/comments?post=23742"}],"version-history":[{"count":0,"href":"https:\/\/ondauno.com.ar\/index.php\/wp-json\/wp\/v2\/posts\/23742\/revisions"}],"wp:attachment":[{"href":"https:\/\/ondauno.com.ar\/index.php\/wp-json\/wp\/v2\/media?parent=23742"}],"wp:term":[{"taxonomy":"category","embeddable":true,"href":"https:\/\/ondauno.com.ar\/index.php\/wp-json\/wp\/v2\/categories?post=23742"},{"taxonomy":"post_tag","embeddable":true,"href":"https:\/\/ondauno.com.ar\/index.php\/wp-json\/wp\/v2\/tags?post=23742"}],"curies":[{"name":"wp","href":"https:\/\/api.w.org\/{rel}","templated":true}]}}