{"id":23191,"date":"2021-03-09T22:46:39","date_gmt":"2021-03-10T01:46:39","guid":{"rendered":"http:\/\/ondauno.com.ar\/?p=23191"},"modified":"2021-03-09T22:56:01","modified_gmt":"2021-03-10T01:56:01","slug":"gargaglione-cuestiono-al-pro-y-a-la-ucr-por-no-tener-autocritica-despues-de-perder-las-elecciones","status":"publish","type":"post","link":"https:\/\/ondauno.com.ar\/index.php\/2021\/03\/09\/gargaglione-cuestiono-al-pro-y-a-la-ucr-por-no-tener-autocritica-despues-de-perder-las-elecciones\/","title":{"rendered":"Gargaglione cuestion\u00f3 al Pro y a la UCR, por no tener autocr\u00edtica despu\u00e9s de perder las elecciones"},"content":{"rendered":"<div class=\"ondau-before-content_3\" style=\"margin-top: -30px;\" id=\"ondau-3342390183\"><a href=\"https:\/\/www.lps.com.ar\/\" aria-label=\"la-perse2\"><img loading=\"lazy\" decoding=\"async\" src=\"https:\/\/ondauno.com.ar\/wp-content\/uploads\/2021\/10\/la-perse2.jpg\" alt=\"\"  srcset=\"https:\/\/ondauno.com.ar\/wp-content\/uploads\/2021\/10\/la-perse2.jpg 1353w, https:\/\/ondauno.com.ar\/wp-content\/uploads\/2021\/10\/la-perse2-300x43.jpg 300w, https:\/\/ondauno.com.ar\/wp-content\/uploads\/2021\/10\/la-perse2-1024x148.jpg 1024w, https:\/\/ondauno.com.ar\/wp-content\/uploads\/2021\/10\/la-perse2-768x111.jpg 768w, https:\/\/ondauno.com.ar\/wp-content\/uploads\/2021\/10\/la-perse2-696x100.jpg 696w, https:\/\/ondauno.com.ar\/wp-content\/uploads\/2021\/10\/la-perse2-1068x154.jpg 1068w\" sizes=\"(max-width: 1353px) 100vw, 1353px\" class=\"no-lazyload\" width=\"1353\" height=\"195\"  style=\"display: inline-block;\" \/><\/a><\/div>\n<p>El intendente de San Cayetano y candidato como vocal en la lista de Gustavo Posse, en la interna del radicalismo para conducir el Comit\u00e9 Provincia, fue cr\u00edtico de lo que denomin\u00f3 como &#8216;pasividad&#8217; dentro de la UCR que adem\u00e1s &#8216;acepto&#8217; ser el furg\u00f3n de cola de la Coalici\u00f3n que encabeza el Pro.<\/p>\n\n\n\n<p>&#8220;Hemos notado una sumisi\u00f3n muy grande al Pro&#8221;, asegur\u00f3 jefe comunal sancayetanense que despu\u00e9s de 13 a\u00f1os gestionando su municipio con una aceptaci\u00f3n que supera al 70, no ha sido consultado por las autoridades provinciales ni nacionales del radicalismo para el desarrollo de estrategias pol\u00edticas.<\/p>\n\n\n\n<figure class=\"wp-block-image\"><img decoding=\"async\" data-src=\"http:\/\/ondauno.com.ar\/wp-content\/uploads\/2021\/03\/WhatsApp-Image-2021-03-09-at-21.55.24-1-1024x768.jpeg\" alt=\"\" class=\"wp-image-23193 lazyload\" src=\"data:image\/gif;base64,R0lGODlhAQABAAAAACH5BAEKAAEALAAAAAABAAEAAAICTAEAOw==\" style=\"--smush-placeholder-width: 1024px; --smush-placeholder-aspect-ratio: 1024\/768;\" \/><noscript><img decoding=\"async\" src=\"http:\/\/ondauno.com.ar\/wp-content\/uploads\/2021\/03\/WhatsApp-Image-2021-03-09-at-21.55.24-1-1024x768.jpeg\" alt=\"\" class=\"wp-image-23193\"\/><\/noscript><\/figure>\n\n\n\n<p>&#8220;En nuestro pueblo ganemos o perdamos siempre se hace autocr\u00edtica&#8221;, afirm\u00f3 Gargaglione, quien brind\u00f3 una charla acompa\u00f1ado de Aldo Mensi, ex intendente de Coronel Pringles y ex diputado provincial radical.<\/p>\n\n\n\n<p>En este sentido Gargaglione, pidi\u00f3 al radicalismo que se tenga en cuenta a la gesti\u00f3n a la hora de definir el futuro de la fuerza, en alusi\u00f3n a Posse que tiene a\u00f1os de experiencia  despu\u00e9s de suceder como intendente a su padre Melchor Posse en San Isidro en 1999, a\u00f1o a partir del cual ha sido relecto hasta la actualidad en cinco oportunidades.<\/p>\n\n\n\n<p>Acompa\u00f1aron a Gargaglione y a Mensi, Gonzalo Cabrera candidato a la presidencia del Comit\u00e9 Enrique Betolaza, e Ignacio Garc\u00eda, candidato a la presidencia de la Juventud Radical.<\/p>\n","protected":false},"excerpt":{"rendered":"<p>El intendente de San Cayetano y candidato como vocal en la lista de Gustavo Posse, en la interna del radicalismo para conducir el Comit\u00e9 Provincia, fue cr\u00edtico de lo que denomin\u00f3 como &#8216;pasividad&#8217; dentro de la UCR que adem\u00e1s &#8216;acepto&#8217; ser el furg\u00f3n de cola de la Coalici\u00f3n que encabeza el Pro. &#8220;Hemos notado una [&hellip;]<\/p>\n","protected":false},"author":2,"featured_media":0,"comment_status":"open","ping_status":"open","sticky":false,"template":"","format":"standard","meta":{"tdm_status":"","tdm_grid_status":"","_jetpack_memberships_contains_paid_content":false,"footnotes":"","jetpack_publicize_message":"","jetpack_publicize_feature_enabled":true,"jetpack_social_post_already_shared":true,"jetpack_social_options":{"image_generator_settings":{"template":"highway","default_image_id":0,"font":"","enabled":false},"version":2}},"categories":[35],"tags":[],"class_list":{"0":"post-23191","1":"post","2":"type-post","3":"status-publish","4":"format-standard","6":"category-regionales"},"yoast_head":"<!-- This site is optimized with the Yoast SEO plugin v22.7 - https:\/\/yoast.com\/wordpress\/plugins\/seo\/ -->\n<title>Gargaglione cuestion\u00f3 al Pro y a la UCR, por no tener autocr\u00edtica despu\u00e9s de perder las elecciones - 103.9 fm<\/title>\n<meta name=\"robots\" content=\"index, follow, max-snippet:-1, max-image-preview:large, max-video-preview:-1\" \/>\n<link rel=\"canonical\" href=\"https:\/\/ondauno.com.ar\/index.php\/2021\/03\/09\/gargaglione-cuestiono-al-pro-y-a-la-ucr-por-no-tener-autocritica-despues-de-perder-las-elecciones\/\" \/>\n<meta property=\"og:locale\" content=\"es_ES\" \/>\n<meta property=\"og:type\" content=\"article\" \/>\n<meta property=\"og:title\" content=\"Gargaglione cuestion\u00f3 al Pro y a la UCR, por no tener autocr\u00edtica despu\u00e9s de perder las elecciones - 103.9 fm\" \/>\n<meta property=\"og:description\" content=\"El intendente de San Cayetano y candidato como vocal en la lista de Gustavo Posse, en la interna del radicalismo para conducir el Comit\u00e9 Provincia, fue cr\u00edtico de lo que denomin\u00f3 como &#8216;pasividad&#8217; dentro de la UCR que adem\u00e1s &#8216;acepto&#8217; ser el furg\u00f3n de cola de la Coalici\u00f3n que encabeza el Pro. &#8220;Hemos notado una [&hellip;]\" \/>\n<meta property=\"og:url\" content=\"https:\/\/ondauno.com.ar\/index.php\/2021\/03\/09\/gargaglione-cuestiono-al-pro-y-a-la-ucr-por-no-tener-autocritica-despues-de-perder-las-elecciones\/\" \/>\n<meta property=\"og:site_name\" content=\"103.9 fm\" \/>\n<meta property=\"article:publisher\" content=\"https:\/\/www.facebook.com\/ondauno103.9\" \/>\n<meta property=\"article:published_time\" content=\"2021-03-10T01:46:39+00:00\" \/>\n<meta property=\"article:modified_time\" content=\"2021-03-10T01:56:01+00:00\" \/>\n<meta property=\"og:image\" content=\"https:\/\/ondauno.com.ar\/wp-content\/uploads\/2021\/03\/WhatsApp-Image-2021-03-09-at-21.55.24.jpeg\" \/>\n\t<meta property=\"og:image:width\" content=\"1040\" \/>\n\t<meta property=\"og:image:height\" content=\"780\" \/>\n\t<meta property=\"og:image:type\" content=\"image\/jpeg\" \/>\n<meta name=\"author\" content=\"fernando garcia\" \/>\n<meta name=\"twitter:card\" content=\"summary_large_image\" \/>\n<meta name=\"twitter:label1\" content=\"Escrito por\" \/>\n\t<meta name=\"twitter:data1\" content=\"fernando garcia\" \/>\n\t<meta name=\"twitter:label2\" content=\"Tiempo de lectura\" \/>\n\t<meta name=\"twitter:data2\" content=\"1 minuto\" \/>\n<script type=\"application\/ld+json\" class=\"yoast-schema-graph\">{\"@context\":\"https:\/\/schema.org\",\"@graph\":[{\"@type\":\"WebPage\",\"@id\":\"https:\/\/ondauno.com.ar\/index.php\/2021\/03\/09\/gargaglione-cuestiono-al-pro-y-a-la-ucr-por-no-tener-autocritica-despues-de-perder-las-elecciones\/\",\"url\":\"https:\/\/ondauno.com.ar\/index.php\/2021\/03\/09\/gargaglione-cuestiono-al-pro-y-a-la-ucr-por-no-tener-autocritica-despues-de-perder-las-elecciones\/\",\"name\":\"Gargaglione cuestion\u00f3 al Pro y a la UCR, por no tener autocr\u00edtica despu\u00e9s de perder las elecciones - 103.9 fm\",\"isPartOf\":{\"@id\":\"https:\/\/ondauno.com.ar\/#website\"},\"primaryImageOfPage\":{\"@id\":\"https:\/\/ondauno.com.ar\/index.php\/2021\/03\/09\/gargaglione-cuestiono-al-pro-y-a-la-ucr-por-no-tener-autocritica-despues-de-perder-las-elecciones\/#primaryimage\"},\"image\":{\"@id\":\"https:\/\/ondauno.com.ar\/index.php\/2021\/03\/09\/gargaglione-cuestiono-al-pro-y-a-la-ucr-por-no-tener-autocritica-despues-de-perder-las-elecciones\/#primaryimage\"},\"thumbnailUrl\":\"http:\/\/ondauno.com.ar\/wp-content\/uploads\/2021\/03\/WhatsApp-Image-2021-03-09-at-21.55.24-1-1024x768.jpeg\",\"datePublished\":\"2021-03-10T01:46:39+00:00\",\"dateModified\":\"2021-03-10T01:56:01+00:00\",\"author\":{\"@id\":\"https:\/\/ondauno.com.ar\/#\/schema\/person\/201d1b68e6c75e0fd396fe5f8af5d139\"},\"breadcrumb\":{\"@id\":\"https:\/\/ondauno.com.ar\/index.php\/2021\/03\/09\/gargaglione-cuestiono-al-pro-y-a-la-ucr-por-no-tener-autocritica-despues-de-perder-las-elecciones\/#breadcrumb\"},\"inLanguage\":\"es-AR\",\"potentialAction\":[{\"@type\":\"ReadAction\",\"target\":[\"https:\/\/ondauno.com.ar\/index.php\/2021\/03\/09\/gargaglione-cuestiono-al-pro-y-a-la-ucr-por-no-tener-autocritica-despues-de-perder-las-elecciones\/\"]}]},{\"@type\":\"ImageObject\",\"inLanguage\":\"es-AR\",\"@id\":\"https:\/\/ondauno.com.ar\/index.php\/2021\/03\/09\/gargaglione-cuestiono-al-pro-y-a-la-ucr-por-no-tener-autocritica-despues-de-perder-las-elecciones\/#primaryimage\",\"url\":\"\",\"contentUrl\":\"\"},{\"@type\":\"BreadcrumbList\",\"@id\":\"https:\/\/ondauno.com.ar\/index.php\/2021\/03\/09\/gargaglione-cuestiono-al-pro-y-a-la-ucr-por-no-tener-autocritica-despues-de-perder-las-elecciones\/#breadcrumb\",\"itemListElement\":[{\"@type\":\"ListItem\",\"position\":1,\"name\":\"Inicio\",\"item\":\"https:\/\/ondauno.com.ar\/\"},{\"@type\":\"ListItem\",\"position\":2,\"name\":\"Gargaglione cuestion\u00f3 al Pro y a la UCR, por no tener autocr\u00edtica despu\u00e9s de perder las elecciones\"}]},{\"@type\":\"WebSite\",\"@id\":\"https:\/\/ondauno.com.ar\/#website\",\"url\":\"https:\/\/ondauno.com.ar\/\",\"name\":\"103.9 fm\",\"description\":\"LA PRIMERA RADIO MULTIMEDIA DE TRES ARROYOS\",\"potentialAction\":[{\"@type\":\"SearchAction\",\"target\":{\"@type\":\"EntryPoint\",\"urlTemplate\":\"https:\/\/ondauno.com.ar\/?s={search_term_string}\"},\"query-input\":\"required name=search_term_string\"}],\"inLanguage\":\"es-AR\"},{\"@type\":\"Person\",\"@id\":\"https:\/\/ondauno.com.ar\/#\/schema\/person\/201d1b68e6c75e0fd396fe5f8af5d139\",\"name\":\"fernando garcia\",\"image\":{\"@type\":\"ImageObject\",\"inLanguage\":\"es-AR\",\"@id\":\"https:\/\/ondauno.com.ar\/#\/schema\/person\/image\/\",\"url\":\"https:\/\/secure.gravatar.com\/avatar\/5f7254642ad81272e79a2e69653cfdfc?s=96&d=mm&r=g\",\"contentUrl\":\"https:\/\/secure.gravatar.com\/avatar\/5f7254642ad81272e79a2e69653cfdfc?s=96&d=mm&r=g\",\"caption\":\"fernando garcia\"},\"url\":\"https:\/\/ondauno.com.ar\/index.php\/author\/ondaunoeditor\/\"}]}<\/script>\n<!-- \/ Yoast SEO plugin. -->","yoast_head_json":{"title":"Gargaglione cuestion\u00f3 al Pro y a la UCR, por no tener autocr\u00edtica despu\u00e9s de perder las elecciones - 103.9 fm","robots":{"index":"index","follow":"follow","max-snippet":"max-snippet:-1","max-image-preview":"max-image-preview:large","max-video-preview":"max-video-preview:-1"},"canonical":"https:\/\/ondauno.com.ar\/index.php\/2021\/03\/09\/gargaglione-cuestiono-al-pro-y-a-la-ucr-por-no-tener-autocritica-despues-de-perder-las-elecciones\/","og_locale":"es_ES","og_type":"article","og_title":"Gargaglione cuestion\u00f3 al Pro y a la UCR, por no tener autocr\u00edtica despu\u00e9s de perder las elecciones - 103.9 fm","og_description":"El intendente de San Cayetano y candidato como vocal en la lista de Gustavo Posse, en la interna del radicalismo para conducir el Comit\u00e9 Provincia, fue cr\u00edtico de lo que denomin\u00f3 como &#8216;pasividad&#8217; dentro de la UCR que adem\u00e1s &#8216;acepto&#8217; ser el furg\u00f3n de cola de la Coalici\u00f3n que encabeza el Pro. &#8220;Hemos notado una [&hellip;]","og_url":"https:\/\/ondauno.com.ar\/index.php\/2021\/03\/09\/gargaglione-cuestiono-al-pro-y-a-la-ucr-por-no-tener-autocritica-despues-de-perder-las-elecciones\/","og_site_name":"103.9 fm","article_publisher":"https:\/\/www.facebook.com\/ondauno103.9","article_published_time":"2021-03-10T01:46:39+00:00","article_modified_time":"2021-03-10T01:56:01+00:00","og_image":[{"width":1040,"height":780,"url":"https:\/\/ondauno.com.ar\/wp-content\/uploads\/2021\/03\/WhatsApp-Image-2021-03-09-at-21.55.24.jpeg","type":"image\/jpeg"}],"author":"fernando garcia","twitter_card":"summary_large_image","twitter_misc":{"Escrito por":"fernando garcia","Tiempo de lectura":"1 minuto"},"schema":{"@context":"https:\/\/schema.org","@graph":[{"@type":"WebPage","@id":"https:\/\/ondauno.com.ar\/index.php\/2021\/03\/09\/gargaglione-cuestiono-al-pro-y-a-la-ucr-por-no-tener-autocritica-despues-de-perder-las-elecciones\/","url":"https:\/\/ondauno.com.ar\/index.php\/2021\/03\/09\/gargaglione-cuestiono-al-pro-y-a-la-ucr-por-no-tener-autocritica-despues-de-perder-las-elecciones\/","name":"Gargaglione cuestion\u00f3 al Pro y a la UCR, por no tener autocr\u00edtica despu\u00e9s de perder las elecciones - 103.9 fm","isPartOf":{"@id":"https:\/\/ondauno.com.ar\/#website"},"primaryImageOfPage":{"@id":"https:\/\/ondauno.com.ar\/index.php\/2021\/03\/09\/gargaglione-cuestiono-al-pro-y-a-la-ucr-por-no-tener-autocritica-despues-de-perder-las-elecciones\/#primaryimage"},"image":{"@id":"https:\/\/ondauno.com.ar\/index.php\/2021\/03\/09\/gargaglione-cuestiono-al-pro-y-a-la-ucr-por-no-tener-autocritica-despues-de-perder-las-elecciones\/#primaryimage"},"thumbnailUrl":"http:\/\/ondauno.com.ar\/wp-content\/uploads\/2021\/03\/WhatsApp-Image-2021-03-09-at-21.55.24-1-1024x768.jpeg","datePublished":"2021-03-10T01:46:39+00:00","dateModified":"2021-03-10T01:56:01+00:00","author":{"@id":"https:\/\/ondauno.com.ar\/#\/schema\/person\/201d1b68e6c75e0fd396fe5f8af5d139"},"breadcrumb":{"@id":"https:\/\/ondauno.com.ar\/index.php\/2021\/03\/09\/gargaglione-cuestiono-al-pro-y-a-la-ucr-por-no-tener-autocritica-despues-de-perder-las-elecciones\/#breadcrumb"},"inLanguage":"es-AR","potentialAction":[{"@type":"ReadAction","target":["https:\/\/ondauno.com.ar\/index.php\/2021\/03\/09\/gargaglione-cuestiono-al-pro-y-a-la-ucr-por-no-tener-autocritica-despues-de-perder-las-elecciones\/"]}]},{"@type":"ImageObject","inLanguage":"es-AR","@id":"https:\/\/ondauno.com.ar\/index.php\/2021\/03\/09\/gargaglione-cuestiono-al-pro-y-a-la-ucr-por-no-tener-autocritica-despues-de-perder-las-elecciones\/#primaryimage","url":"","contentUrl":""},{"@type":"BreadcrumbList","@id":"https:\/\/ondauno.com.ar\/index.php\/2021\/03\/09\/gargaglione-cuestiono-al-pro-y-a-la-ucr-por-no-tener-autocritica-despues-de-perder-las-elecciones\/#breadcrumb","itemListElement":[{"@type":"ListItem","position":1,"name":"Inicio","item":"https:\/\/ondauno.com.ar\/"},{"@type":"ListItem","position":2,"name":"Gargaglione cuestion\u00f3 al Pro y a la UCR, por no tener autocr\u00edtica despu\u00e9s de perder las elecciones"}]},{"@type":"WebSite","@id":"https:\/\/ondauno.com.ar\/#website","url":"https:\/\/ondauno.com.ar\/","name":"103.9 fm","description":"LA PRIMERA RADIO MULTIMEDIA DE TRES ARROYOS","potentialAction":[{"@type":"SearchAction","target":{"@type":"EntryPoint","urlTemplate":"https:\/\/ondauno.com.ar\/?s={search_term_string}"},"query-input":"required name=search_term_string"}],"inLanguage":"es-AR"},{"@type":"Person","@id":"https:\/\/ondauno.com.ar\/#\/schema\/person\/201d1b68e6c75e0fd396fe5f8af5d139","name":"fernando garcia","image":{"@type":"ImageObject","inLanguage":"es-AR","@id":"https:\/\/ondauno.com.ar\/#\/schema\/person\/image\/","url":"https:\/\/secure.gravatar.com\/avatar\/5f7254642ad81272e79a2e69653cfdfc?s=96&d=mm&r=g","contentUrl":"https:\/\/secure.gravatar.com\/avatar\/5f7254642ad81272e79a2e69653cfdfc?s=96&d=mm&r=g","caption":"fernando garcia"},"url":"https:\/\/ondauno.com.ar\/index.php\/author\/ondaunoeditor\/"}]}},"jetpack_publicize_connections":[],"jetpack_featured_media_url":"","jetpack_sharing_enabled":true,"_links":{"self":[{"href":"https:\/\/ondauno.com.ar\/index.php\/wp-json\/wp\/v2\/posts\/23191","targetHints":{"allow":["GET"]}}],"collection":[{"href":"https:\/\/ondauno.com.ar\/index.php\/wp-json\/wp\/v2\/posts"}],"about":[{"href":"https:\/\/ondauno.com.ar\/index.php\/wp-json\/wp\/v2\/types\/post"}],"author":[{"embeddable":true,"href":"https:\/\/ondauno.com.ar\/index.php\/wp-json\/wp\/v2\/users\/2"}],"replies":[{"embeddable":true,"href":"https:\/\/ondauno.com.ar\/index.php\/wp-json\/wp\/v2\/comments?post=23191"}],"version-history":[{"count":0,"href":"https:\/\/ondauno.com.ar\/index.php\/wp-json\/wp\/v2\/posts\/23191\/revisions"}],"wp:attachment":[{"href":"https:\/\/ondauno.com.ar\/index.php\/wp-json\/wp\/v2\/media?parent=23191"}],"wp:term":[{"taxonomy":"category","embeddable":true,"href":"https:\/\/ondauno.com.ar\/index.php\/wp-json\/wp\/v2\/categories?post=23191"},{"taxonomy":"post_tag","embeddable":true,"href":"https:\/\/ondauno.com.ar\/index.php\/wp-json\/wp\/v2\/tags?post=23191"}],"curies":[{"name":"wp","href":"https:\/\/api.w.org\/{rel}","templated":true}]}}