{"id":23181,"date":"2021-03-09T18:58:53","date_gmt":"2021-03-09T21:58:53","guid":{"rendered":"http:\/\/ondauno.com.ar\/?p=23181"},"modified":"2021-03-09T19:19:37","modified_gmt":"2021-03-09T22:19:37","slug":"nombran-al-intendente-carlos-sanchez-como-encolumnado-en-buenos-aires-primero","status":"publish","type":"post","link":"https:\/\/ondauno.com.ar\/index.php\/2021\/03\/09\/nombran-al-intendente-carlos-sanchez-como-encolumnado-en-buenos-aires-primero\/","title":{"rendered":"Nombran al intendente Carlos S\u00e1nchez como encolumnado en Buenos Aires Primero"},"content":{"rendered":"<div class=\"ondau-before-content_3\" style=\"margin-top: -30px;\" id=\"ondau-2972931885\"><a href=\"https:\/\/www.lps.com.ar\/\" aria-label=\"la-perse2\"><img loading=\"lazy\" decoding=\"async\" src=\"https:\/\/ondauno.com.ar\/wp-content\/uploads\/2021\/10\/la-perse2.jpg\" alt=\"\"  srcset=\"https:\/\/ondauno.com.ar\/wp-content\/uploads\/2021\/10\/la-perse2.jpg 1353w, https:\/\/ondauno.com.ar\/wp-content\/uploads\/2021\/10\/la-perse2-300x43.jpg 300w, https:\/\/ondauno.com.ar\/wp-content\/uploads\/2021\/10\/la-perse2-1024x148.jpg 1024w, https:\/\/ondauno.com.ar\/wp-content\/uploads\/2021\/10\/la-perse2-768x111.jpg 768w, https:\/\/ondauno.com.ar\/wp-content\/uploads\/2021\/10\/la-perse2-696x100.jpg 696w, https:\/\/ondauno.com.ar\/wp-content\/uploads\/2021\/10\/la-perse2-1068x154.jpg 1068w\" sizes=\"(max-width: 1353px) 100vw, 1353px\" class=\"no-lazyload\" width=\"1353\" height=\"195\"  style=\"display: inline-block;\" \/><\/a><\/div>\n<p><em>El \u00faltimo fin de semana en Necochea se reunieron un grupo de intendentes del interior de la provincia de Buenos Aires que busca tomar distancia entre el Frente de Todos y Juntos por el Cambio.<br>Adem\u00e1s del vecinalismo tresarroyense, en una nota publicada por Infobae se menciona la presencia de C\u00e9sar Bevilacqua de Villarino, Arturo Rojas de Necochea, Juan Miguel Nosetto de Saliquel\u00f3, Sergio Bordoni de Tornquinst y Guillermo Britos de Chivilcoy, tal como lo cuenta la siguiente nota publicada en Infobae.<\/em><\/p>\n\n\n\n<p><em>Sin embargo fuentes del vecinalismo tresarroyense confirmaron a Cosas que pasan que el intendente Carlos S\u00e1nchez no estuvo presente. Y que tampoco hubo representaci\u00f3n del partido.<\/em><\/p>\n\n\n\n<h1 class=\"wp-block-heading\"><strong>Intendentes del interior bonaerense buscan saltar la grieta y lanzaron su propio espacio para la pelea electoral 2021<\/strong><\/h1>\n\n\n\n<h4 class=\"wp-block-heading\">El impulsor fue Carlos Bevilacqua, jefe comunal de Villarino. Aunque se muestran m\u00e1s cerca de Kicillof, su intenci\u00f3n es diferenciarse tanto del Frente de Todos como de Juntos por el Cambio. El plan de la boleta corta<\/h4>\n\n\n\n<figure class=\"wp-block-image\"><img decoding=\"async\" data-src=\"http:\/\/ondauno.com.ar\/wp-content\/uploads\/2021\/03\/3IJFUBAMOBGAVMWV6EDUBTDGS4-1024x576.jpg\" alt=\"\" class=\"wp-image-23182 lazyload\" src=\"data:image\/gif;base64,R0lGODlhAQABAAAAACH5BAEKAAEALAAAAAABAAEAAAICTAEAOw==\" style=\"--smush-placeholder-width: 1024px; --smush-placeholder-aspect-ratio: 1024\/576;\" \/><noscript><img decoding=\"async\" src=\"http:\/\/ondauno.com.ar\/wp-content\/uploads\/2021\/03\/3IJFUBAMOBGAVMWV6EDUBTDGS4-1024x576.jpg\" alt=\"\" class=\"wp-image-23182\"\/><\/noscript><\/figure>\n\n\n\n<p>Un grupo de intendentes del interior bonaerense que no integran el Frente de Todos ni Juntos por el Cambio pusieron primera y largaron el espacio&nbsp;<strong>\u201cBuenos Aires Primero\u201d con el objetivo de abroquelarse ante el gobierno provincial y las elecciones legislativas de este a\u00f1o.&nbsp;<\/strong>Entre sus planes est\u00e1 lograr boleta \u00fanica, supervivencia en la Legislatura y empuje desde el sur provincial.<\/p>\n\n\n\n<p>Los intendentes bonaerenses&nbsp;<strong>Carlos Bevilacqua (Villarino), Arturo Rojas (Necochea), Juan Miguel Nosetti (Saliquell\u00f3), Sergio Bordoni (Torquinst), Guillermo Britos (Chivilcoy) y Carlos S\u00e1nchez (Tres Arroyos),<\/strong>&nbsp;oficializaron el espacio Buenos Aires Primero, con sa realizaci\u00f3n de su primer Congreso provincial que se desarroll\u00f3 en Necochea este fin de semana y volver\u00e1 a replicarse en el mes de abril en Bah\u00eda Blanca. Se trata de intendentes que con sus distintos sellos partidarios de corte local buscan saltar la grieta y sobrevivirla dentro del sistema pol\u00edtico bonaerense. El objetivo es tener m\u00e1s presencia en la Legislatura bonaerense y avanzar con un sistema de votaci\u00f3n de boleta \u00fanica.<\/p>\n\n\n\n<p>Bevilacqua fue el impulsor del espacio. El intendente de Villarino busca posicionarse como un referente pol\u00edtico del sur bonaerense, donde no hay demasiados votos (640 mil electores de un total de 13 millones que tiene la provincia) pero s\u00ed lugares de poder a repartirse en la Legislatura provincial.<strong>&nbsp;La extensa Sexta secci\u00f3n electoral tiene seis bancas en el Senado y otras once en la C\u00e1mara de Diputados.<\/strong>&nbsp;Cuatro de los seis intendentes que ficharon para Buenos Aires Primero gobiernan distritos del sur bonaerense y desde all\u00ed buscan desplegar.<\/p>\n\n\n\n<p>Consultado por&nbsp;<strong>Infobae,<\/strong>&nbsp;Bevilacqua explic\u00f3 que tiene una buena relaci\u00f3n institucional con el gobernador Axel Kicillof como la tuvo con la ex gobernadora Mar\u00eda Eugenia Vidal. Bevilacqua tambi\u00e9n integr\u00f3 una alianza con el Frente Renovador de Sergio Massa, al igual que el hoy intendente Chivilcoy, Guillermo Britos.<\/p>\n\n\n\n<p>Desde Buenos Aires Primero buscan enfocar en la gesti\u00f3n pero se paran tambi\u00e9n en la pelea electoral. Por eso apuestan a la implementaci\u00f3n de la boleta \u00fanica.&nbsp;<strong>\u201cEs muy dif\u00edcil competir en igualdad de condiciones cuando tus adversarios tienen candidatos asociados desde presidente a gobernador.<\/strong>&nbsp;Cuando su lista se ve a lo lejos, porque presenta varios cuerpos, y la nuestra queda en un rinc\u00f3n o cuando no entr\u00e1s en la disputa de temas que cubren los medios de comunicaci\u00f3n. La boleta \u00fanica electr\u00f3nica elimina estas ventajas\u201d, sostuvo Bevilacqua.<\/p>\n\n\n\n<figure class=\"wp-block-image\"><img decoding=\"async\" data-src=\"https:\/\/www.infobae.com\/new-resizer\/JjZup_a-_i2QjNkyJyUwR5yoUkw=\/420x236\/filters:format(jpg):quality(85)\/cloudfront-us-east-1.images.arcpublishing.com\/infobae\/KTCSIJD3INFSLDO5HQA6KHLXAE.jpg\" alt=\"\" src=\"data:image\/gif;base64,R0lGODlhAQABAAAAACH5BAEKAAEALAAAAAABAAEAAAICTAEAOw==\" class=\"lazyload\" \/><noscript><img decoding=\"async\" src=\"https:\/\/www.infobae.com\/new-resizer\/JjZup_a-_i2QjNkyJyUwR5yoUkw=\/420x236\/filters:format(jpg):quality(85)\/cloudfront-us-east-1.images.arcpublishing.com\/infobae\/KTCSIJD3INFSLDO5HQA6KHLXAE.jpg\" alt=\"\"\/><\/noscript><\/figure>\n\n\n\n<p>En el marco del Congreso provincial, este fin de semana tambi\u00e9n presentaron en sociedad al ex intendente de General Pueyrred\u00f3n entre 2007 y 2011,&nbsp;<strong>Gustavo Pulti<\/strong>, como uno de los nuevos refuerzos. El marplatense vuelve al ruedo pol\u00edtico luego de quedar relegado en la elecci\u00f3n 2019. Al cierre de candidaturas en los \u00faltimos comicios, Pulti no acord\u00f3 con el Frente de Todos que llev\u00f3 a Fernanda Raverta como candidata a intendenta. Termin\u00f3 yendo con una boleta corta con su espacio Acci\u00f3n Marplatense y sali\u00f3 tercero.&nbsp;<strong>En el sector de Buenos Aires Primero creen que la figura de Pulti podr\u00eda arrimar votos provenientes de Mar de Plata y pelear por una banca en la C\u00e1mara de Senadores.<\/strong>&nbsp;Al peso territorial de \u201cLa Feliz\u201d le suman lo que puede llegar a aportar Necochea con Arturo Rojas.<\/p>\n\n\n\n<p>Un caso similar perge\u00f1an para la Cuarta secci\u00f3n electoral que elige senadores provinciales y donde Kicillof precisa aumentar la representatividad.&nbsp;<strong>Guillermo Britos, reelecto intendente de Chivilcoy, balancea balancea entre Juntos por el Cambio y el Frente de Todos.<\/strong>&nbsp;Su hermano, Fabio, ocupa una banca en la C\u00e1mara de Diputados y el mandatario chivilcoyano que en la \u00faltima elecci\u00f3n fue con el espacio Consenso Federal de Roberto Lavagna ser\u00e1 el principal armador de Primero Buenos Aires en el oeste bonaerense.<\/p>\n\n\n\n<p>El intendente de Necochea es otro de los actores importantes del espacio. Defensor de la gestiones del gobierno bonaerense para conseguir la vacuna contra el coronavirus y uno de los primeros vacunados en su distrito, Rojas sostuvo en el congreso provincial que \u201cvale la pena hacer el esfuerzo y lograr la uni\u00f3n de los diferentes espacios pol\u00edticos para lograr una alternativa que sirva para representar a los vecinos\u201d.&nbsp;<strong>Rojas siempre trabaj\u00f3 bajo el ala del fallecido secretario general de Uatre, Ger\u00f3nimo \u201cMomo\u201d Venegas. De hecho lleg\u00f3 a la intendencia con el sello del partido FE, bajo la estructura de Juntos por el Cambio.<\/strong>&nbsp;Luego se alej\u00f3 del espacio opositor.<\/p>\n\n\n\n<p>El bloque vecinalista es mirado con algo de atenci\u00f3n en La Plata. Acaso sin propon\u00e9rselo Kicillof le dio entidad propia cuando en la administraci\u00f3n de la pandemia&nbsp;<strong>recibi\u00f3 -en algunas oportunidades- a todos los intendentes juntos que hoy integran Buenos Aires Primero.<\/strong><\/p>\n\n\n\n<p>Hubo m\u00e1s gui\u00f1os: la \u00faltima parada costera que hizo el mandatario provincial en el marco de la temporada estival hab\u00eda sido justamente en Necochea.&nbsp;<strong>Fue recibido con albricias por Rojas. Situaci\u00f3n que no ocurri\u00f3, por caso, con el distrito de Pinamar que gobierna el macrista Mart\u00edn Yeza.<\/strong>&nbsp;Aunque evalu\u00f3 hacer desde Pinamar alguna de las habituales conferencias de prensa que Kicillof encabezaba, esa instancia no ocurri\u00f3. Por su parte, cada vez que pueden, los intendentes vecinalistas muestran su distancia del oficialismo provincial.<\/p>\n","protected":false},"excerpt":{"rendered":"<p>El \u00faltimo fin de semana en Necochea se reunieron un grupo de intendentes del interior de la provincia de Buenos Aires que busca tomar distancia entre el Frente de Todos y Juntos por el Cambio.Adem\u00e1s del vecinalismo tresarroyense, en una nota publicada por Infobae se menciona la presencia de C\u00e9sar Bevilacqua de Villarino, Arturo Rojas [&hellip;]<\/p>\n","protected":false},"author":2,"featured_media":0,"comment_status":"open","ping_status":"open","sticky":false,"template":"","format":"standard","meta":{"tdm_status":"","tdm_grid_status":"","_jetpack_memberships_contains_paid_content":false,"footnotes":"","jetpack_publicize_message":"","jetpack_publicize_feature_enabled":true,"jetpack_social_post_already_shared":true,"jetpack_social_options":{"image_generator_settings":{"template":"highway","default_image_id":0,"font":"","enabled":false},"version":2}},"categories":[2],"tags":[],"class_list":{"0":"post-23181","1":"post","2":"type-post","3":"status-publish","4":"format-standard","6":"category-locales"},"yoast_head":"<!-- This site is optimized with the Yoast SEO plugin v22.7 - https:\/\/yoast.com\/wordpress\/plugins\/seo\/ -->\n<title>Nombran al intendente Carlos S\u00e1nchez como encolumnado en Buenos Aires Primero - 103.9 fm<\/title>\n<meta name=\"robots\" content=\"index, follow, max-snippet:-1, max-image-preview:large, max-video-preview:-1\" \/>\n<link rel=\"canonical\" href=\"https:\/\/ondauno.com.ar\/index.php\/2021\/03\/09\/nombran-al-intendente-carlos-sanchez-como-encolumnado-en-buenos-aires-primero\/\" \/>\n<meta property=\"og:locale\" content=\"es_ES\" \/>\n<meta property=\"og:type\" content=\"article\" \/>\n<meta property=\"og:title\" content=\"Nombran al intendente Carlos S\u00e1nchez como encolumnado en Buenos Aires Primero - 103.9 fm\" \/>\n<meta property=\"og:description\" content=\"El \u00faltimo fin de semana en Necochea se reunieron un grupo de intendentes del interior de la provincia de Buenos Aires que busca tomar distancia entre el Frente de Todos y Juntos por el Cambio.Adem\u00e1s del vecinalismo tresarroyense, en una nota publicada por Infobae se menciona la presencia de C\u00e9sar Bevilacqua de Villarino, Arturo Rojas [&hellip;]\" \/>\n<meta property=\"og:url\" content=\"https:\/\/ondauno.com.ar\/index.php\/2021\/03\/09\/nombran-al-intendente-carlos-sanchez-como-encolumnado-en-buenos-aires-primero\/\" \/>\n<meta property=\"og:site_name\" content=\"103.9 fm\" \/>\n<meta property=\"article:publisher\" content=\"https:\/\/www.facebook.com\/ondauno103.9\" \/>\n<meta property=\"article:published_time\" content=\"2021-03-09T21:58:53+00:00\" \/>\n<meta property=\"article:modified_time\" content=\"2021-03-09T22:19:37+00:00\" \/>\n<meta property=\"og:image\" content=\"https:\/\/ondauno.com.ar\/wp-content\/uploads\/2021\/03\/157371599_199101865336371_3053001399859715803_o.jpg\" \/>\n\t<meta property=\"og:image:width\" content=\"2000\" \/>\n\t<meta property=\"og:image:height\" content=\"1333\" \/>\n\t<meta property=\"og:image:type\" content=\"image\/jpeg\" \/>\n<meta name=\"author\" content=\"fernando garcia\" \/>\n<meta name=\"twitter:card\" content=\"summary_large_image\" \/>\n<meta name=\"twitter:label1\" content=\"Escrito por\" \/>\n\t<meta name=\"twitter:data1\" content=\"fernando garcia\" \/>\n\t<meta name=\"twitter:label2\" content=\"Tiempo de lectura\" \/>\n\t<meta name=\"twitter:data2\" content=\"5 minutos\" \/>\n<script type=\"application\/ld+json\" class=\"yoast-schema-graph\">{\"@context\":\"https:\/\/schema.org\",\"@graph\":[{\"@type\":\"WebPage\",\"@id\":\"https:\/\/ondauno.com.ar\/index.php\/2021\/03\/09\/nombran-al-intendente-carlos-sanchez-como-encolumnado-en-buenos-aires-primero\/\",\"url\":\"https:\/\/ondauno.com.ar\/index.php\/2021\/03\/09\/nombran-al-intendente-carlos-sanchez-como-encolumnado-en-buenos-aires-primero\/\",\"name\":\"Nombran al intendente Carlos S\u00e1nchez como encolumnado en Buenos Aires Primero - 103.9 fm\",\"isPartOf\":{\"@id\":\"https:\/\/ondauno.com.ar\/#website\"},\"primaryImageOfPage\":{\"@id\":\"https:\/\/ondauno.com.ar\/index.php\/2021\/03\/09\/nombran-al-intendente-carlos-sanchez-como-encolumnado-en-buenos-aires-primero\/#primaryimage\"},\"image\":{\"@id\":\"https:\/\/ondauno.com.ar\/index.php\/2021\/03\/09\/nombran-al-intendente-carlos-sanchez-como-encolumnado-en-buenos-aires-primero\/#primaryimage\"},\"thumbnailUrl\":\"http:\/\/ondauno.com.ar\/wp-content\/uploads\/2021\/03\/3IJFUBAMOBGAVMWV6EDUBTDGS4-1024x576.jpg\",\"datePublished\":\"2021-03-09T21:58:53+00:00\",\"dateModified\":\"2021-03-09T22:19:37+00:00\",\"author\":{\"@id\":\"https:\/\/ondauno.com.ar\/#\/schema\/person\/201d1b68e6c75e0fd396fe5f8af5d139\"},\"breadcrumb\":{\"@id\":\"https:\/\/ondauno.com.ar\/index.php\/2021\/03\/09\/nombran-al-intendente-carlos-sanchez-como-encolumnado-en-buenos-aires-primero\/#breadcrumb\"},\"inLanguage\":\"es-AR\",\"potentialAction\":[{\"@type\":\"ReadAction\",\"target\":[\"https:\/\/ondauno.com.ar\/index.php\/2021\/03\/09\/nombran-al-intendente-carlos-sanchez-como-encolumnado-en-buenos-aires-primero\/\"]}]},{\"@type\":\"ImageObject\",\"inLanguage\":\"es-AR\",\"@id\":\"https:\/\/ondauno.com.ar\/index.php\/2021\/03\/09\/nombran-al-intendente-carlos-sanchez-como-encolumnado-en-buenos-aires-primero\/#primaryimage\",\"url\":\"\",\"contentUrl\":\"\"},{\"@type\":\"BreadcrumbList\",\"@id\":\"https:\/\/ondauno.com.ar\/index.php\/2021\/03\/09\/nombran-al-intendente-carlos-sanchez-como-encolumnado-en-buenos-aires-primero\/#breadcrumb\",\"itemListElement\":[{\"@type\":\"ListItem\",\"position\":1,\"name\":\"Inicio\",\"item\":\"https:\/\/ondauno.com.ar\/\"},{\"@type\":\"ListItem\",\"position\":2,\"name\":\"Nombran al intendente Carlos S\u00e1nchez como encolumnado en Buenos Aires Primero\"}]},{\"@type\":\"WebSite\",\"@id\":\"https:\/\/ondauno.com.ar\/#website\",\"url\":\"https:\/\/ondauno.com.ar\/\",\"name\":\"103.9 fm\",\"description\":\"LA PRIMERA RADIO MULTIMEDIA DE TRES ARROYOS\",\"potentialAction\":[{\"@type\":\"SearchAction\",\"target\":{\"@type\":\"EntryPoint\",\"urlTemplate\":\"https:\/\/ondauno.com.ar\/?s={search_term_string}\"},\"query-input\":\"required name=search_term_string\"}],\"inLanguage\":\"es-AR\"},{\"@type\":\"Person\",\"@id\":\"https:\/\/ondauno.com.ar\/#\/schema\/person\/201d1b68e6c75e0fd396fe5f8af5d139\",\"name\":\"fernando garcia\",\"image\":{\"@type\":\"ImageObject\",\"inLanguage\":\"es-AR\",\"@id\":\"https:\/\/ondauno.com.ar\/#\/schema\/person\/image\/\",\"url\":\"https:\/\/secure.gravatar.com\/avatar\/5f7254642ad81272e79a2e69653cfdfc?s=96&d=mm&r=g\",\"contentUrl\":\"https:\/\/secure.gravatar.com\/avatar\/5f7254642ad81272e79a2e69653cfdfc?s=96&d=mm&r=g\",\"caption\":\"fernando garcia\"},\"url\":\"https:\/\/ondauno.com.ar\/index.php\/author\/ondaunoeditor\/\"}]}<\/script>\n<!-- \/ Yoast SEO plugin. -->","yoast_head_json":{"title":"Nombran al intendente Carlos S\u00e1nchez como encolumnado en Buenos Aires Primero - 103.9 fm","robots":{"index":"index","follow":"follow","max-snippet":"max-snippet:-1","max-image-preview":"max-image-preview:large","max-video-preview":"max-video-preview:-1"},"canonical":"https:\/\/ondauno.com.ar\/index.php\/2021\/03\/09\/nombran-al-intendente-carlos-sanchez-como-encolumnado-en-buenos-aires-primero\/","og_locale":"es_ES","og_type":"article","og_title":"Nombran al intendente Carlos S\u00e1nchez como encolumnado en Buenos Aires Primero - 103.9 fm","og_description":"El \u00faltimo fin de semana en Necochea se reunieron un grupo de intendentes del interior de la provincia de Buenos Aires que busca tomar distancia entre el Frente de Todos y Juntos por el Cambio.Adem\u00e1s del vecinalismo tresarroyense, en una nota publicada por Infobae se menciona la presencia de C\u00e9sar Bevilacqua de Villarino, Arturo Rojas [&hellip;]","og_url":"https:\/\/ondauno.com.ar\/index.php\/2021\/03\/09\/nombran-al-intendente-carlos-sanchez-como-encolumnado-en-buenos-aires-primero\/","og_site_name":"103.9 fm","article_publisher":"https:\/\/www.facebook.com\/ondauno103.9","article_published_time":"2021-03-09T21:58:53+00:00","article_modified_time":"2021-03-09T22:19:37+00:00","og_image":[{"width":2000,"height":1333,"url":"https:\/\/ondauno.com.ar\/wp-content\/uploads\/2021\/03\/157371599_199101865336371_3053001399859715803_o.jpg","type":"image\/jpeg"}],"author":"fernando garcia","twitter_card":"summary_large_image","twitter_misc":{"Escrito por":"fernando garcia","Tiempo de lectura":"5 minutos"},"schema":{"@context":"https:\/\/schema.org","@graph":[{"@type":"WebPage","@id":"https:\/\/ondauno.com.ar\/index.php\/2021\/03\/09\/nombran-al-intendente-carlos-sanchez-como-encolumnado-en-buenos-aires-primero\/","url":"https:\/\/ondauno.com.ar\/index.php\/2021\/03\/09\/nombran-al-intendente-carlos-sanchez-como-encolumnado-en-buenos-aires-primero\/","name":"Nombran al intendente Carlos S\u00e1nchez como encolumnado en Buenos Aires Primero - 103.9 fm","isPartOf":{"@id":"https:\/\/ondauno.com.ar\/#website"},"primaryImageOfPage":{"@id":"https:\/\/ondauno.com.ar\/index.php\/2021\/03\/09\/nombran-al-intendente-carlos-sanchez-como-encolumnado-en-buenos-aires-primero\/#primaryimage"},"image":{"@id":"https:\/\/ondauno.com.ar\/index.php\/2021\/03\/09\/nombran-al-intendente-carlos-sanchez-como-encolumnado-en-buenos-aires-primero\/#primaryimage"},"thumbnailUrl":"http:\/\/ondauno.com.ar\/wp-content\/uploads\/2021\/03\/3IJFUBAMOBGAVMWV6EDUBTDGS4-1024x576.jpg","datePublished":"2021-03-09T21:58:53+00:00","dateModified":"2021-03-09T22:19:37+00:00","author":{"@id":"https:\/\/ondauno.com.ar\/#\/schema\/person\/201d1b68e6c75e0fd396fe5f8af5d139"},"breadcrumb":{"@id":"https:\/\/ondauno.com.ar\/index.php\/2021\/03\/09\/nombran-al-intendente-carlos-sanchez-como-encolumnado-en-buenos-aires-primero\/#breadcrumb"},"inLanguage":"es-AR","potentialAction":[{"@type":"ReadAction","target":["https:\/\/ondauno.com.ar\/index.php\/2021\/03\/09\/nombran-al-intendente-carlos-sanchez-como-encolumnado-en-buenos-aires-primero\/"]}]},{"@type":"ImageObject","inLanguage":"es-AR","@id":"https:\/\/ondauno.com.ar\/index.php\/2021\/03\/09\/nombran-al-intendente-carlos-sanchez-como-encolumnado-en-buenos-aires-primero\/#primaryimage","url":"","contentUrl":""},{"@type":"BreadcrumbList","@id":"https:\/\/ondauno.com.ar\/index.php\/2021\/03\/09\/nombran-al-intendente-carlos-sanchez-como-encolumnado-en-buenos-aires-primero\/#breadcrumb","itemListElement":[{"@type":"ListItem","position":1,"name":"Inicio","item":"https:\/\/ondauno.com.ar\/"},{"@type":"ListItem","position":2,"name":"Nombran al intendente Carlos S\u00e1nchez como encolumnado en Buenos Aires Primero"}]},{"@type":"WebSite","@id":"https:\/\/ondauno.com.ar\/#website","url":"https:\/\/ondauno.com.ar\/","name":"103.9 fm","description":"LA PRIMERA RADIO MULTIMEDIA DE TRES ARROYOS","potentialAction":[{"@type":"SearchAction","target":{"@type":"EntryPoint","urlTemplate":"https:\/\/ondauno.com.ar\/?s={search_term_string}"},"query-input":"required name=search_term_string"}],"inLanguage":"es-AR"},{"@type":"Person","@id":"https:\/\/ondauno.com.ar\/#\/schema\/person\/201d1b68e6c75e0fd396fe5f8af5d139","name":"fernando garcia","image":{"@type":"ImageObject","inLanguage":"es-AR","@id":"https:\/\/ondauno.com.ar\/#\/schema\/person\/image\/","url":"https:\/\/secure.gravatar.com\/avatar\/5f7254642ad81272e79a2e69653cfdfc?s=96&d=mm&r=g","contentUrl":"https:\/\/secure.gravatar.com\/avatar\/5f7254642ad81272e79a2e69653cfdfc?s=96&d=mm&r=g","caption":"fernando garcia"},"url":"https:\/\/ondauno.com.ar\/index.php\/author\/ondaunoeditor\/"}]}},"jetpack_publicize_connections":[],"jetpack_featured_media_url":"","jetpack_sharing_enabled":true,"_links":{"self":[{"href":"https:\/\/ondauno.com.ar\/index.php\/wp-json\/wp\/v2\/posts\/23181","targetHints":{"allow":["GET"]}}],"collection":[{"href":"https:\/\/ondauno.com.ar\/index.php\/wp-json\/wp\/v2\/posts"}],"about":[{"href":"https:\/\/ondauno.com.ar\/index.php\/wp-json\/wp\/v2\/types\/post"}],"author":[{"embeddable":true,"href":"https:\/\/ondauno.com.ar\/index.php\/wp-json\/wp\/v2\/users\/2"}],"replies":[{"embeddable":true,"href":"https:\/\/ondauno.com.ar\/index.php\/wp-json\/wp\/v2\/comments?post=23181"}],"version-history":[{"count":0,"href":"https:\/\/ondauno.com.ar\/index.php\/wp-json\/wp\/v2\/posts\/23181\/revisions"}],"wp:attachment":[{"href":"https:\/\/ondauno.com.ar\/index.php\/wp-json\/wp\/v2\/media?parent=23181"}],"wp:term":[{"taxonomy":"category","embeddable":true,"href":"https:\/\/ondauno.com.ar\/index.php\/wp-json\/wp\/v2\/categories?post=23181"},{"taxonomy":"post_tag","embeddable":true,"href":"https:\/\/ondauno.com.ar\/index.php\/wp-json\/wp\/v2\/tags?post=23181"}],"curies":[{"name":"wp","href":"https:\/\/api.w.org\/{rel}","templated":true}]}}