{"id":2302,"date":"2019-11-26T14:01:58","date_gmt":"2019-11-26T17:01:58","guid":{"rendered":"http:\/\/ondauno.com.ar\/?p=2302"},"modified":"2019-11-26T18:19:27","modified_gmt":"2019-11-26T21:19:27","slug":"reunion-en-la-escuela-5-con-el-bloque-frente-de-todos","status":"publish","type":"post","link":"https:\/\/ondauno.com.ar\/index.php\/2019\/11\/26\/reunion-en-la-escuela-5-con-el-bloque-frente-de-todos\/","title":{"rendered":"La comunidad educativa de la EP 5 y el bloque de Todos piden usar el Fondo Educativo para acelerar la reconstrucci\u00f3n"},"content":{"rendered":"<div class=\"ondau-before-content_3\" style=\"margin-top: -30px;\" id=\"ondau-2012935884\"><a href=\"https:\/\/www.lps.com.ar\/\" aria-label=\"la-perse2\"><img loading=\"lazy\" decoding=\"async\" src=\"https:\/\/ondauno.com.ar\/wp-content\/uploads\/2021\/10\/la-perse2.jpg\" alt=\"\"  srcset=\"https:\/\/ondauno.com.ar\/wp-content\/uploads\/2021\/10\/la-perse2.jpg 1353w, https:\/\/ondauno.com.ar\/wp-content\/uploads\/2021\/10\/la-perse2-300x43.jpg 300w, https:\/\/ondauno.com.ar\/wp-content\/uploads\/2021\/10\/la-perse2-1024x148.jpg 1024w, https:\/\/ondauno.com.ar\/wp-content\/uploads\/2021\/10\/la-perse2-768x111.jpg 768w, https:\/\/ondauno.com.ar\/wp-content\/uploads\/2021\/10\/la-perse2-696x100.jpg 696w, https:\/\/ondauno.com.ar\/wp-content\/uploads\/2021\/10\/la-perse2-1068x154.jpg 1068w\" sizes=\"(max-width: 1353px) 100vw, 1353px\" class=\"no-lazyload\" width=\"1353\" height=\"195\"  style=\"display: inline-block;\" \/><\/a><\/div>\n<figure class=\"wp-block-video\"><video controls src=\"http:\/\/ondauno.com.ar\/wp-content\/uploads\/2019\/11\/VID-20191126-WA0053.mp4\"><\/video><\/figure>\n\n\n\n<figure class=\"wp-block-video\"><video controls src=\"http:\/\/ondauno.com.ar\/wp-content\/uploads\/2019\/11\/VID-20191126-WA0047.mp4\"><\/video><\/figure>\n\n\n\n<p>Padres de alumnos de la Escuela 5 siniestrada y vandalizada semanas atr\u00e1s, se reunieron con concejales del bloque de Todos.<\/p>\n\n\n\n<figure class=\"wp-block-image\"><img decoding=\"async\" data-src=\"http:\/\/ondauno.com.ar\/wp-content\/uploads\/2019\/11\/img-20191126-wa00412969566262929843239.jpg\" alt=\"\" class=\"wp-image-2315 lazyload\" src=\"data:image\/gif;base64,R0lGODlhAQABAAAAACH5BAEKAAEALAAAAAABAAEAAAICTAEAOw==\" \/><noscript><img decoding=\"async\" src=\"http:\/\/ondauno.com.ar\/wp-content\/uploads\/2019\/11\/img-20191126-wa00412969566262929843239.jpg\" alt=\"\" class=\"wp-image-2315\"\/><\/noscript><\/figure>\n\n\n\n<p>Piden que la escuela est\u00e9 refuncionalizada para el inicio del ciclo lectivo 2020.<\/p>\n\n\n\n<figure class=\"wp-block-image\"><img decoding=\"async\" data-src=\"http:\/\/ondauno.com.ar\/wp-content\/uploads\/2019\/11\/img-20191126-wa00434530000034905217616.jpg\" alt=\"\" class=\"wp-image-2314 lazyload\" src=\"data:image\/gif;base64,R0lGODlhAQABAAAAACH5BAEKAAEALAAAAAABAAEAAAICTAEAOw==\" \/><noscript><img decoding=\"async\" src=\"http:\/\/ondauno.com.ar\/wp-content\/uploads\/2019\/11\/img-20191126-wa00434530000034905217616.jpg\" alt=\"\" class=\"wp-image-2314\"\/><\/noscript><\/figure>\n\n\n\n<p>La comunidad educativa le pedir\u00e1 al intendente el uso del Fondo Educativo para optimizar el tiempo. <\/p>\n\n\n\n<figure class=\"wp-block-image\"><img decoding=\"async\" data-src=\"http:\/\/ondauno.com.ar\/wp-content\/uploads\/2019\/11\/img-20191126-wa0044-11773511671010186104.jpg\" alt=\"\" class=\"wp-image-2311 lazyload\" src=\"data:image\/gif;base64,R0lGODlhAQABAAAAACH5BAEKAAEALAAAAAABAAEAAAICTAEAOw==\" \/><noscript><img decoding=\"async\" src=\"http:\/\/ondauno.com.ar\/wp-content\/uploads\/2019\/11\/img-20191126-wa0044-11773511671010186104.jpg\" alt=\"\" class=\"wp-image-2311\"\/><\/noscript><\/figure>\n\n\n\n<p>No descartan hacer una marcha.<\/p>\n\n\n\n<figure class=\"wp-block-image\"><img decoding=\"async\" data-src=\"http:\/\/ondauno.com.ar\/wp-content\/uploads\/2019\/11\/img-20191126-wa00378836929175691159079.jpg\" alt=\"\" class=\"wp-image-2322 lazyload\" src=\"data:image\/gif;base64,R0lGODlhAQABAAAAACH5BAEKAAEALAAAAAABAAEAAAICTAEAOw==\" \/><noscript><img decoding=\"async\" src=\"http:\/\/ondauno.com.ar\/wp-content\/uploads\/2019\/11\/img-20191126-wa00378836929175691159079.jpg\" alt=\"\" class=\"wp-image-2322\"\/><\/noscript><\/figure>\n","protected":false},"excerpt":{"rendered":"<p>Padres de alumnos de la Escuela 5 siniestrada y vandalizada semanas atr\u00e1s, se reunieron con concejales del bloque de Todos. Piden que la escuela est\u00e9 refuncionalizada para el inicio del ciclo lectivo 2020. La comunidad educativa le pedir\u00e1 al intendente el uso del Fondo Educativo para optimizar el tiempo. No descartan hacer una marcha.<\/p>\n","protected":false},"author":2,"featured_media":45248,"comment_status":"open","ping_status":"open","sticky":false,"template":"","format":"standard","meta":{"tdm_status":"","tdm_grid_status":"","_jetpack_memberships_contains_paid_content":false,"footnotes":"","jetpack_publicize_message":"","jetpack_publicize_feature_enabled":true,"jetpack_social_post_already_shared":false,"jetpack_social_options":{"image_generator_settings":{"template":"highway","default_image_id":0,"font":"","enabled":false},"version":2}},"categories":[2,32],"tags":[],"class_list":{"0":"post-2302","1":"post","2":"type-post","3":"status-publish","4":"format-standard","5":"has-post-thumbnail","7":"category-locales","8":"category-ultimo-momento"},"yoast_head":"<!-- This site is optimized with the Yoast SEO plugin v22.7 - https:\/\/yoast.com\/wordpress\/plugins\/seo\/ -->\n<title>La comunidad educativa de la EP 5 y el bloque de Todos piden usar el Fondo Educativo para acelerar la reconstrucci\u00f3n - 103.9 fm<\/title>\n<meta name=\"robots\" content=\"index, follow, max-snippet:-1, max-image-preview:large, max-video-preview:-1\" \/>\n<link rel=\"canonical\" href=\"https:\/\/ondauno.com.ar\/index.php\/2019\/11\/26\/reunion-en-la-escuela-5-con-el-bloque-frente-de-todos\/\" \/>\n<meta property=\"og:locale\" content=\"es_ES\" \/>\n<meta property=\"og:type\" content=\"article\" \/>\n<meta property=\"og:title\" content=\"La comunidad educativa de la EP 5 y el bloque de Todos piden usar el Fondo Educativo para acelerar la reconstrucci\u00f3n - 103.9 fm\" \/>\n<meta property=\"og:description\" content=\"Padres de alumnos de la Escuela 5 siniestrada y vandalizada semanas atr\u00e1s, se reunieron con concejales del bloque de Todos. Piden que la escuela est\u00e9 refuncionalizada para el inicio del ciclo lectivo 2020. La comunidad educativa le pedir\u00e1 al intendente el uso del Fondo Educativo para optimizar el tiempo. No descartan hacer una marcha.\" \/>\n<meta property=\"og:url\" content=\"https:\/\/ondauno.com.ar\/index.php\/2019\/11\/26\/reunion-en-la-escuela-5-con-el-bloque-frente-de-todos\/\" \/>\n<meta property=\"og:site_name\" content=\"103.9 fm\" \/>\n<meta property=\"article:publisher\" content=\"https:\/\/www.facebook.com\/ondauno103.9\" \/>\n<meta property=\"article:published_time\" content=\"2019-11-26T17:01:58+00:00\" \/>\n<meta property=\"article:modified_time\" content=\"2019-11-26T21:19:27+00:00\" \/>\n<meta property=\"og:image\" content=\"https:\/\/ondauno.com.ar\/wp-content\/uploads\/2024\/03\/logo-jpg.jpg\" \/>\n\t<meta property=\"og:image:width\" content=\"336\" \/>\n\t<meta property=\"og:image:height\" content=\"292\" \/>\n\t<meta property=\"og:image:type\" content=\"image\/jpeg\" \/>\n<meta name=\"author\" content=\"fernando garcia\" \/>\n<meta name=\"twitter:card\" content=\"summary_large_image\" \/>\n<meta name=\"twitter:label1\" content=\"Escrito por\" \/>\n\t<meta name=\"twitter:data1\" content=\"fernando garcia\" \/>\n<script type=\"application\/ld+json\" class=\"yoast-schema-graph\">{\"@context\":\"https:\/\/schema.org\",\"@graph\":[{\"@type\":\"WebPage\",\"@id\":\"https:\/\/ondauno.com.ar\/index.php\/2019\/11\/26\/reunion-en-la-escuela-5-con-el-bloque-frente-de-todos\/\",\"url\":\"https:\/\/ondauno.com.ar\/index.php\/2019\/11\/26\/reunion-en-la-escuela-5-con-el-bloque-frente-de-todos\/\",\"name\":\"La comunidad educativa de la EP 5 y el bloque de Todos piden usar el Fondo Educativo para acelerar la reconstrucci\u00f3n - 103.9 fm\",\"isPartOf\":{\"@id\":\"https:\/\/ondauno.com.ar\/#website\"},\"primaryImageOfPage\":{\"@id\":\"https:\/\/ondauno.com.ar\/index.php\/2019\/11\/26\/reunion-en-la-escuela-5-con-el-bloque-frente-de-todos\/#primaryimage\"},\"image\":{\"@id\":\"https:\/\/ondauno.com.ar\/index.php\/2019\/11\/26\/reunion-en-la-escuela-5-con-el-bloque-frente-de-todos\/#primaryimage\"},\"thumbnailUrl\":\"https:\/\/ondauno.com.ar\/wp-content\/uploads\/2024\/03\/logo-jpg.jpg\",\"datePublished\":\"2019-11-26T17:01:58+00:00\",\"dateModified\":\"2019-11-26T21:19:27+00:00\",\"author\":{\"@id\":\"https:\/\/ondauno.com.ar\/#\/schema\/person\/201d1b68e6c75e0fd396fe5f8af5d139\"},\"breadcrumb\":{\"@id\":\"https:\/\/ondauno.com.ar\/index.php\/2019\/11\/26\/reunion-en-la-escuela-5-con-el-bloque-frente-de-todos\/#breadcrumb\"},\"inLanguage\":\"es-AR\",\"potentialAction\":[{\"@type\":\"ReadAction\",\"target\":[\"https:\/\/ondauno.com.ar\/index.php\/2019\/11\/26\/reunion-en-la-escuela-5-con-el-bloque-frente-de-todos\/\"]}]},{\"@type\":\"ImageObject\",\"inLanguage\":\"es-AR\",\"@id\":\"https:\/\/ondauno.com.ar\/index.php\/2019\/11\/26\/reunion-en-la-escuela-5-con-el-bloque-frente-de-todos\/#primaryimage\",\"url\":\"https:\/\/ondauno.com.ar\/wp-content\/uploads\/2024\/03\/logo-jpg.jpg\",\"contentUrl\":\"https:\/\/ondauno.com.ar\/wp-content\/uploads\/2024\/03\/logo-jpg.jpg\",\"width\":336,\"height\":292},{\"@type\":\"BreadcrumbList\",\"@id\":\"https:\/\/ondauno.com.ar\/index.php\/2019\/11\/26\/reunion-en-la-escuela-5-con-el-bloque-frente-de-todos\/#breadcrumb\",\"itemListElement\":[{\"@type\":\"ListItem\",\"position\":1,\"name\":\"Inicio\",\"item\":\"https:\/\/ondauno.com.ar\/\"},{\"@type\":\"ListItem\",\"position\":2,\"name\":\"La comunidad educativa de la EP 5 y el bloque de Todos piden usar el Fondo Educativo para acelerar la reconstrucci\u00f3n\"}]},{\"@type\":\"WebSite\",\"@id\":\"https:\/\/ondauno.com.ar\/#website\",\"url\":\"https:\/\/ondauno.com.ar\/\",\"name\":\"103.9 fm\",\"description\":\"LA PRIMERA RADIO MULTIMEDIA DE TRES ARROYOS\",\"potentialAction\":[{\"@type\":\"SearchAction\",\"target\":{\"@type\":\"EntryPoint\",\"urlTemplate\":\"https:\/\/ondauno.com.ar\/?s={search_term_string}\"},\"query-input\":\"required name=search_term_string\"}],\"inLanguage\":\"es-AR\"},{\"@type\":\"Person\",\"@id\":\"https:\/\/ondauno.com.ar\/#\/schema\/person\/201d1b68e6c75e0fd396fe5f8af5d139\",\"name\":\"fernando garcia\",\"image\":{\"@type\":\"ImageObject\",\"inLanguage\":\"es-AR\",\"@id\":\"https:\/\/ondauno.com.ar\/#\/schema\/person\/image\/\",\"url\":\"https:\/\/secure.gravatar.com\/avatar\/5f7254642ad81272e79a2e69653cfdfc?s=96&d=mm&r=g\",\"contentUrl\":\"https:\/\/secure.gravatar.com\/avatar\/5f7254642ad81272e79a2e69653cfdfc?s=96&d=mm&r=g\",\"caption\":\"fernando garcia\"},\"url\":\"https:\/\/ondauno.com.ar\/index.php\/author\/ondaunoeditor\/\"}]}<\/script>\n<!-- \/ Yoast SEO plugin. -->","yoast_head_json":{"title":"La comunidad educativa de la EP 5 y el bloque de Todos piden usar el Fondo Educativo para acelerar la reconstrucci\u00f3n - 103.9 fm","robots":{"index":"index","follow":"follow","max-snippet":"max-snippet:-1","max-image-preview":"max-image-preview:large","max-video-preview":"max-video-preview:-1"},"canonical":"https:\/\/ondauno.com.ar\/index.php\/2019\/11\/26\/reunion-en-la-escuela-5-con-el-bloque-frente-de-todos\/","og_locale":"es_ES","og_type":"article","og_title":"La comunidad educativa de la EP 5 y el bloque de Todos piden usar el Fondo Educativo para acelerar la reconstrucci\u00f3n - 103.9 fm","og_description":"Padres de alumnos de la Escuela 5 siniestrada y vandalizada semanas atr\u00e1s, se reunieron con concejales del bloque de Todos. Piden que la escuela est\u00e9 refuncionalizada para el inicio del ciclo lectivo 2020. La comunidad educativa le pedir\u00e1 al intendente el uso del Fondo Educativo para optimizar el tiempo. No descartan hacer una marcha.","og_url":"https:\/\/ondauno.com.ar\/index.php\/2019\/11\/26\/reunion-en-la-escuela-5-con-el-bloque-frente-de-todos\/","og_site_name":"103.9 fm","article_publisher":"https:\/\/www.facebook.com\/ondauno103.9","article_published_time":"2019-11-26T17:01:58+00:00","article_modified_time":"2019-11-26T21:19:27+00:00","og_image":[{"width":336,"height":292,"url":"https:\/\/ondauno.com.ar\/wp-content\/uploads\/2024\/03\/logo-jpg.jpg","type":"image\/jpeg"}],"author":"fernando garcia","twitter_card":"summary_large_image","twitter_misc":{"Escrito por":"fernando garcia"},"schema":{"@context":"https:\/\/schema.org","@graph":[{"@type":"WebPage","@id":"https:\/\/ondauno.com.ar\/index.php\/2019\/11\/26\/reunion-en-la-escuela-5-con-el-bloque-frente-de-todos\/","url":"https:\/\/ondauno.com.ar\/index.php\/2019\/11\/26\/reunion-en-la-escuela-5-con-el-bloque-frente-de-todos\/","name":"La comunidad educativa de la EP 5 y el bloque de Todos piden usar el Fondo Educativo para acelerar la reconstrucci\u00f3n - 103.9 fm","isPartOf":{"@id":"https:\/\/ondauno.com.ar\/#website"},"primaryImageOfPage":{"@id":"https:\/\/ondauno.com.ar\/index.php\/2019\/11\/26\/reunion-en-la-escuela-5-con-el-bloque-frente-de-todos\/#primaryimage"},"image":{"@id":"https:\/\/ondauno.com.ar\/index.php\/2019\/11\/26\/reunion-en-la-escuela-5-con-el-bloque-frente-de-todos\/#primaryimage"},"thumbnailUrl":"https:\/\/ondauno.com.ar\/wp-content\/uploads\/2024\/03\/logo-jpg.jpg","datePublished":"2019-11-26T17:01:58+00:00","dateModified":"2019-11-26T21:19:27+00:00","author":{"@id":"https:\/\/ondauno.com.ar\/#\/schema\/person\/201d1b68e6c75e0fd396fe5f8af5d139"},"breadcrumb":{"@id":"https:\/\/ondauno.com.ar\/index.php\/2019\/11\/26\/reunion-en-la-escuela-5-con-el-bloque-frente-de-todos\/#breadcrumb"},"inLanguage":"es-AR","potentialAction":[{"@type":"ReadAction","target":["https:\/\/ondauno.com.ar\/index.php\/2019\/11\/26\/reunion-en-la-escuela-5-con-el-bloque-frente-de-todos\/"]}]},{"@type":"ImageObject","inLanguage":"es-AR","@id":"https:\/\/ondauno.com.ar\/index.php\/2019\/11\/26\/reunion-en-la-escuela-5-con-el-bloque-frente-de-todos\/#primaryimage","url":"https:\/\/ondauno.com.ar\/wp-content\/uploads\/2024\/03\/logo-jpg.jpg","contentUrl":"https:\/\/ondauno.com.ar\/wp-content\/uploads\/2024\/03\/logo-jpg.jpg","width":336,"height":292},{"@type":"BreadcrumbList","@id":"https:\/\/ondauno.com.ar\/index.php\/2019\/11\/26\/reunion-en-la-escuela-5-con-el-bloque-frente-de-todos\/#breadcrumb","itemListElement":[{"@type":"ListItem","position":1,"name":"Inicio","item":"https:\/\/ondauno.com.ar\/"},{"@type":"ListItem","position":2,"name":"La comunidad educativa de la EP 5 y el bloque de Todos piden usar el Fondo Educativo para acelerar la reconstrucci\u00f3n"}]},{"@type":"WebSite","@id":"https:\/\/ondauno.com.ar\/#website","url":"https:\/\/ondauno.com.ar\/","name":"103.9 fm","description":"LA PRIMERA RADIO MULTIMEDIA DE TRES ARROYOS","potentialAction":[{"@type":"SearchAction","target":{"@type":"EntryPoint","urlTemplate":"https:\/\/ondauno.com.ar\/?s={search_term_string}"},"query-input":"required name=search_term_string"}],"inLanguage":"es-AR"},{"@type":"Person","@id":"https:\/\/ondauno.com.ar\/#\/schema\/person\/201d1b68e6c75e0fd396fe5f8af5d139","name":"fernando garcia","image":{"@type":"ImageObject","inLanguage":"es-AR","@id":"https:\/\/ondauno.com.ar\/#\/schema\/person\/image\/","url":"https:\/\/secure.gravatar.com\/avatar\/5f7254642ad81272e79a2e69653cfdfc?s=96&d=mm&r=g","contentUrl":"https:\/\/secure.gravatar.com\/avatar\/5f7254642ad81272e79a2e69653cfdfc?s=96&d=mm&r=g","caption":"fernando garcia"},"url":"https:\/\/ondauno.com.ar\/index.php\/author\/ondaunoeditor\/"}]}},"jetpack_publicize_connections":[],"jetpack_featured_media_url":"https:\/\/ondauno.com.ar\/wp-content\/uploads\/2024\/03\/logo-jpg.jpg","jetpack_sharing_enabled":true,"_links":{"self":[{"href":"https:\/\/ondauno.com.ar\/index.php\/wp-json\/wp\/v2\/posts\/2302","targetHints":{"allow":["GET"]}}],"collection":[{"href":"https:\/\/ondauno.com.ar\/index.php\/wp-json\/wp\/v2\/posts"}],"about":[{"href":"https:\/\/ondauno.com.ar\/index.php\/wp-json\/wp\/v2\/types\/post"}],"author":[{"embeddable":true,"href":"https:\/\/ondauno.com.ar\/index.php\/wp-json\/wp\/v2\/users\/2"}],"replies":[{"embeddable":true,"href":"https:\/\/ondauno.com.ar\/index.php\/wp-json\/wp\/v2\/comments?post=2302"}],"version-history":[{"count":0,"href":"https:\/\/ondauno.com.ar\/index.php\/wp-json\/wp\/v2\/posts\/2302\/revisions"}],"wp:featuredmedia":[{"embeddable":true,"href":"https:\/\/ondauno.com.ar\/index.php\/wp-json\/wp\/v2\/media\/45248"}],"wp:attachment":[{"href":"https:\/\/ondauno.com.ar\/index.php\/wp-json\/wp\/v2\/media?parent=2302"}],"wp:term":[{"taxonomy":"category","embeddable":true,"href":"https:\/\/ondauno.com.ar\/index.php\/wp-json\/wp\/v2\/categories?post=2302"},{"taxonomy":"post_tag","embeddable":true,"href":"https:\/\/ondauno.com.ar\/index.php\/wp-json\/wp\/v2\/tags?post=2302"}],"curies":[{"name":"wp","href":"https:\/\/api.w.org\/{rel}","templated":true}]}}