{"id":22900,"date":"2021-02-26T11:43:14","date_gmt":"2021-02-26T14:43:14","guid":{"rendered":"http:\/\/ondauno.com.ar\/?p=22900"},"modified":"2021-02-26T11:43:52","modified_gmt":"2021-02-26T14:43:52","slug":"asuntos-internos-le-quito-el-arma-reglamentaria-y-licencio-al-policia-acusado-de-violencia-de-genero","status":"publish","type":"post","link":"https:\/\/ondauno.com.ar\/index.php\/2021\/02\/26\/asuntos-internos-le-quito-el-arma-reglamentaria-y-licencio-al-policia-acusado-de-violencia-de-genero\/","title":{"rendered":"Asuntos Internos le quit\u00f3 el arma reglamentaria y licenci\u00f3 al polic\u00eda acusado de violencia de g\u00e9nero"},"content":{"rendered":"<div class=\"ondau-before-content_3\" style=\"margin-top: -30px;\" id=\"ondau-448390689\"><a href=\"https:\/\/www.lps.com.ar\/\" aria-label=\"la-perse2\"><img loading=\"lazy\" decoding=\"async\" src=\"https:\/\/ondauno.com.ar\/wp-content\/uploads\/2021\/10\/la-perse2.jpg\" alt=\"\"  srcset=\"https:\/\/ondauno.com.ar\/wp-content\/uploads\/2021\/10\/la-perse2.jpg 1353w, https:\/\/ondauno.com.ar\/wp-content\/uploads\/2021\/10\/la-perse2-300x43.jpg 300w, https:\/\/ondauno.com.ar\/wp-content\/uploads\/2021\/10\/la-perse2-1024x148.jpg 1024w, https:\/\/ondauno.com.ar\/wp-content\/uploads\/2021\/10\/la-perse2-768x111.jpg 768w, https:\/\/ondauno.com.ar\/wp-content\/uploads\/2021\/10\/la-perse2-696x100.jpg 696w, https:\/\/ondauno.com.ar\/wp-content\/uploads\/2021\/10\/la-perse2-1068x154.jpg 1068w\" sizes=\"(max-width: 1353px) 100vw, 1353px\" class=\"no-lazyload\" width=\"1353\" height=\"195\"  style=\"display: inline-block;\" \/><\/a><\/div>\n<p class=\"has-small-font-size\">FOTO: LA VOZ DEL PUEBLO<\/p>\n\n\n\n<p>Mediante un comunicado de prensa, desde la comisar\u00eda primera local se dio a conocer que tras darse a conocer la situaci\u00f3n de vulnerabilidad que atraviesa una mujer polic\u00eda a ra\u00edz de las amenazas recibida por su pareja, tambi\u00e9n polic\u00eda de la ciudad, ya intervino la divisi\u00f3n de Asuntos Internos.<\/p>\n\n\n\n<p>El comunicado se\u00f1ala que los hechos fueron denunciados en la comisar\u00eda de la Mujer por la madre de la v\u00edctima, Gladys Azucena Poliero contra el agente de la polic\u00eda Nicol\u00e1s Mario Valdez, y que interviene desde la fiscal\u00eda de g\u00e9nero, la Dra. Natalia Ramos.<\/p>\n\n\n\n<p>Adem\u00e1s anuncia que \u201cen referencia al suceso; paralelamente se iniciaron actuaci\u00f3n Administrativas, con intervenci\u00f3n de la Auditoria General de Asuntos Internos La Plata, quien resolver\u00e1 la situaci\u00f3n del personal policial involucrado en autos. No obstante a ello; conforme a la ley y protocolos vigentes, se procedi\u00f3 al retiro del arma reglamentaria del efectivo policial imputado y en la actualidad se encuentra de licencia.- Se aguarda resoluciones tanto de la justicia ordinaria como as\u00ed tambi\u00e9n de la Auditoria Asuntos internos\u201d, concluye el informe policial.<\/p>\n","protected":false},"excerpt":{"rendered":"<p>FOTO: LA VOZ DEL PUEBLO Mediante un comunicado de prensa, desde la comisar\u00eda primera local se dio a conocer que tras darse a conocer la situaci\u00f3n de vulnerabilidad que atraviesa una mujer polic\u00eda a ra\u00edz de las amenazas recibida por su pareja, tambi\u00e9n polic\u00eda de la ciudad, ya intervino la divisi\u00f3n de Asuntos Internos. El [&hellip;]<\/p>\n","protected":false},"author":2,"featured_media":0,"comment_status":"open","ping_status":"open","sticky":false,"template":"","format":"standard","meta":{"tdm_status":"","tdm_grid_status":"","_jetpack_memberships_contains_paid_content":false,"footnotes":"","jetpack_publicize_message":"","jetpack_publicize_feature_enabled":true,"jetpack_social_post_already_shared":true,"jetpack_social_options":{"image_generator_settings":{"template":"highway","default_image_id":0,"font":"","enabled":false},"version":2}},"categories":[29],"tags":[],"class_list":{"0":"post-22900","1":"post","2":"type-post","3":"status-publish","4":"format-standard","6":"category-policiales"},"yoast_head":"<!-- This site is optimized with the Yoast SEO plugin v22.7 - https:\/\/yoast.com\/wordpress\/plugins\/seo\/ -->\n<title>Asuntos Internos le quit\u00f3 el arma reglamentaria y licenci\u00f3 al polic\u00eda acusado de violencia de g\u00e9nero - 103.9 fm<\/title>\n<meta name=\"robots\" content=\"index, follow, max-snippet:-1, max-image-preview:large, max-video-preview:-1\" \/>\n<link rel=\"canonical\" href=\"https:\/\/ondauno.com.ar\/index.php\/2021\/02\/26\/asuntos-internos-le-quito-el-arma-reglamentaria-y-licencio-al-policia-acusado-de-violencia-de-genero\/\" \/>\n<meta property=\"og:locale\" content=\"es_ES\" \/>\n<meta property=\"og:type\" content=\"article\" \/>\n<meta property=\"og:title\" content=\"Asuntos Internos le quit\u00f3 el arma reglamentaria y licenci\u00f3 al polic\u00eda acusado de violencia de g\u00e9nero - 103.9 fm\" \/>\n<meta property=\"og:description\" content=\"FOTO: LA VOZ DEL PUEBLO Mediante un comunicado de prensa, desde la comisar\u00eda primera local se dio a conocer que tras darse a conocer la situaci\u00f3n de vulnerabilidad que atraviesa una mujer polic\u00eda a ra\u00edz de las amenazas recibida por su pareja, tambi\u00e9n polic\u00eda de la ciudad, ya intervino la divisi\u00f3n de Asuntos Internos. El [&hellip;]\" \/>\n<meta property=\"og:url\" content=\"https:\/\/ondauno.com.ar\/index.php\/2021\/02\/26\/asuntos-internos-le-quito-el-arma-reglamentaria-y-licencio-al-policia-acusado-de-violencia-de-genero\/\" \/>\n<meta property=\"og:site_name\" content=\"103.9 fm\" \/>\n<meta property=\"article:publisher\" content=\"https:\/\/www.facebook.com\/ondauno103.9\" \/>\n<meta property=\"article:published_time\" content=\"2021-02-26T14:43:14+00:00\" \/>\n<meta property=\"article:modified_time\" content=\"2021-02-26T14:43:52+00:00\" \/>\n<meta property=\"og:image\" content=\"https:\/\/ondauno.com.ar\/wp-content\/uploads\/2021\/02\/Foto-valdez.jpg\" \/>\n\t<meta property=\"og:image:width\" content=\"2011\" \/>\n\t<meta property=\"og:image:height\" content=\"2015\" \/>\n\t<meta property=\"og:image:type\" content=\"image\/jpeg\" \/>\n<meta name=\"author\" content=\"fernando garcia\" \/>\n<meta name=\"twitter:card\" content=\"summary_large_image\" \/>\n<meta name=\"twitter:label1\" content=\"Escrito por\" \/>\n\t<meta name=\"twitter:data1\" content=\"fernando garcia\" \/>\n\t<meta name=\"twitter:label2\" content=\"Tiempo de lectura\" \/>\n\t<meta name=\"twitter:data2\" content=\"1 minuto\" \/>\n<script type=\"application\/ld+json\" class=\"yoast-schema-graph\">{\"@context\":\"https:\/\/schema.org\",\"@graph\":[{\"@type\":\"WebPage\",\"@id\":\"https:\/\/ondauno.com.ar\/index.php\/2021\/02\/26\/asuntos-internos-le-quito-el-arma-reglamentaria-y-licencio-al-policia-acusado-de-violencia-de-genero\/\",\"url\":\"https:\/\/ondauno.com.ar\/index.php\/2021\/02\/26\/asuntos-internos-le-quito-el-arma-reglamentaria-y-licencio-al-policia-acusado-de-violencia-de-genero\/\",\"name\":\"Asuntos Internos le quit\u00f3 el arma reglamentaria y licenci\u00f3 al polic\u00eda acusado de violencia de g\u00e9nero - 103.9 fm\",\"isPartOf\":{\"@id\":\"https:\/\/ondauno.com.ar\/#website\"},\"datePublished\":\"2021-02-26T14:43:14+00:00\",\"dateModified\":\"2021-02-26T14:43:52+00:00\",\"author\":{\"@id\":\"https:\/\/ondauno.com.ar\/#\/schema\/person\/201d1b68e6c75e0fd396fe5f8af5d139\"},\"breadcrumb\":{\"@id\":\"https:\/\/ondauno.com.ar\/index.php\/2021\/02\/26\/asuntos-internos-le-quito-el-arma-reglamentaria-y-licencio-al-policia-acusado-de-violencia-de-genero\/#breadcrumb\"},\"inLanguage\":\"es-AR\",\"potentialAction\":[{\"@type\":\"ReadAction\",\"target\":[\"https:\/\/ondauno.com.ar\/index.php\/2021\/02\/26\/asuntos-internos-le-quito-el-arma-reglamentaria-y-licencio-al-policia-acusado-de-violencia-de-genero\/\"]}]},{\"@type\":\"BreadcrumbList\",\"@id\":\"https:\/\/ondauno.com.ar\/index.php\/2021\/02\/26\/asuntos-internos-le-quito-el-arma-reglamentaria-y-licencio-al-policia-acusado-de-violencia-de-genero\/#breadcrumb\",\"itemListElement\":[{\"@type\":\"ListItem\",\"position\":1,\"name\":\"Inicio\",\"item\":\"https:\/\/ondauno.com.ar\/\"},{\"@type\":\"ListItem\",\"position\":2,\"name\":\"Asuntos Internos le quit\u00f3 el arma reglamentaria y licenci\u00f3 al polic\u00eda acusado de violencia de g\u00e9nero\"}]},{\"@type\":\"WebSite\",\"@id\":\"https:\/\/ondauno.com.ar\/#website\",\"url\":\"https:\/\/ondauno.com.ar\/\",\"name\":\"103.9 fm\",\"description\":\"LA PRIMERA RADIO MULTIMEDIA DE TRES ARROYOS\",\"potentialAction\":[{\"@type\":\"SearchAction\",\"target\":{\"@type\":\"EntryPoint\",\"urlTemplate\":\"https:\/\/ondauno.com.ar\/?s={search_term_string}\"},\"query-input\":\"required name=search_term_string\"}],\"inLanguage\":\"es-AR\"},{\"@type\":\"Person\",\"@id\":\"https:\/\/ondauno.com.ar\/#\/schema\/person\/201d1b68e6c75e0fd396fe5f8af5d139\",\"name\":\"fernando garcia\",\"image\":{\"@type\":\"ImageObject\",\"inLanguage\":\"es-AR\",\"@id\":\"https:\/\/ondauno.com.ar\/#\/schema\/person\/image\/\",\"url\":\"https:\/\/secure.gravatar.com\/avatar\/5f7254642ad81272e79a2e69653cfdfc?s=96&d=mm&r=g\",\"contentUrl\":\"https:\/\/secure.gravatar.com\/avatar\/5f7254642ad81272e79a2e69653cfdfc?s=96&d=mm&r=g\",\"caption\":\"fernando garcia\"},\"url\":\"https:\/\/ondauno.com.ar\/index.php\/author\/ondaunoeditor\/\"}]}<\/script>\n<!-- \/ Yoast SEO plugin. -->","yoast_head_json":{"title":"Asuntos Internos le quit\u00f3 el arma reglamentaria y licenci\u00f3 al polic\u00eda acusado de violencia de g\u00e9nero - 103.9 fm","robots":{"index":"index","follow":"follow","max-snippet":"max-snippet:-1","max-image-preview":"max-image-preview:large","max-video-preview":"max-video-preview:-1"},"canonical":"https:\/\/ondauno.com.ar\/index.php\/2021\/02\/26\/asuntos-internos-le-quito-el-arma-reglamentaria-y-licencio-al-policia-acusado-de-violencia-de-genero\/","og_locale":"es_ES","og_type":"article","og_title":"Asuntos Internos le quit\u00f3 el arma reglamentaria y licenci\u00f3 al polic\u00eda acusado de violencia de g\u00e9nero - 103.9 fm","og_description":"FOTO: LA VOZ DEL PUEBLO Mediante un comunicado de prensa, desde la comisar\u00eda primera local se dio a conocer que tras darse a conocer la situaci\u00f3n de vulnerabilidad que atraviesa una mujer polic\u00eda a ra\u00edz de las amenazas recibida por su pareja, tambi\u00e9n polic\u00eda de la ciudad, ya intervino la divisi\u00f3n de Asuntos Internos. El [&hellip;]","og_url":"https:\/\/ondauno.com.ar\/index.php\/2021\/02\/26\/asuntos-internos-le-quito-el-arma-reglamentaria-y-licencio-al-policia-acusado-de-violencia-de-genero\/","og_site_name":"103.9 fm","article_publisher":"https:\/\/www.facebook.com\/ondauno103.9","article_published_time":"2021-02-26T14:43:14+00:00","article_modified_time":"2021-02-26T14:43:52+00:00","og_image":[{"width":2011,"height":2015,"url":"https:\/\/ondauno.com.ar\/wp-content\/uploads\/2021\/02\/Foto-valdez.jpg","type":"image\/jpeg"}],"author":"fernando garcia","twitter_card":"summary_large_image","twitter_misc":{"Escrito por":"fernando garcia","Tiempo de lectura":"1 minuto"},"schema":{"@context":"https:\/\/schema.org","@graph":[{"@type":"WebPage","@id":"https:\/\/ondauno.com.ar\/index.php\/2021\/02\/26\/asuntos-internos-le-quito-el-arma-reglamentaria-y-licencio-al-policia-acusado-de-violencia-de-genero\/","url":"https:\/\/ondauno.com.ar\/index.php\/2021\/02\/26\/asuntos-internos-le-quito-el-arma-reglamentaria-y-licencio-al-policia-acusado-de-violencia-de-genero\/","name":"Asuntos Internos le quit\u00f3 el arma reglamentaria y licenci\u00f3 al polic\u00eda acusado de violencia de g\u00e9nero - 103.9 fm","isPartOf":{"@id":"https:\/\/ondauno.com.ar\/#website"},"datePublished":"2021-02-26T14:43:14+00:00","dateModified":"2021-02-26T14:43:52+00:00","author":{"@id":"https:\/\/ondauno.com.ar\/#\/schema\/person\/201d1b68e6c75e0fd396fe5f8af5d139"},"breadcrumb":{"@id":"https:\/\/ondauno.com.ar\/index.php\/2021\/02\/26\/asuntos-internos-le-quito-el-arma-reglamentaria-y-licencio-al-policia-acusado-de-violencia-de-genero\/#breadcrumb"},"inLanguage":"es-AR","potentialAction":[{"@type":"ReadAction","target":["https:\/\/ondauno.com.ar\/index.php\/2021\/02\/26\/asuntos-internos-le-quito-el-arma-reglamentaria-y-licencio-al-policia-acusado-de-violencia-de-genero\/"]}]},{"@type":"BreadcrumbList","@id":"https:\/\/ondauno.com.ar\/index.php\/2021\/02\/26\/asuntos-internos-le-quito-el-arma-reglamentaria-y-licencio-al-policia-acusado-de-violencia-de-genero\/#breadcrumb","itemListElement":[{"@type":"ListItem","position":1,"name":"Inicio","item":"https:\/\/ondauno.com.ar\/"},{"@type":"ListItem","position":2,"name":"Asuntos Internos le quit\u00f3 el arma reglamentaria y licenci\u00f3 al polic\u00eda acusado de violencia de g\u00e9nero"}]},{"@type":"WebSite","@id":"https:\/\/ondauno.com.ar\/#website","url":"https:\/\/ondauno.com.ar\/","name":"103.9 fm","description":"LA PRIMERA RADIO MULTIMEDIA DE TRES ARROYOS","potentialAction":[{"@type":"SearchAction","target":{"@type":"EntryPoint","urlTemplate":"https:\/\/ondauno.com.ar\/?s={search_term_string}"},"query-input":"required name=search_term_string"}],"inLanguage":"es-AR"},{"@type":"Person","@id":"https:\/\/ondauno.com.ar\/#\/schema\/person\/201d1b68e6c75e0fd396fe5f8af5d139","name":"fernando garcia","image":{"@type":"ImageObject","inLanguage":"es-AR","@id":"https:\/\/ondauno.com.ar\/#\/schema\/person\/image\/","url":"https:\/\/secure.gravatar.com\/avatar\/5f7254642ad81272e79a2e69653cfdfc?s=96&d=mm&r=g","contentUrl":"https:\/\/secure.gravatar.com\/avatar\/5f7254642ad81272e79a2e69653cfdfc?s=96&d=mm&r=g","caption":"fernando garcia"},"url":"https:\/\/ondauno.com.ar\/index.php\/author\/ondaunoeditor\/"}]}},"jetpack_publicize_connections":[],"jetpack_featured_media_url":"","jetpack_sharing_enabled":true,"_links":{"self":[{"href":"https:\/\/ondauno.com.ar\/index.php\/wp-json\/wp\/v2\/posts\/22900","targetHints":{"allow":["GET"]}}],"collection":[{"href":"https:\/\/ondauno.com.ar\/index.php\/wp-json\/wp\/v2\/posts"}],"about":[{"href":"https:\/\/ondauno.com.ar\/index.php\/wp-json\/wp\/v2\/types\/post"}],"author":[{"embeddable":true,"href":"https:\/\/ondauno.com.ar\/index.php\/wp-json\/wp\/v2\/users\/2"}],"replies":[{"embeddable":true,"href":"https:\/\/ondauno.com.ar\/index.php\/wp-json\/wp\/v2\/comments?post=22900"}],"version-history":[{"count":0,"href":"https:\/\/ondauno.com.ar\/index.php\/wp-json\/wp\/v2\/posts\/22900\/revisions"}],"wp:attachment":[{"href":"https:\/\/ondauno.com.ar\/index.php\/wp-json\/wp\/v2\/media?parent=22900"}],"wp:term":[{"taxonomy":"category","embeddable":true,"href":"https:\/\/ondauno.com.ar\/index.php\/wp-json\/wp\/v2\/categories?post=22900"},{"taxonomy":"post_tag","embeddable":true,"href":"https:\/\/ondauno.com.ar\/index.php\/wp-json\/wp\/v2\/tags?post=22900"}],"curies":[{"name":"wp","href":"https:\/\/api.w.org\/{rel}","templated":true}]}}