{"id":2279,"date":"2019-11-26T10:01:29","date_gmt":"2019-11-26T13:01:29","guid":{"rendered":"http:\/\/ondauno.com.ar\/?p=2279"},"modified":"2019-11-26T13:54:36","modified_gmt":"2019-11-26T16:54:36","slug":"fomento-de-claromeco-manifesto-preocupacion-y-piden-por-cuatro-meses-de-trabajo","status":"publish","type":"post","link":"https:\/\/ondauno.com.ar\/index.php\/2019\/11\/26\/fomento-de-claromeco-manifesto-preocupacion-y-piden-por-cuatro-meses-de-trabajo\/","title":{"rendered":"Fomento de Claromec\u00f3 manifest\u00f3 preocupaci\u00f3n y piden por cuatro meses de trabajo para los guardavidas"},"content":{"rendered":"<div class=\"ondau-before-content_3\" style=\"margin-top: -30px;\" id=\"ondau-3943679900\"><a href=\"https:\/\/www.lps.com.ar\/\" aria-label=\"la-perse2\"><img loading=\"lazy\" decoding=\"async\" src=\"https:\/\/ondauno.com.ar\/wp-content\/uploads\/2021\/10\/la-perse2.jpg\" alt=\"\"  srcset=\"https:\/\/ondauno.com.ar\/wp-content\/uploads\/2021\/10\/la-perse2.jpg 1353w, https:\/\/ondauno.com.ar\/wp-content\/uploads\/2021\/10\/la-perse2-300x43.jpg 300w, https:\/\/ondauno.com.ar\/wp-content\/uploads\/2021\/10\/la-perse2-1024x148.jpg 1024w, https:\/\/ondauno.com.ar\/wp-content\/uploads\/2021\/10\/la-perse2-768x111.jpg 768w, https:\/\/ondauno.com.ar\/wp-content\/uploads\/2021\/10\/la-perse2-696x100.jpg 696w, https:\/\/ondauno.com.ar\/wp-content\/uploads\/2021\/10\/la-perse2-1068x154.jpg 1068w\" sizes=\"(max-width: 1353px) 100vw, 1353px\" class=\"no-lazyload\" width=\"1353\" height=\"195\"  style=\"display: inline-block;\" \/><\/a><\/div>\n<p>Claromec\u00f3,    24 de Noviembre de 2019.<br>\nSr. Intendente de la Municipalidad de Tres Arroyos.<br>\nCarlos S\u00e1nchez.<br>\nS        \/       D<\/p>\n\n\n\n<p>Nos dirigimos a Ud. para informarle que d\u00edas pasados mantuvimos una reuni\u00f3n con integrantes de AGTA.<br> En la misma nos transmitieron su preocupaci\u00f3n por los cambios que se implementar\u00e1n durante el transcurso de la temporada venidera en la prestaci\u00f3n del servicio de seguridad en playa.<br> En este sentido hoy emitieron un comunicado a trav\u00e9s de los  medios de comunicaci\u00f3n en el que se\u00f1alan haber acordado con Ud. y su equipo una serie de temas, como as\u00ed tambi\u00e9n que restan otros sobre los que no hay acuerdo por el momento y que son aclarados en dicho comunicado.<br> Desde nuestro punto de vista reviste especial importancia la prestaci\u00f3n de este servicio m\u00ednimamente durante 4 meses al a\u00f1o, tal como se ha venido haciendo en las \u00faltimas temporadas.<br> Abogamos por la pronta resoluci\u00f3n de las diferencias que se mantienen de forma tal de poder arrancar sin ellas en esta pr\u00f3xima temporada que se avecina.<br> De m\u00e1s est\u00e1 se\u00f1alar la fundamental importancia del servicio que prestan los guardavidas en las  playas de nuestro distrito, como as\u00ed tambi\u00e9n el hecho de que venimos registrando a\u00f1o tras a\u00f1o una  mayor presencia de turistas.<br> El crecimiento de las localidades costeras est\u00e1 estrechamente vinculado a la calidad de nuestras playas y disfrutar de las playas es impensable sin el servicio prestado por el Cuerpo de Guardavidas.<br> Aprovechando la oportunidad nos ponemos a su disposici\u00f3n para lo que estime conveniente.<br> Atentamente Sociedad de Fomento Claromeco<\/p>\n\n\n\n<pre class=\"wp-block-code\"><code>                              Mabel Rial (presidenta)<\/code><\/pre>\n","protected":false},"excerpt":{"rendered":"<p>Claromec\u00f3, 24 de Noviembre de 2019. Sr. Intendente de la Municipalidad de Tres Arroyos. Carlos S\u00e1nchez. S \/ D Nos dirigimos a Ud. para informarle que d\u00edas pasados mantuvimos una reuni\u00f3n con integrantes de AGTA. En la misma nos transmitieron su preocupaci\u00f3n por los cambios que se implementar\u00e1n durante el transcurso de la temporada venidera [&hellip;]<\/p>\n","protected":false},"author":2,"featured_media":2073,"comment_status":"open","ping_status":"open","sticky":false,"template":"","format":"standard","meta":{"tdm_status":"","tdm_grid_status":"","_jetpack_memberships_contains_paid_content":false,"footnotes":"","jetpack_publicize_message":"","jetpack_publicize_feature_enabled":true,"jetpack_social_post_already_shared":false,"jetpack_social_options":{"image_generator_settings":{"template":"highway","default_image_id":0,"font":"","enabled":false},"version":2}},"categories":[35],"tags":[],"class_list":{"0":"post-2279","1":"post","2":"type-post","3":"status-publish","4":"format-standard","5":"has-post-thumbnail","7":"category-regionales"},"yoast_head":"<!-- This site is optimized with the Yoast SEO plugin v22.7 - https:\/\/yoast.com\/wordpress\/plugins\/seo\/ -->\n<title>Fomento de Claromec\u00f3 manifest\u00f3 preocupaci\u00f3n y piden por cuatro meses de trabajo para los guardavidas - 103.9 fm<\/title>\n<meta name=\"robots\" content=\"index, follow, max-snippet:-1, max-image-preview:large, max-video-preview:-1\" \/>\n<link rel=\"canonical\" href=\"https:\/\/ondauno.com.ar\/index.php\/2019\/11\/26\/fomento-de-claromeco-manifesto-preocupacion-y-piden-por-cuatro-meses-de-trabajo\/\" \/>\n<meta property=\"og:locale\" content=\"es_ES\" \/>\n<meta property=\"og:type\" content=\"article\" \/>\n<meta property=\"og:title\" content=\"Fomento de Claromec\u00f3 manifest\u00f3 preocupaci\u00f3n y piden por cuatro meses de trabajo para los guardavidas - 103.9 fm\" \/>\n<meta property=\"og:description\" content=\"Claromec\u00f3, 24 de Noviembre de 2019. Sr. Intendente de la Municipalidad de Tres Arroyos. Carlos S\u00e1nchez. S \/ D Nos dirigimos a Ud. para informarle que d\u00edas pasados mantuvimos una reuni\u00f3n con integrantes de AGTA. En la misma nos transmitieron su preocupaci\u00f3n por los cambios que se implementar\u00e1n durante el transcurso de la temporada venidera [&hellip;]\" \/>\n<meta property=\"og:url\" content=\"https:\/\/ondauno.com.ar\/index.php\/2019\/11\/26\/fomento-de-claromeco-manifesto-preocupacion-y-piden-por-cuatro-meses-de-trabajo\/\" \/>\n<meta property=\"og:site_name\" content=\"103.9 fm\" \/>\n<meta property=\"article:publisher\" content=\"https:\/\/www.facebook.com\/ondauno103.9\" \/>\n<meta property=\"article:published_time\" content=\"2019-11-26T13:01:29+00:00\" \/>\n<meta property=\"article:modified_time\" content=\"2019-11-26T16:54:36+00:00\" \/>\n<meta property=\"og:image\" content=\"https:\/\/ondauno.com.ar\/wp-content\/uploads\/2019\/11\/guardavidas-2-300x336.jpg\" \/>\n\t<meta property=\"og:image:width\" content=\"300\" \/>\n\t<meta property=\"og:image:height\" content=\"336\" \/>\n\t<meta property=\"og:image:type\" content=\"image\/jpeg\" \/>\n<meta name=\"author\" content=\"fernando garcia\" \/>\n<meta name=\"twitter:card\" content=\"summary_large_image\" \/>\n<meta name=\"twitter:label1\" content=\"Escrito por\" \/>\n\t<meta name=\"twitter:data1\" content=\"fernando garcia\" \/>\n\t<meta name=\"twitter:label2\" content=\"Tiempo de lectura\" \/>\n\t<meta name=\"twitter:data2\" content=\"1 minuto\" \/>\n<script type=\"application\/ld+json\" class=\"yoast-schema-graph\">{\"@context\":\"https:\/\/schema.org\",\"@graph\":[{\"@type\":\"WebPage\",\"@id\":\"https:\/\/ondauno.com.ar\/index.php\/2019\/11\/26\/fomento-de-claromeco-manifesto-preocupacion-y-piden-por-cuatro-meses-de-trabajo\/\",\"url\":\"https:\/\/ondauno.com.ar\/index.php\/2019\/11\/26\/fomento-de-claromeco-manifesto-preocupacion-y-piden-por-cuatro-meses-de-trabajo\/\",\"name\":\"Fomento de Claromec\u00f3 manifest\u00f3 preocupaci\u00f3n y piden por cuatro meses de trabajo para los guardavidas - 103.9 fm\",\"isPartOf\":{\"@id\":\"https:\/\/ondauno.com.ar\/#website\"},\"primaryImageOfPage\":{\"@id\":\"https:\/\/ondauno.com.ar\/index.php\/2019\/11\/26\/fomento-de-claromeco-manifesto-preocupacion-y-piden-por-cuatro-meses-de-trabajo\/#primaryimage\"},\"image\":{\"@id\":\"https:\/\/ondauno.com.ar\/index.php\/2019\/11\/26\/fomento-de-claromeco-manifesto-preocupacion-y-piden-por-cuatro-meses-de-trabajo\/#primaryimage\"},\"thumbnailUrl\":\"https:\/\/ondauno.com.ar\/wp-content\/uploads\/2019\/11\/guardavidas-2-300x336.jpg\",\"datePublished\":\"2019-11-26T13:01:29+00:00\",\"dateModified\":\"2019-11-26T16:54:36+00:00\",\"author\":{\"@id\":\"https:\/\/ondauno.com.ar\/#\/schema\/person\/201d1b68e6c75e0fd396fe5f8af5d139\"},\"breadcrumb\":{\"@id\":\"https:\/\/ondauno.com.ar\/index.php\/2019\/11\/26\/fomento-de-claromeco-manifesto-preocupacion-y-piden-por-cuatro-meses-de-trabajo\/#breadcrumb\"},\"inLanguage\":\"es-AR\",\"potentialAction\":[{\"@type\":\"ReadAction\",\"target\":[\"https:\/\/ondauno.com.ar\/index.php\/2019\/11\/26\/fomento-de-claromeco-manifesto-preocupacion-y-piden-por-cuatro-meses-de-trabajo\/\"]}]},{\"@type\":\"ImageObject\",\"inLanguage\":\"es-AR\",\"@id\":\"https:\/\/ondauno.com.ar\/index.php\/2019\/11\/26\/fomento-de-claromeco-manifesto-preocupacion-y-piden-por-cuatro-meses-de-trabajo\/#primaryimage\",\"url\":\"https:\/\/ondauno.com.ar\/wp-content\/uploads\/2019\/11\/guardavidas-2-300x336.jpg\",\"contentUrl\":\"https:\/\/ondauno.com.ar\/wp-content\/uploads\/2019\/11\/guardavidas-2-300x336.jpg\",\"width\":300,\"height\":336},{\"@type\":\"BreadcrumbList\",\"@id\":\"https:\/\/ondauno.com.ar\/index.php\/2019\/11\/26\/fomento-de-claromeco-manifesto-preocupacion-y-piden-por-cuatro-meses-de-trabajo\/#breadcrumb\",\"itemListElement\":[{\"@type\":\"ListItem\",\"position\":1,\"name\":\"Inicio\",\"item\":\"https:\/\/ondauno.com.ar\/\"},{\"@type\":\"ListItem\",\"position\":2,\"name\":\"Fomento de Claromec\u00f3 manifest\u00f3 preocupaci\u00f3n y piden por cuatro meses de trabajo para los guardavidas\"}]},{\"@type\":\"WebSite\",\"@id\":\"https:\/\/ondauno.com.ar\/#website\",\"url\":\"https:\/\/ondauno.com.ar\/\",\"name\":\"103.9 fm\",\"description\":\"LA PRIMERA RADIO MULTIMEDIA DE TRES ARROYOS\",\"potentialAction\":[{\"@type\":\"SearchAction\",\"target\":{\"@type\":\"EntryPoint\",\"urlTemplate\":\"https:\/\/ondauno.com.ar\/?s={search_term_string}\"},\"query-input\":\"required name=search_term_string\"}],\"inLanguage\":\"es-AR\"},{\"@type\":\"Person\",\"@id\":\"https:\/\/ondauno.com.ar\/#\/schema\/person\/201d1b68e6c75e0fd396fe5f8af5d139\",\"name\":\"fernando garcia\",\"image\":{\"@type\":\"ImageObject\",\"inLanguage\":\"es-AR\",\"@id\":\"https:\/\/ondauno.com.ar\/#\/schema\/person\/image\/\",\"url\":\"https:\/\/secure.gravatar.com\/avatar\/5f7254642ad81272e79a2e69653cfdfc?s=96&d=mm&r=g\",\"contentUrl\":\"https:\/\/secure.gravatar.com\/avatar\/5f7254642ad81272e79a2e69653cfdfc?s=96&d=mm&r=g\",\"caption\":\"fernando garcia\"},\"url\":\"https:\/\/ondauno.com.ar\/index.php\/author\/ondaunoeditor\/\"}]}<\/script>\n<!-- \/ Yoast SEO plugin. -->","yoast_head_json":{"title":"Fomento de Claromec\u00f3 manifest\u00f3 preocupaci\u00f3n y piden por cuatro meses de trabajo para los guardavidas - 103.9 fm","robots":{"index":"index","follow":"follow","max-snippet":"max-snippet:-1","max-image-preview":"max-image-preview:large","max-video-preview":"max-video-preview:-1"},"canonical":"https:\/\/ondauno.com.ar\/index.php\/2019\/11\/26\/fomento-de-claromeco-manifesto-preocupacion-y-piden-por-cuatro-meses-de-trabajo\/","og_locale":"es_ES","og_type":"article","og_title":"Fomento de Claromec\u00f3 manifest\u00f3 preocupaci\u00f3n y piden por cuatro meses de trabajo para los guardavidas - 103.9 fm","og_description":"Claromec\u00f3, 24 de Noviembre de 2019. Sr. Intendente de la Municipalidad de Tres Arroyos. Carlos S\u00e1nchez. S \/ D Nos dirigimos a Ud. para informarle que d\u00edas pasados mantuvimos una reuni\u00f3n con integrantes de AGTA. En la misma nos transmitieron su preocupaci\u00f3n por los cambios que se implementar\u00e1n durante el transcurso de la temporada venidera [&hellip;]","og_url":"https:\/\/ondauno.com.ar\/index.php\/2019\/11\/26\/fomento-de-claromeco-manifesto-preocupacion-y-piden-por-cuatro-meses-de-trabajo\/","og_site_name":"103.9 fm","article_publisher":"https:\/\/www.facebook.com\/ondauno103.9","article_published_time":"2019-11-26T13:01:29+00:00","article_modified_time":"2019-11-26T16:54:36+00:00","og_image":[{"width":300,"height":336,"url":"https:\/\/ondauno.com.ar\/wp-content\/uploads\/2019\/11\/guardavidas-2-300x336.jpg","type":"image\/jpeg"}],"author":"fernando garcia","twitter_card":"summary_large_image","twitter_misc":{"Escrito por":"fernando garcia","Tiempo de lectura":"1 minuto"},"schema":{"@context":"https:\/\/schema.org","@graph":[{"@type":"WebPage","@id":"https:\/\/ondauno.com.ar\/index.php\/2019\/11\/26\/fomento-de-claromeco-manifesto-preocupacion-y-piden-por-cuatro-meses-de-trabajo\/","url":"https:\/\/ondauno.com.ar\/index.php\/2019\/11\/26\/fomento-de-claromeco-manifesto-preocupacion-y-piden-por-cuatro-meses-de-trabajo\/","name":"Fomento de Claromec\u00f3 manifest\u00f3 preocupaci\u00f3n y piden por cuatro meses de trabajo para los guardavidas - 103.9 fm","isPartOf":{"@id":"https:\/\/ondauno.com.ar\/#website"},"primaryImageOfPage":{"@id":"https:\/\/ondauno.com.ar\/index.php\/2019\/11\/26\/fomento-de-claromeco-manifesto-preocupacion-y-piden-por-cuatro-meses-de-trabajo\/#primaryimage"},"image":{"@id":"https:\/\/ondauno.com.ar\/index.php\/2019\/11\/26\/fomento-de-claromeco-manifesto-preocupacion-y-piden-por-cuatro-meses-de-trabajo\/#primaryimage"},"thumbnailUrl":"https:\/\/ondauno.com.ar\/wp-content\/uploads\/2019\/11\/guardavidas-2-300x336.jpg","datePublished":"2019-11-26T13:01:29+00:00","dateModified":"2019-11-26T16:54:36+00:00","author":{"@id":"https:\/\/ondauno.com.ar\/#\/schema\/person\/201d1b68e6c75e0fd396fe5f8af5d139"},"breadcrumb":{"@id":"https:\/\/ondauno.com.ar\/index.php\/2019\/11\/26\/fomento-de-claromeco-manifesto-preocupacion-y-piden-por-cuatro-meses-de-trabajo\/#breadcrumb"},"inLanguage":"es-AR","potentialAction":[{"@type":"ReadAction","target":["https:\/\/ondauno.com.ar\/index.php\/2019\/11\/26\/fomento-de-claromeco-manifesto-preocupacion-y-piden-por-cuatro-meses-de-trabajo\/"]}]},{"@type":"ImageObject","inLanguage":"es-AR","@id":"https:\/\/ondauno.com.ar\/index.php\/2019\/11\/26\/fomento-de-claromeco-manifesto-preocupacion-y-piden-por-cuatro-meses-de-trabajo\/#primaryimage","url":"https:\/\/ondauno.com.ar\/wp-content\/uploads\/2019\/11\/guardavidas-2-300x336.jpg","contentUrl":"https:\/\/ondauno.com.ar\/wp-content\/uploads\/2019\/11\/guardavidas-2-300x336.jpg","width":300,"height":336},{"@type":"BreadcrumbList","@id":"https:\/\/ondauno.com.ar\/index.php\/2019\/11\/26\/fomento-de-claromeco-manifesto-preocupacion-y-piden-por-cuatro-meses-de-trabajo\/#breadcrumb","itemListElement":[{"@type":"ListItem","position":1,"name":"Inicio","item":"https:\/\/ondauno.com.ar\/"},{"@type":"ListItem","position":2,"name":"Fomento de Claromec\u00f3 manifest\u00f3 preocupaci\u00f3n y piden por cuatro meses de trabajo para los guardavidas"}]},{"@type":"WebSite","@id":"https:\/\/ondauno.com.ar\/#website","url":"https:\/\/ondauno.com.ar\/","name":"103.9 fm","description":"LA PRIMERA RADIO MULTIMEDIA DE TRES ARROYOS","potentialAction":[{"@type":"SearchAction","target":{"@type":"EntryPoint","urlTemplate":"https:\/\/ondauno.com.ar\/?s={search_term_string}"},"query-input":"required name=search_term_string"}],"inLanguage":"es-AR"},{"@type":"Person","@id":"https:\/\/ondauno.com.ar\/#\/schema\/person\/201d1b68e6c75e0fd396fe5f8af5d139","name":"fernando garcia","image":{"@type":"ImageObject","inLanguage":"es-AR","@id":"https:\/\/ondauno.com.ar\/#\/schema\/person\/image\/","url":"https:\/\/secure.gravatar.com\/avatar\/5f7254642ad81272e79a2e69653cfdfc?s=96&d=mm&r=g","contentUrl":"https:\/\/secure.gravatar.com\/avatar\/5f7254642ad81272e79a2e69653cfdfc?s=96&d=mm&r=g","caption":"fernando garcia"},"url":"https:\/\/ondauno.com.ar\/index.php\/author\/ondaunoeditor\/"}]}},"jetpack_publicize_connections":[],"jetpack_featured_media_url":"https:\/\/ondauno.com.ar\/wp-content\/uploads\/2019\/11\/guardavidas-2-300x336.jpg","jetpack_sharing_enabled":true,"_links":{"self":[{"href":"https:\/\/ondauno.com.ar\/index.php\/wp-json\/wp\/v2\/posts\/2279","targetHints":{"allow":["GET"]}}],"collection":[{"href":"https:\/\/ondauno.com.ar\/index.php\/wp-json\/wp\/v2\/posts"}],"about":[{"href":"https:\/\/ondauno.com.ar\/index.php\/wp-json\/wp\/v2\/types\/post"}],"author":[{"embeddable":true,"href":"https:\/\/ondauno.com.ar\/index.php\/wp-json\/wp\/v2\/users\/2"}],"replies":[{"embeddable":true,"href":"https:\/\/ondauno.com.ar\/index.php\/wp-json\/wp\/v2\/comments?post=2279"}],"version-history":[{"count":0,"href":"https:\/\/ondauno.com.ar\/index.php\/wp-json\/wp\/v2\/posts\/2279\/revisions"}],"wp:featuredmedia":[{"embeddable":true,"href":"https:\/\/ondauno.com.ar\/index.php\/wp-json\/wp\/v2\/media\/2073"}],"wp:attachment":[{"href":"https:\/\/ondauno.com.ar\/index.php\/wp-json\/wp\/v2\/media?parent=2279"}],"wp:term":[{"taxonomy":"category","embeddable":true,"href":"https:\/\/ondauno.com.ar\/index.php\/wp-json\/wp\/v2\/categories?post=2279"},{"taxonomy":"post_tag","embeddable":true,"href":"https:\/\/ondauno.com.ar\/index.php\/wp-json\/wp\/v2\/tags?post=2279"}],"curies":[{"name":"wp","href":"https:\/\/api.w.org\/{rel}","templated":true}]}}