{"id":22330,"date":"2021-02-10T11:21:20","date_gmt":"2021-02-10T14:21:20","guid":{"rendered":"http:\/\/ondauno.com.ar\/?p=22330"},"modified":"2021-02-10T11:21:24","modified_gmt":"2021-02-10T14:21:24","slug":"claromeco-la-aparicion-de-piedras-en-playas-centricas-adelanto-la-visita-del-geologo-federico-isla-para-este-jueves","status":"publish","type":"post","link":"https:\/\/ondauno.com.ar\/index.php\/2021\/02\/10\/claromeco-la-aparicion-de-piedras-en-playas-centricas-adelanto-la-visita-del-geologo-federico-isla-para-este-jueves\/","title":{"rendered":"Claromec\u00f3: La aparici\u00f3n de piedras en playas c\u00e9ntricas, adelant\u00f3 la visita del ge\u00f3logo Federico Isla para este jueves"},"content":{"rendered":"<div class=\"ondau-before-content_3\" style=\"margin-top: -30px;\" id=\"ondau-4184121724\"><a href=\"https:\/\/www.lps.com.ar\/\" aria-label=\"la-perse2\"><img loading=\"lazy\" decoding=\"async\" src=\"https:\/\/ondauno.com.ar\/wp-content\/uploads\/2021\/10\/la-perse2.jpg\" alt=\"\"  srcset=\"https:\/\/ondauno.com.ar\/wp-content\/uploads\/2021\/10\/la-perse2.jpg 1353w, https:\/\/ondauno.com.ar\/wp-content\/uploads\/2021\/10\/la-perse2-300x43.jpg 300w, https:\/\/ondauno.com.ar\/wp-content\/uploads\/2021\/10\/la-perse2-1024x148.jpg 1024w, https:\/\/ondauno.com.ar\/wp-content\/uploads\/2021\/10\/la-perse2-768x111.jpg 768w, https:\/\/ondauno.com.ar\/wp-content\/uploads\/2021\/10\/la-perse2-696x100.jpg 696w, https:\/\/ondauno.com.ar\/wp-content\/uploads\/2021\/10\/la-perse2-1068x154.jpg 1068w\" sizes=\"(max-width: 1353px) 100vw, 1353px\" class=\"no-lazyload\" width=\"1353\" height=\"195\"  style=\"display: inline-block;\" \/><\/a><\/div>\n<p>El responsable del Instituto de Geolog\u00eda de Costas y del Cuaternario e investigador del CONICET, Dr. Federico Ignacio Isla, cont\u00f3 en Cosas que pasan que le sorprendi\u00f3 que asomaran las piedras sin que se haya producido vientos ni oleajes importantes que pudieran haber impactado sobre la calidad de playa.<\/p>\n\n\n\n<figure><iframe loading=\"lazy\" data-src=\"https:\/\/www.facebook.com\/plugins\/video.php?height=314&amp;href=https%3A%2F%2Fwww.facebook.com%2Fondauno103.9%2Fvideos%2F4037250666333141%2F&amp;show_text=false&amp;width=560\" width=\"560\" height=\"314\" allowfullscreen=\"true\" src=\"data:image\/gif;base64,R0lGODlhAQABAAAAACH5BAEKAAEALAAAAAABAAEAAAICTAEAOw==\" class=\"lazyload\" data-load-mode=\"1\"><\/iframe><\/figure>\n\n\n\n<figure class=\"wp-block-embed-youtube wp-block-embed is-type-video is-provider-youtube wp-embed-aspect-16-9 wp-has-aspect-ratio\"><div class=\"wp-block-embed__wrapper\">\n<iframe loading=\"lazy\" title=\"Piedras Claromeco\" width=\"696\" height=\"392\" data-src=\"https:\/\/www.youtube.com\/embed\/2mTpaBECAQI?feature=oembed&#038;enablejsapi=1\" frameborder=\"0\" allow=\"accelerometer; autoplay; clipboard-write; encrypted-media; gyroscope; picture-in-picture\" allowfullscreen src=\"data:image\/gif;base64,R0lGODlhAQABAAAAACH5BAEKAAEALAAAAAABAAEAAAICTAEAOw==\" class=\"lazyload\" data-load-mode=\"1\"><\/iframe>\n<\/div><\/figure>\n","protected":false},"excerpt":{"rendered":"<p>El responsable del Instituto de Geolog\u00eda de Costas y del Cuaternario e investigador del CONICET, Dr. Federico Ignacio Isla, cont\u00f3 en Cosas que pasan que le sorprendi\u00f3 que asomaran las piedras sin que se haya producido vientos ni oleajes importantes que pudieran haber impactado sobre la calidad de playa.<\/p>\n","protected":false},"author":2,"featured_media":22305,"comment_status":"open","ping_status":"open","sticky":false,"template":"","format":"standard","meta":{"tdm_status":"","tdm_grid_status":"","_jetpack_memberships_contains_paid_content":false,"footnotes":"","jetpack_publicize_message":"","jetpack_publicize_feature_enabled":true,"jetpack_social_post_already_shared":true,"jetpack_social_options":{"image_generator_settings":{"template":"highway","default_image_id":0,"font":"","enabled":false},"version":2}},"categories":[35],"tags":[],"class_list":{"0":"post-22330","1":"post","2":"type-post","3":"status-publish","4":"format-standard","5":"has-post-thumbnail","7":"category-regionales"},"yoast_head":"<!-- This site is optimized with the Yoast SEO plugin v22.7 - https:\/\/yoast.com\/wordpress\/plugins\/seo\/ -->\n<title>Claromec\u00f3: La aparici\u00f3n de piedras en playas c\u00e9ntricas, adelant\u00f3 la visita del ge\u00f3logo Federico Isla para este jueves - 103.9 fm<\/title>\n<meta name=\"robots\" content=\"index, follow, max-snippet:-1, max-image-preview:large, max-video-preview:-1\" \/>\n<link rel=\"canonical\" href=\"https:\/\/ondauno.com.ar\/index.php\/2021\/02\/10\/claromeco-la-aparicion-de-piedras-en-playas-centricas-adelanto-la-visita-del-geologo-federico-isla-para-este-jueves\/\" \/>\n<meta property=\"og:locale\" content=\"es_ES\" \/>\n<meta property=\"og:type\" content=\"article\" \/>\n<meta property=\"og:title\" content=\"Claromec\u00f3: La aparici\u00f3n de piedras en playas c\u00e9ntricas, adelant\u00f3 la visita del ge\u00f3logo Federico Isla para este jueves - 103.9 fm\" \/>\n<meta property=\"og:description\" content=\"El responsable del Instituto de Geolog\u00eda de Costas y del Cuaternario e investigador del CONICET, Dr. Federico Ignacio Isla, cont\u00f3 en Cosas que pasan que le sorprendi\u00f3 que asomaran las piedras sin que se haya producido vientos ni oleajes importantes que pudieran haber impactado sobre la calidad de playa.\" \/>\n<meta property=\"og:url\" content=\"https:\/\/ondauno.com.ar\/index.php\/2021\/02\/10\/claromeco-la-aparicion-de-piedras-en-playas-centricas-adelanto-la-visita-del-geologo-federico-isla-para-este-jueves\/\" \/>\n<meta property=\"og:site_name\" content=\"103.9 fm\" \/>\n<meta property=\"article:publisher\" content=\"https:\/\/www.facebook.com\/ondauno103.9\" \/>\n<meta property=\"article:published_time\" content=\"2021-02-10T14:21:20+00:00\" \/>\n<meta property=\"article:modified_time\" content=\"2021-02-10T14:21:24+00:00\" \/>\n<meta property=\"og:image\" content=\"https:\/\/ondauno.com.ar\/wp-content\/uploads\/2021\/02\/piedras-1.jpeg\" \/>\n\t<meta property=\"og:image:width\" content=\"1280\" \/>\n\t<meta property=\"og:image:height\" content=\"960\" \/>\n\t<meta property=\"og:image:type\" content=\"image\/jpeg\" \/>\n<meta name=\"author\" content=\"fernando garcia\" \/>\n<meta name=\"twitter:card\" content=\"summary_large_image\" \/>\n<meta name=\"twitter:label1\" content=\"Escrito por\" \/>\n\t<meta name=\"twitter:data1\" content=\"fernando garcia\" \/>\n<script type=\"application\/ld+json\" class=\"yoast-schema-graph\">{\"@context\":\"https:\/\/schema.org\",\"@graph\":[{\"@type\":\"WebPage\",\"@id\":\"https:\/\/ondauno.com.ar\/index.php\/2021\/02\/10\/claromeco-la-aparicion-de-piedras-en-playas-centricas-adelanto-la-visita-del-geologo-federico-isla-para-este-jueves\/\",\"url\":\"https:\/\/ondauno.com.ar\/index.php\/2021\/02\/10\/claromeco-la-aparicion-de-piedras-en-playas-centricas-adelanto-la-visita-del-geologo-federico-isla-para-este-jueves\/\",\"name\":\"Claromec\u00f3: La aparici\u00f3n de piedras en playas c\u00e9ntricas, adelant\u00f3 la visita del ge\u00f3logo Federico Isla para este jueves - 103.9 fm\",\"isPartOf\":{\"@id\":\"https:\/\/ondauno.com.ar\/#website\"},\"primaryImageOfPage\":{\"@id\":\"https:\/\/ondauno.com.ar\/index.php\/2021\/02\/10\/claromeco-la-aparicion-de-piedras-en-playas-centricas-adelanto-la-visita-del-geologo-federico-isla-para-este-jueves\/#primaryimage\"},\"image\":{\"@id\":\"https:\/\/ondauno.com.ar\/index.php\/2021\/02\/10\/claromeco-la-aparicion-de-piedras-en-playas-centricas-adelanto-la-visita-del-geologo-federico-isla-para-este-jueves\/#primaryimage\"},\"thumbnailUrl\":\"https:\/\/ondauno.com.ar\/wp-content\/uploads\/2021\/02\/piedras-1.jpeg\",\"datePublished\":\"2021-02-10T14:21:20+00:00\",\"dateModified\":\"2021-02-10T14:21:24+00:00\",\"author\":{\"@id\":\"https:\/\/ondauno.com.ar\/#\/schema\/person\/201d1b68e6c75e0fd396fe5f8af5d139\"},\"breadcrumb\":{\"@id\":\"https:\/\/ondauno.com.ar\/index.php\/2021\/02\/10\/claromeco-la-aparicion-de-piedras-en-playas-centricas-adelanto-la-visita-del-geologo-federico-isla-para-este-jueves\/#breadcrumb\"},\"inLanguage\":\"es-AR\",\"potentialAction\":[{\"@type\":\"ReadAction\",\"target\":[\"https:\/\/ondauno.com.ar\/index.php\/2021\/02\/10\/claromeco-la-aparicion-de-piedras-en-playas-centricas-adelanto-la-visita-del-geologo-federico-isla-para-este-jueves\/\"]}]},{\"@type\":\"ImageObject\",\"inLanguage\":\"es-AR\",\"@id\":\"https:\/\/ondauno.com.ar\/index.php\/2021\/02\/10\/claromeco-la-aparicion-de-piedras-en-playas-centricas-adelanto-la-visita-del-geologo-federico-isla-para-este-jueves\/#primaryimage\",\"url\":\"https:\/\/ondauno.com.ar\/wp-content\/uploads\/2021\/02\/piedras-1.jpeg\",\"contentUrl\":\"https:\/\/ondauno.com.ar\/wp-content\/uploads\/2021\/02\/piedras-1.jpeg\",\"width\":1280,\"height\":960},{\"@type\":\"BreadcrumbList\",\"@id\":\"https:\/\/ondauno.com.ar\/index.php\/2021\/02\/10\/claromeco-la-aparicion-de-piedras-en-playas-centricas-adelanto-la-visita-del-geologo-federico-isla-para-este-jueves\/#breadcrumb\",\"itemListElement\":[{\"@type\":\"ListItem\",\"position\":1,\"name\":\"Inicio\",\"item\":\"https:\/\/ondauno.com.ar\/\"},{\"@type\":\"ListItem\",\"position\":2,\"name\":\"Claromec\u00f3: La aparici\u00f3n de piedras en playas c\u00e9ntricas, adelant\u00f3 la visita del ge\u00f3logo Federico Isla para este jueves\"}]},{\"@type\":\"WebSite\",\"@id\":\"https:\/\/ondauno.com.ar\/#website\",\"url\":\"https:\/\/ondauno.com.ar\/\",\"name\":\"103.9 fm\",\"description\":\"LA PRIMERA RADIO MULTIMEDIA DE TRES ARROYOS\",\"potentialAction\":[{\"@type\":\"SearchAction\",\"target\":{\"@type\":\"EntryPoint\",\"urlTemplate\":\"https:\/\/ondauno.com.ar\/?s={search_term_string}\"},\"query-input\":\"required name=search_term_string\"}],\"inLanguage\":\"es-AR\"},{\"@type\":\"Person\",\"@id\":\"https:\/\/ondauno.com.ar\/#\/schema\/person\/201d1b68e6c75e0fd396fe5f8af5d139\",\"name\":\"fernando garcia\",\"image\":{\"@type\":\"ImageObject\",\"inLanguage\":\"es-AR\",\"@id\":\"https:\/\/ondauno.com.ar\/#\/schema\/person\/image\/\",\"url\":\"https:\/\/secure.gravatar.com\/avatar\/5f7254642ad81272e79a2e69653cfdfc?s=96&d=mm&r=g\",\"contentUrl\":\"https:\/\/secure.gravatar.com\/avatar\/5f7254642ad81272e79a2e69653cfdfc?s=96&d=mm&r=g\",\"caption\":\"fernando garcia\"},\"url\":\"https:\/\/ondauno.com.ar\/index.php\/author\/ondaunoeditor\/\"}]}<\/script>\n<!-- \/ Yoast SEO plugin. -->","yoast_head_json":{"title":"Claromec\u00f3: La aparici\u00f3n de piedras en playas c\u00e9ntricas, adelant\u00f3 la visita del ge\u00f3logo Federico Isla para este jueves - 103.9 fm","robots":{"index":"index","follow":"follow","max-snippet":"max-snippet:-1","max-image-preview":"max-image-preview:large","max-video-preview":"max-video-preview:-1"},"canonical":"https:\/\/ondauno.com.ar\/index.php\/2021\/02\/10\/claromeco-la-aparicion-de-piedras-en-playas-centricas-adelanto-la-visita-del-geologo-federico-isla-para-este-jueves\/","og_locale":"es_ES","og_type":"article","og_title":"Claromec\u00f3: La aparici\u00f3n de piedras en playas c\u00e9ntricas, adelant\u00f3 la visita del ge\u00f3logo Federico Isla para este jueves - 103.9 fm","og_description":"El responsable del Instituto de Geolog\u00eda de Costas y del Cuaternario e investigador del CONICET, Dr. Federico Ignacio Isla, cont\u00f3 en Cosas que pasan que le sorprendi\u00f3 que asomaran las piedras sin que se haya producido vientos ni oleajes importantes que pudieran haber impactado sobre la calidad de playa.","og_url":"https:\/\/ondauno.com.ar\/index.php\/2021\/02\/10\/claromeco-la-aparicion-de-piedras-en-playas-centricas-adelanto-la-visita-del-geologo-federico-isla-para-este-jueves\/","og_site_name":"103.9 fm","article_publisher":"https:\/\/www.facebook.com\/ondauno103.9","article_published_time":"2021-02-10T14:21:20+00:00","article_modified_time":"2021-02-10T14:21:24+00:00","og_image":[{"width":1280,"height":960,"url":"https:\/\/ondauno.com.ar\/wp-content\/uploads\/2021\/02\/piedras-1.jpeg","type":"image\/jpeg"}],"author":"fernando garcia","twitter_card":"summary_large_image","twitter_misc":{"Escrito por":"fernando garcia"},"schema":{"@context":"https:\/\/schema.org","@graph":[{"@type":"WebPage","@id":"https:\/\/ondauno.com.ar\/index.php\/2021\/02\/10\/claromeco-la-aparicion-de-piedras-en-playas-centricas-adelanto-la-visita-del-geologo-federico-isla-para-este-jueves\/","url":"https:\/\/ondauno.com.ar\/index.php\/2021\/02\/10\/claromeco-la-aparicion-de-piedras-en-playas-centricas-adelanto-la-visita-del-geologo-federico-isla-para-este-jueves\/","name":"Claromec\u00f3: La aparici\u00f3n de piedras en playas c\u00e9ntricas, adelant\u00f3 la visita del ge\u00f3logo Federico Isla para este jueves - 103.9 fm","isPartOf":{"@id":"https:\/\/ondauno.com.ar\/#website"},"primaryImageOfPage":{"@id":"https:\/\/ondauno.com.ar\/index.php\/2021\/02\/10\/claromeco-la-aparicion-de-piedras-en-playas-centricas-adelanto-la-visita-del-geologo-federico-isla-para-este-jueves\/#primaryimage"},"image":{"@id":"https:\/\/ondauno.com.ar\/index.php\/2021\/02\/10\/claromeco-la-aparicion-de-piedras-en-playas-centricas-adelanto-la-visita-del-geologo-federico-isla-para-este-jueves\/#primaryimage"},"thumbnailUrl":"https:\/\/ondauno.com.ar\/wp-content\/uploads\/2021\/02\/piedras-1.jpeg","datePublished":"2021-02-10T14:21:20+00:00","dateModified":"2021-02-10T14:21:24+00:00","author":{"@id":"https:\/\/ondauno.com.ar\/#\/schema\/person\/201d1b68e6c75e0fd396fe5f8af5d139"},"breadcrumb":{"@id":"https:\/\/ondauno.com.ar\/index.php\/2021\/02\/10\/claromeco-la-aparicion-de-piedras-en-playas-centricas-adelanto-la-visita-del-geologo-federico-isla-para-este-jueves\/#breadcrumb"},"inLanguage":"es-AR","potentialAction":[{"@type":"ReadAction","target":["https:\/\/ondauno.com.ar\/index.php\/2021\/02\/10\/claromeco-la-aparicion-de-piedras-en-playas-centricas-adelanto-la-visita-del-geologo-federico-isla-para-este-jueves\/"]}]},{"@type":"ImageObject","inLanguage":"es-AR","@id":"https:\/\/ondauno.com.ar\/index.php\/2021\/02\/10\/claromeco-la-aparicion-de-piedras-en-playas-centricas-adelanto-la-visita-del-geologo-federico-isla-para-este-jueves\/#primaryimage","url":"https:\/\/ondauno.com.ar\/wp-content\/uploads\/2021\/02\/piedras-1.jpeg","contentUrl":"https:\/\/ondauno.com.ar\/wp-content\/uploads\/2021\/02\/piedras-1.jpeg","width":1280,"height":960},{"@type":"BreadcrumbList","@id":"https:\/\/ondauno.com.ar\/index.php\/2021\/02\/10\/claromeco-la-aparicion-de-piedras-en-playas-centricas-adelanto-la-visita-del-geologo-federico-isla-para-este-jueves\/#breadcrumb","itemListElement":[{"@type":"ListItem","position":1,"name":"Inicio","item":"https:\/\/ondauno.com.ar\/"},{"@type":"ListItem","position":2,"name":"Claromec\u00f3: La aparici\u00f3n de piedras en playas c\u00e9ntricas, adelant\u00f3 la visita del ge\u00f3logo Federico Isla para este jueves"}]},{"@type":"WebSite","@id":"https:\/\/ondauno.com.ar\/#website","url":"https:\/\/ondauno.com.ar\/","name":"103.9 fm","description":"LA PRIMERA RADIO MULTIMEDIA DE TRES ARROYOS","potentialAction":[{"@type":"SearchAction","target":{"@type":"EntryPoint","urlTemplate":"https:\/\/ondauno.com.ar\/?s={search_term_string}"},"query-input":"required name=search_term_string"}],"inLanguage":"es-AR"},{"@type":"Person","@id":"https:\/\/ondauno.com.ar\/#\/schema\/person\/201d1b68e6c75e0fd396fe5f8af5d139","name":"fernando garcia","image":{"@type":"ImageObject","inLanguage":"es-AR","@id":"https:\/\/ondauno.com.ar\/#\/schema\/person\/image\/","url":"https:\/\/secure.gravatar.com\/avatar\/5f7254642ad81272e79a2e69653cfdfc?s=96&d=mm&r=g","contentUrl":"https:\/\/secure.gravatar.com\/avatar\/5f7254642ad81272e79a2e69653cfdfc?s=96&d=mm&r=g","caption":"fernando garcia"},"url":"https:\/\/ondauno.com.ar\/index.php\/author\/ondaunoeditor\/"}]}},"jetpack_publicize_connections":[],"jetpack_featured_media_url":"https:\/\/ondauno.com.ar\/wp-content\/uploads\/2021\/02\/piedras-1.jpeg","jetpack_sharing_enabled":true,"_links":{"self":[{"href":"https:\/\/ondauno.com.ar\/index.php\/wp-json\/wp\/v2\/posts\/22330","targetHints":{"allow":["GET"]}}],"collection":[{"href":"https:\/\/ondauno.com.ar\/index.php\/wp-json\/wp\/v2\/posts"}],"about":[{"href":"https:\/\/ondauno.com.ar\/index.php\/wp-json\/wp\/v2\/types\/post"}],"author":[{"embeddable":true,"href":"https:\/\/ondauno.com.ar\/index.php\/wp-json\/wp\/v2\/users\/2"}],"replies":[{"embeddable":true,"href":"https:\/\/ondauno.com.ar\/index.php\/wp-json\/wp\/v2\/comments?post=22330"}],"version-history":[{"count":0,"href":"https:\/\/ondauno.com.ar\/index.php\/wp-json\/wp\/v2\/posts\/22330\/revisions"}],"wp:featuredmedia":[{"embeddable":true,"href":"https:\/\/ondauno.com.ar\/index.php\/wp-json\/wp\/v2\/media\/22305"}],"wp:attachment":[{"href":"https:\/\/ondauno.com.ar\/index.php\/wp-json\/wp\/v2\/media?parent=22330"}],"wp:term":[{"taxonomy":"category","embeddable":true,"href":"https:\/\/ondauno.com.ar\/index.php\/wp-json\/wp\/v2\/categories?post=22330"},{"taxonomy":"post_tag","embeddable":true,"href":"https:\/\/ondauno.com.ar\/index.php\/wp-json\/wp\/v2\/tags?post=22330"}],"curies":[{"name":"wp","href":"https:\/\/api.w.org\/{rel}","templated":true}]}}