{"id":22108,"date":"2021-02-03T19:53:15","date_gmt":"2021-02-03T22:53:15","guid":{"rendered":"http:\/\/ondauno.com.ar\/?p=22108"},"modified":"2021-02-03T19:53:19","modified_gmt":"2021-02-03T22:53:19","slug":"se-lanzo-diplomatura-sobre-trabajo-infantil","status":"publish","type":"post","link":"https:\/\/ondauno.com.ar\/index.php\/2021\/02\/03\/se-lanzo-diplomatura-sobre-trabajo-infantil\/","title":{"rendered":"Se lanz\u00f3 diplomatura sobre trabajo infantil"},"content":{"rendered":"<div class=\"ondau-before-content_3\" style=\"margin-top: -30px;\" id=\"ondau-1576023940\"><a href=\"https:\/\/www.lps.com.ar\/\" aria-label=\"la-perse2\"><img loading=\"lazy\" decoding=\"async\" src=\"https:\/\/ondauno.com.ar\/wp-content\/uploads\/2021\/10\/la-perse2.jpg\" alt=\"\"  srcset=\"https:\/\/ondauno.com.ar\/wp-content\/uploads\/2021\/10\/la-perse2.jpg 1353w, https:\/\/ondauno.com.ar\/wp-content\/uploads\/2021\/10\/la-perse2-300x43.jpg 300w, https:\/\/ondauno.com.ar\/wp-content\/uploads\/2021\/10\/la-perse2-1024x148.jpg 1024w, https:\/\/ondauno.com.ar\/wp-content\/uploads\/2021\/10\/la-perse2-768x111.jpg 768w, https:\/\/ondauno.com.ar\/wp-content\/uploads\/2021\/10\/la-perse2-696x100.jpg 696w, https:\/\/ondauno.com.ar\/wp-content\/uploads\/2021\/10\/la-perse2-1068x154.jpg 1068w\" sizes=\"(max-width: 1353px) 100vw, 1353px\" class=\"no-lazyload\" width=\"1353\" height=\"195\"  style=\"display: inline-block;\" \/><\/a><\/div>\n<p><em>La firma se desarroll\u00f3 en la Universidad Nacional de Mar del Plata.<\/em><\/p>\n\n\n\n<p>En el marco de la pol\u00edtica de articulaci\u00f3n estrat\u00e9gica de acciones con las Universidades P\u00fablicas, la ministra de Trabajo bonaerense, Mara Ruiz Malec, firm\u00f3 este mi\u00e9rcoles con el rector de la Universidad Nacional de Mar del Plata, Alfredo Lazzeretti, un convenio de Asistencia T\u00e9cnica y Cooperaci\u00f3n Acad\u00e9mica que posibilita el desarrollo conjunto de actividades de inter\u00e9s com\u00fan para el desarrollo de ambas instituciones. En este contexto se acord\u00f3 el lanzamiento de la diplomatura orientada al abordaje integral del trabajo infantil.<\/p>\n\n\n\n<p>El convenio entre el Ministerio y la&nbsp;UNMdP&nbsp;prev\u00e9 el desarrollo mancomunado de&nbsp;programas de actualizaci\u00f3n, perfeccionamiento y aprendizaje,&nbsp;con el objetivo de favorecer&nbsp;el intercambio de informaci\u00f3n acad\u00e9mica y generar&nbsp;una comunicaci\u00f3n eficaz entre las partes, respetando la cosmovisi\u00f3n, objetivos y proyectos de cada&nbsp;entidad.&nbsp;<\/p>\n\n\n\n<p>Ruiz&nbsp;Malec&nbsp;rubric\u00f3, a la vez, un protocolo adicional con la decana de la Facultad de Ciencias de la Salud y Trabajo Social, Paula Andrea&nbsp;Meschini, para la generaci\u00f3n de una diplomatura sobre trabajo infantil.&nbsp;&nbsp;<\/p>\n\n\n\n<p>La propuesta, que fue impulsada por el secretario ejecutivo de la COPRETI, Juan&nbsp;Brasesco&nbsp;y la directora Ejecutiva de la Fundaci\u00f3n Desarrollo y Autogesti\u00f3n (D&amp;A), Maro Guerrero, estar\u00e1 integrada por seminarios te\u00f3ricos con enfoque situacional, sectorial y territorial. El dictado de la capacitaci\u00f3n ser\u00e1 a trav\u00e9s de la plataforma virtual que el Ministerio de Trabajo proveer\u00e1 a lo largo de una cursada de cinco meses.&nbsp;<\/p>\n\n\n\n<p>En su calidad de presidenta de la COPRETI, Ruiz&nbsp;Malec&nbsp;afirm\u00f3 que \u201cel programa provincial de erradicaci\u00f3n y&nbsp;prevenci\u00f3n&nbsp;del trabajo infantil tiene como uno de sus objetivos la&nbsp;formaci\u00f3n&nbsp;de los agentes territoriales que intervienen en estas tem\u00e1ticas. Con este protocolo, todos los intervinientes podr\u00e1n contar con herramientas que profesionalizan y optimizan los recursos, en esta tem\u00e1tica que es muy compleja, pero que es prioritaria para nosotros\u201d.&nbsp;<\/p>\n\n\n\n<p>\u201cCon la firma de este convenio y este protocolo cerramos una serie de acciones, como son un relevamiento de datos, intervenciones en territorio, acciones articuladas con el programa ATP,&nbsp;etc, para planificar mejor nuestras intervenciones en territorios y articular mejor en zonas con elevada incidencia en trabajo infantil\u201d, detall\u00f3 la&nbsp;Ministra.&nbsp;<\/p>\n\n\n\n<p>Por su parte,&nbsp;Lazzeretti&nbsp;destac\u00f3&nbsp;\u201cesto abre camino a futuros convenios que contribuyan a la formaci\u00f3n y a las acciones en conjunto en Mar del Plata y la zona. Es un paso positivo para avanzar en el corto plazo en poder dignificar el empleo y luchas contra el trabajo infantil.\u201d&nbsp;<\/p>\n\n\n\n<p>La diplomatura fue concebida para&nbsp;agentes&nbsp;o futuros ingresantes&nbsp;del Estado&nbsp;en las \u00e1reas de ni\u00f1ez y adolescencia, educaci\u00f3n, salud y trabajo, como as\u00ed tambi\u00e9n para&nbsp;l\u00edderes de organizaciones sindicales, empresariales y de la comunidad en general,&nbsp;vinculados&nbsp;a la tem\u00e1tica.&nbsp;<\/p>\n\n\n\n<p>Bajo la coordinaci\u00f3n de la COPRETI, el programa, que iniciar\u00e1 en abril,&nbsp;busca generar capacidades en&nbsp;los&nbsp;participantes, a partir del intercambio con expertos en la tem\u00e1tica, pero tambi\u00e9n mediante el acceso a bibliograf\u00eda especializada, el acompa\u00f1amiento de tutores y la pr\u00e1ctica en territorio.&nbsp;Se ofrecer\u00e1n 10 seminarios, 7 de ellos obligatorios.&nbsp;<\/p>\n\n\n\n<p>Del acto de la firma del convenio, tambi\u00e9n participaron&nbsp;el vicerrector de la casa de estudios, Daniel&nbsp;Antenucci; y la directora de Plan estrat\u00e9gico de la Universidad de Mar del Plata,&nbsp;Mariana&nbsp;Foutel.&nbsp;<\/p>\n","protected":false},"excerpt":{"rendered":"<p>La firma se desarroll\u00f3 en la Universidad Nacional de Mar del Plata. En el marco de la pol\u00edtica de articulaci\u00f3n estrat\u00e9gica de acciones con las Universidades P\u00fablicas, la ministra de Trabajo bonaerense, Mara Ruiz Malec, firm\u00f3 este mi\u00e9rcoles con el rector de la Universidad Nacional de Mar del Plata, Alfredo Lazzeretti, un convenio de Asistencia [&hellip;]<\/p>\n","protected":false},"author":2,"featured_media":22109,"comment_status":"open","ping_status":"open","sticky":false,"template":"","format":"standard","meta":{"tdm_status":"","tdm_grid_status":"","_jetpack_memberships_contains_paid_content":false,"footnotes":"","jetpack_publicize_message":"","jetpack_publicize_feature_enabled":true,"jetpack_social_post_already_shared":true,"jetpack_social_options":{"image_generator_settings":{"template":"highway","default_image_id":0,"font":"","enabled":false},"version":2}},"categories":[30],"tags":[],"class_list":{"0":"post-22108","1":"post","2":"type-post","3":"status-publish","4":"format-standard","5":"has-post-thumbnail","7":"category-provinciales"},"yoast_head":"<!-- This site is optimized with the Yoast SEO plugin v22.7 - https:\/\/yoast.com\/wordpress\/plugins\/seo\/ -->\n<title>Se lanz\u00f3 diplomatura sobre trabajo infantil - 103.9 fm<\/title>\n<meta name=\"robots\" content=\"index, follow, max-snippet:-1, max-image-preview:large, max-video-preview:-1\" \/>\n<link rel=\"canonical\" href=\"https:\/\/ondauno.com.ar\/index.php\/2021\/02\/03\/se-lanzo-diplomatura-sobre-trabajo-infantil\/\" \/>\n<meta property=\"og:locale\" content=\"es_ES\" \/>\n<meta property=\"og:type\" content=\"article\" \/>\n<meta property=\"og:title\" content=\"Se lanz\u00f3 diplomatura sobre trabajo infantil - 103.9 fm\" \/>\n<meta property=\"og:description\" content=\"La firma se desarroll\u00f3 en la Universidad Nacional de Mar del Plata. En el marco de la pol\u00edtica de articulaci\u00f3n estrat\u00e9gica de acciones con las Universidades P\u00fablicas, la ministra de Trabajo bonaerense, Mara Ruiz Malec, firm\u00f3 este mi\u00e9rcoles con el rector de la Universidad Nacional de Mar del Plata, Alfredo Lazzeretti, un convenio de Asistencia [&hellip;]\" \/>\n<meta property=\"og:url\" content=\"https:\/\/ondauno.com.ar\/index.php\/2021\/02\/03\/se-lanzo-diplomatura-sobre-trabajo-infantil\/\" \/>\n<meta property=\"og:site_name\" content=\"103.9 fm\" \/>\n<meta property=\"article:publisher\" content=\"https:\/\/www.facebook.com\/ondauno103.9\" \/>\n<meta property=\"article:published_time\" content=\"2021-02-03T22:53:15+00:00\" \/>\n<meta property=\"article:modified_time\" content=\"2021-02-03T22:53:19+00:00\" \/>\n<meta property=\"og:image\" content=\"https:\/\/ondauno.com.ar\/wp-content\/uploads\/2021\/02\/WhatsApp-Image-2021-02-03-at-17.53.19.jpeg\" \/>\n\t<meta property=\"og:image:width\" content=\"700\" \/>\n\t<meta property=\"og:image:height\" content=\"466\" \/>\n\t<meta property=\"og:image:type\" content=\"image\/jpeg\" \/>\n<meta name=\"author\" content=\"fernando garcia\" \/>\n<meta name=\"twitter:card\" content=\"summary_large_image\" \/>\n<meta name=\"twitter:label1\" content=\"Escrito por\" \/>\n\t<meta name=\"twitter:data1\" content=\"fernando garcia\" \/>\n\t<meta name=\"twitter:label2\" content=\"Tiempo de lectura\" \/>\n\t<meta name=\"twitter:data2\" content=\"3 minutos\" \/>\n<script type=\"application\/ld+json\" class=\"yoast-schema-graph\">{\"@context\":\"https:\/\/schema.org\",\"@graph\":[{\"@type\":\"WebPage\",\"@id\":\"https:\/\/ondauno.com.ar\/index.php\/2021\/02\/03\/se-lanzo-diplomatura-sobre-trabajo-infantil\/\",\"url\":\"https:\/\/ondauno.com.ar\/index.php\/2021\/02\/03\/se-lanzo-diplomatura-sobre-trabajo-infantil\/\",\"name\":\"Se lanz\u00f3 diplomatura sobre trabajo infantil - 103.9 fm\",\"isPartOf\":{\"@id\":\"https:\/\/ondauno.com.ar\/#website\"},\"primaryImageOfPage\":{\"@id\":\"https:\/\/ondauno.com.ar\/index.php\/2021\/02\/03\/se-lanzo-diplomatura-sobre-trabajo-infantil\/#primaryimage\"},\"image\":{\"@id\":\"https:\/\/ondauno.com.ar\/index.php\/2021\/02\/03\/se-lanzo-diplomatura-sobre-trabajo-infantil\/#primaryimage\"},\"thumbnailUrl\":\"https:\/\/ondauno.com.ar\/wp-content\/uploads\/2021\/02\/WhatsApp-Image-2021-02-03-at-17.53.19.jpeg\",\"datePublished\":\"2021-02-03T22:53:15+00:00\",\"dateModified\":\"2021-02-03T22:53:19+00:00\",\"author\":{\"@id\":\"https:\/\/ondauno.com.ar\/#\/schema\/person\/201d1b68e6c75e0fd396fe5f8af5d139\"},\"breadcrumb\":{\"@id\":\"https:\/\/ondauno.com.ar\/index.php\/2021\/02\/03\/se-lanzo-diplomatura-sobre-trabajo-infantil\/#breadcrumb\"},\"inLanguage\":\"es-AR\",\"potentialAction\":[{\"@type\":\"ReadAction\",\"target\":[\"https:\/\/ondauno.com.ar\/index.php\/2021\/02\/03\/se-lanzo-diplomatura-sobre-trabajo-infantil\/\"]}]},{\"@type\":\"ImageObject\",\"inLanguage\":\"es-AR\",\"@id\":\"https:\/\/ondauno.com.ar\/index.php\/2021\/02\/03\/se-lanzo-diplomatura-sobre-trabajo-infantil\/#primaryimage\",\"url\":\"https:\/\/ondauno.com.ar\/wp-content\/uploads\/2021\/02\/WhatsApp-Image-2021-02-03-at-17.53.19.jpeg\",\"contentUrl\":\"https:\/\/ondauno.com.ar\/wp-content\/uploads\/2021\/02\/WhatsApp-Image-2021-02-03-at-17.53.19.jpeg\",\"width\":700,\"height\":466},{\"@type\":\"BreadcrumbList\",\"@id\":\"https:\/\/ondauno.com.ar\/index.php\/2021\/02\/03\/se-lanzo-diplomatura-sobre-trabajo-infantil\/#breadcrumb\",\"itemListElement\":[{\"@type\":\"ListItem\",\"position\":1,\"name\":\"Inicio\",\"item\":\"https:\/\/ondauno.com.ar\/\"},{\"@type\":\"ListItem\",\"position\":2,\"name\":\"Se lanz\u00f3 diplomatura sobre trabajo infantil\"}]},{\"@type\":\"WebSite\",\"@id\":\"https:\/\/ondauno.com.ar\/#website\",\"url\":\"https:\/\/ondauno.com.ar\/\",\"name\":\"103.9 fm\",\"description\":\"LA PRIMERA RADIO MULTIMEDIA DE TRES ARROYOS\",\"potentialAction\":[{\"@type\":\"SearchAction\",\"target\":{\"@type\":\"EntryPoint\",\"urlTemplate\":\"https:\/\/ondauno.com.ar\/?s={search_term_string}\"},\"query-input\":\"required name=search_term_string\"}],\"inLanguage\":\"es-AR\"},{\"@type\":\"Person\",\"@id\":\"https:\/\/ondauno.com.ar\/#\/schema\/person\/201d1b68e6c75e0fd396fe5f8af5d139\",\"name\":\"fernando garcia\",\"image\":{\"@type\":\"ImageObject\",\"inLanguage\":\"es-AR\",\"@id\":\"https:\/\/ondauno.com.ar\/#\/schema\/person\/image\/\",\"url\":\"https:\/\/secure.gravatar.com\/avatar\/5f7254642ad81272e79a2e69653cfdfc?s=96&d=mm&r=g\",\"contentUrl\":\"https:\/\/secure.gravatar.com\/avatar\/5f7254642ad81272e79a2e69653cfdfc?s=96&d=mm&r=g\",\"caption\":\"fernando garcia\"},\"url\":\"https:\/\/ondauno.com.ar\/index.php\/author\/ondaunoeditor\/\"}]}<\/script>\n<!-- \/ Yoast SEO plugin. -->","yoast_head_json":{"title":"Se lanz\u00f3 diplomatura sobre trabajo infantil - 103.9 fm","robots":{"index":"index","follow":"follow","max-snippet":"max-snippet:-1","max-image-preview":"max-image-preview:large","max-video-preview":"max-video-preview:-1"},"canonical":"https:\/\/ondauno.com.ar\/index.php\/2021\/02\/03\/se-lanzo-diplomatura-sobre-trabajo-infantil\/","og_locale":"es_ES","og_type":"article","og_title":"Se lanz\u00f3 diplomatura sobre trabajo infantil - 103.9 fm","og_description":"La firma se desarroll\u00f3 en la Universidad Nacional de Mar del Plata. En el marco de la pol\u00edtica de articulaci\u00f3n estrat\u00e9gica de acciones con las Universidades P\u00fablicas, la ministra de Trabajo bonaerense, Mara Ruiz Malec, firm\u00f3 este mi\u00e9rcoles con el rector de la Universidad Nacional de Mar del Plata, Alfredo Lazzeretti, un convenio de Asistencia [&hellip;]","og_url":"https:\/\/ondauno.com.ar\/index.php\/2021\/02\/03\/se-lanzo-diplomatura-sobre-trabajo-infantil\/","og_site_name":"103.9 fm","article_publisher":"https:\/\/www.facebook.com\/ondauno103.9","article_published_time":"2021-02-03T22:53:15+00:00","article_modified_time":"2021-02-03T22:53:19+00:00","og_image":[{"width":700,"height":466,"url":"https:\/\/ondauno.com.ar\/wp-content\/uploads\/2021\/02\/WhatsApp-Image-2021-02-03-at-17.53.19.jpeg","type":"image\/jpeg"}],"author":"fernando garcia","twitter_card":"summary_large_image","twitter_misc":{"Escrito por":"fernando garcia","Tiempo de lectura":"3 minutos"},"schema":{"@context":"https:\/\/schema.org","@graph":[{"@type":"WebPage","@id":"https:\/\/ondauno.com.ar\/index.php\/2021\/02\/03\/se-lanzo-diplomatura-sobre-trabajo-infantil\/","url":"https:\/\/ondauno.com.ar\/index.php\/2021\/02\/03\/se-lanzo-diplomatura-sobre-trabajo-infantil\/","name":"Se lanz\u00f3 diplomatura sobre trabajo infantil - 103.9 fm","isPartOf":{"@id":"https:\/\/ondauno.com.ar\/#website"},"primaryImageOfPage":{"@id":"https:\/\/ondauno.com.ar\/index.php\/2021\/02\/03\/se-lanzo-diplomatura-sobre-trabajo-infantil\/#primaryimage"},"image":{"@id":"https:\/\/ondauno.com.ar\/index.php\/2021\/02\/03\/se-lanzo-diplomatura-sobre-trabajo-infantil\/#primaryimage"},"thumbnailUrl":"https:\/\/ondauno.com.ar\/wp-content\/uploads\/2021\/02\/WhatsApp-Image-2021-02-03-at-17.53.19.jpeg","datePublished":"2021-02-03T22:53:15+00:00","dateModified":"2021-02-03T22:53:19+00:00","author":{"@id":"https:\/\/ondauno.com.ar\/#\/schema\/person\/201d1b68e6c75e0fd396fe5f8af5d139"},"breadcrumb":{"@id":"https:\/\/ondauno.com.ar\/index.php\/2021\/02\/03\/se-lanzo-diplomatura-sobre-trabajo-infantil\/#breadcrumb"},"inLanguage":"es-AR","potentialAction":[{"@type":"ReadAction","target":["https:\/\/ondauno.com.ar\/index.php\/2021\/02\/03\/se-lanzo-diplomatura-sobre-trabajo-infantil\/"]}]},{"@type":"ImageObject","inLanguage":"es-AR","@id":"https:\/\/ondauno.com.ar\/index.php\/2021\/02\/03\/se-lanzo-diplomatura-sobre-trabajo-infantil\/#primaryimage","url":"https:\/\/ondauno.com.ar\/wp-content\/uploads\/2021\/02\/WhatsApp-Image-2021-02-03-at-17.53.19.jpeg","contentUrl":"https:\/\/ondauno.com.ar\/wp-content\/uploads\/2021\/02\/WhatsApp-Image-2021-02-03-at-17.53.19.jpeg","width":700,"height":466},{"@type":"BreadcrumbList","@id":"https:\/\/ondauno.com.ar\/index.php\/2021\/02\/03\/se-lanzo-diplomatura-sobre-trabajo-infantil\/#breadcrumb","itemListElement":[{"@type":"ListItem","position":1,"name":"Inicio","item":"https:\/\/ondauno.com.ar\/"},{"@type":"ListItem","position":2,"name":"Se lanz\u00f3 diplomatura sobre trabajo infantil"}]},{"@type":"WebSite","@id":"https:\/\/ondauno.com.ar\/#website","url":"https:\/\/ondauno.com.ar\/","name":"103.9 fm","description":"LA PRIMERA RADIO MULTIMEDIA DE TRES ARROYOS","potentialAction":[{"@type":"SearchAction","target":{"@type":"EntryPoint","urlTemplate":"https:\/\/ondauno.com.ar\/?s={search_term_string}"},"query-input":"required name=search_term_string"}],"inLanguage":"es-AR"},{"@type":"Person","@id":"https:\/\/ondauno.com.ar\/#\/schema\/person\/201d1b68e6c75e0fd396fe5f8af5d139","name":"fernando garcia","image":{"@type":"ImageObject","inLanguage":"es-AR","@id":"https:\/\/ondauno.com.ar\/#\/schema\/person\/image\/","url":"https:\/\/secure.gravatar.com\/avatar\/5f7254642ad81272e79a2e69653cfdfc?s=96&d=mm&r=g","contentUrl":"https:\/\/secure.gravatar.com\/avatar\/5f7254642ad81272e79a2e69653cfdfc?s=96&d=mm&r=g","caption":"fernando garcia"},"url":"https:\/\/ondauno.com.ar\/index.php\/author\/ondaunoeditor\/"}]}},"jetpack_publicize_connections":[],"jetpack_featured_media_url":"https:\/\/ondauno.com.ar\/wp-content\/uploads\/2021\/02\/WhatsApp-Image-2021-02-03-at-17.53.19.jpeg","jetpack_sharing_enabled":true,"_links":{"self":[{"href":"https:\/\/ondauno.com.ar\/index.php\/wp-json\/wp\/v2\/posts\/22108","targetHints":{"allow":["GET"]}}],"collection":[{"href":"https:\/\/ondauno.com.ar\/index.php\/wp-json\/wp\/v2\/posts"}],"about":[{"href":"https:\/\/ondauno.com.ar\/index.php\/wp-json\/wp\/v2\/types\/post"}],"author":[{"embeddable":true,"href":"https:\/\/ondauno.com.ar\/index.php\/wp-json\/wp\/v2\/users\/2"}],"replies":[{"embeddable":true,"href":"https:\/\/ondauno.com.ar\/index.php\/wp-json\/wp\/v2\/comments?post=22108"}],"version-history":[{"count":0,"href":"https:\/\/ondauno.com.ar\/index.php\/wp-json\/wp\/v2\/posts\/22108\/revisions"}],"wp:featuredmedia":[{"embeddable":true,"href":"https:\/\/ondauno.com.ar\/index.php\/wp-json\/wp\/v2\/media\/22109"}],"wp:attachment":[{"href":"https:\/\/ondauno.com.ar\/index.php\/wp-json\/wp\/v2\/media?parent=22108"}],"wp:term":[{"taxonomy":"category","embeddable":true,"href":"https:\/\/ondauno.com.ar\/index.php\/wp-json\/wp\/v2\/categories?post=22108"},{"taxonomy":"post_tag","embeddable":true,"href":"https:\/\/ondauno.com.ar\/index.php\/wp-json\/wp\/v2\/tags?post=22108"}],"curies":[{"name":"wp","href":"https:\/\/api.w.org\/{rel}","templated":true}]}}