{"id":21714,"date":"2021-01-12T11:52:40","date_gmt":"2021-01-12T14:52:40","guid":{"rendered":"http:\/\/ondauno.com.ar\/?p=21714"},"modified":"2021-01-12T11:52:44","modified_gmt":"2021-01-12T14:52:44","slug":"el-coronavirus-se-llevo-a-tito-otero","status":"publish","type":"post","link":"https:\/\/ondauno.com.ar\/index.php\/2021\/01\/12\/el-coronavirus-se-llevo-a-tito-otero\/","title":{"rendered":"El coronavirus se llev\u00f3 a Tito Otero"},"content":{"rendered":"<div class=\"ondau-before-content_3\" style=\"margin-top: -30px;\" id=\"ondau-663522836\"><a href=\"https:\/\/www.lps.com.ar\/\" aria-label=\"la-perse2\"><img loading=\"lazy\" decoding=\"async\" src=\"https:\/\/ondauno.com.ar\/wp-content\/uploads\/2021\/10\/la-perse2.jpg\" alt=\"\"  srcset=\"https:\/\/ondauno.com.ar\/wp-content\/uploads\/2021\/10\/la-perse2.jpg 1353w, https:\/\/ondauno.com.ar\/wp-content\/uploads\/2021\/10\/la-perse2-300x43.jpg 300w, https:\/\/ondauno.com.ar\/wp-content\/uploads\/2021\/10\/la-perse2-1024x148.jpg 1024w, https:\/\/ondauno.com.ar\/wp-content\/uploads\/2021\/10\/la-perse2-768x111.jpg 768w, https:\/\/ondauno.com.ar\/wp-content\/uploads\/2021\/10\/la-perse2-696x100.jpg 696w, https:\/\/ondauno.com.ar\/wp-content\/uploads\/2021\/10\/la-perse2-1068x154.jpg 1068w\" sizes=\"(max-width: 1353px) 100vw, 1353px\" class=\"no-lazyload\" width=\"1353\" height=\"195\"  style=\"display: inline-block;\" \/><\/a><\/div>\n<p>El reconocido estilista tresarroyense falleci\u00f3 en la ma\u00f1ana de este martes a causa del coronavirus.<\/p>\n\n\n\n<p>Desde hac\u00eda d\u00edas sosten\u00eda una dur\u00edsima batalla para sobrevivir al paso de la enfermedad que gener\u00f3 la actual pandemia.<\/p>\n\n\n\n<p>Ser\u00e1 recordado siempre por su sonrisa espont\u00e1nea, con una tijera en la mano y un peine en la otra. Y especialmente con el manto rojo de Independiente.<\/p>\n\n\n\n<p>Hasta siempre Tito!!<\/p>\n","protected":false},"excerpt":{"rendered":"<p>El reconocido estilista tresarroyense falleci\u00f3 en la ma\u00f1ana de este martes a causa del coronavirus. Desde hac\u00eda d\u00edas sosten\u00eda una dur\u00edsima batalla para sobrevivir al paso de la enfermedad que gener\u00f3 la actual pandemia. Ser\u00e1 recordado siempre por su sonrisa espont\u00e1nea, con una tijera en la mano y un peine en la otra. Y especialmente [&hellip;]<\/p>\n","protected":false},"author":2,"featured_media":0,"comment_status":"open","ping_status":"open","sticky":false,"template":"","format":"standard","meta":{"tdm_status":"","tdm_grid_status":"","_jetpack_memberships_contains_paid_content":false,"footnotes":"","jetpack_publicize_message":"","jetpack_publicize_feature_enabled":true,"jetpack_social_post_already_shared":true,"jetpack_social_options":{"image_generator_settings":{"template":"highway","default_image_id":0,"font":"","enabled":false},"version":2}},"categories":[2],"tags":[],"class_list":{"0":"post-21714","1":"post","2":"type-post","3":"status-publish","4":"format-standard","6":"category-locales"},"yoast_head":"<!-- This site is optimized with the Yoast SEO plugin v22.7 - https:\/\/yoast.com\/wordpress\/plugins\/seo\/ -->\n<title>El coronavirus se llev\u00f3 a Tito Otero - 103.9 fm<\/title>\n<meta name=\"robots\" content=\"index, follow, max-snippet:-1, max-image-preview:large, max-video-preview:-1\" \/>\n<link rel=\"canonical\" href=\"https:\/\/ondauno.com.ar\/index.php\/2021\/01\/12\/el-coronavirus-se-llevo-a-tito-otero\/\" \/>\n<meta property=\"og:locale\" content=\"es_ES\" \/>\n<meta property=\"og:type\" content=\"article\" \/>\n<meta property=\"og:title\" content=\"El coronavirus se llev\u00f3 a Tito Otero - 103.9 fm\" \/>\n<meta property=\"og:description\" content=\"El reconocido estilista tresarroyense falleci\u00f3 en la ma\u00f1ana de este martes a causa del coronavirus. Desde hac\u00eda d\u00edas sosten\u00eda una dur\u00edsima batalla para sobrevivir al paso de la enfermedad que gener\u00f3 la actual pandemia. Ser\u00e1 recordado siempre por su sonrisa espont\u00e1nea, con una tijera en la mano y un peine en la otra. Y especialmente [&hellip;]\" \/>\n<meta property=\"og:url\" content=\"https:\/\/ondauno.com.ar\/index.php\/2021\/01\/12\/el-coronavirus-se-llevo-a-tito-otero\/\" \/>\n<meta property=\"og:site_name\" content=\"103.9 fm\" \/>\n<meta property=\"article:publisher\" content=\"https:\/\/www.facebook.com\/ondauno103.9\" \/>\n<meta property=\"article:published_time\" content=\"2021-01-12T14:52:40+00:00\" \/>\n<meta property=\"article:modified_time\" content=\"2021-01-12T14:52:44+00:00\" \/>\n<meta property=\"og:image\" content=\"https:\/\/ondauno.com.ar\/wp-content\/uploads\/2021\/01\/WhatsApp-Image-2021-01-12-at-10.56.11.jpeg\" \/>\n\t<meta property=\"og:image:width\" content=\"720\" \/>\n\t<meta property=\"og:image:height\" content=\"1254\" \/>\n\t<meta property=\"og:image:type\" content=\"image\/jpeg\" \/>\n<meta name=\"author\" content=\"fernando garcia\" \/>\n<meta name=\"twitter:card\" content=\"summary_large_image\" \/>\n<meta name=\"twitter:label1\" content=\"Escrito por\" \/>\n\t<meta name=\"twitter:data1\" content=\"fernando garcia\" \/>\n<script type=\"application\/ld+json\" class=\"yoast-schema-graph\">{\"@context\":\"https:\/\/schema.org\",\"@graph\":[{\"@type\":\"WebPage\",\"@id\":\"https:\/\/ondauno.com.ar\/index.php\/2021\/01\/12\/el-coronavirus-se-llevo-a-tito-otero\/\",\"url\":\"https:\/\/ondauno.com.ar\/index.php\/2021\/01\/12\/el-coronavirus-se-llevo-a-tito-otero\/\",\"name\":\"El coronavirus se llev\u00f3 a Tito Otero - 103.9 fm\",\"isPartOf\":{\"@id\":\"https:\/\/ondauno.com.ar\/#website\"},\"datePublished\":\"2021-01-12T14:52:40+00:00\",\"dateModified\":\"2021-01-12T14:52:44+00:00\",\"author\":{\"@id\":\"https:\/\/ondauno.com.ar\/#\/schema\/person\/201d1b68e6c75e0fd396fe5f8af5d139\"},\"breadcrumb\":{\"@id\":\"https:\/\/ondauno.com.ar\/index.php\/2021\/01\/12\/el-coronavirus-se-llevo-a-tito-otero\/#breadcrumb\"},\"inLanguage\":\"es-AR\",\"potentialAction\":[{\"@type\":\"ReadAction\",\"target\":[\"https:\/\/ondauno.com.ar\/index.php\/2021\/01\/12\/el-coronavirus-se-llevo-a-tito-otero\/\"]}]},{\"@type\":\"BreadcrumbList\",\"@id\":\"https:\/\/ondauno.com.ar\/index.php\/2021\/01\/12\/el-coronavirus-se-llevo-a-tito-otero\/#breadcrumb\",\"itemListElement\":[{\"@type\":\"ListItem\",\"position\":1,\"name\":\"Inicio\",\"item\":\"https:\/\/ondauno.com.ar\/\"},{\"@type\":\"ListItem\",\"position\":2,\"name\":\"El coronavirus se llev\u00f3 a Tito Otero\"}]},{\"@type\":\"WebSite\",\"@id\":\"https:\/\/ondauno.com.ar\/#website\",\"url\":\"https:\/\/ondauno.com.ar\/\",\"name\":\"103.9 fm\",\"description\":\"LA PRIMERA RADIO MULTIMEDIA DE TRES ARROYOS\",\"potentialAction\":[{\"@type\":\"SearchAction\",\"target\":{\"@type\":\"EntryPoint\",\"urlTemplate\":\"https:\/\/ondauno.com.ar\/?s={search_term_string}\"},\"query-input\":\"required name=search_term_string\"}],\"inLanguage\":\"es-AR\"},{\"@type\":\"Person\",\"@id\":\"https:\/\/ondauno.com.ar\/#\/schema\/person\/201d1b68e6c75e0fd396fe5f8af5d139\",\"name\":\"fernando garcia\",\"image\":{\"@type\":\"ImageObject\",\"inLanguage\":\"es-AR\",\"@id\":\"https:\/\/ondauno.com.ar\/#\/schema\/person\/image\/\",\"url\":\"https:\/\/secure.gravatar.com\/avatar\/5f7254642ad81272e79a2e69653cfdfc?s=96&d=mm&r=g\",\"contentUrl\":\"https:\/\/secure.gravatar.com\/avatar\/5f7254642ad81272e79a2e69653cfdfc?s=96&d=mm&r=g\",\"caption\":\"fernando garcia\"},\"url\":\"https:\/\/ondauno.com.ar\/index.php\/author\/ondaunoeditor\/\"}]}<\/script>\n<!-- \/ Yoast SEO plugin. -->","yoast_head_json":{"title":"El coronavirus se llev\u00f3 a Tito Otero - 103.9 fm","robots":{"index":"index","follow":"follow","max-snippet":"max-snippet:-1","max-image-preview":"max-image-preview:large","max-video-preview":"max-video-preview:-1"},"canonical":"https:\/\/ondauno.com.ar\/index.php\/2021\/01\/12\/el-coronavirus-se-llevo-a-tito-otero\/","og_locale":"es_ES","og_type":"article","og_title":"El coronavirus se llev\u00f3 a Tito Otero - 103.9 fm","og_description":"El reconocido estilista tresarroyense falleci\u00f3 en la ma\u00f1ana de este martes a causa del coronavirus. Desde hac\u00eda d\u00edas sosten\u00eda una dur\u00edsima batalla para sobrevivir al paso de la enfermedad que gener\u00f3 la actual pandemia. Ser\u00e1 recordado siempre por su sonrisa espont\u00e1nea, con una tijera en la mano y un peine en la otra. Y especialmente [&hellip;]","og_url":"https:\/\/ondauno.com.ar\/index.php\/2021\/01\/12\/el-coronavirus-se-llevo-a-tito-otero\/","og_site_name":"103.9 fm","article_publisher":"https:\/\/www.facebook.com\/ondauno103.9","article_published_time":"2021-01-12T14:52:40+00:00","article_modified_time":"2021-01-12T14:52:44+00:00","og_image":[{"width":720,"height":1254,"url":"https:\/\/ondauno.com.ar\/wp-content\/uploads\/2021\/01\/WhatsApp-Image-2021-01-12-at-10.56.11.jpeg","type":"image\/jpeg"}],"author":"fernando garcia","twitter_card":"summary_large_image","twitter_misc":{"Escrito por":"fernando garcia"},"schema":{"@context":"https:\/\/schema.org","@graph":[{"@type":"WebPage","@id":"https:\/\/ondauno.com.ar\/index.php\/2021\/01\/12\/el-coronavirus-se-llevo-a-tito-otero\/","url":"https:\/\/ondauno.com.ar\/index.php\/2021\/01\/12\/el-coronavirus-se-llevo-a-tito-otero\/","name":"El coronavirus se llev\u00f3 a Tito Otero - 103.9 fm","isPartOf":{"@id":"https:\/\/ondauno.com.ar\/#website"},"datePublished":"2021-01-12T14:52:40+00:00","dateModified":"2021-01-12T14:52:44+00:00","author":{"@id":"https:\/\/ondauno.com.ar\/#\/schema\/person\/201d1b68e6c75e0fd396fe5f8af5d139"},"breadcrumb":{"@id":"https:\/\/ondauno.com.ar\/index.php\/2021\/01\/12\/el-coronavirus-se-llevo-a-tito-otero\/#breadcrumb"},"inLanguage":"es-AR","potentialAction":[{"@type":"ReadAction","target":["https:\/\/ondauno.com.ar\/index.php\/2021\/01\/12\/el-coronavirus-se-llevo-a-tito-otero\/"]}]},{"@type":"BreadcrumbList","@id":"https:\/\/ondauno.com.ar\/index.php\/2021\/01\/12\/el-coronavirus-se-llevo-a-tito-otero\/#breadcrumb","itemListElement":[{"@type":"ListItem","position":1,"name":"Inicio","item":"https:\/\/ondauno.com.ar\/"},{"@type":"ListItem","position":2,"name":"El coronavirus se llev\u00f3 a Tito Otero"}]},{"@type":"WebSite","@id":"https:\/\/ondauno.com.ar\/#website","url":"https:\/\/ondauno.com.ar\/","name":"103.9 fm","description":"LA PRIMERA RADIO MULTIMEDIA DE TRES ARROYOS","potentialAction":[{"@type":"SearchAction","target":{"@type":"EntryPoint","urlTemplate":"https:\/\/ondauno.com.ar\/?s={search_term_string}"},"query-input":"required name=search_term_string"}],"inLanguage":"es-AR"},{"@type":"Person","@id":"https:\/\/ondauno.com.ar\/#\/schema\/person\/201d1b68e6c75e0fd396fe5f8af5d139","name":"fernando garcia","image":{"@type":"ImageObject","inLanguage":"es-AR","@id":"https:\/\/ondauno.com.ar\/#\/schema\/person\/image\/","url":"https:\/\/secure.gravatar.com\/avatar\/5f7254642ad81272e79a2e69653cfdfc?s=96&d=mm&r=g","contentUrl":"https:\/\/secure.gravatar.com\/avatar\/5f7254642ad81272e79a2e69653cfdfc?s=96&d=mm&r=g","caption":"fernando garcia"},"url":"https:\/\/ondauno.com.ar\/index.php\/author\/ondaunoeditor\/"}]}},"jetpack_publicize_connections":[],"jetpack_featured_media_url":"","jetpack_sharing_enabled":true,"_links":{"self":[{"href":"https:\/\/ondauno.com.ar\/index.php\/wp-json\/wp\/v2\/posts\/21714","targetHints":{"allow":["GET"]}}],"collection":[{"href":"https:\/\/ondauno.com.ar\/index.php\/wp-json\/wp\/v2\/posts"}],"about":[{"href":"https:\/\/ondauno.com.ar\/index.php\/wp-json\/wp\/v2\/types\/post"}],"author":[{"embeddable":true,"href":"https:\/\/ondauno.com.ar\/index.php\/wp-json\/wp\/v2\/users\/2"}],"replies":[{"embeddable":true,"href":"https:\/\/ondauno.com.ar\/index.php\/wp-json\/wp\/v2\/comments?post=21714"}],"version-history":[{"count":0,"href":"https:\/\/ondauno.com.ar\/index.php\/wp-json\/wp\/v2\/posts\/21714\/revisions"}],"wp:attachment":[{"href":"https:\/\/ondauno.com.ar\/index.php\/wp-json\/wp\/v2\/media?parent=21714"}],"wp:term":[{"taxonomy":"category","embeddable":true,"href":"https:\/\/ondauno.com.ar\/index.php\/wp-json\/wp\/v2\/categories?post=21714"},{"taxonomy":"post_tag","embeddable":true,"href":"https:\/\/ondauno.com.ar\/index.php\/wp-json\/wp\/v2\/tags?post=21714"}],"curies":[{"name":"wp","href":"https:\/\/api.w.org\/{rel}","templated":true}]}}