{"id":21624,"date":"2021-01-09T13:55:42","date_gmt":"2021-01-09T16:55:42","guid":{"rendered":"https:\/\/ondauno.com.ar\/?p=21624"},"modified":"2021-01-09T16:48:50","modified_gmt":"2021-01-09T19:48:50","slug":"como-son-las-nuevas-disposiciones-de-circulacion-en-la-provincia-de-bue-os-aires","status":"publish","type":"post","link":"https:\/\/ondauno.com.ar\/index.php\/2021\/01\/09\/como-son-las-nuevas-disposiciones-de-circulacion-en-la-provincia-de-bue-os-aires\/","title":{"rendered":"C\u00f3mo son las nuevas disposiciones de circulaci\u00f3n en la provincia de Buenos Aires"},"content":{"rendered":"<div class=\"ondau-before-content_3\" style=\"margin-top: -30px;\" id=\"ondau-3135345055\"><a href=\"https:\/\/www.lps.com.ar\/\" aria-label=\"la-perse2\"><img loading=\"lazy\" decoding=\"async\" src=\"https:\/\/ondauno.com.ar\/wp-content\/uploads\/2021\/10\/la-perse2.jpg\" alt=\"\"  srcset=\"https:\/\/ondauno.com.ar\/wp-content\/uploads\/2021\/10\/la-perse2.jpg 1353w, https:\/\/ondauno.com.ar\/wp-content\/uploads\/2021\/10\/la-perse2-300x43.jpg 300w, https:\/\/ondauno.com.ar\/wp-content\/uploads\/2021\/10\/la-perse2-1024x148.jpg 1024w, https:\/\/ondauno.com.ar\/wp-content\/uploads\/2021\/10\/la-perse2-768x111.jpg 768w, https:\/\/ondauno.com.ar\/wp-content\/uploads\/2021\/10\/la-perse2-696x100.jpg 696w, https:\/\/ondauno.com.ar\/wp-content\/uploads\/2021\/10\/la-perse2-1068x154.jpg 1068w\" sizes=\"(max-width: 1353px) 100vw, 1353px\" class=\"no-lazyload\" width=\"1353\" height=\"195\"  style=\"display: inline-block;\" \/><\/a><\/div>\n<ul class=\"wp-block-list\"><li>NUEVAS DISPOSICIONES Y RESTRICCIONES HORARIAS EN LA PROVINCIA DE BUENOS AIRES*<\/li><\/ul>\n\n\n\n<p>En vistas de la publicaci\u00f3n en el d\u00eda de ayer del Decreto N\u00b0 4\/2021 del Poder Ejecutivo Nacional, el gobierno de la provincia de Buenos Aires dispone las siguientes medidas, que entrar\u00e1n en vigencia el lunes 11 de enero a partir de las 01.00 horas.<\/p>\n\n\n\n<ol class=\"wp-block-list\"><li>Continuar empleando el sistema de fases vigente para la habilitaci\u00f3n de actividades y servicios en los 135 distritos de la provincia, de acuerdo con su situaci\u00f3n epidemiol\u00f3gica y sanitaria. En la actualidad 17 municipios se encuentran en Fase 5, 109 en Fase 4 y 9 en Fase 3.<\/li><li>En los municipios que se encuentran en fases 3 y 4 se suspender\u00e1 entre las 01.00 y las 06.00 horas toda actividad comercial, art\u00edstica, deportiva, cultural, social y recreativa, exceptuando las actividades productivas manufactureras, agropecuarias y todas aquellas definidas como esenciales de acuerdo a la normativa vigente.<\/li><li>Reducir las actividades sociales, recreativas y familiares a grupos de hasta 10 personas en espacios cerrados y abiertos.<\/li><li>Restringir el uso de transporte de pasajeros urbano a personas alcanzadas por las actividades y servicios definidos como esenciales.<\/li><li>Reforzar todos los controles, tanto provinciales como municipales, para disminuir la circulaci\u00f3n de personas en horarios nocturnos y evitar la realizaci\u00f3n de actividades no permitidas. Las denuncias de fiestas clandestinas se reciben a trav\u00e9s del 911 y de la l\u00ednea (221) 429-3386, dispuesta por el Ministerio de Seguridad, la cual funciona viernes, s\u00e1bados y domingos de 22.00 a 06.00 horas exclusivamente para este tipo de delitos.<\/li><li>Habilitar a las autoridades municipales el control del cumplimiento de la obligaci\u00f3n de utilizar tapabocas, previsto en el Decreto N\u00b0 255\/2020 y modificatorios, y la aplicaci\u00f3n de las multas correspondientes, de acuerdo a lo establecido en el art\u00edculo 2 del Decreto-Ley N\u00b0 8841\/77 y modificatorias.<\/li><li>En el caso de fiestas y\/o reuniones que vulneren lo permitido legalmente en el marco de las medidas de \u201caislamiento social preventivo y obligatorio\u201d y de \u201cdistanciamiento social preventivo y obligatorio\u201d en el \u00e1mbito de la provincia de Buenos Aires, adem\u00e1s de las sanciones previstas en el art. 205 del C\u00f3digo Penal, podr\u00e1n aplicarse multas de hasta tres millones trescientos sesenta y cuatro mil pesos ($3.364.000), tanto a los asistentes, organizadores como a los propietarios de los inmuebles donde se realicen.<\/li><li>El d\u00eda martes 12 de enero se actualizar\u00e1n las disposiciones en base a la nueva situaci\u00f3n epidemiol\u00f3gica y sanitaria de la provincia y sus 135 distritos.<\/li><\/ol>\n","protected":false},"excerpt":{"rendered":"<p>NUEVAS DISPOSICIONES Y RESTRICCIONES HORARIAS EN LA PROVINCIA DE BUENOS AIRES* En vistas de la publicaci\u00f3n en el d\u00eda de ayer del Decreto N\u00b0 4\/2021 del Poder Ejecutivo Nacional, el gobierno de la provincia de Buenos Aires dispone las siguientes medidas, que entrar\u00e1n en vigencia el lunes 11 de enero a partir de las 01.00 [&hellip;]<\/p>\n","protected":false},"author":2,"featured_media":45248,"comment_status":"open","ping_status":"open","sticky":false,"template":"","format":"gallery","meta":{"tdm_status":"","tdm_grid_status":"","_jetpack_memberships_contains_paid_content":false,"footnotes":"","jetpack_publicize_message":"","jetpack_publicize_feature_enabled":true,"jetpack_social_post_already_shared":true,"jetpack_social_options":{"image_generator_settings":{"template":"highway","default_image_id":0,"font":"","enabled":false},"version":2}},"categories":[30],"tags":[],"class_list":{"0":"post-21624","1":"post","2":"type-post","3":"status-publish","4":"format-gallery","5":"has-post-thumbnail","7":"category-provinciales","8":"post_format-post-format-gallery"},"yoast_head":"<!-- This site is optimized with the Yoast SEO plugin v22.7 - https:\/\/yoast.com\/wordpress\/plugins\/seo\/ -->\n<title>C\u00f3mo son las nuevas disposiciones de circulaci\u00f3n en la provincia de Buenos Aires - 103.9 fm<\/title>\n<meta name=\"robots\" content=\"index, follow, max-snippet:-1, max-image-preview:large, max-video-preview:-1\" \/>\n<link rel=\"canonical\" href=\"https:\/\/ondauno.com.ar\/index.php\/2021\/01\/09\/como-son-las-nuevas-disposiciones-de-circulacion-en-la-provincia-de-bue-os-aires\/\" \/>\n<meta property=\"og:locale\" content=\"es_ES\" \/>\n<meta property=\"og:type\" content=\"article\" \/>\n<meta property=\"og:title\" content=\"C\u00f3mo son las nuevas disposiciones de circulaci\u00f3n en la provincia de Buenos Aires - 103.9 fm\" \/>\n<meta property=\"og:description\" content=\"NUEVAS DISPOSICIONES Y RESTRICCIONES HORARIAS EN LA PROVINCIA DE BUENOS AIRES* En vistas de la publicaci\u00f3n en el d\u00eda de ayer del Decreto N\u00b0 4\/2021 del Poder Ejecutivo Nacional, el gobierno de la provincia de Buenos Aires dispone las siguientes medidas, que entrar\u00e1n en vigencia el lunes 11 de enero a partir de las 01.00 [&hellip;]\" \/>\n<meta property=\"og:url\" content=\"https:\/\/ondauno.com.ar\/index.php\/2021\/01\/09\/como-son-las-nuevas-disposiciones-de-circulacion-en-la-provincia-de-bue-os-aires\/\" \/>\n<meta property=\"og:site_name\" content=\"103.9 fm\" \/>\n<meta property=\"article:publisher\" content=\"https:\/\/www.facebook.com\/ondauno103.9\" \/>\n<meta property=\"article:published_time\" content=\"2021-01-09T16:55:42+00:00\" \/>\n<meta property=\"article:modified_time\" content=\"2021-01-09T19:48:50+00:00\" \/>\n<meta property=\"og:image\" content=\"https:\/\/ondauno.com.ar\/wp-content\/uploads\/2024\/03\/logo-jpg.jpg\" \/>\n\t<meta property=\"og:image:width\" content=\"336\" \/>\n\t<meta property=\"og:image:height\" content=\"292\" \/>\n\t<meta property=\"og:image:type\" content=\"image\/jpeg\" \/>\n<meta name=\"author\" content=\"fernando garcia\" \/>\n<meta name=\"twitter:card\" content=\"summary_large_image\" \/>\n<meta name=\"twitter:label1\" content=\"Escrito por\" \/>\n\t<meta name=\"twitter:data1\" content=\"fernando garcia\" \/>\n\t<meta name=\"twitter:label2\" content=\"Tiempo de lectura\" \/>\n\t<meta name=\"twitter:data2\" content=\"2 minutos\" \/>\n<script type=\"application\/ld+json\" class=\"yoast-schema-graph\">{\"@context\":\"https:\/\/schema.org\",\"@graph\":[{\"@type\":\"WebPage\",\"@id\":\"https:\/\/ondauno.com.ar\/index.php\/2021\/01\/09\/como-son-las-nuevas-disposiciones-de-circulacion-en-la-provincia-de-bue-os-aires\/\",\"url\":\"https:\/\/ondauno.com.ar\/index.php\/2021\/01\/09\/como-son-las-nuevas-disposiciones-de-circulacion-en-la-provincia-de-bue-os-aires\/\",\"name\":\"C\u00f3mo son las nuevas disposiciones de circulaci\u00f3n en la provincia de Buenos Aires - 103.9 fm\",\"isPartOf\":{\"@id\":\"https:\/\/ondauno.com.ar\/#website\"},\"primaryImageOfPage\":{\"@id\":\"https:\/\/ondauno.com.ar\/index.php\/2021\/01\/09\/como-son-las-nuevas-disposiciones-de-circulacion-en-la-provincia-de-bue-os-aires\/#primaryimage\"},\"image\":{\"@id\":\"https:\/\/ondauno.com.ar\/index.php\/2021\/01\/09\/como-son-las-nuevas-disposiciones-de-circulacion-en-la-provincia-de-bue-os-aires\/#primaryimage\"},\"thumbnailUrl\":\"https:\/\/ondauno.com.ar\/wp-content\/uploads\/2024\/03\/logo-jpg.jpg\",\"datePublished\":\"2021-01-09T16:55:42+00:00\",\"dateModified\":\"2021-01-09T19:48:50+00:00\",\"author\":{\"@id\":\"https:\/\/ondauno.com.ar\/#\/schema\/person\/201d1b68e6c75e0fd396fe5f8af5d139\"},\"breadcrumb\":{\"@id\":\"https:\/\/ondauno.com.ar\/index.php\/2021\/01\/09\/como-son-las-nuevas-disposiciones-de-circulacion-en-la-provincia-de-bue-os-aires\/#breadcrumb\"},\"inLanguage\":\"es-AR\",\"potentialAction\":[{\"@type\":\"ReadAction\",\"target\":[\"https:\/\/ondauno.com.ar\/index.php\/2021\/01\/09\/como-son-las-nuevas-disposiciones-de-circulacion-en-la-provincia-de-bue-os-aires\/\"]}]},{\"@type\":\"ImageObject\",\"inLanguage\":\"es-AR\",\"@id\":\"https:\/\/ondauno.com.ar\/index.php\/2021\/01\/09\/como-son-las-nuevas-disposiciones-de-circulacion-en-la-provincia-de-bue-os-aires\/#primaryimage\",\"url\":\"https:\/\/ondauno.com.ar\/wp-content\/uploads\/2024\/03\/logo-jpg.jpg\",\"contentUrl\":\"https:\/\/ondauno.com.ar\/wp-content\/uploads\/2024\/03\/logo-jpg.jpg\",\"width\":336,\"height\":292},{\"@type\":\"BreadcrumbList\",\"@id\":\"https:\/\/ondauno.com.ar\/index.php\/2021\/01\/09\/como-son-las-nuevas-disposiciones-de-circulacion-en-la-provincia-de-bue-os-aires\/#breadcrumb\",\"itemListElement\":[{\"@type\":\"ListItem\",\"position\":1,\"name\":\"Inicio\",\"item\":\"https:\/\/ondauno.com.ar\/\"},{\"@type\":\"ListItem\",\"position\":2,\"name\":\"C\u00f3mo son las nuevas disposiciones de circulaci\u00f3n en la provincia de Buenos Aires\"}]},{\"@type\":\"WebSite\",\"@id\":\"https:\/\/ondauno.com.ar\/#website\",\"url\":\"https:\/\/ondauno.com.ar\/\",\"name\":\"103.9 fm\",\"description\":\"LA PRIMERA RADIO MULTIMEDIA DE TRES ARROYOS\",\"potentialAction\":[{\"@type\":\"SearchAction\",\"target\":{\"@type\":\"EntryPoint\",\"urlTemplate\":\"https:\/\/ondauno.com.ar\/?s={search_term_string}\"},\"query-input\":\"required name=search_term_string\"}],\"inLanguage\":\"es-AR\"},{\"@type\":\"Person\",\"@id\":\"https:\/\/ondauno.com.ar\/#\/schema\/person\/201d1b68e6c75e0fd396fe5f8af5d139\",\"name\":\"fernando garcia\",\"image\":{\"@type\":\"ImageObject\",\"inLanguage\":\"es-AR\",\"@id\":\"https:\/\/ondauno.com.ar\/#\/schema\/person\/image\/\",\"url\":\"https:\/\/secure.gravatar.com\/avatar\/5f7254642ad81272e79a2e69653cfdfc?s=96&d=mm&r=g\",\"contentUrl\":\"https:\/\/secure.gravatar.com\/avatar\/5f7254642ad81272e79a2e69653cfdfc?s=96&d=mm&r=g\",\"caption\":\"fernando garcia\"},\"url\":\"https:\/\/ondauno.com.ar\/index.php\/author\/ondaunoeditor\/\"}]}<\/script>\n<!-- \/ Yoast SEO plugin. -->","yoast_head_json":{"title":"C\u00f3mo son las nuevas disposiciones de circulaci\u00f3n en la provincia de Buenos Aires - 103.9 fm","robots":{"index":"index","follow":"follow","max-snippet":"max-snippet:-1","max-image-preview":"max-image-preview:large","max-video-preview":"max-video-preview:-1"},"canonical":"https:\/\/ondauno.com.ar\/index.php\/2021\/01\/09\/como-son-las-nuevas-disposiciones-de-circulacion-en-la-provincia-de-bue-os-aires\/","og_locale":"es_ES","og_type":"article","og_title":"C\u00f3mo son las nuevas disposiciones de circulaci\u00f3n en la provincia de Buenos Aires - 103.9 fm","og_description":"NUEVAS DISPOSICIONES Y RESTRICCIONES HORARIAS EN LA PROVINCIA DE BUENOS AIRES* En vistas de la publicaci\u00f3n en el d\u00eda de ayer del Decreto N\u00b0 4\/2021 del Poder Ejecutivo Nacional, el gobierno de la provincia de Buenos Aires dispone las siguientes medidas, que entrar\u00e1n en vigencia el lunes 11 de enero a partir de las 01.00 [&hellip;]","og_url":"https:\/\/ondauno.com.ar\/index.php\/2021\/01\/09\/como-son-las-nuevas-disposiciones-de-circulacion-en-la-provincia-de-bue-os-aires\/","og_site_name":"103.9 fm","article_publisher":"https:\/\/www.facebook.com\/ondauno103.9","article_published_time":"2021-01-09T16:55:42+00:00","article_modified_time":"2021-01-09T19:48:50+00:00","og_image":[{"width":336,"height":292,"url":"https:\/\/ondauno.com.ar\/wp-content\/uploads\/2024\/03\/logo-jpg.jpg","type":"image\/jpeg"}],"author":"fernando garcia","twitter_card":"summary_large_image","twitter_misc":{"Escrito por":"fernando garcia","Tiempo de lectura":"2 minutos"},"schema":{"@context":"https:\/\/schema.org","@graph":[{"@type":"WebPage","@id":"https:\/\/ondauno.com.ar\/index.php\/2021\/01\/09\/como-son-las-nuevas-disposiciones-de-circulacion-en-la-provincia-de-bue-os-aires\/","url":"https:\/\/ondauno.com.ar\/index.php\/2021\/01\/09\/como-son-las-nuevas-disposiciones-de-circulacion-en-la-provincia-de-bue-os-aires\/","name":"C\u00f3mo son las nuevas disposiciones de circulaci\u00f3n en la provincia de Buenos Aires - 103.9 fm","isPartOf":{"@id":"https:\/\/ondauno.com.ar\/#website"},"primaryImageOfPage":{"@id":"https:\/\/ondauno.com.ar\/index.php\/2021\/01\/09\/como-son-las-nuevas-disposiciones-de-circulacion-en-la-provincia-de-bue-os-aires\/#primaryimage"},"image":{"@id":"https:\/\/ondauno.com.ar\/index.php\/2021\/01\/09\/como-son-las-nuevas-disposiciones-de-circulacion-en-la-provincia-de-bue-os-aires\/#primaryimage"},"thumbnailUrl":"https:\/\/ondauno.com.ar\/wp-content\/uploads\/2024\/03\/logo-jpg.jpg","datePublished":"2021-01-09T16:55:42+00:00","dateModified":"2021-01-09T19:48:50+00:00","author":{"@id":"https:\/\/ondauno.com.ar\/#\/schema\/person\/201d1b68e6c75e0fd396fe5f8af5d139"},"breadcrumb":{"@id":"https:\/\/ondauno.com.ar\/index.php\/2021\/01\/09\/como-son-las-nuevas-disposiciones-de-circulacion-en-la-provincia-de-bue-os-aires\/#breadcrumb"},"inLanguage":"es-AR","potentialAction":[{"@type":"ReadAction","target":["https:\/\/ondauno.com.ar\/index.php\/2021\/01\/09\/como-son-las-nuevas-disposiciones-de-circulacion-en-la-provincia-de-bue-os-aires\/"]}]},{"@type":"ImageObject","inLanguage":"es-AR","@id":"https:\/\/ondauno.com.ar\/index.php\/2021\/01\/09\/como-son-las-nuevas-disposiciones-de-circulacion-en-la-provincia-de-bue-os-aires\/#primaryimage","url":"https:\/\/ondauno.com.ar\/wp-content\/uploads\/2024\/03\/logo-jpg.jpg","contentUrl":"https:\/\/ondauno.com.ar\/wp-content\/uploads\/2024\/03\/logo-jpg.jpg","width":336,"height":292},{"@type":"BreadcrumbList","@id":"https:\/\/ondauno.com.ar\/index.php\/2021\/01\/09\/como-son-las-nuevas-disposiciones-de-circulacion-en-la-provincia-de-bue-os-aires\/#breadcrumb","itemListElement":[{"@type":"ListItem","position":1,"name":"Inicio","item":"https:\/\/ondauno.com.ar\/"},{"@type":"ListItem","position":2,"name":"C\u00f3mo son las nuevas disposiciones de circulaci\u00f3n en la provincia de Buenos Aires"}]},{"@type":"WebSite","@id":"https:\/\/ondauno.com.ar\/#website","url":"https:\/\/ondauno.com.ar\/","name":"103.9 fm","description":"LA PRIMERA RADIO MULTIMEDIA DE TRES ARROYOS","potentialAction":[{"@type":"SearchAction","target":{"@type":"EntryPoint","urlTemplate":"https:\/\/ondauno.com.ar\/?s={search_term_string}"},"query-input":"required name=search_term_string"}],"inLanguage":"es-AR"},{"@type":"Person","@id":"https:\/\/ondauno.com.ar\/#\/schema\/person\/201d1b68e6c75e0fd396fe5f8af5d139","name":"fernando garcia","image":{"@type":"ImageObject","inLanguage":"es-AR","@id":"https:\/\/ondauno.com.ar\/#\/schema\/person\/image\/","url":"https:\/\/secure.gravatar.com\/avatar\/5f7254642ad81272e79a2e69653cfdfc?s=96&d=mm&r=g","contentUrl":"https:\/\/secure.gravatar.com\/avatar\/5f7254642ad81272e79a2e69653cfdfc?s=96&d=mm&r=g","caption":"fernando garcia"},"url":"https:\/\/ondauno.com.ar\/index.php\/author\/ondaunoeditor\/"}]}},"jetpack_publicize_connections":[],"jetpack_featured_media_url":"https:\/\/ondauno.com.ar\/wp-content\/uploads\/2024\/03\/logo-jpg.jpg","jetpack_sharing_enabled":true,"_links":{"self":[{"href":"https:\/\/ondauno.com.ar\/index.php\/wp-json\/wp\/v2\/posts\/21624","targetHints":{"allow":["GET"]}}],"collection":[{"href":"https:\/\/ondauno.com.ar\/index.php\/wp-json\/wp\/v2\/posts"}],"about":[{"href":"https:\/\/ondauno.com.ar\/index.php\/wp-json\/wp\/v2\/types\/post"}],"author":[{"embeddable":true,"href":"https:\/\/ondauno.com.ar\/index.php\/wp-json\/wp\/v2\/users\/2"}],"replies":[{"embeddable":true,"href":"https:\/\/ondauno.com.ar\/index.php\/wp-json\/wp\/v2\/comments?post=21624"}],"version-history":[{"count":0,"href":"https:\/\/ondauno.com.ar\/index.php\/wp-json\/wp\/v2\/posts\/21624\/revisions"}],"wp:featuredmedia":[{"embeddable":true,"href":"https:\/\/ondauno.com.ar\/index.php\/wp-json\/wp\/v2\/media\/45248"}],"wp:attachment":[{"href":"https:\/\/ondauno.com.ar\/index.php\/wp-json\/wp\/v2\/media?parent=21624"}],"wp:term":[{"taxonomy":"category","embeddable":true,"href":"https:\/\/ondauno.com.ar\/index.php\/wp-json\/wp\/v2\/categories?post=21624"},{"taxonomy":"post_tag","embeddable":true,"href":"https:\/\/ondauno.com.ar\/index.php\/wp-json\/wp\/v2\/tags?post=21624"}],"curies":[{"name":"wp","href":"https:\/\/api.w.org\/{rel}","templated":true}]}}