{"id":2141,"date":"2019-11-24T00:04:48","date_gmt":"2019-11-24T03:04:48","guid":{"rendered":"http:\/\/ondauno.com.ar\/?p=2141"},"modified":"2019-11-25T00:17:53","modified_gmt":"2019-11-25T03:17:53","slug":"bahia-blanca-un-nene-encontro-un-craneo-humano-en-un-terreno-baldio","status":"publish","type":"post","link":"https:\/\/ondauno.com.ar\/index.php\/2019\/11\/24\/bahia-blanca-un-nene-encontro-un-craneo-humano-en-un-terreno-baldio\/","title":{"rendered":"BAHIA BLANCA: Un nene encontr\u00f3 un cr\u00e1neo humano en un terreno bald\u00edo"},"content":{"rendered":"<div class=\"ondau-before-content_3\" style=\"margin-top: -30px;\" id=\"ondau-199426040\"><a href=\"https:\/\/www.lps.com.ar\/\" aria-label=\"la-perse2\"><img loading=\"lazy\" decoding=\"async\" src=\"https:\/\/ondauno.com.ar\/wp-content\/uploads\/2021\/10\/la-perse2.jpg\" alt=\"\"  srcset=\"https:\/\/ondauno.com.ar\/wp-content\/uploads\/2021\/10\/la-perse2.jpg 1353w, https:\/\/ondauno.com.ar\/wp-content\/uploads\/2021\/10\/la-perse2-300x43.jpg 300w, https:\/\/ondauno.com.ar\/wp-content\/uploads\/2021\/10\/la-perse2-1024x148.jpg 1024w, https:\/\/ondauno.com.ar\/wp-content\/uploads\/2021\/10\/la-perse2-768x111.jpg 768w, https:\/\/ondauno.com.ar\/wp-content\/uploads\/2021\/10\/la-perse2-696x100.jpg 696w, https:\/\/ondauno.com.ar\/wp-content\/uploads\/2021\/10\/la-perse2-1068x154.jpg 1068w\" sizes=\"(max-width: 1353px) 100vw, 1353px\" class=\"no-lazyload\" width=\"1353\" height=\"195\"  style=\"display: inline-block;\" \/><\/a><\/div>\n<figure class=\"wp-block-image\"><img decoding=\"async\" data-src=\"http:\/\/ondauno.com.ar\/wp-content\/uploads\/2019\/11\/craneeo.jpg\" alt=\"\" class=\"wp-image-2145 lazyload\" src=\"data:image\/gif;base64,R0lGODlhAQABAAAAACH5BAEKAAEALAAAAAABAAEAAAICTAEAOw==\" \/><noscript><img decoding=\"async\" src=\"http:\/\/ondauno.com.ar\/wp-content\/uploads\/2019\/11\/craneeo.jpg\" alt=\"\" class=\"wp-image-2145\"\/><\/noscript><\/figure>\n\n\n\n<p>Un curioso suceso ocurri\u00f3 esta tarde cuando un nene encontr\u00f3 un cr\u00e1neo humano en un terreno bald\u00edo ubicado en la zona de Felipe Varela al 1.100.<\/p>\n\n\n\n<p>El hecho se produjo minutos antes de las 16, cuando efectivos de la Polic\u00eda Local llegaron hasta una vivienda de la zona por un llamado al 911 alertando sobre una confrontaci\u00f3n familiar.<\/p>\n\n\n\n<p>Cuando los efectivos se retiraban del lugar advirtieron a un menor que estaba jugando con el cr\u00e1neo, por lo que al detectar que posiblemente correspond\u00eda a un humano lo interrogaron acerca del lugar donde lo hab\u00eda encontrado.<\/p>\n\n\n\n<figure class=\"wp-block-image\"><img decoding=\"async\" data-src=\"http:\/\/ondauno.com.ar\/wp-content\/uploads\/2019\/11\/hueso-1024x575.jpg\" alt=\"\" class=\"wp-image-2142 lazyload\" src=\"data:image\/gif;base64,R0lGODlhAQABAAAAACH5BAEKAAEALAAAAAABAAEAAAICTAEAOw==\" style=\"--smush-placeholder-width: 1024px; --smush-placeholder-aspect-ratio: 1024\/575;\" \/><noscript><img decoding=\"async\" src=\"http:\/\/ondauno.com.ar\/wp-content\/uploads\/2019\/11\/hueso-1024x575.jpg\" alt=\"\" class=\"wp-image-2142\"\/><\/noscript><\/figure>\n\n\n\n<p>El nene los condujo hacia el terreno, donde los polic\u00edas advirtieron la presencia de restos \u00f3seos semienterrados, por lo que de inmediato dieron aviso a sus superiores y convocaron a los peritos de la Polic\u00eda Cient\u00edfica.<\/p>\n\n\n\n<p>Finalmente se determin\u00f3 que los otros huesos encontrados&nbsp;correspond\u00edan a animales, por lo que solo procedieron al secuestro del cr\u00e1neo.<\/p>\n\n\n\n<p>Por el caso se inici\u00f3 una causa por el hallazgo de los restos \u00f3seos, con intervenci\u00f3n de la UFIJ N\u00ba 7.<\/p>\n\n\n\n<p>A principios de septiembre&nbsp;<a href=\"https:\/\/www.lanueva.com\/nota\/2019-9-8-16-52-0-hallan-2-esqueletos-en-tornquist-y-serian-de-una-mujer-y-su-hijo-desaparecidos-desde-hace-10-anos\">se produjo otro caso en la localidad de Tornquist<\/a>, donde dos esqueletos aparentemente humanos fueron hallados en el galp\u00f3n de una vivienda.<\/p>\n\n\n\n<p>FUENTE : LA NUEVA<\/p>\n","protected":false},"excerpt":{"rendered":"<p>Un curioso suceso ocurri\u00f3 esta tarde cuando un nene encontr\u00f3 un cr\u00e1neo humano en un terreno bald\u00edo ubicado en la zona de Felipe Varela al 1.100. El hecho se produjo minutos antes de las 16, cuando efectivos de la Polic\u00eda Local llegaron hasta una vivienda de la zona por un llamado al 911 alertando sobre [&hellip;]<\/p>\n","protected":false},"author":2,"featured_media":45248,"comment_status":"open","ping_status":"open","sticky":false,"template":"","format":"standard","meta":{"tdm_status":"","tdm_grid_status":"","_jetpack_memberships_contains_paid_content":false,"footnotes":"","jetpack_publicize_message":"","jetpack_publicize_feature_enabled":true,"jetpack_social_post_already_shared":false,"jetpack_social_options":{"image_generator_settings":{"template":"highway","default_image_id":0,"font":"","enabled":false},"version":2}},"categories":[29],"tags":[],"class_list":{"0":"post-2141","1":"post","2":"type-post","3":"status-publish","4":"format-standard","5":"has-post-thumbnail","7":"category-policiales"},"yoast_head":"<!-- This site is optimized with the Yoast SEO plugin v22.7 - https:\/\/yoast.com\/wordpress\/plugins\/seo\/ -->\n<title>BAHIA BLANCA: Un nene encontr\u00f3 un cr\u00e1neo humano en un terreno bald\u00edo - 103.9 fm<\/title>\n<meta name=\"robots\" content=\"index, follow, max-snippet:-1, max-image-preview:large, max-video-preview:-1\" \/>\n<link rel=\"canonical\" href=\"https:\/\/ondauno.com.ar\/index.php\/2019\/11\/24\/bahia-blanca-un-nene-encontro-un-craneo-humano-en-un-terreno-baldio\/\" \/>\n<meta property=\"og:locale\" content=\"es_ES\" \/>\n<meta property=\"og:type\" content=\"article\" \/>\n<meta property=\"og:title\" content=\"BAHIA BLANCA: Un nene encontr\u00f3 un cr\u00e1neo humano en un terreno bald\u00edo - 103.9 fm\" \/>\n<meta property=\"og:description\" content=\"Un curioso suceso ocurri\u00f3 esta tarde cuando un nene encontr\u00f3 un cr\u00e1neo humano en un terreno bald\u00edo ubicado en la zona de Felipe Varela al 1.100. El hecho se produjo minutos antes de las 16, cuando efectivos de la Polic\u00eda Local llegaron hasta una vivienda de la zona por un llamado al 911 alertando sobre [&hellip;]\" \/>\n<meta property=\"og:url\" content=\"https:\/\/ondauno.com.ar\/index.php\/2019\/11\/24\/bahia-blanca-un-nene-encontro-un-craneo-humano-en-un-terreno-baldio\/\" \/>\n<meta property=\"og:site_name\" content=\"103.9 fm\" \/>\n<meta property=\"article:publisher\" content=\"https:\/\/www.facebook.com\/ondauno103.9\" \/>\n<meta property=\"article:published_time\" content=\"2019-11-24T03:04:48+00:00\" \/>\n<meta property=\"article:modified_time\" content=\"2019-11-25T03:17:53+00:00\" \/>\n<meta property=\"og:image\" content=\"https:\/\/ondauno.com.ar\/wp-content\/uploads\/2024\/03\/logo-jpg.jpg\" \/>\n\t<meta property=\"og:image:width\" content=\"336\" \/>\n\t<meta property=\"og:image:height\" content=\"292\" \/>\n\t<meta property=\"og:image:type\" content=\"image\/jpeg\" \/>\n<meta name=\"author\" content=\"fernando garcia\" \/>\n<meta name=\"twitter:card\" content=\"summary_large_image\" \/>\n<meta name=\"twitter:label1\" content=\"Escrito por\" \/>\n\t<meta name=\"twitter:data1\" content=\"fernando garcia\" \/>\n\t<meta name=\"twitter:label2\" content=\"Tiempo de lectura\" \/>\n\t<meta name=\"twitter:data2\" content=\"1 minuto\" \/>\n<script type=\"application\/ld+json\" class=\"yoast-schema-graph\">{\"@context\":\"https:\/\/schema.org\",\"@graph\":[{\"@type\":\"WebPage\",\"@id\":\"https:\/\/ondauno.com.ar\/index.php\/2019\/11\/24\/bahia-blanca-un-nene-encontro-un-craneo-humano-en-un-terreno-baldio\/\",\"url\":\"https:\/\/ondauno.com.ar\/index.php\/2019\/11\/24\/bahia-blanca-un-nene-encontro-un-craneo-humano-en-un-terreno-baldio\/\",\"name\":\"BAHIA BLANCA: Un nene encontr\u00f3 un cr\u00e1neo humano en un terreno bald\u00edo - 103.9 fm\",\"isPartOf\":{\"@id\":\"https:\/\/ondauno.com.ar\/#website\"},\"primaryImageOfPage\":{\"@id\":\"https:\/\/ondauno.com.ar\/index.php\/2019\/11\/24\/bahia-blanca-un-nene-encontro-un-craneo-humano-en-un-terreno-baldio\/#primaryimage\"},\"image\":{\"@id\":\"https:\/\/ondauno.com.ar\/index.php\/2019\/11\/24\/bahia-blanca-un-nene-encontro-un-craneo-humano-en-un-terreno-baldio\/#primaryimage\"},\"thumbnailUrl\":\"https:\/\/ondauno.com.ar\/wp-content\/uploads\/2024\/03\/logo-jpg.jpg\",\"datePublished\":\"2019-11-24T03:04:48+00:00\",\"dateModified\":\"2019-11-25T03:17:53+00:00\",\"author\":{\"@id\":\"https:\/\/ondauno.com.ar\/#\/schema\/person\/201d1b68e6c75e0fd396fe5f8af5d139\"},\"breadcrumb\":{\"@id\":\"https:\/\/ondauno.com.ar\/index.php\/2019\/11\/24\/bahia-blanca-un-nene-encontro-un-craneo-humano-en-un-terreno-baldio\/#breadcrumb\"},\"inLanguage\":\"es-AR\",\"potentialAction\":[{\"@type\":\"ReadAction\",\"target\":[\"https:\/\/ondauno.com.ar\/index.php\/2019\/11\/24\/bahia-blanca-un-nene-encontro-un-craneo-humano-en-un-terreno-baldio\/\"]}]},{\"@type\":\"ImageObject\",\"inLanguage\":\"es-AR\",\"@id\":\"https:\/\/ondauno.com.ar\/index.php\/2019\/11\/24\/bahia-blanca-un-nene-encontro-un-craneo-humano-en-un-terreno-baldio\/#primaryimage\",\"url\":\"https:\/\/ondauno.com.ar\/wp-content\/uploads\/2024\/03\/logo-jpg.jpg\",\"contentUrl\":\"https:\/\/ondauno.com.ar\/wp-content\/uploads\/2024\/03\/logo-jpg.jpg\",\"width\":336,\"height\":292},{\"@type\":\"BreadcrumbList\",\"@id\":\"https:\/\/ondauno.com.ar\/index.php\/2019\/11\/24\/bahia-blanca-un-nene-encontro-un-craneo-humano-en-un-terreno-baldio\/#breadcrumb\",\"itemListElement\":[{\"@type\":\"ListItem\",\"position\":1,\"name\":\"Inicio\",\"item\":\"https:\/\/ondauno.com.ar\/\"},{\"@type\":\"ListItem\",\"position\":2,\"name\":\"BAHIA BLANCA: Un nene encontr\u00f3 un cr\u00e1neo humano en un terreno bald\u00edo\"}]},{\"@type\":\"WebSite\",\"@id\":\"https:\/\/ondauno.com.ar\/#website\",\"url\":\"https:\/\/ondauno.com.ar\/\",\"name\":\"103.9 fm\",\"description\":\"LA PRIMERA RADIO MULTIMEDIA DE TRES ARROYOS\",\"potentialAction\":[{\"@type\":\"SearchAction\",\"target\":{\"@type\":\"EntryPoint\",\"urlTemplate\":\"https:\/\/ondauno.com.ar\/?s={search_term_string}\"},\"query-input\":\"required name=search_term_string\"}],\"inLanguage\":\"es-AR\"},{\"@type\":\"Person\",\"@id\":\"https:\/\/ondauno.com.ar\/#\/schema\/person\/201d1b68e6c75e0fd396fe5f8af5d139\",\"name\":\"fernando garcia\",\"image\":{\"@type\":\"ImageObject\",\"inLanguage\":\"es-AR\",\"@id\":\"https:\/\/ondauno.com.ar\/#\/schema\/person\/image\/\",\"url\":\"https:\/\/secure.gravatar.com\/avatar\/5f7254642ad81272e79a2e69653cfdfc?s=96&d=mm&r=g\",\"contentUrl\":\"https:\/\/secure.gravatar.com\/avatar\/5f7254642ad81272e79a2e69653cfdfc?s=96&d=mm&r=g\",\"caption\":\"fernando garcia\"},\"url\":\"https:\/\/ondauno.com.ar\/index.php\/author\/ondaunoeditor\/\"}]}<\/script>\n<!-- \/ Yoast SEO plugin. -->","yoast_head_json":{"title":"BAHIA BLANCA: Un nene encontr\u00f3 un cr\u00e1neo humano en un terreno bald\u00edo - 103.9 fm","robots":{"index":"index","follow":"follow","max-snippet":"max-snippet:-1","max-image-preview":"max-image-preview:large","max-video-preview":"max-video-preview:-1"},"canonical":"https:\/\/ondauno.com.ar\/index.php\/2019\/11\/24\/bahia-blanca-un-nene-encontro-un-craneo-humano-en-un-terreno-baldio\/","og_locale":"es_ES","og_type":"article","og_title":"BAHIA BLANCA: Un nene encontr\u00f3 un cr\u00e1neo humano en un terreno bald\u00edo - 103.9 fm","og_description":"Un curioso suceso ocurri\u00f3 esta tarde cuando un nene encontr\u00f3 un cr\u00e1neo humano en un terreno bald\u00edo ubicado en la zona de Felipe Varela al 1.100. El hecho se produjo minutos antes de las 16, cuando efectivos de la Polic\u00eda Local llegaron hasta una vivienda de la zona por un llamado al 911 alertando sobre [&hellip;]","og_url":"https:\/\/ondauno.com.ar\/index.php\/2019\/11\/24\/bahia-blanca-un-nene-encontro-un-craneo-humano-en-un-terreno-baldio\/","og_site_name":"103.9 fm","article_publisher":"https:\/\/www.facebook.com\/ondauno103.9","article_published_time":"2019-11-24T03:04:48+00:00","article_modified_time":"2019-11-25T03:17:53+00:00","og_image":[{"width":336,"height":292,"url":"https:\/\/ondauno.com.ar\/wp-content\/uploads\/2024\/03\/logo-jpg.jpg","type":"image\/jpeg"}],"author":"fernando garcia","twitter_card":"summary_large_image","twitter_misc":{"Escrito por":"fernando garcia","Tiempo de lectura":"1 minuto"},"schema":{"@context":"https:\/\/schema.org","@graph":[{"@type":"WebPage","@id":"https:\/\/ondauno.com.ar\/index.php\/2019\/11\/24\/bahia-blanca-un-nene-encontro-un-craneo-humano-en-un-terreno-baldio\/","url":"https:\/\/ondauno.com.ar\/index.php\/2019\/11\/24\/bahia-blanca-un-nene-encontro-un-craneo-humano-en-un-terreno-baldio\/","name":"BAHIA BLANCA: Un nene encontr\u00f3 un cr\u00e1neo humano en un terreno bald\u00edo - 103.9 fm","isPartOf":{"@id":"https:\/\/ondauno.com.ar\/#website"},"primaryImageOfPage":{"@id":"https:\/\/ondauno.com.ar\/index.php\/2019\/11\/24\/bahia-blanca-un-nene-encontro-un-craneo-humano-en-un-terreno-baldio\/#primaryimage"},"image":{"@id":"https:\/\/ondauno.com.ar\/index.php\/2019\/11\/24\/bahia-blanca-un-nene-encontro-un-craneo-humano-en-un-terreno-baldio\/#primaryimage"},"thumbnailUrl":"https:\/\/ondauno.com.ar\/wp-content\/uploads\/2024\/03\/logo-jpg.jpg","datePublished":"2019-11-24T03:04:48+00:00","dateModified":"2019-11-25T03:17:53+00:00","author":{"@id":"https:\/\/ondauno.com.ar\/#\/schema\/person\/201d1b68e6c75e0fd396fe5f8af5d139"},"breadcrumb":{"@id":"https:\/\/ondauno.com.ar\/index.php\/2019\/11\/24\/bahia-blanca-un-nene-encontro-un-craneo-humano-en-un-terreno-baldio\/#breadcrumb"},"inLanguage":"es-AR","potentialAction":[{"@type":"ReadAction","target":["https:\/\/ondauno.com.ar\/index.php\/2019\/11\/24\/bahia-blanca-un-nene-encontro-un-craneo-humano-en-un-terreno-baldio\/"]}]},{"@type":"ImageObject","inLanguage":"es-AR","@id":"https:\/\/ondauno.com.ar\/index.php\/2019\/11\/24\/bahia-blanca-un-nene-encontro-un-craneo-humano-en-un-terreno-baldio\/#primaryimage","url":"https:\/\/ondauno.com.ar\/wp-content\/uploads\/2024\/03\/logo-jpg.jpg","contentUrl":"https:\/\/ondauno.com.ar\/wp-content\/uploads\/2024\/03\/logo-jpg.jpg","width":336,"height":292},{"@type":"BreadcrumbList","@id":"https:\/\/ondauno.com.ar\/index.php\/2019\/11\/24\/bahia-blanca-un-nene-encontro-un-craneo-humano-en-un-terreno-baldio\/#breadcrumb","itemListElement":[{"@type":"ListItem","position":1,"name":"Inicio","item":"https:\/\/ondauno.com.ar\/"},{"@type":"ListItem","position":2,"name":"BAHIA BLANCA: Un nene encontr\u00f3 un cr\u00e1neo humano en un terreno bald\u00edo"}]},{"@type":"WebSite","@id":"https:\/\/ondauno.com.ar\/#website","url":"https:\/\/ondauno.com.ar\/","name":"103.9 fm","description":"LA PRIMERA RADIO MULTIMEDIA DE TRES ARROYOS","potentialAction":[{"@type":"SearchAction","target":{"@type":"EntryPoint","urlTemplate":"https:\/\/ondauno.com.ar\/?s={search_term_string}"},"query-input":"required name=search_term_string"}],"inLanguage":"es-AR"},{"@type":"Person","@id":"https:\/\/ondauno.com.ar\/#\/schema\/person\/201d1b68e6c75e0fd396fe5f8af5d139","name":"fernando garcia","image":{"@type":"ImageObject","inLanguage":"es-AR","@id":"https:\/\/ondauno.com.ar\/#\/schema\/person\/image\/","url":"https:\/\/secure.gravatar.com\/avatar\/5f7254642ad81272e79a2e69653cfdfc?s=96&d=mm&r=g","contentUrl":"https:\/\/secure.gravatar.com\/avatar\/5f7254642ad81272e79a2e69653cfdfc?s=96&d=mm&r=g","caption":"fernando garcia"},"url":"https:\/\/ondauno.com.ar\/index.php\/author\/ondaunoeditor\/"}]}},"jetpack_publicize_connections":[],"jetpack_featured_media_url":"https:\/\/ondauno.com.ar\/wp-content\/uploads\/2024\/03\/logo-jpg.jpg","jetpack_sharing_enabled":true,"_links":{"self":[{"href":"https:\/\/ondauno.com.ar\/index.php\/wp-json\/wp\/v2\/posts\/2141","targetHints":{"allow":["GET"]}}],"collection":[{"href":"https:\/\/ondauno.com.ar\/index.php\/wp-json\/wp\/v2\/posts"}],"about":[{"href":"https:\/\/ondauno.com.ar\/index.php\/wp-json\/wp\/v2\/types\/post"}],"author":[{"embeddable":true,"href":"https:\/\/ondauno.com.ar\/index.php\/wp-json\/wp\/v2\/users\/2"}],"replies":[{"embeddable":true,"href":"https:\/\/ondauno.com.ar\/index.php\/wp-json\/wp\/v2\/comments?post=2141"}],"version-history":[{"count":0,"href":"https:\/\/ondauno.com.ar\/index.php\/wp-json\/wp\/v2\/posts\/2141\/revisions"}],"wp:featuredmedia":[{"embeddable":true,"href":"https:\/\/ondauno.com.ar\/index.php\/wp-json\/wp\/v2\/media\/45248"}],"wp:attachment":[{"href":"https:\/\/ondauno.com.ar\/index.php\/wp-json\/wp\/v2\/media?parent=2141"}],"wp:term":[{"taxonomy":"category","embeddable":true,"href":"https:\/\/ondauno.com.ar\/index.php\/wp-json\/wp\/v2\/categories?post=2141"},{"taxonomy":"post_tag","embeddable":true,"href":"https:\/\/ondauno.com.ar\/index.php\/wp-json\/wp\/v2\/tags?post=2141"}],"curies":[{"name":"wp","href":"https:\/\/api.w.org\/{rel}","templated":true}]}}