{"id":21094,"date":"2020-12-24T14:47:29","date_gmt":"2020-12-24T17:47:29","guid":{"rendered":"http:\/\/ondauno.com.ar\/?p=21094"},"modified":"2020-12-24T14:47:33","modified_gmt":"2020-12-24T17:47:33","slug":"por-un-caso-positivo-de-covid-19-ordenan-aislar-a-todas-las-familias-que-asistieron-al-baile-de-egresados-del-colegio-holandes","status":"publish","type":"post","link":"https:\/\/ondauno.com.ar\/index.php\/2020\/12\/24\/por-un-caso-positivo-de-covid-19-ordenan-aislar-a-todas-las-familias-que-asistieron-al-baile-de-egresados-del-colegio-holandes\/","title":{"rendered":"Por un caso positivo de Covid 19 ordenan aislar a todas las familias que asistieron al baile de egresados del Colegio Holand\u00e9s"},"content":{"rendered":"<div class=\"ondau-before-content_3\" style=\"margin-top: -30px;\" id=\"ondau-1758585238\"><a href=\"https:\/\/www.lps.com.ar\/\" aria-label=\"la-perse2\"><img loading=\"lazy\" decoding=\"async\" src=\"https:\/\/ondauno.com.ar\/wp-content\/uploads\/2021\/10\/la-perse2.jpg\" alt=\"\"  srcset=\"https:\/\/ondauno.com.ar\/wp-content\/uploads\/2021\/10\/la-perse2.jpg 1353w, https:\/\/ondauno.com.ar\/wp-content\/uploads\/2021\/10\/la-perse2-300x43.jpg 300w, https:\/\/ondauno.com.ar\/wp-content\/uploads\/2021\/10\/la-perse2-1024x148.jpg 1024w, https:\/\/ondauno.com.ar\/wp-content\/uploads\/2021\/10\/la-perse2-768x111.jpg 768w, https:\/\/ondauno.com.ar\/wp-content\/uploads\/2021\/10\/la-perse2-696x100.jpg 696w, https:\/\/ondauno.com.ar\/wp-content\/uploads\/2021\/10\/la-perse2-1068x154.jpg 1068w\" sizes=\"(max-width: 1353px) 100vw, 1353px\" class=\"no-lazyload\" width=\"1353\" height=\"195\"  style=\"display: inline-block;\" \/><\/a><\/div>\n<p>Esta ma\u00f1ana el doctor Gabriel Guerra confirm\u00f3 en Cosas que Pasan el resultado positivo de covid 19 de un familiar directo de un funcionario municipal.<\/p>\n\n\n\n<p> El secretario de Salud orden\u00f3 el aislamiento de la familia del funcionario municipal y del resto de los que concurrieron al baile de egresados del Colegio Holand\u00e9s. <\/p>\n\n\n\n<p>Otros testimonios dan cuenta de que todav\u00eda no fueron notificados todos los asistentes a dicho bale.<\/p>\n\n\n\n<p>Pasadas las primeras horas de la tarde se organizaba la tarea de llamar a todos los asistentes a la fiesta para recomendarles el aislamiento obligatorio por haber tenido contacto estrecho con la paciente enferma de covid 19. <\/p>\n\n\n\n<p>El funcionario municipal tiene alta responsabilidad en cuestiones relacionadas con la prevenci\u00f3n del Covid 19, sin embargo asisti\u00f3 al baile de egresados que hasta ese momento la Provincia de Buenos Aires no hab\u00eda autorizado.<\/p>\n\n\n\n<p><\/p>\n","protected":false},"excerpt":{"rendered":"<p>Esta ma\u00f1ana el doctor Gabriel Guerra confirm\u00f3 en Cosas que Pasan el resultado positivo de covid 19 de un familiar directo de un funcionario municipal. El secretario de Salud orden\u00f3 el aislamiento de la familia del funcionario municipal y del resto de los que concurrieron al baile de egresados del Colegio Holand\u00e9s. Otros testimonios dan [&hellip;]<\/p>\n","protected":false},"author":2,"featured_media":21110,"comment_status":"open","ping_status":"open","sticky":false,"template":"","format":"standard","meta":{"tdm_status":"","tdm_grid_status":"","_jetpack_memberships_contains_paid_content":false,"footnotes":"","jetpack_publicize_message":"","jetpack_publicize_feature_enabled":true,"jetpack_social_post_already_shared":true,"jetpack_social_options":{"image_generator_settings":{"template":"highway","default_image_id":0,"font":"","enabled":false},"version":2}},"categories":[2,1],"tags":[],"class_list":{"0":"post-21094","1":"post","2":"type-post","3":"status-publish","4":"format-standard","5":"has-post-thumbnail","7":"category-locales","8":"category-sin-categoria"},"yoast_head":"<!-- This site is optimized with the Yoast SEO plugin v22.7 - https:\/\/yoast.com\/wordpress\/plugins\/seo\/ -->\n<title>Por un caso positivo de Covid 19 ordenan aislar a todas las familias que asistieron al baile de egresados del Colegio Holand\u00e9s - 103.9 fm<\/title>\n<meta name=\"robots\" content=\"index, follow, max-snippet:-1, max-image-preview:large, max-video-preview:-1\" \/>\n<link rel=\"canonical\" href=\"https:\/\/ondauno.com.ar\/index.php\/2020\/12\/24\/por-un-caso-positivo-de-covid-19-ordenan-aislar-a-todas-las-familias-que-asistieron-al-baile-de-egresados-del-colegio-holandes\/\" \/>\n<meta property=\"og:locale\" content=\"es_ES\" \/>\n<meta property=\"og:type\" content=\"article\" \/>\n<meta property=\"og:title\" content=\"Por un caso positivo de Covid 19 ordenan aislar a todas las familias que asistieron al baile de egresados del Colegio Holand\u00e9s - 103.9 fm\" \/>\n<meta property=\"og:description\" content=\"Esta ma\u00f1ana el doctor Gabriel Guerra confirm\u00f3 en Cosas que Pasan el resultado positivo de covid 19 de un familiar directo de un funcionario municipal. El secretario de Salud orden\u00f3 el aislamiento de la familia del funcionario municipal y del resto de los que concurrieron al baile de egresados del Colegio Holand\u00e9s. Otros testimonios dan [&hellip;]\" \/>\n<meta property=\"og:url\" content=\"https:\/\/ondauno.com.ar\/index.php\/2020\/12\/24\/por-un-caso-positivo-de-covid-19-ordenan-aislar-a-todas-las-familias-que-asistieron-al-baile-de-egresados-del-colegio-holandes\/\" \/>\n<meta property=\"og:site_name\" content=\"103.9 fm\" \/>\n<meta property=\"article:publisher\" content=\"https:\/\/www.facebook.com\/ondauno103.9\" \/>\n<meta property=\"article:published_time\" content=\"2020-12-24T17:47:29+00:00\" \/>\n<meta property=\"article:modified_time\" content=\"2020-12-24T17:47:33+00:00\" \/>\n<meta property=\"og:image\" content=\"https:\/\/ondauno.com.ar\/wp-content\/uploads\/2020\/12\/descarga-6.jpg\" \/>\n\t<meta property=\"og:image:width\" content=\"300\" \/>\n\t<meta property=\"og:image:height\" content=\"168\" \/>\n\t<meta property=\"og:image:type\" content=\"image\/jpeg\" \/>\n<meta name=\"author\" content=\"fernando garcia\" \/>\n<meta name=\"twitter:card\" content=\"summary_large_image\" \/>\n<meta name=\"twitter:label1\" content=\"Escrito por\" \/>\n\t<meta name=\"twitter:data1\" content=\"fernando garcia\" \/>\n\t<meta name=\"twitter:label2\" content=\"Tiempo de lectura\" \/>\n\t<meta name=\"twitter:data2\" content=\"1 minuto\" \/>\n<script type=\"application\/ld+json\" class=\"yoast-schema-graph\">{\"@context\":\"https:\/\/schema.org\",\"@graph\":[{\"@type\":\"WebPage\",\"@id\":\"https:\/\/ondauno.com.ar\/index.php\/2020\/12\/24\/por-un-caso-positivo-de-covid-19-ordenan-aislar-a-todas-las-familias-que-asistieron-al-baile-de-egresados-del-colegio-holandes\/\",\"url\":\"https:\/\/ondauno.com.ar\/index.php\/2020\/12\/24\/por-un-caso-positivo-de-covid-19-ordenan-aislar-a-todas-las-familias-que-asistieron-al-baile-de-egresados-del-colegio-holandes\/\",\"name\":\"Por un caso positivo de Covid 19 ordenan aislar a todas las familias que asistieron al baile de egresados del Colegio Holand\u00e9s - 103.9 fm\",\"isPartOf\":{\"@id\":\"https:\/\/ondauno.com.ar\/#website\"},\"primaryImageOfPage\":{\"@id\":\"https:\/\/ondauno.com.ar\/index.php\/2020\/12\/24\/por-un-caso-positivo-de-covid-19-ordenan-aislar-a-todas-las-familias-que-asistieron-al-baile-de-egresados-del-colegio-holandes\/#primaryimage\"},\"image\":{\"@id\":\"https:\/\/ondauno.com.ar\/index.php\/2020\/12\/24\/por-un-caso-positivo-de-covid-19-ordenan-aislar-a-todas-las-familias-que-asistieron-al-baile-de-egresados-del-colegio-holandes\/#primaryimage\"},\"thumbnailUrl\":\"https:\/\/ondauno.com.ar\/wp-content\/uploads\/2020\/12\/descarga-6.jpg\",\"datePublished\":\"2020-12-24T17:47:29+00:00\",\"dateModified\":\"2020-12-24T17:47:33+00:00\",\"author\":{\"@id\":\"https:\/\/ondauno.com.ar\/#\/schema\/person\/201d1b68e6c75e0fd396fe5f8af5d139\"},\"breadcrumb\":{\"@id\":\"https:\/\/ondauno.com.ar\/index.php\/2020\/12\/24\/por-un-caso-positivo-de-covid-19-ordenan-aislar-a-todas-las-familias-que-asistieron-al-baile-de-egresados-del-colegio-holandes\/#breadcrumb\"},\"inLanguage\":\"es-AR\",\"potentialAction\":[{\"@type\":\"ReadAction\",\"target\":[\"https:\/\/ondauno.com.ar\/index.php\/2020\/12\/24\/por-un-caso-positivo-de-covid-19-ordenan-aislar-a-todas-las-familias-que-asistieron-al-baile-de-egresados-del-colegio-holandes\/\"]}]},{\"@type\":\"ImageObject\",\"inLanguage\":\"es-AR\",\"@id\":\"https:\/\/ondauno.com.ar\/index.php\/2020\/12\/24\/por-un-caso-positivo-de-covid-19-ordenan-aislar-a-todas-las-familias-que-asistieron-al-baile-de-egresados-del-colegio-holandes\/#primaryimage\",\"url\":\"https:\/\/ondauno.com.ar\/wp-content\/uploads\/2020\/12\/descarga-6.jpg\",\"contentUrl\":\"https:\/\/ondauno.com.ar\/wp-content\/uploads\/2020\/12\/descarga-6.jpg\",\"width\":300,\"height\":168},{\"@type\":\"BreadcrumbList\",\"@id\":\"https:\/\/ondauno.com.ar\/index.php\/2020\/12\/24\/por-un-caso-positivo-de-covid-19-ordenan-aislar-a-todas-las-familias-que-asistieron-al-baile-de-egresados-del-colegio-holandes\/#breadcrumb\",\"itemListElement\":[{\"@type\":\"ListItem\",\"position\":1,\"name\":\"Inicio\",\"item\":\"https:\/\/ondauno.com.ar\/\"},{\"@type\":\"ListItem\",\"position\":2,\"name\":\"Por un caso positivo de Covid 19 ordenan aislar a todas las familias que asistieron al baile de egresados del Colegio Holand\u00e9s\"}]},{\"@type\":\"WebSite\",\"@id\":\"https:\/\/ondauno.com.ar\/#website\",\"url\":\"https:\/\/ondauno.com.ar\/\",\"name\":\"103.9 fm\",\"description\":\"LA PRIMERA RADIO MULTIMEDIA DE TRES ARROYOS\",\"potentialAction\":[{\"@type\":\"SearchAction\",\"target\":{\"@type\":\"EntryPoint\",\"urlTemplate\":\"https:\/\/ondauno.com.ar\/?s={search_term_string}\"},\"query-input\":\"required name=search_term_string\"}],\"inLanguage\":\"es-AR\"},{\"@type\":\"Person\",\"@id\":\"https:\/\/ondauno.com.ar\/#\/schema\/person\/201d1b68e6c75e0fd396fe5f8af5d139\",\"name\":\"fernando garcia\",\"image\":{\"@type\":\"ImageObject\",\"inLanguage\":\"es-AR\",\"@id\":\"https:\/\/ondauno.com.ar\/#\/schema\/person\/image\/\",\"url\":\"https:\/\/secure.gravatar.com\/avatar\/5f7254642ad81272e79a2e69653cfdfc?s=96&d=mm&r=g\",\"contentUrl\":\"https:\/\/secure.gravatar.com\/avatar\/5f7254642ad81272e79a2e69653cfdfc?s=96&d=mm&r=g\",\"caption\":\"fernando garcia\"},\"url\":\"https:\/\/ondauno.com.ar\/index.php\/author\/ondaunoeditor\/\"}]}<\/script>\n<!-- \/ Yoast SEO plugin. -->","yoast_head_json":{"title":"Por un caso positivo de Covid 19 ordenan aislar a todas las familias que asistieron al baile de egresados del Colegio Holand\u00e9s - 103.9 fm","robots":{"index":"index","follow":"follow","max-snippet":"max-snippet:-1","max-image-preview":"max-image-preview:large","max-video-preview":"max-video-preview:-1"},"canonical":"https:\/\/ondauno.com.ar\/index.php\/2020\/12\/24\/por-un-caso-positivo-de-covid-19-ordenan-aislar-a-todas-las-familias-que-asistieron-al-baile-de-egresados-del-colegio-holandes\/","og_locale":"es_ES","og_type":"article","og_title":"Por un caso positivo de Covid 19 ordenan aislar a todas las familias que asistieron al baile de egresados del Colegio Holand\u00e9s - 103.9 fm","og_description":"Esta ma\u00f1ana el doctor Gabriel Guerra confirm\u00f3 en Cosas que Pasan el resultado positivo de covid 19 de un familiar directo de un funcionario municipal. El secretario de Salud orden\u00f3 el aislamiento de la familia del funcionario municipal y del resto de los que concurrieron al baile de egresados del Colegio Holand\u00e9s. Otros testimonios dan [&hellip;]","og_url":"https:\/\/ondauno.com.ar\/index.php\/2020\/12\/24\/por-un-caso-positivo-de-covid-19-ordenan-aislar-a-todas-las-familias-que-asistieron-al-baile-de-egresados-del-colegio-holandes\/","og_site_name":"103.9 fm","article_publisher":"https:\/\/www.facebook.com\/ondauno103.9","article_published_time":"2020-12-24T17:47:29+00:00","article_modified_time":"2020-12-24T17:47:33+00:00","og_image":[{"width":300,"height":168,"url":"https:\/\/ondauno.com.ar\/wp-content\/uploads\/2020\/12\/descarga-6.jpg","type":"image\/jpeg"}],"author":"fernando garcia","twitter_card":"summary_large_image","twitter_misc":{"Escrito por":"fernando garcia","Tiempo de lectura":"1 minuto"},"schema":{"@context":"https:\/\/schema.org","@graph":[{"@type":"WebPage","@id":"https:\/\/ondauno.com.ar\/index.php\/2020\/12\/24\/por-un-caso-positivo-de-covid-19-ordenan-aislar-a-todas-las-familias-que-asistieron-al-baile-de-egresados-del-colegio-holandes\/","url":"https:\/\/ondauno.com.ar\/index.php\/2020\/12\/24\/por-un-caso-positivo-de-covid-19-ordenan-aislar-a-todas-las-familias-que-asistieron-al-baile-de-egresados-del-colegio-holandes\/","name":"Por un caso positivo de Covid 19 ordenan aislar a todas las familias que asistieron al baile de egresados del Colegio Holand\u00e9s - 103.9 fm","isPartOf":{"@id":"https:\/\/ondauno.com.ar\/#website"},"primaryImageOfPage":{"@id":"https:\/\/ondauno.com.ar\/index.php\/2020\/12\/24\/por-un-caso-positivo-de-covid-19-ordenan-aislar-a-todas-las-familias-que-asistieron-al-baile-de-egresados-del-colegio-holandes\/#primaryimage"},"image":{"@id":"https:\/\/ondauno.com.ar\/index.php\/2020\/12\/24\/por-un-caso-positivo-de-covid-19-ordenan-aislar-a-todas-las-familias-que-asistieron-al-baile-de-egresados-del-colegio-holandes\/#primaryimage"},"thumbnailUrl":"https:\/\/ondauno.com.ar\/wp-content\/uploads\/2020\/12\/descarga-6.jpg","datePublished":"2020-12-24T17:47:29+00:00","dateModified":"2020-12-24T17:47:33+00:00","author":{"@id":"https:\/\/ondauno.com.ar\/#\/schema\/person\/201d1b68e6c75e0fd396fe5f8af5d139"},"breadcrumb":{"@id":"https:\/\/ondauno.com.ar\/index.php\/2020\/12\/24\/por-un-caso-positivo-de-covid-19-ordenan-aislar-a-todas-las-familias-que-asistieron-al-baile-de-egresados-del-colegio-holandes\/#breadcrumb"},"inLanguage":"es-AR","potentialAction":[{"@type":"ReadAction","target":["https:\/\/ondauno.com.ar\/index.php\/2020\/12\/24\/por-un-caso-positivo-de-covid-19-ordenan-aislar-a-todas-las-familias-que-asistieron-al-baile-de-egresados-del-colegio-holandes\/"]}]},{"@type":"ImageObject","inLanguage":"es-AR","@id":"https:\/\/ondauno.com.ar\/index.php\/2020\/12\/24\/por-un-caso-positivo-de-covid-19-ordenan-aislar-a-todas-las-familias-que-asistieron-al-baile-de-egresados-del-colegio-holandes\/#primaryimage","url":"https:\/\/ondauno.com.ar\/wp-content\/uploads\/2020\/12\/descarga-6.jpg","contentUrl":"https:\/\/ondauno.com.ar\/wp-content\/uploads\/2020\/12\/descarga-6.jpg","width":300,"height":168},{"@type":"BreadcrumbList","@id":"https:\/\/ondauno.com.ar\/index.php\/2020\/12\/24\/por-un-caso-positivo-de-covid-19-ordenan-aislar-a-todas-las-familias-que-asistieron-al-baile-de-egresados-del-colegio-holandes\/#breadcrumb","itemListElement":[{"@type":"ListItem","position":1,"name":"Inicio","item":"https:\/\/ondauno.com.ar\/"},{"@type":"ListItem","position":2,"name":"Por un caso positivo de Covid 19 ordenan aislar a todas las familias que asistieron al baile de egresados del Colegio Holand\u00e9s"}]},{"@type":"WebSite","@id":"https:\/\/ondauno.com.ar\/#website","url":"https:\/\/ondauno.com.ar\/","name":"103.9 fm","description":"LA PRIMERA RADIO MULTIMEDIA DE TRES ARROYOS","potentialAction":[{"@type":"SearchAction","target":{"@type":"EntryPoint","urlTemplate":"https:\/\/ondauno.com.ar\/?s={search_term_string}"},"query-input":"required name=search_term_string"}],"inLanguage":"es-AR"},{"@type":"Person","@id":"https:\/\/ondauno.com.ar\/#\/schema\/person\/201d1b68e6c75e0fd396fe5f8af5d139","name":"fernando garcia","image":{"@type":"ImageObject","inLanguage":"es-AR","@id":"https:\/\/ondauno.com.ar\/#\/schema\/person\/image\/","url":"https:\/\/secure.gravatar.com\/avatar\/5f7254642ad81272e79a2e69653cfdfc?s=96&d=mm&r=g","contentUrl":"https:\/\/secure.gravatar.com\/avatar\/5f7254642ad81272e79a2e69653cfdfc?s=96&d=mm&r=g","caption":"fernando garcia"},"url":"https:\/\/ondauno.com.ar\/index.php\/author\/ondaunoeditor\/"}]}},"jetpack_publicize_connections":[],"jetpack_featured_media_url":"https:\/\/ondauno.com.ar\/wp-content\/uploads\/2020\/12\/descarga-6.jpg","jetpack_sharing_enabled":true,"_links":{"self":[{"href":"https:\/\/ondauno.com.ar\/index.php\/wp-json\/wp\/v2\/posts\/21094","targetHints":{"allow":["GET"]}}],"collection":[{"href":"https:\/\/ondauno.com.ar\/index.php\/wp-json\/wp\/v2\/posts"}],"about":[{"href":"https:\/\/ondauno.com.ar\/index.php\/wp-json\/wp\/v2\/types\/post"}],"author":[{"embeddable":true,"href":"https:\/\/ondauno.com.ar\/index.php\/wp-json\/wp\/v2\/users\/2"}],"replies":[{"embeddable":true,"href":"https:\/\/ondauno.com.ar\/index.php\/wp-json\/wp\/v2\/comments?post=21094"}],"version-history":[{"count":0,"href":"https:\/\/ondauno.com.ar\/index.php\/wp-json\/wp\/v2\/posts\/21094\/revisions"}],"wp:featuredmedia":[{"embeddable":true,"href":"https:\/\/ondauno.com.ar\/index.php\/wp-json\/wp\/v2\/media\/21110"}],"wp:attachment":[{"href":"https:\/\/ondauno.com.ar\/index.php\/wp-json\/wp\/v2\/media?parent=21094"}],"wp:term":[{"taxonomy":"category","embeddable":true,"href":"https:\/\/ondauno.com.ar\/index.php\/wp-json\/wp\/v2\/categories?post=21094"},{"taxonomy":"post_tag","embeddable":true,"href":"https:\/\/ondauno.com.ar\/index.php\/wp-json\/wp\/v2\/tags?post=21094"}],"curies":[{"name":"wp","href":"https:\/\/api.w.org\/{rel}","templated":true}]}}