{"id":21069,"date":"2020-12-23T20:12:50","date_gmt":"2020-12-23T23:12:50","guid":{"rendered":"http:\/\/ondauno.com.ar\/?p=21069"},"modified":"2020-12-23T20:12:53","modified_gmt":"2020-12-23T23:12:53","slug":"moviles-policiales-para-monte-hermoso-para-el-operativo-de-sol-a-sol","status":"publish","type":"post","link":"https:\/\/ondauno.com.ar\/index.php\/2020\/12\/23\/moviles-policiales-para-monte-hermoso-para-el-operativo-de-sol-a-sol\/","title":{"rendered":"M\u00f3viles policiales para Monte Hermoso para el Operativo de Sol a Sol"},"content":{"rendered":"<div class=\"ondau-before-content_3\" style=\"margin-top: -30px;\" id=\"ondau-3100442231\"><a href=\"https:\/\/www.lps.com.ar\/\" aria-label=\"la-perse2\"><img loading=\"lazy\" decoding=\"async\" src=\"https:\/\/ondauno.com.ar\/wp-content\/uploads\/2021\/10\/la-perse2.jpg\" alt=\"\"  srcset=\"https:\/\/ondauno.com.ar\/wp-content\/uploads\/2021\/10\/la-perse2.jpg 1353w, https:\/\/ondauno.com.ar\/wp-content\/uploads\/2021\/10\/la-perse2-300x43.jpg 300w, https:\/\/ondauno.com.ar\/wp-content\/uploads\/2021\/10\/la-perse2-1024x148.jpg 1024w, https:\/\/ondauno.com.ar\/wp-content\/uploads\/2021\/10\/la-perse2-768x111.jpg 768w, https:\/\/ondauno.com.ar\/wp-content\/uploads\/2021\/10\/la-perse2-696x100.jpg 696w, https:\/\/ondauno.com.ar\/wp-content\/uploads\/2021\/10\/la-perse2-1068x154.jpg 1068w\" sizes=\"(max-width: 1353px) 100vw, 1353px\" class=\"no-lazyload\" width=\"1353\" height=\"195\"  style=\"display: inline-block;\" \/><\/a><\/div>\n<h1 class=\"wp-block-heading\">Seguridad en #MonteHermoso \ud83d\ude94 Llegaron los cinco m\u00f3viles policiales destinados al \u201cOperativo de Sol a Sol\u201d.<\/h1>\n\n\n\n<p>\ud83c\udf1e Tras el lanzamiento del Operativo de Sol a Sol encabezado este lunes por el gobernador Axel Kicillof del que particip\u00f3 el jefe comunal Alejandro Dichiara, llegaron a Monte Hermoso cinco m\u00f3viles policiales 4 x 4 destinados a reforzar la seguridad, control y prevenci\u00f3n durante toda la temporada.<\/p>\n\n\n\n<figure class=\"wp-block-image\"><img loading=\"lazy\" decoding=\"async\" width=\"1024\" height=\"680\" data-src=\"https:\/\/ondauno.com.ar\/wp-content\/uploads\/2020\/12\/WhatsApp-Image-2020-12-23-at-20.03.57-1-1024x680.jpeg\" alt=\"\" class=\"wp-image-21070 lazyload\" data-srcset=\"https:\/\/ondauno.com.ar\/wp-content\/uploads\/2020\/12\/WhatsApp-Image-2020-12-23-at-20.03.57-1-1024x680.jpeg 1024w, https:\/\/ondauno.com.ar\/wp-content\/uploads\/2020\/12\/WhatsApp-Image-2020-12-23-at-20.03.57-1-300x199.jpeg 300w, https:\/\/ondauno.com.ar\/wp-content\/uploads\/2020\/12\/WhatsApp-Image-2020-12-23-at-20.03.57-1-768x510.jpeg 768w, https:\/\/ondauno.com.ar\/wp-content\/uploads\/2020\/12\/WhatsApp-Image-2020-12-23-at-20.03.57-1-696x462.jpeg 696w, https:\/\/ondauno.com.ar\/wp-content\/uploads\/2020\/12\/WhatsApp-Image-2020-12-23-at-20.03.57-1-1068x709.jpeg 1068w, https:\/\/ondauno.com.ar\/wp-content\/uploads\/2020\/12\/WhatsApp-Image-2020-12-23-at-20.03.57-1-633x420.jpeg 633w, https:\/\/ondauno.com.ar\/wp-content\/uploads\/2020\/12\/WhatsApp-Image-2020-12-23-at-20.03.57-1.jpeg 1080w\" data-sizes=\"auto, (max-width: 1024px) 100vw, 1024px\" src=\"data:image\/gif;base64,R0lGODlhAQABAAAAACH5BAEKAAEALAAAAAABAAEAAAICTAEAOw==\" style=\"--smush-placeholder-width: 1024px; --smush-placeholder-aspect-ratio: 1024\/680;\" \/><noscript><img loading=\"lazy\" decoding=\"async\" width=\"1024\" height=\"680\" src=\"https:\/\/ondauno.com.ar\/wp-content\/uploads\/2020\/12\/WhatsApp-Image-2020-12-23-at-20.03.57-1-1024x680.jpeg\" alt=\"\" class=\"wp-image-21070\" srcset=\"https:\/\/ondauno.com.ar\/wp-content\/uploads\/2020\/12\/WhatsApp-Image-2020-12-23-at-20.03.57-1-1024x680.jpeg 1024w, https:\/\/ondauno.com.ar\/wp-content\/uploads\/2020\/12\/WhatsApp-Image-2020-12-23-at-20.03.57-1-300x199.jpeg 300w, https:\/\/ondauno.com.ar\/wp-content\/uploads\/2020\/12\/WhatsApp-Image-2020-12-23-at-20.03.57-1-768x510.jpeg 768w, https:\/\/ondauno.com.ar\/wp-content\/uploads\/2020\/12\/WhatsApp-Image-2020-12-23-at-20.03.57-1-696x462.jpeg 696w, https:\/\/ondauno.com.ar\/wp-content\/uploads\/2020\/12\/WhatsApp-Image-2020-12-23-at-20.03.57-1-1068x709.jpeg 1068w, https:\/\/ondauno.com.ar\/wp-content\/uploads\/2020\/12\/WhatsApp-Image-2020-12-23-at-20.03.57-1-633x420.jpeg 633w, https:\/\/ondauno.com.ar\/wp-content\/uploads\/2020\/12\/WhatsApp-Image-2020-12-23-at-20.03.57-1.jpeg 1080w\" sizes=\"auto, (max-width: 1024px) 100vw, 1024px\" \/><\/noscript><\/figure>\n\n\n\n<p><br> \ud83d\ude94 Son dos Toyota y tres Ford Ranger 0 KM, ya operativas, que se suman a la flota local, adem\u00e1s de los nuevos 25 efectivos destinados como refuerzo.<br> \ud83c\udf1e El secretario de Seguridad Municipal, Jorge Saucedo, destac\u00f3 y agradeci\u00f3 las gestiones y respuesta por parte del Ministerio de Seguridad Provincial a cargo de Sergio Berni y record\u00f3 que \u201cen nuestra ciudad trabajamos siempre en conjunto con la Polic\u00eda Comunal y en esta oportunidad redoblamos refuerzos, esfuerzos y compromiso para tener la mejor temporada posible\u201d.<\/p>\n\n\n\n<figure class=\"wp-block-image\"><img loading=\"lazy\" decoding=\"async\" width=\"1024\" height=\"680\" data-src=\"https:\/\/ondauno.com.ar\/wp-content\/uploads\/2020\/12\/WhatsApp-Image-2020-12-23-at-20.03.57-1024x680.jpeg\" alt=\"\" class=\"wp-image-21071 lazyload\" data-srcset=\"https:\/\/ondauno.com.ar\/wp-content\/uploads\/2020\/12\/WhatsApp-Image-2020-12-23-at-20.03.57-1024x680.jpeg 1024w, https:\/\/ondauno.com.ar\/wp-content\/uploads\/2020\/12\/WhatsApp-Image-2020-12-23-at-20.03.57-300x199.jpeg 300w, https:\/\/ondauno.com.ar\/wp-content\/uploads\/2020\/12\/WhatsApp-Image-2020-12-23-at-20.03.57-768x510.jpeg 768w, https:\/\/ondauno.com.ar\/wp-content\/uploads\/2020\/12\/WhatsApp-Image-2020-12-23-at-20.03.57-696x462.jpeg 696w, https:\/\/ondauno.com.ar\/wp-content\/uploads\/2020\/12\/WhatsApp-Image-2020-12-23-at-20.03.57-1068x709.jpeg 1068w, https:\/\/ondauno.com.ar\/wp-content\/uploads\/2020\/12\/WhatsApp-Image-2020-12-23-at-20.03.57-633x420.jpeg 633w, https:\/\/ondauno.com.ar\/wp-content\/uploads\/2020\/12\/WhatsApp-Image-2020-12-23-at-20.03.57.jpeg 1080w\" data-sizes=\"auto, (max-width: 1024px) 100vw, 1024px\" src=\"data:image\/gif;base64,R0lGODlhAQABAAAAACH5BAEKAAEALAAAAAABAAEAAAICTAEAOw==\" style=\"--smush-placeholder-width: 1024px; --smush-placeholder-aspect-ratio: 1024\/680;\" \/><noscript><img loading=\"lazy\" decoding=\"async\" width=\"1024\" height=\"680\" src=\"https:\/\/ondauno.com.ar\/wp-content\/uploads\/2020\/12\/WhatsApp-Image-2020-12-23-at-20.03.57-1024x680.jpeg\" alt=\"\" class=\"wp-image-21071\" srcset=\"https:\/\/ondauno.com.ar\/wp-content\/uploads\/2020\/12\/WhatsApp-Image-2020-12-23-at-20.03.57-1024x680.jpeg 1024w, https:\/\/ondauno.com.ar\/wp-content\/uploads\/2020\/12\/WhatsApp-Image-2020-12-23-at-20.03.57-300x199.jpeg 300w, https:\/\/ondauno.com.ar\/wp-content\/uploads\/2020\/12\/WhatsApp-Image-2020-12-23-at-20.03.57-768x510.jpeg 768w, https:\/\/ondauno.com.ar\/wp-content\/uploads\/2020\/12\/WhatsApp-Image-2020-12-23-at-20.03.57-696x462.jpeg 696w, https:\/\/ondauno.com.ar\/wp-content\/uploads\/2020\/12\/WhatsApp-Image-2020-12-23-at-20.03.57-1068x709.jpeg 1068w, https:\/\/ondauno.com.ar\/wp-content\/uploads\/2020\/12\/WhatsApp-Image-2020-12-23-at-20.03.57-633x420.jpeg 633w, https:\/\/ondauno.com.ar\/wp-content\/uploads\/2020\/12\/WhatsApp-Image-2020-12-23-at-20.03.57.jpeg 1080w\" sizes=\"auto, (max-width: 1024px) 100vw, 1024px\" \/><\/noscript><\/figure>\n\n\n\n<p><br> \ud83d\ude94 D\u00edas a tras durante el recibimiento de los nuevos agentes policiales, en el que estuvo presente el delegado del Ministerio de Seguridad, Federico Monteros, el comisario local Fernando Vera, resalt\u00f3 la particularidad de esta temporada, \u201cdonde los protocolos se ven modificados y adaptados a la nueva normalidad que dictamina la pandemia\u201d y les solicit\u00f3 a los nuevos agentes \u201ccompromiso, respeto y profesionalismo m\u00e1s all\u00e1 del rol policial, teniendo en cuenta que es una localidad tur\u00edstica, especial y distinta donde el respeto entre vecinos es primordial\u201d.<\/p>\n\n\n\n<figure class=\"wp-block-image\"><img loading=\"lazy\" decoding=\"async\" width=\"1024\" height=\"680\" data-src=\"https:\/\/ondauno.com.ar\/wp-content\/uploads\/2020\/12\/WhatsApp-Image-2020-12-23-at-20.03.56-2-1024x680.jpeg\" alt=\"\" class=\"wp-image-21072 lazyload\" data-srcset=\"https:\/\/ondauno.com.ar\/wp-content\/uploads\/2020\/12\/WhatsApp-Image-2020-12-23-at-20.03.56-2-1024x680.jpeg 1024w, https:\/\/ondauno.com.ar\/wp-content\/uploads\/2020\/12\/WhatsApp-Image-2020-12-23-at-20.03.56-2-300x199.jpeg 300w, https:\/\/ondauno.com.ar\/wp-content\/uploads\/2020\/12\/WhatsApp-Image-2020-12-23-at-20.03.56-2-768x510.jpeg 768w, https:\/\/ondauno.com.ar\/wp-content\/uploads\/2020\/12\/WhatsApp-Image-2020-12-23-at-20.03.56-2-696x462.jpeg 696w, https:\/\/ondauno.com.ar\/wp-content\/uploads\/2020\/12\/WhatsApp-Image-2020-12-23-at-20.03.56-2-1068x709.jpeg 1068w, https:\/\/ondauno.com.ar\/wp-content\/uploads\/2020\/12\/WhatsApp-Image-2020-12-23-at-20.03.56-2-633x420.jpeg 633w, https:\/\/ondauno.com.ar\/wp-content\/uploads\/2020\/12\/WhatsApp-Image-2020-12-23-at-20.03.56-2.jpeg 1080w\" data-sizes=\"auto, (max-width: 1024px) 100vw, 1024px\" src=\"data:image\/gif;base64,R0lGODlhAQABAAAAACH5BAEKAAEALAAAAAABAAEAAAICTAEAOw==\" style=\"--smush-placeholder-width: 1024px; --smush-placeholder-aspect-ratio: 1024\/680;\" \/><noscript><img loading=\"lazy\" decoding=\"async\" width=\"1024\" height=\"680\" src=\"https:\/\/ondauno.com.ar\/wp-content\/uploads\/2020\/12\/WhatsApp-Image-2020-12-23-at-20.03.56-2-1024x680.jpeg\" alt=\"\" class=\"wp-image-21072\" srcset=\"https:\/\/ondauno.com.ar\/wp-content\/uploads\/2020\/12\/WhatsApp-Image-2020-12-23-at-20.03.56-2-1024x680.jpeg 1024w, https:\/\/ondauno.com.ar\/wp-content\/uploads\/2020\/12\/WhatsApp-Image-2020-12-23-at-20.03.56-2-300x199.jpeg 300w, https:\/\/ondauno.com.ar\/wp-content\/uploads\/2020\/12\/WhatsApp-Image-2020-12-23-at-20.03.56-2-768x510.jpeg 768w, https:\/\/ondauno.com.ar\/wp-content\/uploads\/2020\/12\/WhatsApp-Image-2020-12-23-at-20.03.56-2-696x462.jpeg 696w, https:\/\/ondauno.com.ar\/wp-content\/uploads\/2020\/12\/WhatsApp-Image-2020-12-23-at-20.03.56-2-1068x709.jpeg 1068w, https:\/\/ondauno.com.ar\/wp-content\/uploads\/2020\/12\/WhatsApp-Image-2020-12-23-at-20.03.56-2-633x420.jpeg 633w, https:\/\/ondauno.com.ar\/wp-content\/uploads\/2020\/12\/WhatsApp-Image-2020-12-23-at-20.03.56-2.jpeg 1080w\" sizes=\"auto, (max-width: 1024px) 100vw, 1024px\" \/><\/noscript><\/figure>\n","protected":false},"excerpt":{"rendered":"<p>Seguridad en #MonteHermoso \ud83d\ude94 Llegaron los cinco m\u00f3viles policiales destinados al \u201cOperativo de Sol a Sol\u201d. \ud83c\udf1e Tras el lanzamiento del Operativo de Sol a Sol encabezado este lunes por el gobernador Axel Kicillof del que particip\u00f3 el jefe comunal Alejandro Dichiara, llegaron a Monte Hermoso cinco m\u00f3viles policiales 4 x 4 destinados a reforzar [&hellip;]<\/p>\n","protected":false},"author":2,"featured_media":21074,"comment_status":"open","ping_status":"open","sticky":false,"template":"","format":"standard","meta":{"tdm_status":"","tdm_grid_status":"","_jetpack_memberships_contains_paid_content":false,"footnotes":"","jetpack_publicize_message":"","jetpack_publicize_feature_enabled":true,"jetpack_social_post_already_shared":true,"jetpack_social_options":{"image_generator_settings":{"template":"highway","default_image_id":0,"font":"","enabled":false},"version":2}},"categories":[35],"tags":[],"class_list":{"0":"post-21069","1":"post","2":"type-post","3":"status-publish","4":"format-standard","5":"has-post-thumbnail","7":"category-regionales"},"yoast_head":"<!-- This site is optimized with the Yoast SEO plugin v22.7 - https:\/\/yoast.com\/wordpress\/plugins\/seo\/ -->\n<title>M\u00f3viles policiales para Monte Hermoso para el Operativo de Sol a Sol - 103.9 fm<\/title>\n<meta name=\"robots\" content=\"index, follow, max-snippet:-1, max-image-preview:large, max-video-preview:-1\" \/>\n<link rel=\"canonical\" href=\"https:\/\/ondauno.com.ar\/index.php\/2020\/12\/23\/moviles-policiales-para-monte-hermoso-para-el-operativo-de-sol-a-sol\/\" \/>\n<meta property=\"og:locale\" content=\"es_ES\" \/>\n<meta property=\"og:type\" content=\"article\" \/>\n<meta property=\"og:title\" content=\"M\u00f3viles policiales para Monte Hermoso para el Operativo de Sol a Sol - 103.9 fm\" \/>\n<meta property=\"og:description\" content=\"Seguridad en #MonteHermoso \ud83d\ude94 Llegaron los cinco m\u00f3viles policiales destinados al \u201cOperativo de Sol a Sol\u201d. \ud83c\udf1e Tras el lanzamiento del Operativo de Sol a Sol encabezado este lunes por el gobernador Axel Kicillof del que particip\u00f3 el jefe comunal Alejandro Dichiara, llegaron a Monte Hermoso cinco m\u00f3viles policiales 4 x 4 destinados a reforzar [&hellip;]\" \/>\n<meta property=\"og:url\" content=\"https:\/\/ondauno.com.ar\/index.php\/2020\/12\/23\/moviles-policiales-para-monte-hermoso-para-el-operativo-de-sol-a-sol\/\" \/>\n<meta property=\"og:site_name\" content=\"103.9 fm\" \/>\n<meta property=\"article:publisher\" content=\"https:\/\/www.facebook.com\/ondauno103.9\" \/>\n<meta property=\"article:published_time\" content=\"2020-12-23T23:12:50+00:00\" \/>\n<meta property=\"article:modified_time\" content=\"2020-12-23T23:12:53+00:00\" \/>\n<meta property=\"og:image\" content=\"https:\/\/ondauno.com.ar\/wp-content\/uploads\/2020\/12\/WhatsApp-Image-2020-12-23-at-20.03.56.jpeg\" \/>\n\t<meta property=\"og:image:width\" content=\"1080\" \/>\n\t<meta property=\"og:image:height\" content=\"717\" \/>\n\t<meta property=\"og:image:type\" content=\"image\/jpeg\" \/>\n<meta name=\"author\" content=\"fernando garcia\" \/>\n<meta name=\"twitter:card\" content=\"summary_large_image\" \/>\n<meta name=\"twitter:label1\" content=\"Escrito por\" \/>\n\t<meta name=\"twitter:data1\" content=\"fernando garcia\" \/>\n\t<meta name=\"twitter:label2\" content=\"Tiempo de lectura\" \/>\n\t<meta name=\"twitter:data2\" content=\"1 minuto\" \/>\n<script type=\"application\/ld+json\" class=\"yoast-schema-graph\">{\"@context\":\"https:\/\/schema.org\",\"@graph\":[{\"@type\":\"WebPage\",\"@id\":\"https:\/\/ondauno.com.ar\/index.php\/2020\/12\/23\/moviles-policiales-para-monte-hermoso-para-el-operativo-de-sol-a-sol\/\",\"url\":\"https:\/\/ondauno.com.ar\/index.php\/2020\/12\/23\/moviles-policiales-para-monte-hermoso-para-el-operativo-de-sol-a-sol\/\",\"name\":\"M\u00f3viles policiales para Monte Hermoso para el Operativo de Sol a Sol - 103.9 fm\",\"isPartOf\":{\"@id\":\"https:\/\/ondauno.com.ar\/#website\"},\"primaryImageOfPage\":{\"@id\":\"https:\/\/ondauno.com.ar\/index.php\/2020\/12\/23\/moviles-policiales-para-monte-hermoso-para-el-operativo-de-sol-a-sol\/#primaryimage\"},\"image\":{\"@id\":\"https:\/\/ondauno.com.ar\/index.php\/2020\/12\/23\/moviles-policiales-para-monte-hermoso-para-el-operativo-de-sol-a-sol\/#primaryimage\"},\"thumbnailUrl\":\"https:\/\/ondauno.com.ar\/wp-content\/uploads\/2020\/12\/WhatsApp-Image-2020-12-23-at-20.03.56.jpeg\",\"datePublished\":\"2020-12-23T23:12:50+00:00\",\"dateModified\":\"2020-12-23T23:12:53+00:00\",\"author\":{\"@id\":\"https:\/\/ondauno.com.ar\/#\/schema\/person\/201d1b68e6c75e0fd396fe5f8af5d139\"},\"breadcrumb\":{\"@id\":\"https:\/\/ondauno.com.ar\/index.php\/2020\/12\/23\/moviles-policiales-para-monte-hermoso-para-el-operativo-de-sol-a-sol\/#breadcrumb\"},\"inLanguage\":\"es-AR\",\"potentialAction\":[{\"@type\":\"ReadAction\",\"target\":[\"https:\/\/ondauno.com.ar\/index.php\/2020\/12\/23\/moviles-policiales-para-monte-hermoso-para-el-operativo-de-sol-a-sol\/\"]}]},{\"@type\":\"ImageObject\",\"inLanguage\":\"es-AR\",\"@id\":\"https:\/\/ondauno.com.ar\/index.php\/2020\/12\/23\/moviles-policiales-para-monte-hermoso-para-el-operativo-de-sol-a-sol\/#primaryimage\",\"url\":\"https:\/\/ondauno.com.ar\/wp-content\/uploads\/2020\/12\/WhatsApp-Image-2020-12-23-at-20.03.56.jpeg\",\"contentUrl\":\"https:\/\/ondauno.com.ar\/wp-content\/uploads\/2020\/12\/WhatsApp-Image-2020-12-23-at-20.03.56.jpeg\",\"width\":1080,\"height\":717},{\"@type\":\"BreadcrumbList\",\"@id\":\"https:\/\/ondauno.com.ar\/index.php\/2020\/12\/23\/moviles-policiales-para-monte-hermoso-para-el-operativo-de-sol-a-sol\/#breadcrumb\",\"itemListElement\":[{\"@type\":\"ListItem\",\"position\":1,\"name\":\"Inicio\",\"item\":\"https:\/\/ondauno.com.ar\/\"},{\"@type\":\"ListItem\",\"position\":2,\"name\":\"M\u00f3viles policiales para Monte Hermoso para el Operativo de Sol a Sol\"}]},{\"@type\":\"WebSite\",\"@id\":\"https:\/\/ondauno.com.ar\/#website\",\"url\":\"https:\/\/ondauno.com.ar\/\",\"name\":\"103.9 fm\",\"description\":\"LA PRIMERA RADIO MULTIMEDIA DE TRES ARROYOS\",\"potentialAction\":[{\"@type\":\"SearchAction\",\"target\":{\"@type\":\"EntryPoint\",\"urlTemplate\":\"https:\/\/ondauno.com.ar\/?s={search_term_string}\"},\"query-input\":\"required name=search_term_string\"}],\"inLanguage\":\"es-AR\"},{\"@type\":\"Person\",\"@id\":\"https:\/\/ondauno.com.ar\/#\/schema\/person\/201d1b68e6c75e0fd396fe5f8af5d139\",\"name\":\"fernando garcia\",\"image\":{\"@type\":\"ImageObject\",\"inLanguage\":\"es-AR\",\"@id\":\"https:\/\/ondauno.com.ar\/#\/schema\/person\/image\/\",\"url\":\"https:\/\/secure.gravatar.com\/avatar\/5f7254642ad81272e79a2e69653cfdfc?s=96&d=mm&r=g\",\"contentUrl\":\"https:\/\/secure.gravatar.com\/avatar\/5f7254642ad81272e79a2e69653cfdfc?s=96&d=mm&r=g\",\"caption\":\"fernando garcia\"},\"url\":\"https:\/\/ondauno.com.ar\/index.php\/author\/ondaunoeditor\/\"}]}<\/script>\n<!-- \/ Yoast SEO plugin. -->","yoast_head_json":{"title":"M\u00f3viles policiales para Monte Hermoso para el Operativo de Sol a Sol - 103.9 fm","robots":{"index":"index","follow":"follow","max-snippet":"max-snippet:-1","max-image-preview":"max-image-preview:large","max-video-preview":"max-video-preview:-1"},"canonical":"https:\/\/ondauno.com.ar\/index.php\/2020\/12\/23\/moviles-policiales-para-monte-hermoso-para-el-operativo-de-sol-a-sol\/","og_locale":"es_ES","og_type":"article","og_title":"M\u00f3viles policiales para Monte Hermoso para el Operativo de Sol a Sol - 103.9 fm","og_description":"Seguridad en #MonteHermoso \ud83d\ude94 Llegaron los cinco m\u00f3viles policiales destinados al \u201cOperativo de Sol a Sol\u201d. \ud83c\udf1e Tras el lanzamiento del Operativo de Sol a Sol encabezado este lunes por el gobernador Axel Kicillof del que particip\u00f3 el jefe comunal Alejandro Dichiara, llegaron a Monte Hermoso cinco m\u00f3viles policiales 4 x 4 destinados a reforzar [&hellip;]","og_url":"https:\/\/ondauno.com.ar\/index.php\/2020\/12\/23\/moviles-policiales-para-monte-hermoso-para-el-operativo-de-sol-a-sol\/","og_site_name":"103.9 fm","article_publisher":"https:\/\/www.facebook.com\/ondauno103.9","article_published_time":"2020-12-23T23:12:50+00:00","article_modified_time":"2020-12-23T23:12:53+00:00","og_image":[{"width":1080,"height":717,"url":"https:\/\/ondauno.com.ar\/wp-content\/uploads\/2020\/12\/WhatsApp-Image-2020-12-23-at-20.03.56.jpeg","type":"image\/jpeg"}],"author":"fernando garcia","twitter_card":"summary_large_image","twitter_misc":{"Escrito por":"fernando garcia","Tiempo de lectura":"1 minuto"},"schema":{"@context":"https:\/\/schema.org","@graph":[{"@type":"WebPage","@id":"https:\/\/ondauno.com.ar\/index.php\/2020\/12\/23\/moviles-policiales-para-monte-hermoso-para-el-operativo-de-sol-a-sol\/","url":"https:\/\/ondauno.com.ar\/index.php\/2020\/12\/23\/moviles-policiales-para-monte-hermoso-para-el-operativo-de-sol-a-sol\/","name":"M\u00f3viles policiales para Monte Hermoso para el Operativo de Sol a Sol - 103.9 fm","isPartOf":{"@id":"https:\/\/ondauno.com.ar\/#website"},"primaryImageOfPage":{"@id":"https:\/\/ondauno.com.ar\/index.php\/2020\/12\/23\/moviles-policiales-para-monte-hermoso-para-el-operativo-de-sol-a-sol\/#primaryimage"},"image":{"@id":"https:\/\/ondauno.com.ar\/index.php\/2020\/12\/23\/moviles-policiales-para-monte-hermoso-para-el-operativo-de-sol-a-sol\/#primaryimage"},"thumbnailUrl":"https:\/\/ondauno.com.ar\/wp-content\/uploads\/2020\/12\/WhatsApp-Image-2020-12-23-at-20.03.56.jpeg","datePublished":"2020-12-23T23:12:50+00:00","dateModified":"2020-12-23T23:12:53+00:00","author":{"@id":"https:\/\/ondauno.com.ar\/#\/schema\/person\/201d1b68e6c75e0fd396fe5f8af5d139"},"breadcrumb":{"@id":"https:\/\/ondauno.com.ar\/index.php\/2020\/12\/23\/moviles-policiales-para-monte-hermoso-para-el-operativo-de-sol-a-sol\/#breadcrumb"},"inLanguage":"es-AR","potentialAction":[{"@type":"ReadAction","target":["https:\/\/ondauno.com.ar\/index.php\/2020\/12\/23\/moviles-policiales-para-monte-hermoso-para-el-operativo-de-sol-a-sol\/"]}]},{"@type":"ImageObject","inLanguage":"es-AR","@id":"https:\/\/ondauno.com.ar\/index.php\/2020\/12\/23\/moviles-policiales-para-monte-hermoso-para-el-operativo-de-sol-a-sol\/#primaryimage","url":"https:\/\/ondauno.com.ar\/wp-content\/uploads\/2020\/12\/WhatsApp-Image-2020-12-23-at-20.03.56.jpeg","contentUrl":"https:\/\/ondauno.com.ar\/wp-content\/uploads\/2020\/12\/WhatsApp-Image-2020-12-23-at-20.03.56.jpeg","width":1080,"height":717},{"@type":"BreadcrumbList","@id":"https:\/\/ondauno.com.ar\/index.php\/2020\/12\/23\/moviles-policiales-para-monte-hermoso-para-el-operativo-de-sol-a-sol\/#breadcrumb","itemListElement":[{"@type":"ListItem","position":1,"name":"Inicio","item":"https:\/\/ondauno.com.ar\/"},{"@type":"ListItem","position":2,"name":"M\u00f3viles policiales para Monte Hermoso para el Operativo de Sol a Sol"}]},{"@type":"WebSite","@id":"https:\/\/ondauno.com.ar\/#website","url":"https:\/\/ondauno.com.ar\/","name":"103.9 fm","description":"LA PRIMERA RADIO MULTIMEDIA DE TRES ARROYOS","potentialAction":[{"@type":"SearchAction","target":{"@type":"EntryPoint","urlTemplate":"https:\/\/ondauno.com.ar\/?s={search_term_string}"},"query-input":"required name=search_term_string"}],"inLanguage":"es-AR"},{"@type":"Person","@id":"https:\/\/ondauno.com.ar\/#\/schema\/person\/201d1b68e6c75e0fd396fe5f8af5d139","name":"fernando garcia","image":{"@type":"ImageObject","inLanguage":"es-AR","@id":"https:\/\/ondauno.com.ar\/#\/schema\/person\/image\/","url":"https:\/\/secure.gravatar.com\/avatar\/5f7254642ad81272e79a2e69653cfdfc?s=96&d=mm&r=g","contentUrl":"https:\/\/secure.gravatar.com\/avatar\/5f7254642ad81272e79a2e69653cfdfc?s=96&d=mm&r=g","caption":"fernando garcia"},"url":"https:\/\/ondauno.com.ar\/index.php\/author\/ondaunoeditor\/"}]}},"jetpack_publicize_connections":[],"jetpack_featured_media_url":"https:\/\/ondauno.com.ar\/wp-content\/uploads\/2020\/12\/WhatsApp-Image-2020-12-23-at-20.03.56.jpeg","jetpack_sharing_enabled":true,"_links":{"self":[{"href":"https:\/\/ondauno.com.ar\/index.php\/wp-json\/wp\/v2\/posts\/21069","targetHints":{"allow":["GET"]}}],"collection":[{"href":"https:\/\/ondauno.com.ar\/index.php\/wp-json\/wp\/v2\/posts"}],"about":[{"href":"https:\/\/ondauno.com.ar\/index.php\/wp-json\/wp\/v2\/types\/post"}],"author":[{"embeddable":true,"href":"https:\/\/ondauno.com.ar\/index.php\/wp-json\/wp\/v2\/users\/2"}],"replies":[{"embeddable":true,"href":"https:\/\/ondauno.com.ar\/index.php\/wp-json\/wp\/v2\/comments?post=21069"}],"version-history":[{"count":0,"href":"https:\/\/ondauno.com.ar\/index.php\/wp-json\/wp\/v2\/posts\/21069\/revisions"}],"wp:featuredmedia":[{"embeddable":true,"href":"https:\/\/ondauno.com.ar\/index.php\/wp-json\/wp\/v2\/media\/21074"}],"wp:attachment":[{"href":"https:\/\/ondauno.com.ar\/index.php\/wp-json\/wp\/v2\/media?parent=21069"}],"wp:term":[{"taxonomy":"category","embeddable":true,"href":"https:\/\/ondauno.com.ar\/index.php\/wp-json\/wp\/v2\/categories?post=21069"},{"taxonomy":"post_tag","embeddable":true,"href":"https:\/\/ondauno.com.ar\/index.php\/wp-json\/wp\/v2\/tags?post=21069"}],"curies":[{"name":"wp","href":"https:\/\/api.w.org\/{rel}","templated":true}]}}