{"id":20811,"date":"2020-12-18T22:58:46","date_gmt":"2020-12-19T01:58:46","guid":{"rendered":"http:\/\/ondauno.com.ar\/?p=20811"},"modified":"2020-12-18T22:58:48","modified_gmt":"2020-12-19T01:58:48","slug":"intendentes-del-grupo-sur-se-reunieron-en-punta-alta","status":"publish","type":"post","link":"https:\/\/ondauno.com.ar\/index.php\/2020\/12\/18\/intendentes-del-grupo-sur-se-reunieron-en-punta-alta\/","title":{"rendered":"Intendentes del Grupo Sur se reunieron en Punta Alta"},"content":{"rendered":"<div class=\"ondau-before-content_3\" style=\"margin-top: -30px;\" id=\"ondau-3624552606\"><a href=\"https:\/\/www.lps.com.ar\/\" aria-label=\"la-perse2\"><img loading=\"lazy\" decoding=\"async\" src=\"https:\/\/ondauno.com.ar\/wp-content\/uploads\/2021\/10\/la-perse2.jpg\" alt=\"\"  srcset=\"https:\/\/ondauno.com.ar\/wp-content\/uploads\/2021\/10\/la-perse2.jpg 1353w, https:\/\/ondauno.com.ar\/wp-content\/uploads\/2021\/10\/la-perse2-300x43.jpg 300w, https:\/\/ondauno.com.ar\/wp-content\/uploads\/2021\/10\/la-perse2-1024x148.jpg 1024w, https:\/\/ondauno.com.ar\/wp-content\/uploads\/2021\/10\/la-perse2-768x111.jpg 768w, https:\/\/ondauno.com.ar\/wp-content\/uploads\/2021\/10\/la-perse2-696x100.jpg 696w, https:\/\/ondauno.com.ar\/wp-content\/uploads\/2021\/10\/la-perse2-1068x154.jpg 1068w\" sizes=\"(max-width: 1353px) 100vw, 1353px\" class=\"no-lazyload\" width=\"1353\" height=\"195\"  style=\"display: inline-block;\" \/><\/a><\/div>\n<p>Los Intendentes de los distritos de Coronel Rosales, Mariano Uset; de Carmen de Patagones, Jos\u00c9 Luis Zara y de Coronel Pringles, Lisandro Matzkin se reunieron en Punta Alta con el objetivo de consolidar el trabajo conjunto que vienen realizando, apoy\u00e1ndose en las gestiones locales de cada uno de los partidos que gobiernan. Este grupo de intendentes de la sexta secci\u00f3n electoral tom\u00f3 la denominaci\u00f3n de GRUPO SUR, teniendo como objetivo consolidar al espacio pol\u00edtico de Juntos por el Cambio en el interior de una secci\u00f3n que tiene sus particularidades y la necesidad imperiosa de aglutinarse para hacer m\u00e1s eficientes las gestiones. Este encuentro es un paso m\u00e1s en una serie de reuniones que se ven\u00edan dando entre pares y el camino elegido para la construcci\u00f3n pol\u00edtica regional y el fortalecimiento del interior. <\/p>\n\n\n\n<p><br>Los Intendentes de Patagones y de Pringles tambi\u00e9n manifestaron el apoyo incondicional a su par Rosale\u00f1o ante la crisis gremial que tiene el distrito y ante el escrache sufrido en su domicilio particular, pr\u00e1ctica antidemocr\u00e1tica que contrasta con la necesidad de di\u00e1logo y b\u00fasqueda de acuerdos que se merece toda la ciudadan\u00eda.<\/p>\n\n\n\n<p><\/p>\n","protected":false},"excerpt":{"rendered":"<p>Los Intendentes de los distritos de Coronel Rosales, Mariano Uset; de Carmen de Patagones, Jos\u00c9 Luis Zara y de Coronel Pringles, Lisandro Matzkin se reunieron en Punta Alta con el objetivo de consolidar el trabajo conjunto que vienen realizando, apoy\u00e1ndose en las gestiones locales de cada uno de los partidos que gobiernan. Este grupo de [&hellip;]<\/p>\n","protected":false},"author":2,"featured_media":20812,"comment_status":"open","ping_status":"open","sticky":false,"template":"","format":"standard","meta":{"tdm_status":"","tdm_grid_status":"","_jetpack_memberships_contains_paid_content":false,"footnotes":"","jetpack_publicize_message":"","jetpack_publicize_feature_enabled":true,"jetpack_social_post_already_shared":true,"jetpack_social_options":{"image_generator_settings":{"template":"highway","default_image_id":0,"font":"","enabled":false},"version":2}},"categories":[35],"tags":[],"class_list":{"0":"post-20811","1":"post","2":"type-post","3":"status-publish","4":"format-standard","5":"has-post-thumbnail","7":"category-regionales"},"yoast_head":"<!-- This site is optimized with the Yoast SEO plugin v22.7 - https:\/\/yoast.com\/wordpress\/plugins\/seo\/ -->\n<title>Intendentes del Grupo Sur se reunieron en Punta Alta - 103.9 fm<\/title>\n<meta name=\"robots\" content=\"index, follow, max-snippet:-1, max-image-preview:large, max-video-preview:-1\" \/>\n<link rel=\"canonical\" href=\"https:\/\/ondauno.com.ar\/index.php\/2020\/12\/18\/intendentes-del-grupo-sur-se-reunieron-en-punta-alta\/\" \/>\n<meta property=\"og:locale\" content=\"es_ES\" \/>\n<meta property=\"og:type\" content=\"article\" \/>\n<meta property=\"og:title\" content=\"Intendentes del Grupo Sur se reunieron en Punta Alta - 103.9 fm\" \/>\n<meta property=\"og:description\" content=\"Los Intendentes de los distritos de Coronel Rosales, Mariano Uset; de Carmen de Patagones, Jos\u00c9 Luis Zara y de Coronel Pringles, Lisandro Matzkin se reunieron en Punta Alta con el objetivo de consolidar el trabajo conjunto que vienen realizando, apoy\u00e1ndose en las gestiones locales de cada uno de los partidos que gobiernan. Este grupo de [&hellip;]\" \/>\n<meta property=\"og:url\" content=\"https:\/\/ondauno.com.ar\/index.php\/2020\/12\/18\/intendentes-del-grupo-sur-se-reunieron-en-punta-alta\/\" \/>\n<meta property=\"og:site_name\" content=\"103.9 fm\" \/>\n<meta property=\"article:publisher\" content=\"https:\/\/www.facebook.com\/ondauno103.9\" \/>\n<meta property=\"article:published_time\" content=\"2020-12-19T01:58:46+00:00\" \/>\n<meta property=\"article:modified_time\" content=\"2020-12-19T01:58:48+00:00\" \/>\n<meta property=\"og:image\" content=\"https:\/\/ondauno.com.ar\/wp-content\/uploads\/2020\/12\/WhatsApp-Image-2020-12-18-at-22.40.22.jpeg\" \/>\n\t<meta property=\"og:image:width\" content=\"1280\" \/>\n\t<meta property=\"og:image:height\" content=\"960\" \/>\n\t<meta property=\"og:image:type\" content=\"image\/jpeg\" \/>\n<meta name=\"author\" content=\"fernando garcia\" \/>\n<meta name=\"twitter:card\" content=\"summary_large_image\" \/>\n<meta name=\"twitter:label1\" content=\"Escrito por\" \/>\n\t<meta name=\"twitter:data1\" content=\"fernando garcia\" \/>\n\t<meta name=\"twitter:label2\" content=\"Tiempo de lectura\" \/>\n\t<meta name=\"twitter:data2\" content=\"1 minuto\" \/>\n<script type=\"application\/ld+json\" class=\"yoast-schema-graph\">{\"@context\":\"https:\/\/schema.org\",\"@graph\":[{\"@type\":\"WebPage\",\"@id\":\"https:\/\/ondauno.com.ar\/index.php\/2020\/12\/18\/intendentes-del-grupo-sur-se-reunieron-en-punta-alta\/\",\"url\":\"https:\/\/ondauno.com.ar\/index.php\/2020\/12\/18\/intendentes-del-grupo-sur-se-reunieron-en-punta-alta\/\",\"name\":\"Intendentes del Grupo Sur se reunieron en Punta Alta - 103.9 fm\",\"isPartOf\":{\"@id\":\"https:\/\/ondauno.com.ar\/#website\"},\"primaryImageOfPage\":{\"@id\":\"https:\/\/ondauno.com.ar\/index.php\/2020\/12\/18\/intendentes-del-grupo-sur-se-reunieron-en-punta-alta\/#primaryimage\"},\"image\":{\"@id\":\"https:\/\/ondauno.com.ar\/index.php\/2020\/12\/18\/intendentes-del-grupo-sur-se-reunieron-en-punta-alta\/#primaryimage\"},\"thumbnailUrl\":\"https:\/\/ondauno.com.ar\/wp-content\/uploads\/2020\/12\/WhatsApp-Image-2020-12-18-at-22.40.22.jpeg\",\"datePublished\":\"2020-12-19T01:58:46+00:00\",\"dateModified\":\"2020-12-19T01:58:48+00:00\",\"author\":{\"@id\":\"https:\/\/ondauno.com.ar\/#\/schema\/person\/201d1b68e6c75e0fd396fe5f8af5d139\"},\"breadcrumb\":{\"@id\":\"https:\/\/ondauno.com.ar\/index.php\/2020\/12\/18\/intendentes-del-grupo-sur-se-reunieron-en-punta-alta\/#breadcrumb\"},\"inLanguage\":\"es-AR\",\"potentialAction\":[{\"@type\":\"ReadAction\",\"target\":[\"https:\/\/ondauno.com.ar\/index.php\/2020\/12\/18\/intendentes-del-grupo-sur-se-reunieron-en-punta-alta\/\"]}]},{\"@type\":\"ImageObject\",\"inLanguage\":\"es-AR\",\"@id\":\"https:\/\/ondauno.com.ar\/index.php\/2020\/12\/18\/intendentes-del-grupo-sur-se-reunieron-en-punta-alta\/#primaryimage\",\"url\":\"https:\/\/ondauno.com.ar\/wp-content\/uploads\/2020\/12\/WhatsApp-Image-2020-12-18-at-22.40.22.jpeg\",\"contentUrl\":\"https:\/\/ondauno.com.ar\/wp-content\/uploads\/2020\/12\/WhatsApp-Image-2020-12-18-at-22.40.22.jpeg\",\"width\":1280,\"height\":960},{\"@type\":\"BreadcrumbList\",\"@id\":\"https:\/\/ondauno.com.ar\/index.php\/2020\/12\/18\/intendentes-del-grupo-sur-se-reunieron-en-punta-alta\/#breadcrumb\",\"itemListElement\":[{\"@type\":\"ListItem\",\"position\":1,\"name\":\"Inicio\",\"item\":\"https:\/\/ondauno.com.ar\/\"},{\"@type\":\"ListItem\",\"position\":2,\"name\":\"Intendentes del Grupo Sur se reunieron en Punta Alta\"}]},{\"@type\":\"WebSite\",\"@id\":\"https:\/\/ondauno.com.ar\/#website\",\"url\":\"https:\/\/ondauno.com.ar\/\",\"name\":\"103.9 fm\",\"description\":\"LA PRIMERA RADIO MULTIMEDIA DE TRES ARROYOS\",\"potentialAction\":[{\"@type\":\"SearchAction\",\"target\":{\"@type\":\"EntryPoint\",\"urlTemplate\":\"https:\/\/ondauno.com.ar\/?s={search_term_string}\"},\"query-input\":\"required name=search_term_string\"}],\"inLanguage\":\"es-AR\"},{\"@type\":\"Person\",\"@id\":\"https:\/\/ondauno.com.ar\/#\/schema\/person\/201d1b68e6c75e0fd396fe5f8af5d139\",\"name\":\"fernando garcia\",\"image\":{\"@type\":\"ImageObject\",\"inLanguage\":\"es-AR\",\"@id\":\"https:\/\/ondauno.com.ar\/#\/schema\/person\/image\/\",\"url\":\"https:\/\/secure.gravatar.com\/avatar\/5f7254642ad81272e79a2e69653cfdfc?s=96&d=mm&r=g\",\"contentUrl\":\"https:\/\/secure.gravatar.com\/avatar\/5f7254642ad81272e79a2e69653cfdfc?s=96&d=mm&r=g\",\"caption\":\"fernando garcia\"},\"url\":\"https:\/\/ondauno.com.ar\/index.php\/author\/ondaunoeditor\/\"}]}<\/script>\n<!-- \/ Yoast SEO plugin. -->","yoast_head_json":{"title":"Intendentes del Grupo Sur se reunieron en Punta Alta - 103.9 fm","robots":{"index":"index","follow":"follow","max-snippet":"max-snippet:-1","max-image-preview":"max-image-preview:large","max-video-preview":"max-video-preview:-1"},"canonical":"https:\/\/ondauno.com.ar\/index.php\/2020\/12\/18\/intendentes-del-grupo-sur-se-reunieron-en-punta-alta\/","og_locale":"es_ES","og_type":"article","og_title":"Intendentes del Grupo Sur se reunieron en Punta Alta - 103.9 fm","og_description":"Los Intendentes de los distritos de Coronel Rosales, Mariano Uset; de Carmen de Patagones, Jos\u00c9 Luis Zara y de Coronel Pringles, Lisandro Matzkin se reunieron en Punta Alta con el objetivo de consolidar el trabajo conjunto que vienen realizando, apoy\u00e1ndose en las gestiones locales de cada uno de los partidos que gobiernan. Este grupo de [&hellip;]","og_url":"https:\/\/ondauno.com.ar\/index.php\/2020\/12\/18\/intendentes-del-grupo-sur-se-reunieron-en-punta-alta\/","og_site_name":"103.9 fm","article_publisher":"https:\/\/www.facebook.com\/ondauno103.9","article_published_time":"2020-12-19T01:58:46+00:00","article_modified_time":"2020-12-19T01:58:48+00:00","og_image":[{"width":1280,"height":960,"url":"https:\/\/ondauno.com.ar\/wp-content\/uploads\/2020\/12\/WhatsApp-Image-2020-12-18-at-22.40.22.jpeg","type":"image\/jpeg"}],"author":"fernando garcia","twitter_card":"summary_large_image","twitter_misc":{"Escrito por":"fernando garcia","Tiempo de lectura":"1 minuto"},"schema":{"@context":"https:\/\/schema.org","@graph":[{"@type":"WebPage","@id":"https:\/\/ondauno.com.ar\/index.php\/2020\/12\/18\/intendentes-del-grupo-sur-se-reunieron-en-punta-alta\/","url":"https:\/\/ondauno.com.ar\/index.php\/2020\/12\/18\/intendentes-del-grupo-sur-se-reunieron-en-punta-alta\/","name":"Intendentes del Grupo Sur se reunieron en Punta Alta - 103.9 fm","isPartOf":{"@id":"https:\/\/ondauno.com.ar\/#website"},"primaryImageOfPage":{"@id":"https:\/\/ondauno.com.ar\/index.php\/2020\/12\/18\/intendentes-del-grupo-sur-se-reunieron-en-punta-alta\/#primaryimage"},"image":{"@id":"https:\/\/ondauno.com.ar\/index.php\/2020\/12\/18\/intendentes-del-grupo-sur-se-reunieron-en-punta-alta\/#primaryimage"},"thumbnailUrl":"https:\/\/ondauno.com.ar\/wp-content\/uploads\/2020\/12\/WhatsApp-Image-2020-12-18-at-22.40.22.jpeg","datePublished":"2020-12-19T01:58:46+00:00","dateModified":"2020-12-19T01:58:48+00:00","author":{"@id":"https:\/\/ondauno.com.ar\/#\/schema\/person\/201d1b68e6c75e0fd396fe5f8af5d139"},"breadcrumb":{"@id":"https:\/\/ondauno.com.ar\/index.php\/2020\/12\/18\/intendentes-del-grupo-sur-se-reunieron-en-punta-alta\/#breadcrumb"},"inLanguage":"es-AR","potentialAction":[{"@type":"ReadAction","target":["https:\/\/ondauno.com.ar\/index.php\/2020\/12\/18\/intendentes-del-grupo-sur-se-reunieron-en-punta-alta\/"]}]},{"@type":"ImageObject","inLanguage":"es-AR","@id":"https:\/\/ondauno.com.ar\/index.php\/2020\/12\/18\/intendentes-del-grupo-sur-se-reunieron-en-punta-alta\/#primaryimage","url":"https:\/\/ondauno.com.ar\/wp-content\/uploads\/2020\/12\/WhatsApp-Image-2020-12-18-at-22.40.22.jpeg","contentUrl":"https:\/\/ondauno.com.ar\/wp-content\/uploads\/2020\/12\/WhatsApp-Image-2020-12-18-at-22.40.22.jpeg","width":1280,"height":960},{"@type":"BreadcrumbList","@id":"https:\/\/ondauno.com.ar\/index.php\/2020\/12\/18\/intendentes-del-grupo-sur-se-reunieron-en-punta-alta\/#breadcrumb","itemListElement":[{"@type":"ListItem","position":1,"name":"Inicio","item":"https:\/\/ondauno.com.ar\/"},{"@type":"ListItem","position":2,"name":"Intendentes del Grupo Sur se reunieron en Punta Alta"}]},{"@type":"WebSite","@id":"https:\/\/ondauno.com.ar\/#website","url":"https:\/\/ondauno.com.ar\/","name":"103.9 fm","description":"LA PRIMERA RADIO MULTIMEDIA DE TRES ARROYOS","potentialAction":[{"@type":"SearchAction","target":{"@type":"EntryPoint","urlTemplate":"https:\/\/ondauno.com.ar\/?s={search_term_string}"},"query-input":"required name=search_term_string"}],"inLanguage":"es-AR"},{"@type":"Person","@id":"https:\/\/ondauno.com.ar\/#\/schema\/person\/201d1b68e6c75e0fd396fe5f8af5d139","name":"fernando garcia","image":{"@type":"ImageObject","inLanguage":"es-AR","@id":"https:\/\/ondauno.com.ar\/#\/schema\/person\/image\/","url":"https:\/\/secure.gravatar.com\/avatar\/5f7254642ad81272e79a2e69653cfdfc?s=96&d=mm&r=g","contentUrl":"https:\/\/secure.gravatar.com\/avatar\/5f7254642ad81272e79a2e69653cfdfc?s=96&d=mm&r=g","caption":"fernando garcia"},"url":"https:\/\/ondauno.com.ar\/index.php\/author\/ondaunoeditor\/"}]}},"jetpack_publicize_connections":[],"jetpack_featured_media_url":"https:\/\/ondauno.com.ar\/wp-content\/uploads\/2020\/12\/WhatsApp-Image-2020-12-18-at-22.40.22.jpeg","jetpack_sharing_enabled":true,"_links":{"self":[{"href":"https:\/\/ondauno.com.ar\/index.php\/wp-json\/wp\/v2\/posts\/20811","targetHints":{"allow":["GET"]}}],"collection":[{"href":"https:\/\/ondauno.com.ar\/index.php\/wp-json\/wp\/v2\/posts"}],"about":[{"href":"https:\/\/ondauno.com.ar\/index.php\/wp-json\/wp\/v2\/types\/post"}],"author":[{"embeddable":true,"href":"https:\/\/ondauno.com.ar\/index.php\/wp-json\/wp\/v2\/users\/2"}],"replies":[{"embeddable":true,"href":"https:\/\/ondauno.com.ar\/index.php\/wp-json\/wp\/v2\/comments?post=20811"}],"version-history":[{"count":0,"href":"https:\/\/ondauno.com.ar\/index.php\/wp-json\/wp\/v2\/posts\/20811\/revisions"}],"wp:featuredmedia":[{"embeddable":true,"href":"https:\/\/ondauno.com.ar\/index.php\/wp-json\/wp\/v2\/media\/20812"}],"wp:attachment":[{"href":"https:\/\/ondauno.com.ar\/index.php\/wp-json\/wp\/v2\/media?parent=20811"}],"wp:term":[{"taxonomy":"category","embeddable":true,"href":"https:\/\/ondauno.com.ar\/index.php\/wp-json\/wp\/v2\/categories?post=20811"},{"taxonomy":"post_tag","embeddable":true,"href":"https:\/\/ondauno.com.ar\/index.php\/wp-json\/wp\/v2\/tags?post=20811"}],"curies":[{"name":"wp","href":"https:\/\/api.w.org\/{rel}","templated":true}]}}