{"id":20793,"date":"2020-12-18T22:09:01","date_gmt":"2020-12-19T01:09:01","guid":{"rendered":"http:\/\/ondauno.com.ar\/?p=20793"},"modified":"2020-12-18T22:09:05","modified_gmt":"2020-12-19T01:09:05","slug":"accidente-de-transito-entre-un-auto-y-una-bicicleta","status":"publish","type":"post","link":"https:\/\/ondauno.com.ar\/index.php\/2020\/12\/18\/accidente-de-transito-entre-un-auto-y-una-bicicleta\/","title":{"rendered":"Accidente de tr\u00e1nsito entre un auto y una bicicleta"},"content":{"rendered":"<div class=\"ondau-before-content_3\" style=\"margin-top: -30px;\" id=\"ondau-3417106620\"><a href=\"https:\/\/www.lps.com.ar\/\" aria-label=\"la-perse2\"><img loading=\"lazy\" decoding=\"async\" src=\"https:\/\/ondauno.com.ar\/wp-content\/uploads\/2021\/10\/la-perse2.jpg\" alt=\"\"  srcset=\"https:\/\/ondauno.com.ar\/wp-content\/uploads\/2021\/10\/la-perse2.jpg 1353w, https:\/\/ondauno.com.ar\/wp-content\/uploads\/2021\/10\/la-perse2-300x43.jpg 300w, https:\/\/ondauno.com.ar\/wp-content\/uploads\/2021\/10\/la-perse2-1024x148.jpg 1024w, https:\/\/ondauno.com.ar\/wp-content\/uploads\/2021\/10\/la-perse2-768x111.jpg 768w, https:\/\/ondauno.com.ar\/wp-content\/uploads\/2021\/10\/la-perse2-696x100.jpg 696w, https:\/\/ondauno.com.ar\/wp-content\/uploads\/2021\/10\/la-perse2-1068x154.jpg 1068w\" sizes=\"(max-width: 1353px) 100vw, 1353px\" class=\"no-lazyload\" width=\"1353\" height=\"195\"  style=\"display: inline-block;\" \/><\/a><\/div>\n<p>Al final de la tarde se produjo un accidente de tr\u00e1nsito en\nla intersecci\u00f3n de calle Castelli e Hip\u00f3lito Irigoyen <\/p>\n\n\n\n<p>Un veh\u00edculo marca Fiat Siena dominio AA 305 UF conducido por un hombre que circulaba por calle Castelli no advirti\u00f3 la presencia de un joven de 16 a\u00f1os que circulaba en su bicicleta.<\/p>\n\n\n\n<p>Seg\u00fan testigos del lugar el joven presentaba algunos\nraspones y fue trasladado al hospital Pirovano en la ambulancia a cargo del Dr.\nScabuzzo<\/p>\n","protected":false},"excerpt":{"rendered":"<p>Al final de la tarde se produjo un accidente de tr\u00e1nsito en la intersecci\u00f3n de calle Castelli e Hip\u00f3lito Irigoyen Un veh\u00edculo marca Fiat Siena dominio AA 305 UF conducido por un hombre que circulaba por calle Castelli no advirti\u00f3 la presencia de un joven de 16 a\u00f1os que circulaba en su bicicleta. Seg\u00fan testigos [&hellip;]<\/p>\n","protected":false},"author":2,"featured_media":20794,"comment_status":"open","ping_status":"open","sticky":false,"template":"","format":"standard","meta":{"tdm_status":"","tdm_grid_status":"","_jetpack_memberships_contains_paid_content":false,"footnotes":"","jetpack_publicize_message":"","jetpack_publicize_feature_enabled":true,"jetpack_social_post_already_shared":true,"jetpack_social_options":{"image_generator_settings":{"template":"highway","default_image_id":0,"font":"","enabled":false},"version":2}},"categories":[29],"tags":[],"class_list":{"0":"post-20793","1":"post","2":"type-post","3":"status-publish","4":"format-standard","5":"has-post-thumbnail","7":"category-policiales"},"yoast_head":"<!-- This site is optimized with the Yoast SEO plugin v22.7 - https:\/\/yoast.com\/wordpress\/plugins\/seo\/ -->\n<title>Accidente de tr\u00e1nsito entre un auto y una bicicleta - 103.9 fm<\/title>\n<meta name=\"robots\" content=\"index, follow, max-snippet:-1, max-image-preview:large, max-video-preview:-1\" \/>\n<link rel=\"canonical\" href=\"https:\/\/ondauno.com.ar\/index.php\/2020\/12\/18\/accidente-de-transito-entre-un-auto-y-una-bicicleta\/\" \/>\n<meta property=\"og:locale\" content=\"es_ES\" \/>\n<meta property=\"og:type\" content=\"article\" \/>\n<meta property=\"og:title\" content=\"Accidente de tr\u00e1nsito entre un auto y una bicicleta - 103.9 fm\" \/>\n<meta property=\"og:description\" content=\"Al final de la tarde se produjo un accidente de tr\u00e1nsito en la intersecci\u00f3n de calle Castelli e Hip\u00f3lito Irigoyen Un veh\u00edculo marca Fiat Siena dominio AA 305 UF conducido por un hombre que circulaba por calle Castelli no advirti\u00f3 la presencia de un joven de 16 a\u00f1os que circulaba en su bicicleta. Seg\u00fan testigos [&hellip;]\" \/>\n<meta property=\"og:url\" content=\"https:\/\/ondauno.com.ar\/index.php\/2020\/12\/18\/accidente-de-transito-entre-un-auto-y-una-bicicleta\/\" \/>\n<meta property=\"og:site_name\" content=\"103.9 fm\" \/>\n<meta property=\"article:publisher\" content=\"https:\/\/www.facebook.com\/ondauno103.9\" \/>\n<meta property=\"article:published_time\" content=\"2020-12-19T01:09:01+00:00\" \/>\n<meta property=\"article:modified_time\" content=\"2020-12-19T01:09:05+00:00\" \/>\n<meta property=\"og:image\" content=\"https:\/\/ondauno.com.ar\/wp-content\/uploads\/2020\/12\/WhatsApp-Image-2020-12-18-at-20.51.29.jpeg\" \/>\n\t<meta property=\"og:image:width\" content=\"762\" \/>\n\t<meta property=\"og:image:height\" content=\"526\" \/>\n\t<meta property=\"og:image:type\" content=\"image\/jpeg\" \/>\n<meta name=\"author\" content=\"fernando garcia\" \/>\n<meta name=\"twitter:card\" content=\"summary_large_image\" \/>\n<meta name=\"twitter:label1\" content=\"Escrito por\" \/>\n\t<meta name=\"twitter:data1\" content=\"fernando garcia\" \/>\n<script type=\"application\/ld+json\" class=\"yoast-schema-graph\">{\"@context\":\"https:\/\/schema.org\",\"@graph\":[{\"@type\":\"WebPage\",\"@id\":\"https:\/\/ondauno.com.ar\/index.php\/2020\/12\/18\/accidente-de-transito-entre-un-auto-y-una-bicicleta\/\",\"url\":\"https:\/\/ondauno.com.ar\/index.php\/2020\/12\/18\/accidente-de-transito-entre-un-auto-y-una-bicicleta\/\",\"name\":\"Accidente de tr\u00e1nsito entre un auto y una bicicleta - 103.9 fm\",\"isPartOf\":{\"@id\":\"https:\/\/ondauno.com.ar\/#website\"},\"primaryImageOfPage\":{\"@id\":\"https:\/\/ondauno.com.ar\/index.php\/2020\/12\/18\/accidente-de-transito-entre-un-auto-y-una-bicicleta\/#primaryimage\"},\"image\":{\"@id\":\"https:\/\/ondauno.com.ar\/index.php\/2020\/12\/18\/accidente-de-transito-entre-un-auto-y-una-bicicleta\/#primaryimage\"},\"thumbnailUrl\":\"https:\/\/ondauno.com.ar\/wp-content\/uploads\/2020\/12\/WhatsApp-Image-2020-12-18-at-20.51.29.jpeg\",\"datePublished\":\"2020-12-19T01:09:01+00:00\",\"dateModified\":\"2020-12-19T01:09:05+00:00\",\"author\":{\"@id\":\"https:\/\/ondauno.com.ar\/#\/schema\/person\/201d1b68e6c75e0fd396fe5f8af5d139\"},\"breadcrumb\":{\"@id\":\"https:\/\/ondauno.com.ar\/index.php\/2020\/12\/18\/accidente-de-transito-entre-un-auto-y-una-bicicleta\/#breadcrumb\"},\"inLanguage\":\"es-AR\",\"potentialAction\":[{\"@type\":\"ReadAction\",\"target\":[\"https:\/\/ondauno.com.ar\/index.php\/2020\/12\/18\/accidente-de-transito-entre-un-auto-y-una-bicicleta\/\"]}]},{\"@type\":\"ImageObject\",\"inLanguage\":\"es-AR\",\"@id\":\"https:\/\/ondauno.com.ar\/index.php\/2020\/12\/18\/accidente-de-transito-entre-un-auto-y-una-bicicleta\/#primaryimage\",\"url\":\"https:\/\/ondauno.com.ar\/wp-content\/uploads\/2020\/12\/WhatsApp-Image-2020-12-18-at-20.51.29.jpeg\",\"contentUrl\":\"https:\/\/ondauno.com.ar\/wp-content\/uploads\/2020\/12\/WhatsApp-Image-2020-12-18-at-20.51.29.jpeg\",\"width\":762,\"height\":526},{\"@type\":\"BreadcrumbList\",\"@id\":\"https:\/\/ondauno.com.ar\/index.php\/2020\/12\/18\/accidente-de-transito-entre-un-auto-y-una-bicicleta\/#breadcrumb\",\"itemListElement\":[{\"@type\":\"ListItem\",\"position\":1,\"name\":\"Inicio\",\"item\":\"https:\/\/ondauno.com.ar\/\"},{\"@type\":\"ListItem\",\"position\":2,\"name\":\"Accidente de tr\u00e1nsito entre un auto y una bicicleta\"}]},{\"@type\":\"WebSite\",\"@id\":\"https:\/\/ondauno.com.ar\/#website\",\"url\":\"https:\/\/ondauno.com.ar\/\",\"name\":\"103.9 fm\",\"description\":\"LA PRIMERA RADIO MULTIMEDIA DE TRES ARROYOS\",\"potentialAction\":[{\"@type\":\"SearchAction\",\"target\":{\"@type\":\"EntryPoint\",\"urlTemplate\":\"https:\/\/ondauno.com.ar\/?s={search_term_string}\"},\"query-input\":\"required name=search_term_string\"}],\"inLanguage\":\"es-AR\"},{\"@type\":\"Person\",\"@id\":\"https:\/\/ondauno.com.ar\/#\/schema\/person\/201d1b68e6c75e0fd396fe5f8af5d139\",\"name\":\"fernando garcia\",\"image\":{\"@type\":\"ImageObject\",\"inLanguage\":\"es-AR\",\"@id\":\"https:\/\/ondauno.com.ar\/#\/schema\/person\/image\/\",\"url\":\"https:\/\/secure.gravatar.com\/avatar\/5f7254642ad81272e79a2e69653cfdfc?s=96&d=mm&r=g\",\"contentUrl\":\"https:\/\/secure.gravatar.com\/avatar\/5f7254642ad81272e79a2e69653cfdfc?s=96&d=mm&r=g\",\"caption\":\"fernando garcia\"},\"url\":\"https:\/\/ondauno.com.ar\/index.php\/author\/ondaunoeditor\/\"}]}<\/script>\n<!-- \/ Yoast SEO plugin. -->","yoast_head_json":{"title":"Accidente de tr\u00e1nsito entre un auto y una bicicleta - 103.9 fm","robots":{"index":"index","follow":"follow","max-snippet":"max-snippet:-1","max-image-preview":"max-image-preview:large","max-video-preview":"max-video-preview:-1"},"canonical":"https:\/\/ondauno.com.ar\/index.php\/2020\/12\/18\/accidente-de-transito-entre-un-auto-y-una-bicicleta\/","og_locale":"es_ES","og_type":"article","og_title":"Accidente de tr\u00e1nsito entre un auto y una bicicleta - 103.9 fm","og_description":"Al final de la tarde se produjo un accidente de tr\u00e1nsito en la intersecci\u00f3n de calle Castelli e Hip\u00f3lito Irigoyen Un veh\u00edculo marca Fiat Siena dominio AA 305 UF conducido por un hombre que circulaba por calle Castelli no advirti\u00f3 la presencia de un joven de 16 a\u00f1os que circulaba en su bicicleta. Seg\u00fan testigos [&hellip;]","og_url":"https:\/\/ondauno.com.ar\/index.php\/2020\/12\/18\/accidente-de-transito-entre-un-auto-y-una-bicicleta\/","og_site_name":"103.9 fm","article_publisher":"https:\/\/www.facebook.com\/ondauno103.9","article_published_time":"2020-12-19T01:09:01+00:00","article_modified_time":"2020-12-19T01:09:05+00:00","og_image":[{"width":762,"height":526,"url":"https:\/\/ondauno.com.ar\/wp-content\/uploads\/2020\/12\/WhatsApp-Image-2020-12-18-at-20.51.29.jpeg","type":"image\/jpeg"}],"author":"fernando garcia","twitter_card":"summary_large_image","twitter_misc":{"Escrito por":"fernando garcia"},"schema":{"@context":"https:\/\/schema.org","@graph":[{"@type":"WebPage","@id":"https:\/\/ondauno.com.ar\/index.php\/2020\/12\/18\/accidente-de-transito-entre-un-auto-y-una-bicicleta\/","url":"https:\/\/ondauno.com.ar\/index.php\/2020\/12\/18\/accidente-de-transito-entre-un-auto-y-una-bicicleta\/","name":"Accidente de tr\u00e1nsito entre un auto y una bicicleta - 103.9 fm","isPartOf":{"@id":"https:\/\/ondauno.com.ar\/#website"},"primaryImageOfPage":{"@id":"https:\/\/ondauno.com.ar\/index.php\/2020\/12\/18\/accidente-de-transito-entre-un-auto-y-una-bicicleta\/#primaryimage"},"image":{"@id":"https:\/\/ondauno.com.ar\/index.php\/2020\/12\/18\/accidente-de-transito-entre-un-auto-y-una-bicicleta\/#primaryimage"},"thumbnailUrl":"https:\/\/ondauno.com.ar\/wp-content\/uploads\/2020\/12\/WhatsApp-Image-2020-12-18-at-20.51.29.jpeg","datePublished":"2020-12-19T01:09:01+00:00","dateModified":"2020-12-19T01:09:05+00:00","author":{"@id":"https:\/\/ondauno.com.ar\/#\/schema\/person\/201d1b68e6c75e0fd396fe5f8af5d139"},"breadcrumb":{"@id":"https:\/\/ondauno.com.ar\/index.php\/2020\/12\/18\/accidente-de-transito-entre-un-auto-y-una-bicicleta\/#breadcrumb"},"inLanguage":"es-AR","potentialAction":[{"@type":"ReadAction","target":["https:\/\/ondauno.com.ar\/index.php\/2020\/12\/18\/accidente-de-transito-entre-un-auto-y-una-bicicleta\/"]}]},{"@type":"ImageObject","inLanguage":"es-AR","@id":"https:\/\/ondauno.com.ar\/index.php\/2020\/12\/18\/accidente-de-transito-entre-un-auto-y-una-bicicleta\/#primaryimage","url":"https:\/\/ondauno.com.ar\/wp-content\/uploads\/2020\/12\/WhatsApp-Image-2020-12-18-at-20.51.29.jpeg","contentUrl":"https:\/\/ondauno.com.ar\/wp-content\/uploads\/2020\/12\/WhatsApp-Image-2020-12-18-at-20.51.29.jpeg","width":762,"height":526},{"@type":"BreadcrumbList","@id":"https:\/\/ondauno.com.ar\/index.php\/2020\/12\/18\/accidente-de-transito-entre-un-auto-y-una-bicicleta\/#breadcrumb","itemListElement":[{"@type":"ListItem","position":1,"name":"Inicio","item":"https:\/\/ondauno.com.ar\/"},{"@type":"ListItem","position":2,"name":"Accidente de tr\u00e1nsito entre un auto y una bicicleta"}]},{"@type":"WebSite","@id":"https:\/\/ondauno.com.ar\/#website","url":"https:\/\/ondauno.com.ar\/","name":"103.9 fm","description":"LA PRIMERA RADIO MULTIMEDIA DE TRES ARROYOS","potentialAction":[{"@type":"SearchAction","target":{"@type":"EntryPoint","urlTemplate":"https:\/\/ondauno.com.ar\/?s={search_term_string}"},"query-input":"required name=search_term_string"}],"inLanguage":"es-AR"},{"@type":"Person","@id":"https:\/\/ondauno.com.ar\/#\/schema\/person\/201d1b68e6c75e0fd396fe5f8af5d139","name":"fernando garcia","image":{"@type":"ImageObject","inLanguage":"es-AR","@id":"https:\/\/ondauno.com.ar\/#\/schema\/person\/image\/","url":"https:\/\/secure.gravatar.com\/avatar\/5f7254642ad81272e79a2e69653cfdfc?s=96&d=mm&r=g","contentUrl":"https:\/\/secure.gravatar.com\/avatar\/5f7254642ad81272e79a2e69653cfdfc?s=96&d=mm&r=g","caption":"fernando garcia"},"url":"https:\/\/ondauno.com.ar\/index.php\/author\/ondaunoeditor\/"}]}},"jetpack_publicize_connections":[],"jetpack_featured_media_url":"https:\/\/ondauno.com.ar\/wp-content\/uploads\/2020\/12\/WhatsApp-Image-2020-12-18-at-20.51.29.jpeg","jetpack_sharing_enabled":true,"_links":{"self":[{"href":"https:\/\/ondauno.com.ar\/index.php\/wp-json\/wp\/v2\/posts\/20793","targetHints":{"allow":["GET"]}}],"collection":[{"href":"https:\/\/ondauno.com.ar\/index.php\/wp-json\/wp\/v2\/posts"}],"about":[{"href":"https:\/\/ondauno.com.ar\/index.php\/wp-json\/wp\/v2\/types\/post"}],"author":[{"embeddable":true,"href":"https:\/\/ondauno.com.ar\/index.php\/wp-json\/wp\/v2\/users\/2"}],"replies":[{"embeddable":true,"href":"https:\/\/ondauno.com.ar\/index.php\/wp-json\/wp\/v2\/comments?post=20793"}],"version-history":[{"count":0,"href":"https:\/\/ondauno.com.ar\/index.php\/wp-json\/wp\/v2\/posts\/20793\/revisions"}],"wp:featuredmedia":[{"embeddable":true,"href":"https:\/\/ondauno.com.ar\/index.php\/wp-json\/wp\/v2\/media\/20794"}],"wp:attachment":[{"href":"https:\/\/ondauno.com.ar\/index.php\/wp-json\/wp\/v2\/media?parent=20793"}],"wp:term":[{"taxonomy":"category","embeddable":true,"href":"https:\/\/ondauno.com.ar\/index.php\/wp-json\/wp\/v2\/categories?post=20793"},{"taxonomy":"post_tag","embeddable":true,"href":"https:\/\/ondauno.com.ar\/index.php\/wp-json\/wp\/v2\/tags?post=20793"}],"curies":[{"name":"wp","href":"https:\/\/api.w.org\/{rel}","templated":true}]}}