{"id":20744,"date":"2020-12-18T11:46:29","date_gmt":"2020-12-18T14:46:29","guid":{"rendered":"http:\/\/ondauno.com.ar\/?p=20744"},"modified":"2020-12-18T11:46:33","modified_gmt":"2020-12-18T14:46:33","slug":"cortes-de-carne-navidenos-puntos-de-venta","status":"publish","type":"post","link":"https:\/\/ondauno.com.ar\/index.php\/2020\/12\/18\/cortes-de-carne-navidenos-puntos-de-venta\/","title":{"rendered":"Cortes de carne navide\u00f1os: Puntos de venta"},"content":{"rendered":"<div class=\"ondau-before-content_3\" style=\"margin-top: -30px;\" id=\"ondau-3054915948\"><a href=\"https:\/\/www.lps.com.ar\/\" aria-label=\"la-perse2\"><img loading=\"lazy\" decoding=\"async\" src=\"https:\/\/ondauno.com.ar\/wp-content\/uploads\/2021\/10\/la-perse2.jpg\" alt=\"\"  srcset=\"https:\/\/ondauno.com.ar\/wp-content\/uploads\/2021\/10\/la-perse2.jpg 1353w, https:\/\/ondauno.com.ar\/wp-content\/uploads\/2021\/10\/la-perse2-300x43.jpg 300w, https:\/\/ondauno.com.ar\/wp-content\/uploads\/2021\/10\/la-perse2-1024x148.jpg 1024w, https:\/\/ondauno.com.ar\/wp-content\/uploads\/2021\/10\/la-perse2-768x111.jpg 768w, https:\/\/ondauno.com.ar\/wp-content\/uploads\/2021\/10\/la-perse2-696x100.jpg 696w, https:\/\/ondauno.com.ar\/wp-content\/uploads\/2021\/10\/la-perse2-1068x154.jpg 1068w\" sizes=\"(max-width: 1353px) 100vw, 1353px\" class=\"no-lazyload\" width=\"1353\" height=\"195\"  style=\"display: inline-block;\" \/><\/a><\/div>\n<p>La Secretaria de Comercio Interior inform\u00f3 los puntos de venta de  los cortes de carne que a  \u00a0partir del s\u00e1bado vender\u00e1 en sus carnicer\u00edas el kilo de asado a $349, el vac\u00edo a $459 y el matambre a $479. Estos precios representan una disminuci\u00f3n de un 30% sobre los valores vigentes. <\/p>\n\n\n\n<figure class=\"wp-block-image\"><img loading=\"lazy\" decoding=\"async\" width=\"671\" height=\"312\" data-src=\"https:\/\/ondauno.com.ar\/wp-content\/uploads\/2020\/12\/WhatsApp-Image-2020-12-18-at-11.19.11.jpeg\" alt=\"\" class=\"wp-image-20745 lazyload\" data-srcset=\"https:\/\/ondauno.com.ar\/wp-content\/uploads\/2020\/12\/WhatsApp-Image-2020-12-18-at-11.19.11.jpeg 671w, https:\/\/ondauno.com.ar\/wp-content\/uploads\/2020\/12\/WhatsApp-Image-2020-12-18-at-11.19.11-300x139.jpeg 300w\" data-sizes=\"auto, (max-width: 671px) 100vw, 671px\" src=\"data:image\/gif;base64,R0lGODlhAQABAAAAACH5BAEKAAEALAAAAAABAAEAAAICTAEAOw==\" style=\"--smush-placeholder-width: 671px; --smush-placeholder-aspect-ratio: 671\/312;\" \/><noscript><img loading=\"lazy\" decoding=\"async\" width=\"671\" height=\"312\" src=\"https:\/\/ondauno.com.ar\/wp-content\/uploads\/2020\/12\/WhatsApp-Image-2020-12-18-at-11.19.11.jpeg\" alt=\"\" class=\"wp-image-20745\" srcset=\"https:\/\/ondauno.com.ar\/wp-content\/uploads\/2020\/12\/WhatsApp-Image-2020-12-18-at-11.19.11.jpeg 671w, https:\/\/ondauno.com.ar\/wp-content\/uploads\/2020\/12\/WhatsApp-Image-2020-12-18-at-11.19.11-300x139.jpeg 300w\" sizes=\"auto, (max-width: 671px) 100vw, 671px\" \/><\/noscript><\/figure>\n\n\n\n<p>\n\nEn el acuerdo alcanzado por la Secretar\u00eda de Comercio Interior del Ministerio de Desarrollo Productivo y el Consorcio ABC de Exportadores de Carnes Argentinas, los frigor\u00edficos se comprometen a proveer 1.300 toneladas de carne vacuna de exportaci\u00f3n para el consumo en los hogares argentinos para las fiestas. El mismo alcanza m\u00e1s de 1.600 bocas de expendio de todo el pa\u00eds.&nbsp;<\/p>\n\n\n\n<figure class=\"wp-block-image\"><img loading=\"lazy\" decoding=\"async\" width=\"502\" height=\"372\" data-src=\"https:\/\/ondauno.com.ar\/wp-content\/uploads\/2020\/12\/WhatsApp-Image-2020-12-18-at-11.19.12.jpeg\" alt=\"\" class=\"wp-image-20746 lazyload\" data-srcset=\"https:\/\/ondauno.com.ar\/wp-content\/uploads\/2020\/12\/WhatsApp-Image-2020-12-18-at-11.19.12.jpeg 502w, https:\/\/ondauno.com.ar\/wp-content\/uploads\/2020\/12\/WhatsApp-Image-2020-12-18-at-11.19.12-300x222.jpeg 300w, https:\/\/ondauno.com.ar\/wp-content\/uploads\/2020\/12\/WhatsApp-Image-2020-12-18-at-11.19.12-80x60.jpeg 80w, https:\/\/ondauno.com.ar\/wp-content\/uploads\/2020\/12\/WhatsApp-Image-2020-12-18-at-11.19.12-485x360.jpeg 485w\" data-sizes=\"auto, (max-width: 502px) 100vw, 502px\" src=\"data:image\/gif;base64,R0lGODlhAQABAAAAACH5BAEKAAEALAAAAAABAAEAAAICTAEAOw==\" style=\"--smush-placeholder-width: 502px; --smush-placeholder-aspect-ratio: 502\/372;\" \/><noscript><img loading=\"lazy\" decoding=\"async\" width=\"502\" height=\"372\" src=\"https:\/\/ondauno.com.ar\/wp-content\/uploads\/2020\/12\/WhatsApp-Image-2020-12-18-at-11.19.12.jpeg\" alt=\"\" class=\"wp-image-20746\" srcset=\"https:\/\/ondauno.com.ar\/wp-content\/uploads\/2020\/12\/WhatsApp-Image-2020-12-18-at-11.19.12.jpeg 502w, https:\/\/ondauno.com.ar\/wp-content\/uploads\/2020\/12\/WhatsApp-Image-2020-12-18-at-11.19.12-300x222.jpeg 300w, https:\/\/ondauno.com.ar\/wp-content\/uploads\/2020\/12\/WhatsApp-Image-2020-12-18-at-11.19.12-80x60.jpeg 80w, https:\/\/ondauno.com.ar\/wp-content\/uploads\/2020\/12\/WhatsApp-Image-2020-12-18-at-11.19.12-485x360.jpeg 485w\" sizes=\"auto, (max-width: 502px) 100vw, 502px\" \/><\/noscript><\/figure>\n\n\n\n<p>En paralelo, la Secretar\u00eda de Comercio Interior est\u00e1 trabajando con los distintos actores del sector para alcanzar un acuerdo integral y estructural respecto del precio de la carne para 2021. <\/p>\n\n\n\n<figure class=\"wp-block-image\"><img loading=\"lazy\" decoding=\"async\" width=\"723\" height=\"1024\" data-src=\"https:\/\/ondauno.com.ar\/wp-content\/uploads\/2020\/12\/WhatsApp-Image-2020-12-18-at-11.19.19-723x1024.jpeg\" alt=\"\" class=\"wp-image-20747 lazyload\" data-srcset=\"https:\/\/ondauno.com.ar\/wp-content\/uploads\/2020\/12\/WhatsApp-Image-2020-12-18-at-11.19.19-723x1024.jpeg 723w, https:\/\/ondauno.com.ar\/wp-content\/uploads\/2020\/12\/WhatsApp-Image-2020-12-18-at-11.19.19-212x300.jpeg 212w, https:\/\/ondauno.com.ar\/wp-content\/uploads\/2020\/12\/WhatsApp-Image-2020-12-18-at-11.19.19-768x1087.jpeg 768w, https:\/\/ondauno.com.ar\/wp-content\/uploads\/2020\/12\/WhatsApp-Image-2020-12-18-at-11.19.19-696x985.jpeg 696w, https:\/\/ondauno.com.ar\/wp-content\/uploads\/2020\/12\/WhatsApp-Image-2020-12-18-at-11.19.19-297x420.jpeg 297w, https:\/\/ondauno.com.ar\/wp-content\/uploads\/2020\/12\/WhatsApp-Image-2020-12-18-at-11.19.19.jpeg 904w\" data-sizes=\"auto, (max-width: 723px) 100vw, 723px\" src=\"data:image\/gif;base64,R0lGODlhAQABAAAAACH5BAEKAAEALAAAAAABAAEAAAICTAEAOw==\" style=\"--smush-placeholder-width: 723px; --smush-placeholder-aspect-ratio: 723\/1024;\" \/><noscript><img loading=\"lazy\" decoding=\"async\" width=\"723\" height=\"1024\" src=\"https:\/\/ondauno.com.ar\/wp-content\/uploads\/2020\/12\/WhatsApp-Image-2020-12-18-at-11.19.19-723x1024.jpeg\" alt=\"\" class=\"wp-image-20747\" srcset=\"https:\/\/ondauno.com.ar\/wp-content\/uploads\/2020\/12\/WhatsApp-Image-2020-12-18-at-11.19.19-723x1024.jpeg 723w, https:\/\/ondauno.com.ar\/wp-content\/uploads\/2020\/12\/WhatsApp-Image-2020-12-18-at-11.19.19-212x300.jpeg 212w, https:\/\/ondauno.com.ar\/wp-content\/uploads\/2020\/12\/WhatsApp-Image-2020-12-18-at-11.19.19-768x1087.jpeg 768w, https:\/\/ondauno.com.ar\/wp-content\/uploads\/2020\/12\/WhatsApp-Image-2020-12-18-at-11.19.19-696x985.jpeg 696w, https:\/\/ondauno.com.ar\/wp-content\/uploads\/2020\/12\/WhatsApp-Image-2020-12-18-at-11.19.19-297x420.jpeg 297w, https:\/\/ondauno.com.ar\/wp-content\/uploads\/2020\/12\/WhatsApp-Image-2020-12-18-at-11.19.19.jpeg 904w\" sizes=\"auto, (max-width: 723px) 100vw, 723px\" \/><\/noscript><\/figure>\n\n\n\n<p>\n\nAl respecto, la secretaria de Comercio Interior, Paula Espa\u00f1ol, expres\u00f3: \u201cSumamos m\u00e1s comercios en el punto neur\u00e1lgico para las compras de las familias argentinas en las fiestas para que all\u00ed puedan acceder a cortes de carne parrilleros. El trabajo en conjunto con el Mercado Central es fundamental para proveer alimentos frescos a precios accesibles\u201d.<\/p>\n\n\n\n<p>Por su parte, Nahuel Levaggi, presidente de la Corporaci\u00f3n Mercado Central de Buenos Aires, afirm\u00f3: \u201cDesde que iniciamos nuestra gesti\u00f3n en el Mercado Central estamos trabajando en diferentes pol\u00edticas y acuerdos de precios, como es el Compromiso Social de Abastecimiento, con el objetivo de garantizar precios accesibles de alimentos para la poblaci\u00f3n\u201d.<\/p>\n\n\n\n<p>Y destac\u00f3 que este acuerdo de carnes trabajado con la Secretar\u00eda de Comercio, las carnicer\u00edas del Mercado y frigor\u00edficos, \u201ces una acci\u00f3n concreta m\u00e1s para que la poblaci\u00f3n pueda consumir alimentos a precios razonables, en un a\u00f1o que fue dif\u00edcil y especialmente ahora que se acercan las fiestas\u201d.\n\n<\/p>\n","protected":false},"excerpt":{"rendered":"<p>La Secretaria de Comercio Interior inform\u00f3 los puntos de venta de los cortes de carne que a \u00a0partir del s\u00e1bado vender\u00e1 en sus carnicer\u00edas el kilo de asado a $349, el vac\u00edo a $459 y el matambre a $479. Estos precios representan una disminuci\u00f3n de un 30% sobre los valores vigentes. En el acuerdo alcanzado [&hellip;]<\/p>\n","protected":false},"author":2,"featured_media":20747,"comment_status":"open","ping_status":"open","sticky":false,"template":"","format":"standard","meta":{"tdm_status":"","tdm_grid_status":"","_jetpack_memberships_contains_paid_content":false,"footnotes":"","jetpack_publicize_message":"","jetpack_publicize_feature_enabled":true,"jetpack_social_post_already_shared":true,"jetpack_social_options":{"image_generator_settings":{"template":"highway","default_image_id":0,"font":"","enabled":false},"version":2}},"categories":[32],"tags":[],"class_list":{"0":"post-20744","1":"post","2":"type-post","3":"status-publish","4":"format-standard","5":"has-post-thumbnail","7":"category-ultimo-momento"},"yoast_head":"<!-- This site is optimized with the Yoast SEO plugin v22.7 - https:\/\/yoast.com\/wordpress\/plugins\/seo\/ -->\n<title>Cortes de carne navide\u00f1os: Puntos de venta - 103.9 fm<\/title>\n<meta name=\"robots\" content=\"index, follow, max-snippet:-1, max-image-preview:large, max-video-preview:-1\" \/>\n<link rel=\"canonical\" href=\"https:\/\/ondauno.com.ar\/index.php\/2020\/12\/18\/cortes-de-carne-navidenos-puntos-de-venta\/\" \/>\n<meta property=\"og:locale\" content=\"es_ES\" \/>\n<meta property=\"og:type\" content=\"article\" \/>\n<meta property=\"og:title\" content=\"Cortes de carne navide\u00f1os: Puntos de venta - 103.9 fm\" \/>\n<meta property=\"og:description\" content=\"La Secretaria de Comercio Interior inform\u00f3 los puntos de venta de los cortes de carne que a \u00a0partir del s\u00e1bado vender\u00e1 en sus carnicer\u00edas el kilo de asado a $349, el vac\u00edo a $459 y el matambre a $479. Estos precios representan una disminuci\u00f3n de un 30% sobre los valores vigentes. En el acuerdo alcanzado [&hellip;]\" \/>\n<meta property=\"og:url\" content=\"https:\/\/ondauno.com.ar\/index.php\/2020\/12\/18\/cortes-de-carne-navidenos-puntos-de-venta\/\" \/>\n<meta property=\"og:site_name\" content=\"103.9 fm\" \/>\n<meta property=\"article:publisher\" content=\"https:\/\/www.facebook.com\/ondauno103.9\" \/>\n<meta property=\"article:published_time\" content=\"2020-12-18T14:46:29+00:00\" \/>\n<meta property=\"article:modified_time\" content=\"2020-12-18T14:46:33+00:00\" \/>\n<meta property=\"og:image\" content=\"https:\/\/ondauno.com.ar\/wp-content\/uploads\/2020\/12\/WhatsApp-Image-2020-12-18-at-11.19.19.jpeg\" \/>\n\t<meta property=\"og:image:width\" content=\"904\" \/>\n\t<meta property=\"og:image:height\" content=\"1280\" \/>\n\t<meta property=\"og:image:type\" content=\"image\/jpeg\" \/>\n<meta name=\"author\" content=\"fernando garcia\" \/>\n<meta name=\"twitter:card\" content=\"summary_large_image\" \/>\n<meta name=\"twitter:label1\" content=\"Escrito por\" \/>\n\t<meta name=\"twitter:data1\" content=\"fernando garcia\" \/>\n\t<meta name=\"twitter:label2\" content=\"Tiempo de lectura\" \/>\n\t<meta name=\"twitter:data2\" content=\"2 minutos\" \/>\n<script type=\"application\/ld+json\" class=\"yoast-schema-graph\">{\"@context\":\"https:\/\/schema.org\",\"@graph\":[{\"@type\":\"WebPage\",\"@id\":\"https:\/\/ondauno.com.ar\/index.php\/2020\/12\/18\/cortes-de-carne-navidenos-puntos-de-venta\/\",\"url\":\"https:\/\/ondauno.com.ar\/index.php\/2020\/12\/18\/cortes-de-carne-navidenos-puntos-de-venta\/\",\"name\":\"Cortes de carne navide\u00f1os: Puntos de venta - 103.9 fm\",\"isPartOf\":{\"@id\":\"https:\/\/ondauno.com.ar\/#website\"},\"primaryImageOfPage\":{\"@id\":\"https:\/\/ondauno.com.ar\/index.php\/2020\/12\/18\/cortes-de-carne-navidenos-puntos-de-venta\/#primaryimage\"},\"image\":{\"@id\":\"https:\/\/ondauno.com.ar\/index.php\/2020\/12\/18\/cortes-de-carne-navidenos-puntos-de-venta\/#primaryimage\"},\"thumbnailUrl\":\"https:\/\/ondauno.com.ar\/wp-content\/uploads\/2020\/12\/WhatsApp-Image-2020-12-18-at-11.19.19.jpeg\",\"datePublished\":\"2020-12-18T14:46:29+00:00\",\"dateModified\":\"2020-12-18T14:46:33+00:00\",\"author\":{\"@id\":\"https:\/\/ondauno.com.ar\/#\/schema\/person\/201d1b68e6c75e0fd396fe5f8af5d139\"},\"breadcrumb\":{\"@id\":\"https:\/\/ondauno.com.ar\/index.php\/2020\/12\/18\/cortes-de-carne-navidenos-puntos-de-venta\/#breadcrumb\"},\"inLanguage\":\"es-AR\",\"potentialAction\":[{\"@type\":\"ReadAction\",\"target\":[\"https:\/\/ondauno.com.ar\/index.php\/2020\/12\/18\/cortes-de-carne-navidenos-puntos-de-venta\/\"]}]},{\"@type\":\"ImageObject\",\"inLanguage\":\"es-AR\",\"@id\":\"https:\/\/ondauno.com.ar\/index.php\/2020\/12\/18\/cortes-de-carne-navidenos-puntos-de-venta\/#primaryimage\",\"url\":\"https:\/\/ondauno.com.ar\/wp-content\/uploads\/2020\/12\/WhatsApp-Image-2020-12-18-at-11.19.19.jpeg\",\"contentUrl\":\"https:\/\/ondauno.com.ar\/wp-content\/uploads\/2020\/12\/WhatsApp-Image-2020-12-18-at-11.19.19.jpeg\",\"width\":904,\"height\":1280},{\"@type\":\"BreadcrumbList\",\"@id\":\"https:\/\/ondauno.com.ar\/index.php\/2020\/12\/18\/cortes-de-carne-navidenos-puntos-de-venta\/#breadcrumb\",\"itemListElement\":[{\"@type\":\"ListItem\",\"position\":1,\"name\":\"Inicio\",\"item\":\"https:\/\/ondauno.com.ar\/\"},{\"@type\":\"ListItem\",\"position\":2,\"name\":\"Cortes de carne navide\u00f1os: Puntos de venta\"}]},{\"@type\":\"WebSite\",\"@id\":\"https:\/\/ondauno.com.ar\/#website\",\"url\":\"https:\/\/ondauno.com.ar\/\",\"name\":\"103.9 fm\",\"description\":\"LA PRIMERA RADIO MULTIMEDIA DE TRES ARROYOS\",\"potentialAction\":[{\"@type\":\"SearchAction\",\"target\":{\"@type\":\"EntryPoint\",\"urlTemplate\":\"https:\/\/ondauno.com.ar\/?s={search_term_string}\"},\"query-input\":\"required name=search_term_string\"}],\"inLanguage\":\"es-AR\"},{\"@type\":\"Person\",\"@id\":\"https:\/\/ondauno.com.ar\/#\/schema\/person\/201d1b68e6c75e0fd396fe5f8af5d139\",\"name\":\"fernando garcia\",\"image\":{\"@type\":\"ImageObject\",\"inLanguage\":\"es-AR\",\"@id\":\"https:\/\/ondauno.com.ar\/#\/schema\/person\/image\/\",\"url\":\"https:\/\/secure.gravatar.com\/avatar\/5f7254642ad81272e79a2e69653cfdfc?s=96&d=mm&r=g\",\"contentUrl\":\"https:\/\/secure.gravatar.com\/avatar\/5f7254642ad81272e79a2e69653cfdfc?s=96&d=mm&r=g\",\"caption\":\"fernando garcia\"},\"url\":\"https:\/\/ondauno.com.ar\/index.php\/author\/ondaunoeditor\/\"}]}<\/script>\n<!-- \/ Yoast SEO plugin. -->","yoast_head_json":{"title":"Cortes de carne navide\u00f1os: Puntos de venta - 103.9 fm","robots":{"index":"index","follow":"follow","max-snippet":"max-snippet:-1","max-image-preview":"max-image-preview:large","max-video-preview":"max-video-preview:-1"},"canonical":"https:\/\/ondauno.com.ar\/index.php\/2020\/12\/18\/cortes-de-carne-navidenos-puntos-de-venta\/","og_locale":"es_ES","og_type":"article","og_title":"Cortes de carne navide\u00f1os: Puntos de venta - 103.9 fm","og_description":"La Secretaria de Comercio Interior inform\u00f3 los puntos de venta de los cortes de carne que a \u00a0partir del s\u00e1bado vender\u00e1 en sus carnicer\u00edas el kilo de asado a $349, el vac\u00edo a $459 y el matambre a $479. Estos precios representan una disminuci\u00f3n de un 30% sobre los valores vigentes. En el acuerdo alcanzado [&hellip;]","og_url":"https:\/\/ondauno.com.ar\/index.php\/2020\/12\/18\/cortes-de-carne-navidenos-puntos-de-venta\/","og_site_name":"103.9 fm","article_publisher":"https:\/\/www.facebook.com\/ondauno103.9","article_published_time":"2020-12-18T14:46:29+00:00","article_modified_time":"2020-12-18T14:46:33+00:00","og_image":[{"width":904,"height":1280,"url":"https:\/\/ondauno.com.ar\/wp-content\/uploads\/2020\/12\/WhatsApp-Image-2020-12-18-at-11.19.19.jpeg","type":"image\/jpeg"}],"author":"fernando garcia","twitter_card":"summary_large_image","twitter_misc":{"Escrito por":"fernando garcia","Tiempo de lectura":"2 minutos"},"schema":{"@context":"https:\/\/schema.org","@graph":[{"@type":"WebPage","@id":"https:\/\/ondauno.com.ar\/index.php\/2020\/12\/18\/cortes-de-carne-navidenos-puntos-de-venta\/","url":"https:\/\/ondauno.com.ar\/index.php\/2020\/12\/18\/cortes-de-carne-navidenos-puntos-de-venta\/","name":"Cortes de carne navide\u00f1os: Puntos de venta - 103.9 fm","isPartOf":{"@id":"https:\/\/ondauno.com.ar\/#website"},"primaryImageOfPage":{"@id":"https:\/\/ondauno.com.ar\/index.php\/2020\/12\/18\/cortes-de-carne-navidenos-puntos-de-venta\/#primaryimage"},"image":{"@id":"https:\/\/ondauno.com.ar\/index.php\/2020\/12\/18\/cortes-de-carne-navidenos-puntos-de-venta\/#primaryimage"},"thumbnailUrl":"https:\/\/ondauno.com.ar\/wp-content\/uploads\/2020\/12\/WhatsApp-Image-2020-12-18-at-11.19.19.jpeg","datePublished":"2020-12-18T14:46:29+00:00","dateModified":"2020-12-18T14:46:33+00:00","author":{"@id":"https:\/\/ondauno.com.ar\/#\/schema\/person\/201d1b68e6c75e0fd396fe5f8af5d139"},"breadcrumb":{"@id":"https:\/\/ondauno.com.ar\/index.php\/2020\/12\/18\/cortes-de-carne-navidenos-puntos-de-venta\/#breadcrumb"},"inLanguage":"es-AR","potentialAction":[{"@type":"ReadAction","target":["https:\/\/ondauno.com.ar\/index.php\/2020\/12\/18\/cortes-de-carne-navidenos-puntos-de-venta\/"]}]},{"@type":"ImageObject","inLanguage":"es-AR","@id":"https:\/\/ondauno.com.ar\/index.php\/2020\/12\/18\/cortes-de-carne-navidenos-puntos-de-venta\/#primaryimage","url":"https:\/\/ondauno.com.ar\/wp-content\/uploads\/2020\/12\/WhatsApp-Image-2020-12-18-at-11.19.19.jpeg","contentUrl":"https:\/\/ondauno.com.ar\/wp-content\/uploads\/2020\/12\/WhatsApp-Image-2020-12-18-at-11.19.19.jpeg","width":904,"height":1280},{"@type":"BreadcrumbList","@id":"https:\/\/ondauno.com.ar\/index.php\/2020\/12\/18\/cortes-de-carne-navidenos-puntos-de-venta\/#breadcrumb","itemListElement":[{"@type":"ListItem","position":1,"name":"Inicio","item":"https:\/\/ondauno.com.ar\/"},{"@type":"ListItem","position":2,"name":"Cortes de carne navide\u00f1os: Puntos de venta"}]},{"@type":"WebSite","@id":"https:\/\/ondauno.com.ar\/#website","url":"https:\/\/ondauno.com.ar\/","name":"103.9 fm","description":"LA PRIMERA RADIO MULTIMEDIA DE TRES ARROYOS","potentialAction":[{"@type":"SearchAction","target":{"@type":"EntryPoint","urlTemplate":"https:\/\/ondauno.com.ar\/?s={search_term_string}"},"query-input":"required name=search_term_string"}],"inLanguage":"es-AR"},{"@type":"Person","@id":"https:\/\/ondauno.com.ar\/#\/schema\/person\/201d1b68e6c75e0fd396fe5f8af5d139","name":"fernando garcia","image":{"@type":"ImageObject","inLanguage":"es-AR","@id":"https:\/\/ondauno.com.ar\/#\/schema\/person\/image\/","url":"https:\/\/secure.gravatar.com\/avatar\/5f7254642ad81272e79a2e69653cfdfc?s=96&d=mm&r=g","contentUrl":"https:\/\/secure.gravatar.com\/avatar\/5f7254642ad81272e79a2e69653cfdfc?s=96&d=mm&r=g","caption":"fernando garcia"},"url":"https:\/\/ondauno.com.ar\/index.php\/author\/ondaunoeditor\/"}]}},"jetpack_publicize_connections":[],"jetpack_featured_media_url":"https:\/\/ondauno.com.ar\/wp-content\/uploads\/2020\/12\/WhatsApp-Image-2020-12-18-at-11.19.19.jpeg","jetpack_sharing_enabled":true,"_links":{"self":[{"href":"https:\/\/ondauno.com.ar\/index.php\/wp-json\/wp\/v2\/posts\/20744","targetHints":{"allow":["GET"]}}],"collection":[{"href":"https:\/\/ondauno.com.ar\/index.php\/wp-json\/wp\/v2\/posts"}],"about":[{"href":"https:\/\/ondauno.com.ar\/index.php\/wp-json\/wp\/v2\/types\/post"}],"author":[{"embeddable":true,"href":"https:\/\/ondauno.com.ar\/index.php\/wp-json\/wp\/v2\/users\/2"}],"replies":[{"embeddable":true,"href":"https:\/\/ondauno.com.ar\/index.php\/wp-json\/wp\/v2\/comments?post=20744"}],"version-history":[{"count":0,"href":"https:\/\/ondauno.com.ar\/index.php\/wp-json\/wp\/v2\/posts\/20744\/revisions"}],"wp:featuredmedia":[{"embeddable":true,"href":"https:\/\/ondauno.com.ar\/index.php\/wp-json\/wp\/v2\/media\/20747"}],"wp:attachment":[{"href":"https:\/\/ondauno.com.ar\/index.php\/wp-json\/wp\/v2\/media?parent=20744"}],"wp:term":[{"taxonomy":"category","embeddable":true,"href":"https:\/\/ondauno.com.ar\/index.php\/wp-json\/wp\/v2\/categories?post=20744"},{"taxonomy":"post_tag","embeddable":true,"href":"https:\/\/ondauno.com.ar\/index.php\/wp-json\/wp\/v2\/tags?post=20744"}],"curies":[{"name":"wp","href":"https:\/\/api.w.org\/{rel}","templated":true}]}}