{"id":20681,"date":"2020-12-16T13:31:03","date_gmt":"2020-12-16T16:31:03","guid":{"rendered":"http:\/\/ondauno.com.ar\/?p=20681"},"modified":"2020-12-16T13:31:07","modified_gmt":"2020-12-16T16:31:07","slug":"coronel-pringles-kicillof-inauguro-la-ruta-51-y-recorrio-tambien-las-obras-de-construccion-de-40-viviendas","status":"publish","type":"post","link":"https:\/\/ondauno.com.ar\/index.php\/2020\/12\/16\/coronel-pringles-kicillof-inauguro-la-ruta-51-y-recorrio-tambien-las-obras-de-construccion-de-40-viviendas\/","title":{"rendered":"CORONEL PRINGLES: Kicillof inaugur\u00f3 la  ruta 51  y  recorri\u00f3 tambi\u00e9n las obras de construcci\u00f3n de 40 viviendas."},"content":{"rendered":"<div class=\"ondau-before-content_3\" style=\"margin-top: -30px;\" id=\"ondau-2530450817\"><a href=\"https:\/\/www.lps.com.ar\/\" aria-label=\"la-perse2\"><img loading=\"lazy\" decoding=\"async\" src=\"https:\/\/ondauno.com.ar\/wp-content\/uploads\/2021\/10\/la-perse2.jpg\" alt=\"\"  srcset=\"https:\/\/ondauno.com.ar\/wp-content\/uploads\/2021\/10\/la-perse2.jpg 1353w, https:\/\/ondauno.com.ar\/wp-content\/uploads\/2021\/10\/la-perse2-300x43.jpg 300w, https:\/\/ondauno.com.ar\/wp-content\/uploads\/2021\/10\/la-perse2-1024x148.jpg 1024w, https:\/\/ondauno.com.ar\/wp-content\/uploads\/2021\/10\/la-perse2-768x111.jpg 768w, https:\/\/ondauno.com.ar\/wp-content\/uploads\/2021\/10\/la-perse2-696x100.jpg 696w, https:\/\/ondauno.com.ar\/wp-content\/uploads\/2021\/10\/la-perse2-1068x154.jpg 1068w\" sizes=\"(max-width: 1353px) 100vw, 1353px\" class=\"no-lazyload\" width=\"1353\" height=\"195\"  style=\"display: inline-block;\" \/><\/a><\/div>\n<p> <strong>Kicillof inaugur\u00f3 la repavimentaci\u00f3n de un tramo de la ruta 51<br> Junto al ministro de Infraestructura y Servicios P\u00fablicos, Agust\u00edn Simone, y al intendente Lisando Matzkin, recorri\u00f3 tambi\u00e9n las obras de construcci\u00f3n de 40 viviendas. <\/strong><\/p>\n\n\n\n<figure class=\"wp-block-image\"><img loading=\"lazy\" decoding=\"async\" width=\"1024\" height=\"681\" data-src=\"https:\/\/ondauno.com.ar\/wp-content\/uploads\/2020\/12\/kicillof-pringles-1024x681.jpg\" alt=\"\" class=\"wp-image-20682 lazyload\" data-srcset=\"https:\/\/ondauno.com.ar\/wp-content\/uploads\/2020\/12\/kicillof-pringles-1024x681.jpg 1024w, https:\/\/ondauno.com.ar\/wp-content\/uploads\/2020\/12\/kicillof-pringles-300x200.jpg 300w, https:\/\/ondauno.com.ar\/wp-content\/uploads\/2020\/12\/kicillof-pringles-768x511.jpg 768w, https:\/\/ondauno.com.ar\/wp-content\/uploads\/2020\/12\/kicillof-pringles-696x463.jpg 696w, https:\/\/ondauno.com.ar\/wp-content\/uploads\/2020\/12\/kicillof-pringles-1068x711.jpg 1068w, https:\/\/ondauno.com.ar\/wp-content\/uploads\/2020\/12\/kicillof-pringles-631x420.jpg 631w, https:\/\/ondauno.com.ar\/wp-content\/uploads\/2020\/12\/kicillof-pringles.jpg 1733w\" data-sizes=\"auto, (max-width: 1024px) 100vw, 1024px\" src=\"data:image\/gif;base64,R0lGODlhAQABAAAAACH5BAEKAAEALAAAAAABAAEAAAICTAEAOw==\" style=\"--smush-placeholder-width: 1024px; --smush-placeholder-aspect-ratio: 1024\/681;\" \/><noscript><img loading=\"lazy\" decoding=\"async\" width=\"1024\" height=\"681\" src=\"https:\/\/ondauno.com.ar\/wp-content\/uploads\/2020\/12\/kicillof-pringles-1024x681.jpg\" alt=\"\" class=\"wp-image-20682\" srcset=\"https:\/\/ondauno.com.ar\/wp-content\/uploads\/2020\/12\/kicillof-pringles-1024x681.jpg 1024w, https:\/\/ondauno.com.ar\/wp-content\/uploads\/2020\/12\/kicillof-pringles-300x200.jpg 300w, https:\/\/ondauno.com.ar\/wp-content\/uploads\/2020\/12\/kicillof-pringles-768x511.jpg 768w, https:\/\/ondauno.com.ar\/wp-content\/uploads\/2020\/12\/kicillof-pringles-696x463.jpg 696w, https:\/\/ondauno.com.ar\/wp-content\/uploads\/2020\/12\/kicillof-pringles-1068x711.jpg 1068w, https:\/\/ondauno.com.ar\/wp-content\/uploads\/2020\/12\/kicillof-pringles-631x420.jpg 631w, https:\/\/ondauno.com.ar\/wp-content\/uploads\/2020\/12\/kicillof-pringles.jpg 1733w\" sizes=\"auto, (max-width: 1024px) 100vw, 1024px\" \/><\/noscript><\/figure>\n\n\n\n<p>El gobernador de la provincia de Buenos Aires, Axel Kicillof, visit\u00f3 esta ma\u00f1ana el partido de Coronel Pringles, donde junto al ministro de Infraestructura y Servicios P\u00fablicos, Agust\u00edn Simone, y al intendente Lisandro Matzkin, encabez\u00f3 el acto inauguraci\u00f3n de las obras de repavimentaci\u00f3n y ensanche de 35,5 kil\u00f3metros de la ruta provincial N\u00b051. A continuaci\u00f3n, recorri\u00f3 los avances en las instalaciones de un barrio donde se retomaron las tareas de construcci\u00f3n de 40 viviendas.<br> En ese marco, Kicillof destac\u00f3 que \u201cla ruta 51 es una traza estructural y estrat\u00e9gica para la integraci\u00f3n transversal de la provincia de Buenos Aires\u201d. \u201cEn esta ruta, no solo reactivamos las obras que estaban paralizadas, sino que ya licitamos la continuidad del siguiente tramo\u201d, sostuvo.<\/p>\n\n\n\n<figure class=\"wp-block-image\"><img loading=\"lazy\" decoding=\"async\" width=\"1024\" height=\"681\" data-src=\"https:\/\/ondauno.com.ar\/wp-content\/uploads\/2020\/12\/pringles-ruta-51-1024x681.jpg\" alt=\"\" class=\"wp-image-20684 lazyload\" data-srcset=\"https:\/\/ondauno.com.ar\/wp-content\/uploads\/2020\/12\/pringles-ruta-51-1024x681.jpg 1024w, https:\/\/ondauno.com.ar\/wp-content\/uploads\/2020\/12\/pringles-ruta-51-300x200.jpg 300w, https:\/\/ondauno.com.ar\/wp-content\/uploads\/2020\/12\/pringles-ruta-51-768x511.jpg 768w, https:\/\/ondauno.com.ar\/wp-content\/uploads\/2020\/12\/pringles-ruta-51-696x463.jpg 696w, https:\/\/ondauno.com.ar\/wp-content\/uploads\/2020\/12\/pringles-ruta-51-1068x711.jpg 1068w, https:\/\/ondauno.com.ar\/wp-content\/uploads\/2020\/12\/pringles-ruta-51-631x420.jpg 631w, https:\/\/ondauno.com.ar\/wp-content\/uploads\/2020\/12\/pringles-ruta-51.jpg 1733w\" data-sizes=\"auto, (max-width: 1024px) 100vw, 1024px\" src=\"data:image\/gif;base64,R0lGODlhAQABAAAAACH5BAEKAAEALAAAAAABAAEAAAICTAEAOw==\" style=\"--smush-placeholder-width: 1024px; --smush-placeholder-aspect-ratio: 1024\/681;\" \/><noscript><img loading=\"lazy\" decoding=\"async\" width=\"1024\" height=\"681\" src=\"https:\/\/ondauno.com.ar\/wp-content\/uploads\/2020\/12\/pringles-ruta-51-1024x681.jpg\" alt=\"\" class=\"wp-image-20684\" srcset=\"https:\/\/ondauno.com.ar\/wp-content\/uploads\/2020\/12\/pringles-ruta-51-1024x681.jpg 1024w, https:\/\/ondauno.com.ar\/wp-content\/uploads\/2020\/12\/pringles-ruta-51-300x200.jpg 300w, https:\/\/ondauno.com.ar\/wp-content\/uploads\/2020\/12\/pringles-ruta-51-768x511.jpg 768w, https:\/\/ondauno.com.ar\/wp-content\/uploads\/2020\/12\/pringles-ruta-51-696x463.jpg 696w, https:\/\/ondauno.com.ar\/wp-content\/uploads\/2020\/12\/pringles-ruta-51-1068x711.jpg 1068w, https:\/\/ondauno.com.ar\/wp-content\/uploads\/2020\/12\/pringles-ruta-51-631x420.jpg 631w, https:\/\/ondauno.com.ar\/wp-content\/uploads\/2020\/12\/pringles-ruta-51.jpg 1733w\" sizes=\"auto, (max-width: 1024px) 100vw, 1024px\" \/><\/noscript><\/figure>\n\n\n\n<p><br> \u201cA pesar de la pandemia y de las dificultades econ\u00f3micas, estamos trabajando en el desarrollo de toda la Provincia\u201d, afirm\u00f3 el Gobernador y a\u00f1adi\u00f3: \u201cEstas obras, adem\u00e1s de impedir accidentes y mejorar la seguridad vial, van a potenciar la conectividad y la sinergia entre las distintas localidades de la regi\u00f3n\u201d.<br> Con una inversi\u00f3n de 622 millones de pesos, estas obras impactar\u00e1n en la productividad de la zona y en la seguridad vial del corredor que conecta a los municipios de Ramallo y Bah\u00eda Blanca, en un tramo entre los ingresos a Pringles y la localidad de El Divisorio. Fueron financiadas por la Direcci\u00f3n Provincial de Vialidad y se reiniciaron luego de su paralizaci\u00f3n en agosto de 2019.<br> \u201cLa ruta 51 es uno de los ejes productivos de la Provincia, por eso ya licitamos el tramo siguiente con un presupuesto de 1.200 millones de pesos\u201d, asegur\u00f3 Simone y agreg\u00f3: \u201cEs fundamental que se pueda seguir trabajando en toda su trayectoria con la construcci\u00f3n de banquinas pavimentadas para hacerla mucho m\u00e1s segura\u201d. <br> Las tareas realizadas consistieron en el ensanche y repavimentaci\u00f3n de la calzada; la construcci\u00f3n de banquinas pavimentadas y de terceras trochas de circulaci\u00f3n para el tr\u00e1nsito pesado; la finalizaci\u00f3n de la carpeta asf\u00e1ltica en puentes, se\u00f1alizaci\u00f3n vertical y horizontal, colocaci\u00f3n de barandas de seguridad e iluminaci\u00f3n en intersecciones.<br> Por su parte, el intendente Matzkin enfatiz\u00f3 que \u201cestas obras han permitido salvar vidas en una ruta troncal en la que hab\u00eda muchos accidentes\u201d, y subray\u00f3 \u201cel di\u00e1logo permanente y el trabajo en equipo con el Gobierno de la Provincia, una se\u00f1al que habla de la vocaci\u00f3n por resolver los problemas de la gente\u201d.<br> A continuaci\u00f3n, Kicillof se traslad\u00f3 hacia un barrio en construcci\u00f3n, donde el Instituto de la Vivienda de Provincia de Buenos Aires est\u00e1 desarrollando 40 soluciones habitacionales.<br> \u201cEstamos poniendo en marcha un plan de obra p\u00fablica de cinco a\u00f1os para dinamizar la econom\u00eda, brindar se\u00f1ales al sector privado y desarrollar los aparatos productivos de cada localidad\u201d, explic\u00f3 Kicillof y concluy\u00f3: \u201cNuestro objetivo es contar con una Provincia m\u00e1s integrada e inclusiva, en la que se genere empleo y un mayor bienestar para todos y todas las bonaerenses\u201d.<\/p>\n","protected":false},"excerpt":{"rendered":"<p>Kicillof inaugur\u00f3 la repavimentaci\u00f3n de un tramo de la ruta 51 Junto al ministro de Infraestructura y Servicios P\u00fablicos, Agust\u00edn Simone, y al intendente Lisando Matzkin, recorri\u00f3 tambi\u00e9n las obras de construcci\u00f3n de 40 viviendas. El gobernador de la provincia de Buenos Aires, Axel Kicillof, visit\u00f3 esta ma\u00f1ana el partido de Coronel Pringles, donde junto [&hellip;]<\/p>\n","protected":false},"author":2,"featured_media":20682,"comment_status":"open","ping_status":"open","sticky":false,"template":"","format":"standard","meta":{"tdm_status":"","tdm_grid_status":"","_jetpack_memberships_contains_paid_content":false,"footnotes":"","jetpack_publicize_message":"","jetpack_publicize_feature_enabled":true,"jetpack_social_post_already_shared":true,"jetpack_social_options":{"image_generator_settings":{"template":"highway","default_image_id":0,"font":"","enabled":false},"version":2}},"categories":[35],"tags":[],"class_list":{"0":"post-20681","1":"post","2":"type-post","3":"status-publish","4":"format-standard","5":"has-post-thumbnail","7":"category-regionales"},"yoast_head":"<!-- This site is optimized with the Yoast SEO plugin v22.7 - https:\/\/yoast.com\/wordpress\/plugins\/seo\/ -->\n<title>CORONEL PRINGLES: Kicillof inaugur\u00f3 la ruta 51 y recorri\u00f3 tambi\u00e9n las obras de construcci\u00f3n de 40 viviendas. - 103.9 fm<\/title>\n<meta name=\"robots\" content=\"index, follow, max-snippet:-1, max-image-preview:large, max-video-preview:-1\" \/>\n<link rel=\"canonical\" href=\"https:\/\/ondauno.com.ar\/index.php\/2020\/12\/16\/coronel-pringles-kicillof-inauguro-la-ruta-51-y-recorrio-tambien-las-obras-de-construccion-de-40-viviendas\/\" \/>\n<meta property=\"og:locale\" content=\"es_ES\" \/>\n<meta property=\"og:type\" content=\"article\" \/>\n<meta property=\"og:title\" content=\"CORONEL PRINGLES: Kicillof inaugur\u00f3 la ruta 51 y recorri\u00f3 tambi\u00e9n las obras de construcci\u00f3n de 40 viviendas. - 103.9 fm\" \/>\n<meta property=\"og:description\" content=\"Kicillof inaugur\u00f3 la repavimentaci\u00f3n de un tramo de la ruta 51 Junto al ministro de Infraestructura y Servicios P\u00fablicos, Agust\u00edn Simone, y al intendente Lisando Matzkin, recorri\u00f3 tambi\u00e9n las obras de construcci\u00f3n de 40 viviendas. El gobernador de la provincia de Buenos Aires, Axel Kicillof, visit\u00f3 esta ma\u00f1ana el partido de Coronel Pringles, donde junto [&hellip;]\" \/>\n<meta property=\"og:url\" content=\"https:\/\/ondauno.com.ar\/index.php\/2020\/12\/16\/coronel-pringles-kicillof-inauguro-la-ruta-51-y-recorrio-tambien-las-obras-de-construccion-de-40-viviendas\/\" \/>\n<meta property=\"og:site_name\" content=\"103.9 fm\" \/>\n<meta property=\"article:publisher\" content=\"https:\/\/www.facebook.com\/ondauno103.9\" \/>\n<meta property=\"article:published_time\" content=\"2020-12-16T16:31:03+00:00\" \/>\n<meta property=\"article:modified_time\" content=\"2020-12-16T16:31:07+00:00\" \/>\n<meta property=\"og:image\" content=\"https:\/\/ondauno.com.ar\/wp-content\/uploads\/2020\/12\/kicillof-pringles.jpg\" \/>\n\t<meta property=\"og:image:width\" content=\"1733\" \/>\n\t<meta property=\"og:image:height\" content=\"1153\" \/>\n\t<meta property=\"og:image:type\" content=\"image\/jpeg\" \/>\n<meta name=\"author\" content=\"fernando garcia\" \/>\n<meta name=\"twitter:card\" content=\"summary_large_image\" \/>\n<meta name=\"twitter:label1\" content=\"Escrito por\" \/>\n\t<meta name=\"twitter:data1\" content=\"fernando garcia\" \/>\n\t<meta name=\"twitter:label2\" content=\"Tiempo de lectura\" \/>\n\t<meta name=\"twitter:data2\" content=\"3 minutos\" \/>\n<script type=\"application\/ld+json\" class=\"yoast-schema-graph\">{\"@context\":\"https:\/\/schema.org\",\"@graph\":[{\"@type\":\"WebPage\",\"@id\":\"https:\/\/ondauno.com.ar\/index.php\/2020\/12\/16\/coronel-pringles-kicillof-inauguro-la-ruta-51-y-recorrio-tambien-las-obras-de-construccion-de-40-viviendas\/\",\"url\":\"https:\/\/ondauno.com.ar\/index.php\/2020\/12\/16\/coronel-pringles-kicillof-inauguro-la-ruta-51-y-recorrio-tambien-las-obras-de-construccion-de-40-viviendas\/\",\"name\":\"CORONEL PRINGLES: Kicillof inaugur\u00f3 la ruta 51 y recorri\u00f3 tambi\u00e9n las obras de construcci\u00f3n de 40 viviendas. - 103.9 fm\",\"isPartOf\":{\"@id\":\"https:\/\/ondauno.com.ar\/#website\"},\"primaryImageOfPage\":{\"@id\":\"https:\/\/ondauno.com.ar\/index.php\/2020\/12\/16\/coronel-pringles-kicillof-inauguro-la-ruta-51-y-recorrio-tambien-las-obras-de-construccion-de-40-viviendas\/#primaryimage\"},\"image\":{\"@id\":\"https:\/\/ondauno.com.ar\/index.php\/2020\/12\/16\/coronel-pringles-kicillof-inauguro-la-ruta-51-y-recorrio-tambien-las-obras-de-construccion-de-40-viviendas\/#primaryimage\"},\"thumbnailUrl\":\"https:\/\/ondauno.com.ar\/wp-content\/uploads\/2020\/12\/kicillof-pringles.jpg\",\"datePublished\":\"2020-12-16T16:31:03+00:00\",\"dateModified\":\"2020-12-16T16:31:07+00:00\",\"author\":{\"@id\":\"https:\/\/ondauno.com.ar\/#\/schema\/person\/201d1b68e6c75e0fd396fe5f8af5d139\"},\"breadcrumb\":{\"@id\":\"https:\/\/ondauno.com.ar\/index.php\/2020\/12\/16\/coronel-pringles-kicillof-inauguro-la-ruta-51-y-recorrio-tambien-las-obras-de-construccion-de-40-viviendas\/#breadcrumb\"},\"inLanguage\":\"es-AR\",\"potentialAction\":[{\"@type\":\"ReadAction\",\"target\":[\"https:\/\/ondauno.com.ar\/index.php\/2020\/12\/16\/coronel-pringles-kicillof-inauguro-la-ruta-51-y-recorrio-tambien-las-obras-de-construccion-de-40-viviendas\/\"]}]},{\"@type\":\"ImageObject\",\"inLanguage\":\"es-AR\",\"@id\":\"https:\/\/ondauno.com.ar\/index.php\/2020\/12\/16\/coronel-pringles-kicillof-inauguro-la-ruta-51-y-recorrio-tambien-las-obras-de-construccion-de-40-viviendas\/#primaryimage\",\"url\":\"https:\/\/ondauno.com.ar\/wp-content\/uploads\/2020\/12\/kicillof-pringles.jpg\",\"contentUrl\":\"https:\/\/ondauno.com.ar\/wp-content\/uploads\/2020\/12\/kicillof-pringles.jpg\",\"width\":1733,\"height\":1153},{\"@type\":\"BreadcrumbList\",\"@id\":\"https:\/\/ondauno.com.ar\/index.php\/2020\/12\/16\/coronel-pringles-kicillof-inauguro-la-ruta-51-y-recorrio-tambien-las-obras-de-construccion-de-40-viviendas\/#breadcrumb\",\"itemListElement\":[{\"@type\":\"ListItem\",\"position\":1,\"name\":\"Inicio\",\"item\":\"https:\/\/ondauno.com.ar\/\"},{\"@type\":\"ListItem\",\"position\":2,\"name\":\"CORONEL PRINGLES: Kicillof inaugur\u00f3 la ruta 51 y recorri\u00f3 tambi\u00e9n las obras de construcci\u00f3n de 40 viviendas.\"}]},{\"@type\":\"WebSite\",\"@id\":\"https:\/\/ondauno.com.ar\/#website\",\"url\":\"https:\/\/ondauno.com.ar\/\",\"name\":\"103.9 fm\",\"description\":\"LA PRIMERA RADIO MULTIMEDIA DE TRES ARROYOS\",\"potentialAction\":[{\"@type\":\"SearchAction\",\"target\":{\"@type\":\"EntryPoint\",\"urlTemplate\":\"https:\/\/ondauno.com.ar\/?s={search_term_string}\"},\"query-input\":\"required name=search_term_string\"}],\"inLanguage\":\"es-AR\"},{\"@type\":\"Person\",\"@id\":\"https:\/\/ondauno.com.ar\/#\/schema\/person\/201d1b68e6c75e0fd396fe5f8af5d139\",\"name\":\"fernando garcia\",\"image\":{\"@type\":\"ImageObject\",\"inLanguage\":\"es-AR\",\"@id\":\"https:\/\/ondauno.com.ar\/#\/schema\/person\/image\/\",\"url\":\"https:\/\/secure.gravatar.com\/avatar\/5f7254642ad81272e79a2e69653cfdfc?s=96&d=mm&r=g\",\"contentUrl\":\"https:\/\/secure.gravatar.com\/avatar\/5f7254642ad81272e79a2e69653cfdfc?s=96&d=mm&r=g\",\"caption\":\"fernando garcia\"},\"url\":\"https:\/\/ondauno.com.ar\/index.php\/author\/ondaunoeditor\/\"}]}<\/script>\n<!-- \/ Yoast SEO plugin. -->","yoast_head_json":{"title":"CORONEL PRINGLES: Kicillof inaugur\u00f3 la ruta 51 y recorri\u00f3 tambi\u00e9n las obras de construcci\u00f3n de 40 viviendas. - 103.9 fm","robots":{"index":"index","follow":"follow","max-snippet":"max-snippet:-1","max-image-preview":"max-image-preview:large","max-video-preview":"max-video-preview:-1"},"canonical":"https:\/\/ondauno.com.ar\/index.php\/2020\/12\/16\/coronel-pringles-kicillof-inauguro-la-ruta-51-y-recorrio-tambien-las-obras-de-construccion-de-40-viviendas\/","og_locale":"es_ES","og_type":"article","og_title":"CORONEL PRINGLES: Kicillof inaugur\u00f3 la ruta 51 y recorri\u00f3 tambi\u00e9n las obras de construcci\u00f3n de 40 viviendas. - 103.9 fm","og_description":"Kicillof inaugur\u00f3 la repavimentaci\u00f3n de un tramo de la ruta 51 Junto al ministro de Infraestructura y Servicios P\u00fablicos, Agust\u00edn Simone, y al intendente Lisando Matzkin, recorri\u00f3 tambi\u00e9n las obras de construcci\u00f3n de 40 viviendas. El gobernador de la provincia de Buenos Aires, Axel Kicillof, visit\u00f3 esta ma\u00f1ana el partido de Coronel Pringles, donde junto [&hellip;]","og_url":"https:\/\/ondauno.com.ar\/index.php\/2020\/12\/16\/coronel-pringles-kicillof-inauguro-la-ruta-51-y-recorrio-tambien-las-obras-de-construccion-de-40-viviendas\/","og_site_name":"103.9 fm","article_publisher":"https:\/\/www.facebook.com\/ondauno103.9","article_published_time":"2020-12-16T16:31:03+00:00","article_modified_time":"2020-12-16T16:31:07+00:00","og_image":[{"width":1733,"height":1153,"url":"https:\/\/ondauno.com.ar\/wp-content\/uploads\/2020\/12\/kicillof-pringles.jpg","type":"image\/jpeg"}],"author":"fernando garcia","twitter_card":"summary_large_image","twitter_misc":{"Escrito por":"fernando garcia","Tiempo de lectura":"3 minutos"},"schema":{"@context":"https:\/\/schema.org","@graph":[{"@type":"WebPage","@id":"https:\/\/ondauno.com.ar\/index.php\/2020\/12\/16\/coronel-pringles-kicillof-inauguro-la-ruta-51-y-recorrio-tambien-las-obras-de-construccion-de-40-viviendas\/","url":"https:\/\/ondauno.com.ar\/index.php\/2020\/12\/16\/coronel-pringles-kicillof-inauguro-la-ruta-51-y-recorrio-tambien-las-obras-de-construccion-de-40-viviendas\/","name":"CORONEL PRINGLES: Kicillof inaugur\u00f3 la ruta 51 y recorri\u00f3 tambi\u00e9n las obras de construcci\u00f3n de 40 viviendas. - 103.9 fm","isPartOf":{"@id":"https:\/\/ondauno.com.ar\/#website"},"primaryImageOfPage":{"@id":"https:\/\/ondauno.com.ar\/index.php\/2020\/12\/16\/coronel-pringles-kicillof-inauguro-la-ruta-51-y-recorrio-tambien-las-obras-de-construccion-de-40-viviendas\/#primaryimage"},"image":{"@id":"https:\/\/ondauno.com.ar\/index.php\/2020\/12\/16\/coronel-pringles-kicillof-inauguro-la-ruta-51-y-recorrio-tambien-las-obras-de-construccion-de-40-viviendas\/#primaryimage"},"thumbnailUrl":"https:\/\/ondauno.com.ar\/wp-content\/uploads\/2020\/12\/kicillof-pringles.jpg","datePublished":"2020-12-16T16:31:03+00:00","dateModified":"2020-12-16T16:31:07+00:00","author":{"@id":"https:\/\/ondauno.com.ar\/#\/schema\/person\/201d1b68e6c75e0fd396fe5f8af5d139"},"breadcrumb":{"@id":"https:\/\/ondauno.com.ar\/index.php\/2020\/12\/16\/coronel-pringles-kicillof-inauguro-la-ruta-51-y-recorrio-tambien-las-obras-de-construccion-de-40-viviendas\/#breadcrumb"},"inLanguage":"es-AR","potentialAction":[{"@type":"ReadAction","target":["https:\/\/ondauno.com.ar\/index.php\/2020\/12\/16\/coronel-pringles-kicillof-inauguro-la-ruta-51-y-recorrio-tambien-las-obras-de-construccion-de-40-viviendas\/"]}]},{"@type":"ImageObject","inLanguage":"es-AR","@id":"https:\/\/ondauno.com.ar\/index.php\/2020\/12\/16\/coronel-pringles-kicillof-inauguro-la-ruta-51-y-recorrio-tambien-las-obras-de-construccion-de-40-viviendas\/#primaryimage","url":"https:\/\/ondauno.com.ar\/wp-content\/uploads\/2020\/12\/kicillof-pringles.jpg","contentUrl":"https:\/\/ondauno.com.ar\/wp-content\/uploads\/2020\/12\/kicillof-pringles.jpg","width":1733,"height":1153},{"@type":"BreadcrumbList","@id":"https:\/\/ondauno.com.ar\/index.php\/2020\/12\/16\/coronel-pringles-kicillof-inauguro-la-ruta-51-y-recorrio-tambien-las-obras-de-construccion-de-40-viviendas\/#breadcrumb","itemListElement":[{"@type":"ListItem","position":1,"name":"Inicio","item":"https:\/\/ondauno.com.ar\/"},{"@type":"ListItem","position":2,"name":"CORONEL PRINGLES: Kicillof inaugur\u00f3 la ruta 51 y recorri\u00f3 tambi\u00e9n las obras de construcci\u00f3n de 40 viviendas."}]},{"@type":"WebSite","@id":"https:\/\/ondauno.com.ar\/#website","url":"https:\/\/ondauno.com.ar\/","name":"103.9 fm","description":"LA PRIMERA RADIO MULTIMEDIA DE TRES ARROYOS","potentialAction":[{"@type":"SearchAction","target":{"@type":"EntryPoint","urlTemplate":"https:\/\/ondauno.com.ar\/?s={search_term_string}"},"query-input":"required name=search_term_string"}],"inLanguage":"es-AR"},{"@type":"Person","@id":"https:\/\/ondauno.com.ar\/#\/schema\/person\/201d1b68e6c75e0fd396fe5f8af5d139","name":"fernando garcia","image":{"@type":"ImageObject","inLanguage":"es-AR","@id":"https:\/\/ondauno.com.ar\/#\/schema\/person\/image\/","url":"https:\/\/secure.gravatar.com\/avatar\/5f7254642ad81272e79a2e69653cfdfc?s=96&d=mm&r=g","contentUrl":"https:\/\/secure.gravatar.com\/avatar\/5f7254642ad81272e79a2e69653cfdfc?s=96&d=mm&r=g","caption":"fernando garcia"},"url":"https:\/\/ondauno.com.ar\/index.php\/author\/ondaunoeditor\/"}]}},"jetpack_publicize_connections":[],"jetpack_featured_media_url":"https:\/\/ondauno.com.ar\/wp-content\/uploads\/2020\/12\/kicillof-pringles.jpg","jetpack_sharing_enabled":true,"_links":{"self":[{"href":"https:\/\/ondauno.com.ar\/index.php\/wp-json\/wp\/v2\/posts\/20681","targetHints":{"allow":["GET"]}}],"collection":[{"href":"https:\/\/ondauno.com.ar\/index.php\/wp-json\/wp\/v2\/posts"}],"about":[{"href":"https:\/\/ondauno.com.ar\/index.php\/wp-json\/wp\/v2\/types\/post"}],"author":[{"embeddable":true,"href":"https:\/\/ondauno.com.ar\/index.php\/wp-json\/wp\/v2\/users\/2"}],"replies":[{"embeddable":true,"href":"https:\/\/ondauno.com.ar\/index.php\/wp-json\/wp\/v2\/comments?post=20681"}],"version-history":[{"count":0,"href":"https:\/\/ondauno.com.ar\/index.php\/wp-json\/wp\/v2\/posts\/20681\/revisions"}],"wp:featuredmedia":[{"embeddable":true,"href":"https:\/\/ondauno.com.ar\/index.php\/wp-json\/wp\/v2\/media\/20682"}],"wp:attachment":[{"href":"https:\/\/ondauno.com.ar\/index.php\/wp-json\/wp\/v2\/media?parent=20681"}],"wp:term":[{"taxonomy":"category","embeddable":true,"href":"https:\/\/ondauno.com.ar\/index.php\/wp-json\/wp\/v2\/categories?post=20681"},{"taxonomy":"post_tag","embeddable":true,"href":"https:\/\/ondauno.com.ar\/index.php\/wp-json\/wp\/v2\/tags?post=20681"}],"curies":[{"name":"wp","href":"https:\/\/api.w.org\/{rel}","templated":true}]}}