{"id":20440,"date":"2020-12-11T13:31:21","date_gmt":"2020-12-11T16:31:21","guid":{"rendered":"http:\/\/ondauno.com.ar\/?p=20440"},"modified":"2020-12-11T13:31:26","modified_gmt":"2020-12-11T16:31:26","slug":"monte-hermoso-sin-nocturnidad-y-con-altas-multas-para-quienes-incumplan-normas","status":"publish","type":"post","link":"https:\/\/ondauno.com.ar\/index.php\/2020\/12\/11\/monte-hermoso-sin-nocturnidad-y-con-altas-multas-para-quienes-incumplan-normas\/","title":{"rendered":"Monte Hermoso: sin nocturnidad y con altas multas para quienes incumplan normas"},"content":{"rendered":"<div class=\"ondau-before-content_3\" style=\"margin-top: -30px;\" id=\"ondau-791589871\"><a href=\"https:\/\/www.lps.com.ar\/\" aria-label=\"la-perse2\"><img loading=\"lazy\" decoding=\"async\" src=\"https:\/\/ondauno.com.ar\/wp-content\/uploads\/2021\/10\/la-perse2.jpg\" alt=\"\"  srcset=\"https:\/\/ondauno.com.ar\/wp-content\/uploads\/2021\/10\/la-perse2.jpg 1353w, https:\/\/ondauno.com.ar\/wp-content\/uploads\/2021\/10\/la-perse2-300x43.jpg 300w, https:\/\/ondauno.com.ar\/wp-content\/uploads\/2021\/10\/la-perse2-1024x148.jpg 1024w, https:\/\/ondauno.com.ar\/wp-content\/uploads\/2021\/10\/la-perse2-768x111.jpg 768w, https:\/\/ondauno.com.ar\/wp-content\/uploads\/2021\/10\/la-perse2-696x100.jpg 696w, https:\/\/ondauno.com.ar\/wp-content\/uploads\/2021\/10\/la-perse2-1068x154.jpg 1068w\" sizes=\"(max-width: 1353px) 100vw, 1353px\" class=\"no-lazyload\" width=\"1353\" height=\"195\"  style=\"display: inline-block;\" \/><\/a><\/div>\n<p><br> \u201cEsta temporada la naturaleza ser\u00e1 la protagonista\u201d asegur\u00f3 el secretario de Turismo, Franco Gentili en conferencia de prensa, esta ma\u00f1ana, en referencia a la temporada 2020\/2021 que el pasado fin de semana tuvo su prueba piloto logrando estar entre los cinco destinos bonaerenses m\u00e1s visitados.<\/p>\n\n\n\n<figure class=\"wp-block-image\"><img loading=\"lazy\" decoding=\"async\" width=\"1024\" height=\"682\" data-src=\"https:\/\/ondauno.com.ar\/wp-content\/uploads\/2020\/12\/WhatsApp-Image-2020-12-11-at-13.22.15-1-1024x682.jpeg\" alt=\"\" class=\"wp-image-20441 lazyload\" data-srcset=\"https:\/\/ondauno.com.ar\/wp-content\/uploads\/2020\/12\/WhatsApp-Image-2020-12-11-at-13.22.15-1-1024x682.jpeg 1024w, https:\/\/ondauno.com.ar\/wp-content\/uploads\/2020\/12\/WhatsApp-Image-2020-12-11-at-13.22.15-1-300x200.jpeg 300w, https:\/\/ondauno.com.ar\/wp-content\/uploads\/2020\/12\/WhatsApp-Image-2020-12-11-at-13.22.15-1-768x512.jpeg 768w, https:\/\/ondauno.com.ar\/wp-content\/uploads\/2020\/12\/WhatsApp-Image-2020-12-11-at-13.22.15-1-696x464.jpeg 696w, https:\/\/ondauno.com.ar\/wp-content\/uploads\/2020\/12\/WhatsApp-Image-2020-12-11-at-13.22.15-1-1068x712.jpeg 1068w, https:\/\/ondauno.com.ar\/wp-content\/uploads\/2020\/12\/WhatsApp-Image-2020-12-11-at-13.22.15-1-630x420.jpeg 630w, https:\/\/ondauno.com.ar\/wp-content\/uploads\/2020\/12\/WhatsApp-Image-2020-12-11-at-13.22.15-1.jpeg 1280w\" data-sizes=\"auto, (max-width: 1024px) 100vw, 1024px\" src=\"data:image\/gif;base64,R0lGODlhAQABAAAAACH5BAEKAAEALAAAAAABAAEAAAICTAEAOw==\" style=\"--smush-placeholder-width: 1024px; --smush-placeholder-aspect-ratio: 1024\/682;\" \/><noscript><img loading=\"lazy\" decoding=\"async\" width=\"1024\" height=\"682\" src=\"https:\/\/ondauno.com.ar\/wp-content\/uploads\/2020\/12\/WhatsApp-Image-2020-12-11-at-13.22.15-1-1024x682.jpeg\" alt=\"\" class=\"wp-image-20441\" srcset=\"https:\/\/ondauno.com.ar\/wp-content\/uploads\/2020\/12\/WhatsApp-Image-2020-12-11-at-13.22.15-1-1024x682.jpeg 1024w, https:\/\/ondauno.com.ar\/wp-content\/uploads\/2020\/12\/WhatsApp-Image-2020-12-11-at-13.22.15-1-300x200.jpeg 300w, https:\/\/ondauno.com.ar\/wp-content\/uploads\/2020\/12\/WhatsApp-Image-2020-12-11-at-13.22.15-1-768x512.jpeg 768w, https:\/\/ondauno.com.ar\/wp-content\/uploads\/2020\/12\/WhatsApp-Image-2020-12-11-at-13.22.15-1-696x464.jpeg 696w, https:\/\/ondauno.com.ar\/wp-content\/uploads\/2020\/12\/WhatsApp-Image-2020-12-11-at-13.22.15-1-1068x712.jpeg 1068w, https:\/\/ondauno.com.ar\/wp-content\/uploads\/2020\/12\/WhatsApp-Image-2020-12-11-at-13.22.15-1-630x420.jpeg 630w, https:\/\/ondauno.com.ar\/wp-content\/uploads\/2020\/12\/WhatsApp-Image-2020-12-11-at-13.22.15-1.jpeg 1280w\" sizes=\"auto, (max-width: 1024px) 100vw, 1024px\" \/><\/noscript><\/figure>\n\n\n\n<p><br> \u201cNo habr\u00e1 eventos ni nocturnidad para evitar la aglomeraci\u00f3n de gente; la protagonista de este verano ser\u00e1 la naturaleza a lo largo de los 32 kil\u00f3metros de playa, la Laguna Sauce Grande y los espacios abiertos de la ciudad\u201d.<\/p>\n\n\n\n<figure class=\"wp-block-image\"><img loading=\"lazy\" decoding=\"async\" width=\"1024\" height=\"682\" data-src=\"https:\/\/ondauno.com.ar\/wp-content\/uploads\/2020\/12\/WhatsApp-Image-2020-12-11-at-13.22.15-1024x682.jpeg\" alt=\"\" class=\"wp-image-20442 lazyload\" data-srcset=\"https:\/\/ondauno.com.ar\/wp-content\/uploads\/2020\/12\/WhatsApp-Image-2020-12-11-at-13.22.15-1024x682.jpeg 1024w, https:\/\/ondauno.com.ar\/wp-content\/uploads\/2020\/12\/WhatsApp-Image-2020-12-11-at-13.22.15-300x200.jpeg 300w, https:\/\/ondauno.com.ar\/wp-content\/uploads\/2020\/12\/WhatsApp-Image-2020-12-11-at-13.22.15-768x512.jpeg 768w, https:\/\/ondauno.com.ar\/wp-content\/uploads\/2020\/12\/WhatsApp-Image-2020-12-11-at-13.22.15-696x464.jpeg 696w, https:\/\/ondauno.com.ar\/wp-content\/uploads\/2020\/12\/WhatsApp-Image-2020-12-11-at-13.22.15-1068x712.jpeg 1068w, https:\/\/ondauno.com.ar\/wp-content\/uploads\/2020\/12\/WhatsApp-Image-2020-12-11-at-13.22.15-630x420.jpeg 630w, https:\/\/ondauno.com.ar\/wp-content\/uploads\/2020\/12\/WhatsApp-Image-2020-12-11-at-13.22.15.jpeg 1280w\" data-sizes=\"auto, (max-width: 1024px) 100vw, 1024px\" src=\"data:image\/gif;base64,R0lGODlhAQABAAAAACH5BAEKAAEALAAAAAABAAEAAAICTAEAOw==\" style=\"--smush-placeholder-width: 1024px; --smush-placeholder-aspect-ratio: 1024\/682;\" \/><noscript><img loading=\"lazy\" decoding=\"async\" width=\"1024\" height=\"682\" src=\"https:\/\/ondauno.com.ar\/wp-content\/uploads\/2020\/12\/WhatsApp-Image-2020-12-11-at-13.22.15-1024x682.jpeg\" alt=\"\" class=\"wp-image-20442\" srcset=\"https:\/\/ondauno.com.ar\/wp-content\/uploads\/2020\/12\/WhatsApp-Image-2020-12-11-at-13.22.15-1024x682.jpeg 1024w, https:\/\/ondauno.com.ar\/wp-content\/uploads\/2020\/12\/WhatsApp-Image-2020-12-11-at-13.22.15-300x200.jpeg 300w, https:\/\/ondauno.com.ar\/wp-content\/uploads\/2020\/12\/WhatsApp-Image-2020-12-11-at-13.22.15-768x512.jpeg 768w, https:\/\/ondauno.com.ar\/wp-content\/uploads\/2020\/12\/WhatsApp-Image-2020-12-11-at-13.22.15-696x464.jpeg 696w, https:\/\/ondauno.com.ar\/wp-content\/uploads\/2020\/12\/WhatsApp-Image-2020-12-11-at-13.22.15-1068x712.jpeg 1068w, https:\/\/ondauno.com.ar\/wp-content\/uploads\/2020\/12\/WhatsApp-Image-2020-12-11-at-13.22.15-630x420.jpeg 630w, https:\/\/ondauno.com.ar\/wp-content\/uploads\/2020\/12\/WhatsApp-Image-2020-12-11-at-13.22.15.jpeg 1280w\" sizes=\"auto, (max-width: 1024px) 100vw, 1024px\" \/><\/noscript><\/figure>\n\n\n\n<p><br> Durante el \u00faltimo fin de semana largo, se solicitaron a trav\u00e9s de la aplicaci\u00f3n CUIDAR m\u00e1s de 20 mil solicitudes de ingreso, que se completa por grupo familiar, lo que signific\u00f3 el ingreso aproximado de m\u00e1s de 80 mil personas.<br> \u201cEsta aplicaci\u00f3n es obligatoria para la circulaci\u00f3n y a la vez nos permite prever la cantidad de ingresos simult\u00e1neos\u201d explic\u00f3 Gentili y record\u00f3 la importancia del uso del barbijo, del distanciamiento, respeto de normas, lavado de manos ya que \u201cel \u00e9xito de esta temporada depende de todos\u201d.<\/p>\n\n\n\n<p><br> \u201cTambi\u00e9n le pedimos a los comerciantes de la ciudad, la colaboraci\u00f3n en el control a trav\u00e9s de la solicitud de la aplicaci\u00f3n a los turistas\u201d. <\/p>\n\n\n\n<p><br> Por su parte, el secretario de Gobierno, Hern\u00e1n Arranz, cont\u00f3 que con la prueba de este fin de semana, tras casi nueve meses de aislamiento, activ\u00f3 la econom\u00eda local y nos permiti\u00f3 detectar \u201cciertos desbordes en los que ya estamos trabajando para su correcci\u00f3n\u201d.<br> \u201cNo habr\u00e1 nocturnidad; los bares, confiter\u00edas y restaurantes podr\u00e1n abrir hasta las 3.30 horas; trabajaremos fuertemente en la desarticulaci\u00f3n de fiestas clandestinas al aire libre o en propiedades privadas\u201d asegur\u00f3 y agreg\u00f3 que el pasado fin de semana cinco propietarios fueron sancionados con multas de 100 mil pesos por incumplir las normas que adem\u00e1s \u201cest\u00e1n tipificadas como un delito federal\u201d.<\/p>\n\n\n\n<figure class=\"wp-block-image\"><img loading=\"lazy\" decoding=\"async\" width=\"1024\" height=\"682\" data-src=\"https:\/\/ondauno.com.ar\/wp-content\/uploads\/2020\/12\/WhatsApp-Image-2020-12-11-at-13.22.14-1-1024x682.jpeg\" alt=\"\" class=\"wp-image-20443 lazyload\" data-srcset=\"https:\/\/ondauno.com.ar\/wp-content\/uploads\/2020\/12\/WhatsApp-Image-2020-12-11-at-13.22.14-1-1024x682.jpeg 1024w, https:\/\/ondauno.com.ar\/wp-content\/uploads\/2020\/12\/WhatsApp-Image-2020-12-11-at-13.22.14-1-300x200.jpeg 300w, https:\/\/ondauno.com.ar\/wp-content\/uploads\/2020\/12\/WhatsApp-Image-2020-12-11-at-13.22.14-1-768x512.jpeg 768w, https:\/\/ondauno.com.ar\/wp-content\/uploads\/2020\/12\/WhatsApp-Image-2020-12-11-at-13.22.14-1-696x464.jpeg 696w, https:\/\/ondauno.com.ar\/wp-content\/uploads\/2020\/12\/WhatsApp-Image-2020-12-11-at-13.22.14-1-1068x712.jpeg 1068w, https:\/\/ondauno.com.ar\/wp-content\/uploads\/2020\/12\/WhatsApp-Image-2020-12-11-at-13.22.14-1-630x420.jpeg 630w, https:\/\/ondauno.com.ar\/wp-content\/uploads\/2020\/12\/WhatsApp-Image-2020-12-11-at-13.22.14-1.jpeg 1280w\" data-sizes=\"auto, (max-width: 1024px) 100vw, 1024px\" src=\"data:image\/gif;base64,R0lGODlhAQABAAAAACH5BAEKAAEALAAAAAABAAEAAAICTAEAOw==\" style=\"--smush-placeholder-width: 1024px; --smush-placeholder-aspect-ratio: 1024\/682;\" \/><noscript><img loading=\"lazy\" decoding=\"async\" width=\"1024\" height=\"682\" src=\"https:\/\/ondauno.com.ar\/wp-content\/uploads\/2020\/12\/WhatsApp-Image-2020-12-11-at-13.22.14-1-1024x682.jpeg\" alt=\"\" class=\"wp-image-20443\" srcset=\"https:\/\/ondauno.com.ar\/wp-content\/uploads\/2020\/12\/WhatsApp-Image-2020-12-11-at-13.22.14-1-1024x682.jpeg 1024w, https:\/\/ondauno.com.ar\/wp-content\/uploads\/2020\/12\/WhatsApp-Image-2020-12-11-at-13.22.14-1-300x200.jpeg 300w, https:\/\/ondauno.com.ar\/wp-content\/uploads\/2020\/12\/WhatsApp-Image-2020-12-11-at-13.22.14-1-768x512.jpeg 768w, https:\/\/ondauno.com.ar\/wp-content\/uploads\/2020\/12\/WhatsApp-Image-2020-12-11-at-13.22.14-1-696x464.jpeg 696w, https:\/\/ondauno.com.ar\/wp-content\/uploads\/2020\/12\/WhatsApp-Image-2020-12-11-at-13.22.14-1-1068x712.jpeg 1068w, https:\/\/ondauno.com.ar\/wp-content\/uploads\/2020\/12\/WhatsApp-Image-2020-12-11-at-13.22.14-1-630x420.jpeg 630w, https:\/\/ondauno.com.ar\/wp-content\/uploads\/2020\/12\/WhatsApp-Image-2020-12-11-at-13.22.14-1.jpeg 1280w\" sizes=\"auto, (max-width: 1024px) 100vw, 1024px\" \/><\/noscript><\/figure>\n\n\n\n<p><br> \u201cApelamos a la responsabilidad de los padres para evitar los contagios masivos cuyos focos ya se sabe se dan en las reuniones sociales; adem\u00e1s de pedir mayor empat\u00eda con quienes ponen el cuerpo d\u00eda a d\u00eda para cuidarnos\u201d.<br> En cuanto al sector comercial, el titular de la cartera de Gobierno resalt\u00f3 el trabajo y compromiso de la mayor\u00eda de los comerciantes \u201cque se armaron con todo lo necesario para la prevenci\u00f3n y seguridad de quienes ingresen a sus locales, respetando protocolos\u201d y respecto \u201ca quienes no lo hagan, seremos inflexibles\u201d asegur\u00f3.<\/p>\n","protected":false},"excerpt":{"rendered":"<p>\u201cEsta temporada la naturaleza ser\u00e1 la protagonista\u201d asegur\u00f3 el secretario de Turismo, Franco Gentili en conferencia de prensa, esta ma\u00f1ana, en referencia a la temporada 2020\/2021 que el pasado fin de semana tuvo su prueba piloto logrando estar entre los cinco destinos bonaerenses m\u00e1s visitados. \u201cNo habr\u00e1 eventos ni nocturnidad para evitar la aglomeraci\u00f3n de [&hellip;]<\/p>\n","protected":false},"author":2,"featured_media":20444,"comment_status":"open","ping_status":"open","sticky":false,"template":"","format":"standard","meta":{"tdm_status":"","tdm_grid_status":"","_jetpack_memberships_contains_paid_content":false,"footnotes":"","jetpack_publicize_message":"","jetpack_publicize_feature_enabled":true,"jetpack_social_post_already_shared":true,"jetpack_social_options":{"image_generator_settings":{"template":"highway","default_image_id":0,"font":"","enabled":false},"version":2}},"categories":[35],"tags":[],"class_list":{"0":"post-20440","1":"post","2":"type-post","3":"status-publish","4":"format-standard","5":"has-post-thumbnail","7":"category-regionales"},"yoast_head":"<!-- This site is optimized with the Yoast SEO plugin v22.7 - https:\/\/yoast.com\/wordpress\/plugins\/seo\/ -->\n<title>Monte Hermoso: sin nocturnidad y con altas multas para quienes incumplan normas - 103.9 fm<\/title>\n<meta name=\"robots\" content=\"index, follow, max-snippet:-1, max-image-preview:large, max-video-preview:-1\" \/>\n<link rel=\"canonical\" href=\"https:\/\/ondauno.com.ar\/index.php\/2020\/12\/11\/monte-hermoso-sin-nocturnidad-y-con-altas-multas-para-quienes-incumplan-normas\/\" \/>\n<meta property=\"og:locale\" content=\"es_ES\" \/>\n<meta property=\"og:type\" content=\"article\" \/>\n<meta property=\"og:title\" content=\"Monte Hermoso: sin nocturnidad y con altas multas para quienes incumplan normas - 103.9 fm\" \/>\n<meta property=\"og:description\" content=\"\u201cEsta temporada la naturaleza ser\u00e1 la protagonista\u201d asegur\u00f3 el secretario de Turismo, Franco Gentili en conferencia de prensa, esta ma\u00f1ana, en referencia a la temporada 2020\/2021 que el pasado fin de semana tuvo su prueba piloto logrando estar entre los cinco destinos bonaerenses m\u00e1s visitados. \u201cNo habr\u00e1 eventos ni nocturnidad para evitar la aglomeraci\u00f3n de [&hellip;]\" \/>\n<meta property=\"og:url\" content=\"https:\/\/ondauno.com.ar\/index.php\/2020\/12\/11\/monte-hermoso-sin-nocturnidad-y-con-altas-multas-para-quienes-incumplan-normas\/\" \/>\n<meta property=\"og:site_name\" content=\"103.9 fm\" \/>\n<meta property=\"article:publisher\" content=\"https:\/\/www.facebook.com\/ondauno103.9\" \/>\n<meta property=\"article:published_time\" content=\"2020-12-11T16:31:21+00:00\" \/>\n<meta property=\"article:modified_time\" content=\"2020-12-11T16:31:26+00:00\" \/>\n<meta property=\"og:image\" content=\"https:\/\/ondauno.com.ar\/wp-content\/uploads\/2020\/12\/WhatsApp-Image-2020-12-11-at-13.22.14.jpeg\" \/>\n\t<meta property=\"og:image:width\" content=\"1280\" \/>\n\t<meta property=\"og:image:height\" content=\"853\" \/>\n\t<meta property=\"og:image:type\" content=\"image\/jpeg\" \/>\n<meta name=\"author\" content=\"fernando garcia\" \/>\n<meta name=\"twitter:card\" content=\"summary_large_image\" \/>\n<meta name=\"twitter:label1\" content=\"Escrito por\" \/>\n\t<meta name=\"twitter:data1\" content=\"fernando garcia\" \/>\n\t<meta name=\"twitter:label2\" content=\"Tiempo de lectura\" \/>\n\t<meta name=\"twitter:data2\" content=\"2 minutos\" \/>\n<script type=\"application\/ld+json\" class=\"yoast-schema-graph\">{\"@context\":\"https:\/\/schema.org\",\"@graph\":[{\"@type\":\"WebPage\",\"@id\":\"https:\/\/ondauno.com.ar\/index.php\/2020\/12\/11\/monte-hermoso-sin-nocturnidad-y-con-altas-multas-para-quienes-incumplan-normas\/\",\"url\":\"https:\/\/ondauno.com.ar\/index.php\/2020\/12\/11\/monte-hermoso-sin-nocturnidad-y-con-altas-multas-para-quienes-incumplan-normas\/\",\"name\":\"Monte Hermoso: sin nocturnidad y con altas multas para quienes incumplan normas - 103.9 fm\",\"isPartOf\":{\"@id\":\"https:\/\/ondauno.com.ar\/#website\"},\"primaryImageOfPage\":{\"@id\":\"https:\/\/ondauno.com.ar\/index.php\/2020\/12\/11\/monte-hermoso-sin-nocturnidad-y-con-altas-multas-para-quienes-incumplan-normas\/#primaryimage\"},\"image\":{\"@id\":\"https:\/\/ondauno.com.ar\/index.php\/2020\/12\/11\/monte-hermoso-sin-nocturnidad-y-con-altas-multas-para-quienes-incumplan-normas\/#primaryimage\"},\"thumbnailUrl\":\"https:\/\/ondauno.com.ar\/wp-content\/uploads\/2020\/12\/WhatsApp-Image-2020-12-11-at-13.22.14.jpeg\",\"datePublished\":\"2020-12-11T16:31:21+00:00\",\"dateModified\":\"2020-12-11T16:31:26+00:00\",\"author\":{\"@id\":\"https:\/\/ondauno.com.ar\/#\/schema\/person\/201d1b68e6c75e0fd396fe5f8af5d139\"},\"breadcrumb\":{\"@id\":\"https:\/\/ondauno.com.ar\/index.php\/2020\/12\/11\/monte-hermoso-sin-nocturnidad-y-con-altas-multas-para-quienes-incumplan-normas\/#breadcrumb\"},\"inLanguage\":\"es-AR\",\"potentialAction\":[{\"@type\":\"ReadAction\",\"target\":[\"https:\/\/ondauno.com.ar\/index.php\/2020\/12\/11\/monte-hermoso-sin-nocturnidad-y-con-altas-multas-para-quienes-incumplan-normas\/\"]}]},{\"@type\":\"ImageObject\",\"inLanguage\":\"es-AR\",\"@id\":\"https:\/\/ondauno.com.ar\/index.php\/2020\/12\/11\/monte-hermoso-sin-nocturnidad-y-con-altas-multas-para-quienes-incumplan-normas\/#primaryimage\",\"url\":\"https:\/\/ondauno.com.ar\/wp-content\/uploads\/2020\/12\/WhatsApp-Image-2020-12-11-at-13.22.14.jpeg\",\"contentUrl\":\"https:\/\/ondauno.com.ar\/wp-content\/uploads\/2020\/12\/WhatsApp-Image-2020-12-11-at-13.22.14.jpeg\",\"width\":1280,\"height\":853},{\"@type\":\"BreadcrumbList\",\"@id\":\"https:\/\/ondauno.com.ar\/index.php\/2020\/12\/11\/monte-hermoso-sin-nocturnidad-y-con-altas-multas-para-quienes-incumplan-normas\/#breadcrumb\",\"itemListElement\":[{\"@type\":\"ListItem\",\"position\":1,\"name\":\"Inicio\",\"item\":\"https:\/\/ondauno.com.ar\/\"},{\"@type\":\"ListItem\",\"position\":2,\"name\":\"Monte Hermoso: sin nocturnidad y con altas multas para quienes incumplan normas\"}]},{\"@type\":\"WebSite\",\"@id\":\"https:\/\/ondauno.com.ar\/#website\",\"url\":\"https:\/\/ondauno.com.ar\/\",\"name\":\"103.9 fm\",\"description\":\"LA PRIMERA RADIO MULTIMEDIA DE TRES ARROYOS\",\"potentialAction\":[{\"@type\":\"SearchAction\",\"target\":{\"@type\":\"EntryPoint\",\"urlTemplate\":\"https:\/\/ondauno.com.ar\/?s={search_term_string}\"},\"query-input\":\"required name=search_term_string\"}],\"inLanguage\":\"es-AR\"},{\"@type\":\"Person\",\"@id\":\"https:\/\/ondauno.com.ar\/#\/schema\/person\/201d1b68e6c75e0fd396fe5f8af5d139\",\"name\":\"fernando garcia\",\"image\":{\"@type\":\"ImageObject\",\"inLanguage\":\"es-AR\",\"@id\":\"https:\/\/ondauno.com.ar\/#\/schema\/person\/image\/\",\"url\":\"https:\/\/secure.gravatar.com\/avatar\/5f7254642ad81272e79a2e69653cfdfc?s=96&d=mm&r=g\",\"contentUrl\":\"https:\/\/secure.gravatar.com\/avatar\/5f7254642ad81272e79a2e69653cfdfc?s=96&d=mm&r=g\",\"caption\":\"fernando garcia\"},\"url\":\"https:\/\/ondauno.com.ar\/index.php\/author\/ondaunoeditor\/\"}]}<\/script>\n<!-- \/ Yoast SEO plugin. -->","yoast_head_json":{"title":"Monte Hermoso: sin nocturnidad y con altas multas para quienes incumplan normas - 103.9 fm","robots":{"index":"index","follow":"follow","max-snippet":"max-snippet:-1","max-image-preview":"max-image-preview:large","max-video-preview":"max-video-preview:-1"},"canonical":"https:\/\/ondauno.com.ar\/index.php\/2020\/12\/11\/monte-hermoso-sin-nocturnidad-y-con-altas-multas-para-quienes-incumplan-normas\/","og_locale":"es_ES","og_type":"article","og_title":"Monte Hermoso: sin nocturnidad y con altas multas para quienes incumplan normas - 103.9 fm","og_description":"\u201cEsta temporada la naturaleza ser\u00e1 la protagonista\u201d asegur\u00f3 el secretario de Turismo, Franco Gentili en conferencia de prensa, esta ma\u00f1ana, en referencia a la temporada 2020\/2021 que el pasado fin de semana tuvo su prueba piloto logrando estar entre los cinco destinos bonaerenses m\u00e1s visitados. \u201cNo habr\u00e1 eventos ni nocturnidad para evitar la aglomeraci\u00f3n de [&hellip;]","og_url":"https:\/\/ondauno.com.ar\/index.php\/2020\/12\/11\/monte-hermoso-sin-nocturnidad-y-con-altas-multas-para-quienes-incumplan-normas\/","og_site_name":"103.9 fm","article_publisher":"https:\/\/www.facebook.com\/ondauno103.9","article_published_time":"2020-12-11T16:31:21+00:00","article_modified_time":"2020-12-11T16:31:26+00:00","og_image":[{"width":1280,"height":853,"url":"https:\/\/ondauno.com.ar\/wp-content\/uploads\/2020\/12\/WhatsApp-Image-2020-12-11-at-13.22.14.jpeg","type":"image\/jpeg"}],"author":"fernando garcia","twitter_card":"summary_large_image","twitter_misc":{"Escrito por":"fernando garcia","Tiempo de lectura":"2 minutos"},"schema":{"@context":"https:\/\/schema.org","@graph":[{"@type":"WebPage","@id":"https:\/\/ondauno.com.ar\/index.php\/2020\/12\/11\/monte-hermoso-sin-nocturnidad-y-con-altas-multas-para-quienes-incumplan-normas\/","url":"https:\/\/ondauno.com.ar\/index.php\/2020\/12\/11\/monte-hermoso-sin-nocturnidad-y-con-altas-multas-para-quienes-incumplan-normas\/","name":"Monte Hermoso: sin nocturnidad y con altas multas para quienes incumplan normas - 103.9 fm","isPartOf":{"@id":"https:\/\/ondauno.com.ar\/#website"},"primaryImageOfPage":{"@id":"https:\/\/ondauno.com.ar\/index.php\/2020\/12\/11\/monte-hermoso-sin-nocturnidad-y-con-altas-multas-para-quienes-incumplan-normas\/#primaryimage"},"image":{"@id":"https:\/\/ondauno.com.ar\/index.php\/2020\/12\/11\/monte-hermoso-sin-nocturnidad-y-con-altas-multas-para-quienes-incumplan-normas\/#primaryimage"},"thumbnailUrl":"https:\/\/ondauno.com.ar\/wp-content\/uploads\/2020\/12\/WhatsApp-Image-2020-12-11-at-13.22.14.jpeg","datePublished":"2020-12-11T16:31:21+00:00","dateModified":"2020-12-11T16:31:26+00:00","author":{"@id":"https:\/\/ondauno.com.ar\/#\/schema\/person\/201d1b68e6c75e0fd396fe5f8af5d139"},"breadcrumb":{"@id":"https:\/\/ondauno.com.ar\/index.php\/2020\/12\/11\/monte-hermoso-sin-nocturnidad-y-con-altas-multas-para-quienes-incumplan-normas\/#breadcrumb"},"inLanguage":"es-AR","potentialAction":[{"@type":"ReadAction","target":["https:\/\/ondauno.com.ar\/index.php\/2020\/12\/11\/monte-hermoso-sin-nocturnidad-y-con-altas-multas-para-quienes-incumplan-normas\/"]}]},{"@type":"ImageObject","inLanguage":"es-AR","@id":"https:\/\/ondauno.com.ar\/index.php\/2020\/12\/11\/monte-hermoso-sin-nocturnidad-y-con-altas-multas-para-quienes-incumplan-normas\/#primaryimage","url":"https:\/\/ondauno.com.ar\/wp-content\/uploads\/2020\/12\/WhatsApp-Image-2020-12-11-at-13.22.14.jpeg","contentUrl":"https:\/\/ondauno.com.ar\/wp-content\/uploads\/2020\/12\/WhatsApp-Image-2020-12-11-at-13.22.14.jpeg","width":1280,"height":853},{"@type":"BreadcrumbList","@id":"https:\/\/ondauno.com.ar\/index.php\/2020\/12\/11\/monte-hermoso-sin-nocturnidad-y-con-altas-multas-para-quienes-incumplan-normas\/#breadcrumb","itemListElement":[{"@type":"ListItem","position":1,"name":"Inicio","item":"https:\/\/ondauno.com.ar\/"},{"@type":"ListItem","position":2,"name":"Monte Hermoso: sin nocturnidad y con altas multas para quienes incumplan normas"}]},{"@type":"WebSite","@id":"https:\/\/ondauno.com.ar\/#website","url":"https:\/\/ondauno.com.ar\/","name":"103.9 fm","description":"LA PRIMERA RADIO MULTIMEDIA DE TRES ARROYOS","potentialAction":[{"@type":"SearchAction","target":{"@type":"EntryPoint","urlTemplate":"https:\/\/ondauno.com.ar\/?s={search_term_string}"},"query-input":"required name=search_term_string"}],"inLanguage":"es-AR"},{"@type":"Person","@id":"https:\/\/ondauno.com.ar\/#\/schema\/person\/201d1b68e6c75e0fd396fe5f8af5d139","name":"fernando garcia","image":{"@type":"ImageObject","inLanguage":"es-AR","@id":"https:\/\/ondauno.com.ar\/#\/schema\/person\/image\/","url":"https:\/\/secure.gravatar.com\/avatar\/5f7254642ad81272e79a2e69653cfdfc?s=96&d=mm&r=g","contentUrl":"https:\/\/secure.gravatar.com\/avatar\/5f7254642ad81272e79a2e69653cfdfc?s=96&d=mm&r=g","caption":"fernando garcia"},"url":"https:\/\/ondauno.com.ar\/index.php\/author\/ondaunoeditor\/"}]}},"jetpack_publicize_connections":[],"jetpack_featured_media_url":"https:\/\/ondauno.com.ar\/wp-content\/uploads\/2020\/12\/WhatsApp-Image-2020-12-11-at-13.22.14.jpeg","jetpack_sharing_enabled":true,"_links":{"self":[{"href":"https:\/\/ondauno.com.ar\/index.php\/wp-json\/wp\/v2\/posts\/20440","targetHints":{"allow":["GET"]}}],"collection":[{"href":"https:\/\/ondauno.com.ar\/index.php\/wp-json\/wp\/v2\/posts"}],"about":[{"href":"https:\/\/ondauno.com.ar\/index.php\/wp-json\/wp\/v2\/types\/post"}],"author":[{"embeddable":true,"href":"https:\/\/ondauno.com.ar\/index.php\/wp-json\/wp\/v2\/users\/2"}],"replies":[{"embeddable":true,"href":"https:\/\/ondauno.com.ar\/index.php\/wp-json\/wp\/v2\/comments?post=20440"}],"version-history":[{"count":0,"href":"https:\/\/ondauno.com.ar\/index.php\/wp-json\/wp\/v2\/posts\/20440\/revisions"}],"wp:featuredmedia":[{"embeddable":true,"href":"https:\/\/ondauno.com.ar\/index.php\/wp-json\/wp\/v2\/media\/20444"}],"wp:attachment":[{"href":"https:\/\/ondauno.com.ar\/index.php\/wp-json\/wp\/v2\/media?parent=20440"}],"wp:term":[{"taxonomy":"category","embeddable":true,"href":"https:\/\/ondauno.com.ar\/index.php\/wp-json\/wp\/v2\/categories?post=20440"},{"taxonomy":"post_tag","embeddable":true,"href":"https:\/\/ondauno.com.ar\/index.php\/wp-json\/wp\/v2\/tags?post=20440"}],"curies":[{"name":"wp","href":"https:\/\/api.w.org\/{rel}","templated":true}]}}