{"id":20335,"date":"2020-12-09T14:03:01","date_gmt":"2020-12-09T17:03:01","guid":{"rendered":"http:\/\/ondauno.com.ar\/?p=20335"},"modified":"2020-12-09T14:03:05","modified_gmt":"2020-12-09T17:03:05","slug":"la-colectiva-ni-una-menos-presento-una-nota-contra-personal-de-prevencion-ciudadana-que-filmo-la-marcha-25n","status":"publish","type":"post","link":"https:\/\/ondauno.com.ar\/index.php\/2020\/12\/09\/la-colectiva-ni-una-menos-presento-una-nota-contra-personal-de-prevencion-ciudadana-que-filmo-la-marcha-25n\/","title":{"rendered":"La Colectiva Ni Una Menos present\u00f3 una nota contra personal de Prevenci\u00f3n Ciudadana que film\u00f3 la marcha 25N"},"content":{"rendered":"<div class=\"ondau-before-content_3\" style=\"margin-top: -30px;\" id=\"ondau-1730116392\"><a href=\"https:\/\/www.lps.com.ar\/\" aria-label=\"la-perse2\"><img loading=\"lazy\" decoding=\"async\" src=\"https:\/\/ondauno.com.ar\/wp-content\/uploads\/2021\/10\/la-perse2.jpg\" alt=\"\"  srcset=\"https:\/\/ondauno.com.ar\/wp-content\/uploads\/2021\/10\/la-perse2.jpg 1353w, https:\/\/ondauno.com.ar\/wp-content\/uploads\/2021\/10\/la-perse2-300x43.jpg 300w, https:\/\/ondauno.com.ar\/wp-content\/uploads\/2021\/10\/la-perse2-1024x148.jpg 1024w, https:\/\/ondauno.com.ar\/wp-content\/uploads\/2021\/10\/la-perse2-768x111.jpg 768w, https:\/\/ondauno.com.ar\/wp-content\/uploads\/2021\/10\/la-perse2-696x100.jpg 696w, https:\/\/ondauno.com.ar\/wp-content\/uploads\/2021\/10\/la-perse2-1068x154.jpg 1068w\" sizes=\"(max-width: 1353px) 100vw, 1353px\" class=\"no-lazyload\" width=\"1353\" height=\"195\"  style=\"display: inline-block;\" \/><\/a><\/div>\n<p>Esta ma\u00f1ana Rebeca Casal de la Colectiva Feminista Ni Una Menos habl\u00f3 en Cosas que Pasan de los motivos por los que la entidad  denunci\u00f3 a trav\u00e9s de la presentaci\u00f3n de una nota al personal de Prevenci\u00f3n Ciudadana.<\/p>\n\n\n\n<figure class=\"wp-block-image\"><img loading=\"lazy\" decoding=\"async\" width=\"337\" height=\"600\" data-src=\"https:\/\/ondauno.com.ar\/wp-content\/uploads\/2020\/12\/WhatsApp-Image-2020-12-09-at-12.00.57.jpg\" alt=\"\" class=\"wp-image-20336 lazyload\" data-srcset=\"https:\/\/ondauno.com.ar\/wp-content\/uploads\/2020\/12\/WhatsApp-Image-2020-12-09-at-12.00.57.jpg 337w, https:\/\/ondauno.com.ar\/wp-content\/uploads\/2020\/12\/WhatsApp-Image-2020-12-09-at-12.00.57-169x300.jpg 169w, https:\/\/ondauno.com.ar\/wp-content\/uploads\/2020\/12\/WhatsApp-Image-2020-12-09-at-12.00.57-236x420.jpg 236w\" data-sizes=\"auto, (max-width: 337px) 100vw, 337px\" src=\"data:image\/gif;base64,R0lGODlhAQABAAAAACH5BAEKAAEALAAAAAABAAEAAAICTAEAOw==\" style=\"--smush-placeholder-width: 337px; --smush-placeholder-aspect-ratio: 337\/600;\" \/><noscript><img loading=\"lazy\" decoding=\"async\" width=\"337\" height=\"600\" src=\"https:\/\/ondauno.com.ar\/wp-content\/uploads\/2020\/12\/WhatsApp-Image-2020-12-09-at-12.00.57.jpg\" alt=\"\" class=\"wp-image-20336\" srcset=\"https:\/\/ondauno.com.ar\/wp-content\/uploads\/2020\/12\/WhatsApp-Image-2020-12-09-at-12.00.57.jpg 337w, https:\/\/ondauno.com.ar\/wp-content\/uploads\/2020\/12\/WhatsApp-Image-2020-12-09-at-12.00.57-169x300.jpg 169w, https:\/\/ondauno.com.ar\/wp-content\/uploads\/2020\/12\/WhatsApp-Image-2020-12-09-at-12.00.57-236x420.jpg 236w\" sizes=\"auto, (max-width: 337px) 100vw, 337px\" \/><\/noscript><\/figure>\n\n\n\n<p>La referente expres\u00f3 que ante las circunstancias vividas durante la marcha del 25N decidieron realizar una consulta con el abogado Guillermo Torremare quien las ases\u00f3, adem\u00e1s, contaron con el apoyo de la filial local de la APDH.<\/p>\n\n\n\n<figure class=\"wp-block-image\"><img loading=\"lazy\" decoding=\"async\" width=\"337\" height=\"600\" data-src=\"https:\/\/ondauno.com.ar\/wp-content\/uploads\/2020\/12\/WhatsApp-Image-2020-12-09-at-12.00.56.jpg\" alt=\"\" class=\"wp-image-20337 lazyload\" data-srcset=\"https:\/\/ondauno.com.ar\/wp-content\/uploads\/2020\/12\/WhatsApp-Image-2020-12-09-at-12.00.56.jpg 337w, https:\/\/ondauno.com.ar\/wp-content\/uploads\/2020\/12\/WhatsApp-Image-2020-12-09-at-12.00.56-169x300.jpg 169w, https:\/\/ondauno.com.ar\/wp-content\/uploads\/2020\/12\/WhatsApp-Image-2020-12-09-at-12.00.56-236x420.jpg 236w\" data-sizes=\"auto, (max-width: 337px) 100vw, 337px\" src=\"data:image\/gif;base64,R0lGODlhAQABAAAAACH5BAEKAAEALAAAAAABAAEAAAICTAEAOw==\" style=\"--smush-placeholder-width: 337px; --smush-placeholder-aspect-ratio: 337\/600;\" \/><noscript><img loading=\"lazy\" decoding=\"async\" width=\"337\" height=\"600\" src=\"https:\/\/ondauno.com.ar\/wp-content\/uploads\/2020\/12\/WhatsApp-Image-2020-12-09-at-12.00.56.jpg\" alt=\"\" class=\"wp-image-20337\" srcset=\"https:\/\/ondauno.com.ar\/wp-content\/uploads\/2020\/12\/WhatsApp-Image-2020-12-09-at-12.00.56.jpg 337w, https:\/\/ondauno.com.ar\/wp-content\/uploads\/2020\/12\/WhatsApp-Image-2020-12-09-at-12.00.56-169x300.jpg 169w, https:\/\/ondauno.com.ar\/wp-content\/uploads\/2020\/12\/WhatsApp-Image-2020-12-09-at-12.00.56-236x420.jpg 236w\" sizes=\"auto, (max-width: 337px) 100vw, 337px\" \/><\/noscript><\/figure>\n\n\n\n<p>La nota que la Colectiva entreg\u00f3 en el Municipio describe hechos en los que se denuncia al personal de Prevenci\u00f3n Ciudadana que tom\u00f3 fotograf\u00edas y film\u00f3 con un celular la marcha realizada por el D\u00eda de la Eliminaci\u00f3n de la Violencia contra las Mujeres, el pasado 25 de noviembre. <\/p>\n\n\n\n<p>&#8220;Una compa\u00f1era se acerc\u00f3 a preguntar a una patrulla urbana por qu\u00e9 filmaba y sacaba fotos y nos dijeron que por orden del jefe, el secretario de Seguridad. Esperamos contar con una pronta explicaci\u00f3n y la devoluci\u00f3n inmediata del material f\u00edlmico. Consultamos con la APDH, instituci\u00f3n hermanada con nosotras&#8221;.<\/p>\n\n\n\n<p>&#8220;El abogado Guillermo Torremare nos explic\u00f3 la diferencia entre las im\u00e1genes que toman los medios a los que nosotras convocamos, por eso vamos a pedir una explicaci\u00f3n por la toma de esas filmaciones que atentan contra nuestras ideolog\u00edas e identidades&#8221;.<\/p>\n\n\n\n<figure class=\"wp-block-image\"><img loading=\"lazy\" decoding=\"async\" width=\"337\" height=\"600\" data-src=\"https:\/\/ondauno.com.ar\/wp-content\/uploads\/2020\/12\/WhatsApp-Image-2020-12-09-at-12.00.59.jpg\" alt=\"\" class=\"wp-image-20338 lazyload\" data-srcset=\"https:\/\/ondauno.com.ar\/wp-content\/uploads\/2020\/12\/WhatsApp-Image-2020-12-09-at-12.00.59.jpg 337w, https:\/\/ondauno.com.ar\/wp-content\/uploads\/2020\/12\/WhatsApp-Image-2020-12-09-at-12.00.59-169x300.jpg 169w, https:\/\/ondauno.com.ar\/wp-content\/uploads\/2020\/12\/WhatsApp-Image-2020-12-09-at-12.00.59-236x420.jpg 236w\" data-sizes=\"auto, (max-width: 337px) 100vw, 337px\" src=\"data:image\/gif;base64,R0lGODlhAQABAAAAACH5BAEKAAEALAAAAAABAAEAAAICTAEAOw==\" style=\"--smush-placeholder-width: 337px; --smush-placeholder-aspect-ratio: 337\/600;\" \/><noscript><img loading=\"lazy\" decoding=\"async\" width=\"337\" height=\"600\" src=\"https:\/\/ondauno.com.ar\/wp-content\/uploads\/2020\/12\/WhatsApp-Image-2020-12-09-at-12.00.59.jpg\" alt=\"\" class=\"wp-image-20338\" srcset=\"https:\/\/ondauno.com.ar\/wp-content\/uploads\/2020\/12\/WhatsApp-Image-2020-12-09-at-12.00.59.jpg 337w, https:\/\/ondauno.com.ar\/wp-content\/uploads\/2020\/12\/WhatsApp-Image-2020-12-09-at-12.00.59-169x300.jpg 169w, https:\/\/ondauno.com.ar\/wp-content\/uploads\/2020\/12\/WhatsApp-Image-2020-12-09-at-12.00.59-236x420.jpg 236w\" sizes=\"auto, (max-width: 337px) 100vw, 337px\" \/><\/noscript><\/figure>\n\n\n\n<p><a href=\"https:\/\/www.facebook.com\/ondauno103.9\/videos\/2938492212920087\">https:\/\/www.facebook.com\/ondauno103.9\/videos\/2938492212920087<\/a><\/p>\n","protected":false},"excerpt":{"rendered":"<p>Esta ma\u00f1ana Rebeca Casal de la Colectiva Feminista Ni Una Menos habl\u00f3 en Cosas que Pasan de los motivos por los que la entidad denunci\u00f3 a trav\u00e9s de la presentaci\u00f3n de una nota al personal de Prevenci\u00f3n Ciudadana. La referente expres\u00f3 que ante las circunstancias vividas durante la marcha del 25N decidieron realizar una consulta [&hellip;]<\/p>\n","protected":false},"author":2,"featured_media":20341,"comment_status":"open","ping_status":"open","sticky":false,"template":"","format":"standard","meta":{"tdm_status":"","tdm_grid_status":"","_jetpack_memberships_contains_paid_content":false,"footnotes":"","jetpack_publicize_message":"","jetpack_publicize_feature_enabled":true,"jetpack_social_post_already_shared":false,"jetpack_social_options":{"image_generator_settings":{"template":"highway","default_image_id":0,"font":"","enabled":false},"version":2}},"categories":[2],"tags":[],"class_list":{"0":"post-20335","1":"post","2":"type-post","3":"status-publish","4":"format-standard","5":"has-post-thumbnail","7":"category-locales"},"yoast_head":"<!-- This site is optimized with the Yoast SEO plugin v22.7 - https:\/\/yoast.com\/wordpress\/plugins\/seo\/ -->\n<title>La Colectiva Ni Una Menos present\u00f3 una nota contra personal de Prevenci\u00f3n Ciudadana que film\u00f3 la marcha 25N - 103.9 fm<\/title>\n<meta name=\"robots\" content=\"index, follow, max-snippet:-1, max-image-preview:large, max-video-preview:-1\" \/>\n<link rel=\"canonical\" href=\"https:\/\/ondauno.com.ar\/index.php\/2020\/12\/09\/la-colectiva-ni-una-menos-presento-una-nota-contra-personal-de-prevencion-ciudadana-que-filmo-la-marcha-25n\/\" \/>\n<meta property=\"og:locale\" content=\"es_ES\" \/>\n<meta property=\"og:type\" content=\"article\" \/>\n<meta property=\"og:title\" content=\"La Colectiva Ni Una Menos present\u00f3 una nota contra personal de Prevenci\u00f3n Ciudadana que film\u00f3 la marcha 25N - 103.9 fm\" \/>\n<meta property=\"og:description\" content=\"Esta ma\u00f1ana Rebeca Casal de la Colectiva Feminista Ni Una Menos habl\u00f3 en Cosas que Pasan de los motivos por los que la entidad denunci\u00f3 a trav\u00e9s de la presentaci\u00f3n de una nota al personal de Prevenci\u00f3n Ciudadana. La referente expres\u00f3 que ante las circunstancias vividas durante la marcha del 25N decidieron realizar una consulta [&hellip;]\" \/>\n<meta property=\"og:url\" content=\"https:\/\/ondauno.com.ar\/index.php\/2020\/12\/09\/la-colectiva-ni-una-menos-presento-una-nota-contra-personal-de-prevencion-ciudadana-que-filmo-la-marcha-25n\/\" \/>\n<meta property=\"og:site_name\" content=\"103.9 fm\" \/>\n<meta property=\"article:publisher\" content=\"https:\/\/www.facebook.com\/ondauno103.9\" \/>\n<meta property=\"article:published_time\" content=\"2020-12-09T17:03:01+00:00\" \/>\n<meta property=\"article:modified_time\" content=\"2020-12-09T17:03:05+00:00\" \/>\n<meta property=\"og:image\" content=\"https:\/\/ondauno.com.ar\/wp-content\/uploads\/2020\/12\/ni-una-menos.jpg\" \/>\n\t<meta property=\"og:image:width\" content=\"259\" \/>\n\t<meta property=\"og:image:height\" content=\"194\" \/>\n\t<meta property=\"og:image:type\" content=\"image\/jpeg\" \/>\n<meta name=\"author\" content=\"fernando garcia\" \/>\n<meta name=\"twitter:card\" content=\"summary_large_image\" \/>\n<meta name=\"twitter:label1\" content=\"Escrito por\" \/>\n\t<meta name=\"twitter:data1\" content=\"fernando garcia\" \/>\n\t<meta name=\"twitter:label2\" content=\"Tiempo de lectura\" \/>\n\t<meta name=\"twitter:data2\" content=\"1 minuto\" \/>\n<script type=\"application\/ld+json\" class=\"yoast-schema-graph\">{\"@context\":\"https:\/\/schema.org\",\"@graph\":[{\"@type\":\"WebPage\",\"@id\":\"https:\/\/ondauno.com.ar\/index.php\/2020\/12\/09\/la-colectiva-ni-una-menos-presento-una-nota-contra-personal-de-prevencion-ciudadana-que-filmo-la-marcha-25n\/\",\"url\":\"https:\/\/ondauno.com.ar\/index.php\/2020\/12\/09\/la-colectiva-ni-una-menos-presento-una-nota-contra-personal-de-prevencion-ciudadana-que-filmo-la-marcha-25n\/\",\"name\":\"La Colectiva Ni Una Menos present\u00f3 una nota contra personal de Prevenci\u00f3n Ciudadana que film\u00f3 la marcha 25N - 103.9 fm\",\"isPartOf\":{\"@id\":\"https:\/\/ondauno.com.ar\/#website\"},\"primaryImageOfPage\":{\"@id\":\"https:\/\/ondauno.com.ar\/index.php\/2020\/12\/09\/la-colectiva-ni-una-menos-presento-una-nota-contra-personal-de-prevencion-ciudadana-que-filmo-la-marcha-25n\/#primaryimage\"},\"image\":{\"@id\":\"https:\/\/ondauno.com.ar\/index.php\/2020\/12\/09\/la-colectiva-ni-una-menos-presento-una-nota-contra-personal-de-prevencion-ciudadana-que-filmo-la-marcha-25n\/#primaryimage\"},\"thumbnailUrl\":\"https:\/\/ondauno.com.ar\/wp-content\/uploads\/2020\/12\/ni-una-menos.jpg\",\"datePublished\":\"2020-12-09T17:03:01+00:00\",\"dateModified\":\"2020-12-09T17:03:05+00:00\",\"author\":{\"@id\":\"https:\/\/ondauno.com.ar\/#\/schema\/person\/201d1b68e6c75e0fd396fe5f8af5d139\"},\"breadcrumb\":{\"@id\":\"https:\/\/ondauno.com.ar\/index.php\/2020\/12\/09\/la-colectiva-ni-una-menos-presento-una-nota-contra-personal-de-prevencion-ciudadana-que-filmo-la-marcha-25n\/#breadcrumb\"},\"inLanguage\":\"es-AR\",\"potentialAction\":[{\"@type\":\"ReadAction\",\"target\":[\"https:\/\/ondauno.com.ar\/index.php\/2020\/12\/09\/la-colectiva-ni-una-menos-presento-una-nota-contra-personal-de-prevencion-ciudadana-que-filmo-la-marcha-25n\/\"]}]},{\"@type\":\"ImageObject\",\"inLanguage\":\"es-AR\",\"@id\":\"https:\/\/ondauno.com.ar\/index.php\/2020\/12\/09\/la-colectiva-ni-una-menos-presento-una-nota-contra-personal-de-prevencion-ciudadana-que-filmo-la-marcha-25n\/#primaryimage\",\"url\":\"https:\/\/ondauno.com.ar\/wp-content\/uploads\/2020\/12\/ni-una-menos.jpg\",\"contentUrl\":\"https:\/\/ondauno.com.ar\/wp-content\/uploads\/2020\/12\/ni-una-menos.jpg\",\"width\":259,\"height\":194},{\"@type\":\"BreadcrumbList\",\"@id\":\"https:\/\/ondauno.com.ar\/index.php\/2020\/12\/09\/la-colectiva-ni-una-menos-presento-una-nota-contra-personal-de-prevencion-ciudadana-que-filmo-la-marcha-25n\/#breadcrumb\",\"itemListElement\":[{\"@type\":\"ListItem\",\"position\":1,\"name\":\"Inicio\",\"item\":\"https:\/\/ondauno.com.ar\/\"},{\"@type\":\"ListItem\",\"position\":2,\"name\":\"La Colectiva Ni Una Menos present\u00f3 una nota contra personal de Prevenci\u00f3n Ciudadana que film\u00f3 la marcha 25N\"}]},{\"@type\":\"WebSite\",\"@id\":\"https:\/\/ondauno.com.ar\/#website\",\"url\":\"https:\/\/ondauno.com.ar\/\",\"name\":\"103.9 fm\",\"description\":\"LA PRIMERA RADIO MULTIMEDIA DE TRES ARROYOS\",\"potentialAction\":[{\"@type\":\"SearchAction\",\"target\":{\"@type\":\"EntryPoint\",\"urlTemplate\":\"https:\/\/ondauno.com.ar\/?s={search_term_string}\"},\"query-input\":\"required name=search_term_string\"}],\"inLanguage\":\"es-AR\"},{\"@type\":\"Person\",\"@id\":\"https:\/\/ondauno.com.ar\/#\/schema\/person\/201d1b68e6c75e0fd396fe5f8af5d139\",\"name\":\"fernando garcia\",\"image\":{\"@type\":\"ImageObject\",\"inLanguage\":\"es-AR\",\"@id\":\"https:\/\/ondauno.com.ar\/#\/schema\/person\/image\/\",\"url\":\"https:\/\/secure.gravatar.com\/avatar\/5f7254642ad81272e79a2e69653cfdfc?s=96&d=mm&r=g\",\"contentUrl\":\"https:\/\/secure.gravatar.com\/avatar\/5f7254642ad81272e79a2e69653cfdfc?s=96&d=mm&r=g\",\"caption\":\"fernando garcia\"},\"url\":\"https:\/\/ondauno.com.ar\/index.php\/author\/ondaunoeditor\/\"}]}<\/script>\n<!-- \/ Yoast SEO plugin. -->","yoast_head_json":{"title":"La Colectiva Ni Una Menos present\u00f3 una nota contra personal de Prevenci\u00f3n Ciudadana que film\u00f3 la marcha 25N - 103.9 fm","robots":{"index":"index","follow":"follow","max-snippet":"max-snippet:-1","max-image-preview":"max-image-preview:large","max-video-preview":"max-video-preview:-1"},"canonical":"https:\/\/ondauno.com.ar\/index.php\/2020\/12\/09\/la-colectiva-ni-una-menos-presento-una-nota-contra-personal-de-prevencion-ciudadana-que-filmo-la-marcha-25n\/","og_locale":"es_ES","og_type":"article","og_title":"La Colectiva Ni Una Menos present\u00f3 una nota contra personal de Prevenci\u00f3n Ciudadana que film\u00f3 la marcha 25N - 103.9 fm","og_description":"Esta ma\u00f1ana Rebeca Casal de la Colectiva Feminista Ni Una Menos habl\u00f3 en Cosas que Pasan de los motivos por los que la entidad denunci\u00f3 a trav\u00e9s de la presentaci\u00f3n de una nota al personal de Prevenci\u00f3n Ciudadana. La referente expres\u00f3 que ante las circunstancias vividas durante la marcha del 25N decidieron realizar una consulta [&hellip;]","og_url":"https:\/\/ondauno.com.ar\/index.php\/2020\/12\/09\/la-colectiva-ni-una-menos-presento-una-nota-contra-personal-de-prevencion-ciudadana-que-filmo-la-marcha-25n\/","og_site_name":"103.9 fm","article_publisher":"https:\/\/www.facebook.com\/ondauno103.9","article_published_time":"2020-12-09T17:03:01+00:00","article_modified_time":"2020-12-09T17:03:05+00:00","og_image":[{"width":259,"height":194,"url":"https:\/\/ondauno.com.ar\/wp-content\/uploads\/2020\/12\/ni-una-menos.jpg","type":"image\/jpeg"}],"author":"fernando garcia","twitter_card":"summary_large_image","twitter_misc":{"Escrito por":"fernando garcia","Tiempo de lectura":"1 minuto"},"schema":{"@context":"https:\/\/schema.org","@graph":[{"@type":"WebPage","@id":"https:\/\/ondauno.com.ar\/index.php\/2020\/12\/09\/la-colectiva-ni-una-menos-presento-una-nota-contra-personal-de-prevencion-ciudadana-que-filmo-la-marcha-25n\/","url":"https:\/\/ondauno.com.ar\/index.php\/2020\/12\/09\/la-colectiva-ni-una-menos-presento-una-nota-contra-personal-de-prevencion-ciudadana-que-filmo-la-marcha-25n\/","name":"La Colectiva Ni Una Menos present\u00f3 una nota contra personal de Prevenci\u00f3n Ciudadana que film\u00f3 la marcha 25N - 103.9 fm","isPartOf":{"@id":"https:\/\/ondauno.com.ar\/#website"},"primaryImageOfPage":{"@id":"https:\/\/ondauno.com.ar\/index.php\/2020\/12\/09\/la-colectiva-ni-una-menos-presento-una-nota-contra-personal-de-prevencion-ciudadana-que-filmo-la-marcha-25n\/#primaryimage"},"image":{"@id":"https:\/\/ondauno.com.ar\/index.php\/2020\/12\/09\/la-colectiva-ni-una-menos-presento-una-nota-contra-personal-de-prevencion-ciudadana-que-filmo-la-marcha-25n\/#primaryimage"},"thumbnailUrl":"https:\/\/ondauno.com.ar\/wp-content\/uploads\/2020\/12\/ni-una-menos.jpg","datePublished":"2020-12-09T17:03:01+00:00","dateModified":"2020-12-09T17:03:05+00:00","author":{"@id":"https:\/\/ondauno.com.ar\/#\/schema\/person\/201d1b68e6c75e0fd396fe5f8af5d139"},"breadcrumb":{"@id":"https:\/\/ondauno.com.ar\/index.php\/2020\/12\/09\/la-colectiva-ni-una-menos-presento-una-nota-contra-personal-de-prevencion-ciudadana-que-filmo-la-marcha-25n\/#breadcrumb"},"inLanguage":"es-AR","potentialAction":[{"@type":"ReadAction","target":["https:\/\/ondauno.com.ar\/index.php\/2020\/12\/09\/la-colectiva-ni-una-menos-presento-una-nota-contra-personal-de-prevencion-ciudadana-que-filmo-la-marcha-25n\/"]}]},{"@type":"ImageObject","inLanguage":"es-AR","@id":"https:\/\/ondauno.com.ar\/index.php\/2020\/12\/09\/la-colectiva-ni-una-menos-presento-una-nota-contra-personal-de-prevencion-ciudadana-que-filmo-la-marcha-25n\/#primaryimage","url":"https:\/\/ondauno.com.ar\/wp-content\/uploads\/2020\/12\/ni-una-menos.jpg","contentUrl":"https:\/\/ondauno.com.ar\/wp-content\/uploads\/2020\/12\/ni-una-menos.jpg","width":259,"height":194},{"@type":"BreadcrumbList","@id":"https:\/\/ondauno.com.ar\/index.php\/2020\/12\/09\/la-colectiva-ni-una-menos-presento-una-nota-contra-personal-de-prevencion-ciudadana-que-filmo-la-marcha-25n\/#breadcrumb","itemListElement":[{"@type":"ListItem","position":1,"name":"Inicio","item":"https:\/\/ondauno.com.ar\/"},{"@type":"ListItem","position":2,"name":"La Colectiva Ni Una Menos present\u00f3 una nota contra personal de Prevenci\u00f3n Ciudadana que film\u00f3 la marcha 25N"}]},{"@type":"WebSite","@id":"https:\/\/ondauno.com.ar\/#website","url":"https:\/\/ondauno.com.ar\/","name":"103.9 fm","description":"LA PRIMERA RADIO MULTIMEDIA DE TRES ARROYOS","potentialAction":[{"@type":"SearchAction","target":{"@type":"EntryPoint","urlTemplate":"https:\/\/ondauno.com.ar\/?s={search_term_string}"},"query-input":"required name=search_term_string"}],"inLanguage":"es-AR"},{"@type":"Person","@id":"https:\/\/ondauno.com.ar\/#\/schema\/person\/201d1b68e6c75e0fd396fe5f8af5d139","name":"fernando garcia","image":{"@type":"ImageObject","inLanguage":"es-AR","@id":"https:\/\/ondauno.com.ar\/#\/schema\/person\/image\/","url":"https:\/\/secure.gravatar.com\/avatar\/5f7254642ad81272e79a2e69653cfdfc?s=96&d=mm&r=g","contentUrl":"https:\/\/secure.gravatar.com\/avatar\/5f7254642ad81272e79a2e69653cfdfc?s=96&d=mm&r=g","caption":"fernando garcia"},"url":"https:\/\/ondauno.com.ar\/index.php\/author\/ondaunoeditor\/"}]}},"jetpack_publicize_connections":[],"jetpack_featured_media_url":"https:\/\/ondauno.com.ar\/wp-content\/uploads\/2020\/12\/ni-una-menos.jpg","jetpack_sharing_enabled":true,"_links":{"self":[{"href":"https:\/\/ondauno.com.ar\/index.php\/wp-json\/wp\/v2\/posts\/20335","targetHints":{"allow":["GET"]}}],"collection":[{"href":"https:\/\/ondauno.com.ar\/index.php\/wp-json\/wp\/v2\/posts"}],"about":[{"href":"https:\/\/ondauno.com.ar\/index.php\/wp-json\/wp\/v2\/types\/post"}],"author":[{"embeddable":true,"href":"https:\/\/ondauno.com.ar\/index.php\/wp-json\/wp\/v2\/users\/2"}],"replies":[{"embeddable":true,"href":"https:\/\/ondauno.com.ar\/index.php\/wp-json\/wp\/v2\/comments?post=20335"}],"version-history":[{"count":0,"href":"https:\/\/ondauno.com.ar\/index.php\/wp-json\/wp\/v2\/posts\/20335\/revisions"}],"wp:featuredmedia":[{"embeddable":true,"href":"https:\/\/ondauno.com.ar\/index.php\/wp-json\/wp\/v2\/media\/20341"}],"wp:attachment":[{"href":"https:\/\/ondauno.com.ar\/index.php\/wp-json\/wp\/v2\/media?parent=20335"}],"wp:term":[{"taxonomy":"category","embeddable":true,"href":"https:\/\/ondauno.com.ar\/index.php\/wp-json\/wp\/v2\/categories?post=20335"},{"taxonomy":"post_tag","embeddable":true,"href":"https:\/\/ondauno.com.ar\/index.php\/wp-json\/wp\/v2\/tags?post=20335"}],"curies":[{"name":"wp","href":"https:\/\/api.w.org\/{rel}","templated":true}]}}