{"id":20159,"date":"2020-12-02T21:56:04","date_gmt":"2020-12-03T00:56:04","guid":{"rendered":"http:\/\/ondauno.com.ar\/?p=20159"},"modified":"2020-12-02T21:56:07","modified_gmt":"2020-12-03T00:56:07","slug":"continua-el-seminario-de-gestion-publica-organizado-por-los-senadores-roberto-costa-y-lucas-fiorini","status":"publish","type":"post","link":"https:\/\/ondauno.com.ar\/index.php\/2020\/12\/02\/continua-el-seminario-de-gestion-publica-organizado-por-los-senadores-roberto-costa-y-lucas-fiorini\/","title":{"rendered":"Continua el seminario de gesti\u00f3n p\u00fablica organizado por los senadores Roberto Costa y Lucas Fiorini"},"content":{"rendered":"<div class=\"ondau-before-content_3\" style=\"margin-top: -30px;\" id=\"ondau-3443068902\"><a href=\"https:\/\/www.lps.com.ar\/\" aria-label=\"la-perse2\"><img loading=\"lazy\" decoding=\"async\" src=\"https:\/\/ondauno.com.ar\/wp-content\/uploads\/2021\/10\/la-perse2.jpg\" alt=\"\"  srcset=\"https:\/\/ondauno.com.ar\/wp-content\/uploads\/2021\/10\/la-perse2.jpg 1353w, https:\/\/ondauno.com.ar\/wp-content\/uploads\/2021\/10\/la-perse2-300x43.jpg 300w, https:\/\/ondauno.com.ar\/wp-content\/uploads\/2021\/10\/la-perse2-1024x148.jpg 1024w, https:\/\/ondauno.com.ar\/wp-content\/uploads\/2021\/10\/la-perse2-768x111.jpg 768w, https:\/\/ondauno.com.ar\/wp-content\/uploads\/2021\/10\/la-perse2-696x100.jpg 696w, https:\/\/ondauno.com.ar\/wp-content\/uploads\/2021\/10\/la-perse2-1068x154.jpg 1068w\" sizes=\"(max-width: 1353px) 100vw, 1353px\" class=\"no-lazyload\" width=\"1353\" height=\"195\"  style=\"display: inline-block;\" \/><\/a><\/div>\n<p>Los senadores Roberto Costa y Lucas Fiorini, junto a la fundaci\u00f3n Conciencia, ACEP y CREAR, llevan adelante el Seminario de Gesti\u00f3n P\u00fablica Local y Regional en formato virtual, que en sus primeros encuentros cont\u00f3 con m\u00e1s de 700 participantes de toda la Provincia.<\/p>\n\n\n\n<p><br> Con el objetivo de analizar desde la perspectiva de la gesti\u00f3n provincial y municipal las principales problem\u00e1ticas que afectan a la comunidad, y las distintas estrategias para su abordaje, el ciclo pone el foco en protagonistas con experiencia en cada temario propuesto. De esta manera, y tras un exitoso inicio de la mano de Julio Garro, Intendente de la ciudad de  La Plata y del Senador Roberto Costa,  el segundo encuentro, que tuvo lugar el pasado lunes, cont\u00f3 con las exposiciones del senador provincial Lucas Fiorini, del vicepresidente del Instituto de Planeamiento Estrat\u00e9gico Pascual Albanese, y del presidente del Consejo Econ\u00f3mico y Social de la Ciudad de Buenos Aires Claudio Presman, quienes se centraron en el an\u00e1lisis de los Consejos Econ\u00f3micos y Sociales como \u00e1mbitos institucionales de di\u00e1logo y encuentro.<\/p>\n\n\n\n<p><br> &#8220;Creemos en la formaci\u00f3n de quienes tienen vocaci\u00f3n pol\u00edtica, en brindar la oportunidad a los dirigentes territoriales que trabajan cerca de los vecinos de capacitarse y prepararse para abordar las tem\u00e1ticas y los problemas que hoy afectan a su comunidad&#8221;, se\u00f1al\u00f3 el senador Fiorini al finalizar el encuentro. \u201cTratamos una tem\u00e1tica central para quienes entendemos que la gravedad de la situaci\u00f3n que llevamos se supera con acuerdos y consensos serios, que superen las mezquindades y el cortoplacismo. Y el marco es ideal porque justamente estemos a punto de darle media sanci\u00f3n en el senado al proyecto que presentamos para la creaci\u00f3n de un Consejo Econ\u00f3mico y Social para la Provincia centrado en el protagonismo que tienen los distintos actores de la sociedad civil como pilares del desarrollo de la comunidad\u201d.<\/p>\n\n\n\n<p><br> La tercer clase, bajo la consigna \u201cPol\u00edticas y l\u00edmites medioambientales para la producci\u00f3n y los servicios p\u00fablicos&#8221;, cont\u00f3 tambi\u00e9n con la presencia de tres especialistas en el rubro: Rodrigo Aybar, Mauricio Lisa y Marcelo Scagliola. Abordando una tem\u00e1tica central en el desarrollo de la vida social y pol\u00edtica actual como lo son la gesti\u00f3n ambiental, la sustentabilidad y la participaci\u00f3n y educaci\u00f3n ciudadana en materia medioambiental.<br> \u201cEs central en una construcci\u00f3n de abajo hacia arriba como la que estamos conformando, abrir las puertas a la ciudadan\u00eda que tantas veces se manifiesta voluntariamente y se hace escuchar, brind\u00e1ndoles las herramientas para que participen activamente. Ese es uno de los principales objetivos del seminario, y la enorme participaci\u00f3n que clase tras clase recibimos es muy gratificante por que significa que estamos cumpliendo el objetivo.\u201d Destac\u00f3 Roberto Costa. <\/p>\n\n\n\n<p><br> El Seminario, gratuito y abierto a toda la comunidad, contin\u00faa con la inscripci\u00f3n abierta a trav\u00e9s de las redes sociales de Vecinos UNIDOS, la agrupaci\u00f3n conducida por ambos senadores, y en sus perfiles oficiales.<\/p>\n","protected":false},"excerpt":{"rendered":"<p>Los senadores Roberto Costa y Lucas Fiorini, junto a la fundaci\u00f3n Conciencia, ACEP y CREAR, llevan adelante el Seminario de Gesti\u00f3n P\u00fablica Local y Regional en formato virtual, que en sus primeros encuentros cont\u00f3 con m\u00e1s de 700 participantes de toda la Provincia. Con el objetivo de analizar desde la perspectiva de la gesti\u00f3n provincial [&hellip;]<\/p>\n","protected":false},"author":2,"featured_media":20160,"comment_status":"open","ping_status":"open","sticky":false,"template":"","format":"standard","meta":{"tdm_status":"","tdm_grid_status":"","_jetpack_memberships_contains_paid_content":false,"footnotes":"","jetpack_publicize_message":"","jetpack_publicize_feature_enabled":true,"jetpack_social_post_already_shared":false,"jetpack_social_options":{"image_generator_settings":{"template":"highway","default_image_id":0,"font":"","enabled":false},"version":2}},"categories":[30],"tags":[],"class_list":{"0":"post-20159","1":"post","2":"type-post","3":"status-publish","4":"format-standard","5":"has-post-thumbnail","7":"category-provinciales"},"yoast_head":"<!-- This site is optimized with the Yoast SEO plugin v22.7 - https:\/\/yoast.com\/wordpress\/plugins\/seo\/ -->\n<title>Continua el seminario de gesti\u00f3n p\u00fablica organizado por los senadores Roberto Costa y Lucas Fiorini - 103.9 fm<\/title>\n<meta name=\"robots\" content=\"index, follow, max-snippet:-1, max-image-preview:large, max-video-preview:-1\" \/>\n<link rel=\"canonical\" href=\"https:\/\/ondauno.com.ar\/index.php\/2020\/12\/02\/continua-el-seminario-de-gestion-publica-organizado-por-los-senadores-roberto-costa-y-lucas-fiorini\/\" \/>\n<meta property=\"og:locale\" content=\"es_ES\" \/>\n<meta property=\"og:type\" content=\"article\" \/>\n<meta property=\"og:title\" content=\"Continua el seminario de gesti\u00f3n p\u00fablica organizado por los senadores Roberto Costa y Lucas Fiorini - 103.9 fm\" \/>\n<meta property=\"og:description\" content=\"Los senadores Roberto Costa y Lucas Fiorini, junto a la fundaci\u00f3n Conciencia, ACEP y CREAR, llevan adelante el Seminario de Gesti\u00f3n P\u00fablica Local y Regional en formato virtual, que en sus primeros encuentros cont\u00f3 con m\u00e1s de 700 participantes de toda la Provincia. Con el objetivo de analizar desde la perspectiva de la gesti\u00f3n provincial [&hellip;]\" \/>\n<meta property=\"og:url\" content=\"https:\/\/ondauno.com.ar\/index.php\/2020\/12\/02\/continua-el-seminario-de-gestion-publica-organizado-por-los-senadores-roberto-costa-y-lucas-fiorini\/\" \/>\n<meta property=\"og:site_name\" content=\"103.9 fm\" \/>\n<meta property=\"article:publisher\" content=\"https:\/\/www.facebook.com\/ondauno103.9\" \/>\n<meta property=\"article:published_time\" content=\"2020-12-03T00:56:04+00:00\" \/>\n<meta property=\"article:modified_time\" content=\"2020-12-03T00:56:07+00:00\" \/>\n<meta property=\"og:image\" content=\"https:\/\/ondauno.com.ar\/wp-content\/uploads\/2020\/12\/WhatsApp-Image-2020-12-02-at-21.52.12.jpeg\" \/>\n\t<meta property=\"og:image:width\" content=\"800\" \/>\n\t<meta property=\"og:image:height\" content=\"800\" \/>\n\t<meta property=\"og:image:type\" content=\"image\/jpeg\" \/>\n<meta name=\"author\" content=\"fernando garcia\" \/>\n<meta name=\"twitter:card\" content=\"summary_large_image\" \/>\n<meta name=\"twitter:label1\" content=\"Escrito por\" \/>\n\t<meta name=\"twitter:data1\" content=\"fernando garcia\" \/>\n\t<meta name=\"twitter:label2\" content=\"Tiempo de lectura\" \/>\n\t<meta name=\"twitter:data2\" content=\"3 minutos\" \/>\n<script type=\"application\/ld+json\" class=\"yoast-schema-graph\">{\"@context\":\"https:\/\/schema.org\",\"@graph\":[{\"@type\":\"WebPage\",\"@id\":\"https:\/\/ondauno.com.ar\/index.php\/2020\/12\/02\/continua-el-seminario-de-gestion-publica-organizado-por-los-senadores-roberto-costa-y-lucas-fiorini\/\",\"url\":\"https:\/\/ondauno.com.ar\/index.php\/2020\/12\/02\/continua-el-seminario-de-gestion-publica-organizado-por-los-senadores-roberto-costa-y-lucas-fiorini\/\",\"name\":\"Continua el seminario de gesti\u00f3n p\u00fablica organizado por los senadores Roberto Costa y Lucas Fiorini - 103.9 fm\",\"isPartOf\":{\"@id\":\"https:\/\/ondauno.com.ar\/#website\"},\"primaryImageOfPage\":{\"@id\":\"https:\/\/ondauno.com.ar\/index.php\/2020\/12\/02\/continua-el-seminario-de-gestion-publica-organizado-por-los-senadores-roberto-costa-y-lucas-fiorini\/#primaryimage\"},\"image\":{\"@id\":\"https:\/\/ondauno.com.ar\/index.php\/2020\/12\/02\/continua-el-seminario-de-gestion-publica-organizado-por-los-senadores-roberto-costa-y-lucas-fiorini\/#primaryimage\"},\"thumbnailUrl\":\"https:\/\/ondauno.com.ar\/wp-content\/uploads\/2020\/12\/WhatsApp-Image-2020-12-02-at-21.52.12.jpeg\",\"datePublished\":\"2020-12-03T00:56:04+00:00\",\"dateModified\":\"2020-12-03T00:56:07+00:00\",\"author\":{\"@id\":\"https:\/\/ondauno.com.ar\/#\/schema\/person\/201d1b68e6c75e0fd396fe5f8af5d139\"},\"breadcrumb\":{\"@id\":\"https:\/\/ondauno.com.ar\/index.php\/2020\/12\/02\/continua-el-seminario-de-gestion-publica-organizado-por-los-senadores-roberto-costa-y-lucas-fiorini\/#breadcrumb\"},\"inLanguage\":\"es-AR\",\"potentialAction\":[{\"@type\":\"ReadAction\",\"target\":[\"https:\/\/ondauno.com.ar\/index.php\/2020\/12\/02\/continua-el-seminario-de-gestion-publica-organizado-por-los-senadores-roberto-costa-y-lucas-fiorini\/\"]}]},{\"@type\":\"ImageObject\",\"inLanguage\":\"es-AR\",\"@id\":\"https:\/\/ondauno.com.ar\/index.php\/2020\/12\/02\/continua-el-seminario-de-gestion-publica-organizado-por-los-senadores-roberto-costa-y-lucas-fiorini\/#primaryimage\",\"url\":\"https:\/\/ondauno.com.ar\/wp-content\/uploads\/2020\/12\/WhatsApp-Image-2020-12-02-at-21.52.12.jpeg\",\"contentUrl\":\"https:\/\/ondauno.com.ar\/wp-content\/uploads\/2020\/12\/WhatsApp-Image-2020-12-02-at-21.52.12.jpeg\",\"width\":800,\"height\":800},{\"@type\":\"BreadcrumbList\",\"@id\":\"https:\/\/ondauno.com.ar\/index.php\/2020\/12\/02\/continua-el-seminario-de-gestion-publica-organizado-por-los-senadores-roberto-costa-y-lucas-fiorini\/#breadcrumb\",\"itemListElement\":[{\"@type\":\"ListItem\",\"position\":1,\"name\":\"Inicio\",\"item\":\"https:\/\/ondauno.com.ar\/\"},{\"@type\":\"ListItem\",\"position\":2,\"name\":\"Continua el seminario de gesti\u00f3n p\u00fablica organizado por los senadores Roberto Costa y Lucas Fiorini\"}]},{\"@type\":\"WebSite\",\"@id\":\"https:\/\/ondauno.com.ar\/#website\",\"url\":\"https:\/\/ondauno.com.ar\/\",\"name\":\"103.9 fm\",\"description\":\"LA PRIMERA RADIO MULTIMEDIA DE TRES ARROYOS\",\"potentialAction\":[{\"@type\":\"SearchAction\",\"target\":{\"@type\":\"EntryPoint\",\"urlTemplate\":\"https:\/\/ondauno.com.ar\/?s={search_term_string}\"},\"query-input\":\"required name=search_term_string\"}],\"inLanguage\":\"es-AR\"},{\"@type\":\"Person\",\"@id\":\"https:\/\/ondauno.com.ar\/#\/schema\/person\/201d1b68e6c75e0fd396fe5f8af5d139\",\"name\":\"fernando garcia\",\"image\":{\"@type\":\"ImageObject\",\"inLanguage\":\"es-AR\",\"@id\":\"https:\/\/ondauno.com.ar\/#\/schema\/person\/image\/\",\"url\":\"https:\/\/secure.gravatar.com\/avatar\/5f7254642ad81272e79a2e69653cfdfc?s=96&d=mm&r=g\",\"contentUrl\":\"https:\/\/secure.gravatar.com\/avatar\/5f7254642ad81272e79a2e69653cfdfc?s=96&d=mm&r=g\",\"caption\":\"fernando garcia\"},\"url\":\"https:\/\/ondauno.com.ar\/index.php\/author\/ondaunoeditor\/\"}]}<\/script>\n<!-- \/ Yoast SEO plugin. -->","yoast_head_json":{"title":"Continua el seminario de gesti\u00f3n p\u00fablica organizado por los senadores Roberto Costa y Lucas Fiorini - 103.9 fm","robots":{"index":"index","follow":"follow","max-snippet":"max-snippet:-1","max-image-preview":"max-image-preview:large","max-video-preview":"max-video-preview:-1"},"canonical":"https:\/\/ondauno.com.ar\/index.php\/2020\/12\/02\/continua-el-seminario-de-gestion-publica-organizado-por-los-senadores-roberto-costa-y-lucas-fiorini\/","og_locale":"es_ES","og_type":"article","og_title":"Continua el seminario de gesti\u00f3n p\u00fablica organizado por los senadores Roberto Costa y Lucas Fiorini - 103.9 fm","og_description":"Los senadores Roberto Costa y Lucas Fiorini, junto a la fundaci\u00f3n Conciencia, ACEP y CREAR, llevan adelante el Seminario de Gesti\u00f3n P\u00fablica Local y Regional en formato virtual, que en sus primeros encuentros cont\u00f3 con m\u00e1s de 700 participantes de toda la Provincia. Con el objetivo de analizar desde la perspectiva de la gesti\u00f3n provincial [&hellip;]","og_url":"https:\/\/ondauno.com.ar\/index.php\/2020\/12\/02\/continua-el-seminario-de-gestion-publica-organizado-por-los-senadores-roberto-costa-y-lucas-fiorini\/","og_site_name":"103.9 fm","article_publisher":"https:\/\/www.facebook.com\/ondauno103.9","article_published_time":"2020-12-03T00:56:04+00:00","article_modified_time":"2020-12-03T00:56:07+00:00","og_image":[{"width":800,"height":800,"url":"https:\/\/ondauno.com.ar\/wp-content\/uploads\/2020\/12\/WhatsApp-Image-2020-12-02-at-21.52.12.jpeg","type":"image\/jpeg"}],"author":"fernando garcia","twitter_card":"summary_large_image","twitter_misc":{"Escrito por":"fernando garcia","Tiempo de lectura":"3 minutos"},"schema":{"@context":"https:\/\/schema.org","@graph":[{"@type":"WebPage","@id":"https:\/\/ondauno.com.ar\/index.php\/2020\/12\/02\/continua-el-seminario-de-gestion-publica-organizado-por-los-senadores-roberto-costa-y-lucas-fiorini\/","url":"https:\/\/ondauno.com.ar\/index.php\/2020\/12\/02\/continua-el-seminario-de-gestion-publica-organizado-por-los-senadores-roberto-costa-y-lucas-fiorini\/","name":"Continua el seminario de gesti\u00f3n p\u00fablica organizado por los senadores Roberto Costa y Lucas Fiorini - 103.9 fm","isPartOf":{"@id":"https:\/\/ondauno.com.ar\/#website"},"primaryImageOfPage":{"@id":"https:\/\/ondauno.com.ar\/index.php\/2020\/12\/02\/continua-el-seminario-de-gestion-publica-organizado-por-los-senadores-roberto-costa-y-lucas-fiorini\/#primaryimage"},"image":{"@id":"https:\/\/ondauno.com.ar\/index.php\/2020\/12\/02\/continua-el-seminario-de-gestion-publica-organizado-por-los-senadores-roberto-costa-y-lucas-fiorini\/#primaryimage"},"thumbnailUrl":"https:\/\/ondauno.com.ar\/wp-content\/uploads\/2020\/12\/WhatsApp-Image-2020-12-02-at-21.52.12.jpeg","datePublished":"2020-12-03T00:56:04+00:00","dateModified":"2020-12-03T00:56:07+00:00","author":{"@id":"https:\/\/ondauno.com.ar\/#\/schema\/person\/201d1b68e6c75e0fd396fe5f8af5d139"},"breadcrumb":{"@id":"https:\/\/ondauno.com.ar\/index.php\/2020\/12\/02\/continua-el-seminario-de-gestion-publica-organizado-por-los-senadores-roberto-costa-y-lucas-fiorini\/#breadcrumb"},"inLanguage":"es-AR","potentialAction":[{"@type":"ReadAction","target":["https:\/\/ondauno.com.ar\/index.php\/2020\/12\/02\/continua-el-seminario-de-gestion-publica-organizado-por-los-senadores-roberto-costa-y-lucas-fiorini\/"]}]},{"@type":"ImageObject","inLanguage":"es-AR","@id":"https:\/\/ondauno.com.ar\/index.php\/2020\/12\/02\/continua-el-seminario-de-gestion-publica-organizado-por-los-senadores-roberto-costa-y-lucas-fiorini\/#primaryimage","url":"https:\/\/ondauno.com.ar\/wp-content\/uploads\/2020\/12\/WhatsApp-Image-2020-12-02-at-21.52.12.jpeg","contentUrl":"https:\/\/ondauno.com.ar\/wp-content\/uploads\/2020\/12\/WhatsApp-Image-2020-12-02-at-21.52.12.jpeg","width":800,"height":800},{"@type":"BreadcrumbList","@id":"https:\/\/ondauno.com.ar\/index.php\/2020\/12\/02\/continua-el-seminario-de-gestion-publica-organizado-por-los-senadores-roberto-costa-y-lucas-fiorini\/#breadcrumb","itemListElement":[{"@type":"ListItem","position":1,"name":"Inicio","item":"https:\/\/ondauno.com.ar\/"},{"@type":"ListItem","position":2,"name":"Continua el seminario de gesti\u00f3n p\u00fablica organizado por los senadores Roberto Costa y Lucas Fiorini"}]},{"@type":"WebSite","@id":"https:\/\/ondauno.com.ar\/#website","url":"https:\/\/ondauno.com.ar\/","name":"103.9 fm","description":"LA PRIMERA RADIO MULTIMEDIA DE TRES ARROYOS","potentialAction":[{"@type":"SearchAction","target":{"@type":"EntryPoint","urlTemplate":"https:\/\/ondauno.com.ar\/?s={search_term_string}"},"query-input":"required name=search_term_string"}],"inLanguage":"es-AR"},{"@type":"Person","@id":"https:\/\/ondauno.com.ar\/#\/schema\/person\/201d1b68e6c75e0fd396fe5f8af5d139","name":"fernando garcia","image":{"@type":"ImageObject","inLanguage":"es-AR","@id":"https:\/\/ondauno.com.ar\/#\/schema\/person\/image\/","url":"https:\/\/secure.gravatar.com\/avatar\/5f7254642ad81272e79a2e69653cfdfc?s=96&d=mm&r=g","contentUrl":"https:\/\/secure.gravatar.com\/avatar\/5f7254642ad81272e79a2e69653cfdfc?s=96&d=mm&r=g","caption":"fernando garcia"},"url":"https:\/\/ondauno.com.ar\/index.php\/author\/ondaunoeditor\/"}]}},"jetpack_publicize_connections":[],"jetpack_featured_media_url":"https:\/\/ondauno.com.ar\/wp-content\/uploads\/2020\/12\/WhatsApp-Image-2020-12-02-at-21.52.12.jpeg","jetpack_sharing_enabled":true,"_links":{"self":[{"href":"https:\/\/ondauno.com.ar\/index.php\/wp-json\/wp\/v2\/posts\/20159","targetHints":{"allow":["GET"]}}],"collection":[{"href":"https:\/\/ondauno.com.ar\/index.php\/wp-json\/wp\/v2\/posts"}],"about":[{"href":"https:\/\/ondauno.com.ar\/index.php\/wp-json\/wp\/v2\/types\/post"}],"author":[{"embeddable":true,"href":"https:\/\/ondauno.com.ar\/index.php\/wp-json\/wp\/v2\/users\/2"}],"replies":[{"embeddable":true,"href":"https:\/\/ondauno.com.ar\/index.php\/wp-json\/wp\/v2\/comments?post=20159"}],"version-history":[{"count":0,"href":"https:\/\/ondauno.com.ar\/index.php\/wp-json\/wp\/v2\/posts\/20159\/revisions"}],"wp:featuredmedia":[{"embeddable":true,"href":"https:\/\/ondauno.com.ar\/index.php\/wp-json\/wp\/v2\/media\/20160"}],"wp:attachment":[{"href":"https:\/\/ondauno.com.ar\/index.php\/wp-json\/wp\/v2\/media?parent=20159"}],"wp:term":[{"taxonomy":"category","embeddable":true,"href":"https:\/\/ondauno.com.ar\/index.php\/wp-json\/wp\/v2\/categories?post=20159"},{"taxonomy":"post_tag","embeddable":true,"href":"https:\/\/ondauno.com.ar\/index.php\/wp-json\/wp\/v2\/tags?post=20159"}],"curies":[{"name":"wp","href":"https:\/\/api.w.org\/{rel}","templated":true}]}}