{"id":2006,"date":"2019-11-21T16:22:19","date_gmt":"2019-11-21T19:22:19","guid":{"rendered":"http:\/\/ondauno.com.ar\/?p=2006"},"modified":"2019-11-21T16:23:01","modified_gmt":"2019-11-21T19:23:01","slug":"vacunacion-antirrabica-reprogramacion-por-lluvia","status":"publish","type":"post","link":"https:\/\/ondauno.com.ar\/index.php\/2019\/11\/21\/vacunacion-antirrabica-reprogramacion-por-lluvia\/","title":{"rendered":"Vacunaci\u00f3n antirr\u00e1bica &#8211; reprogramaci\u00f3n por lluvia"},"content":{"rendered":"<div class=\"ondau-before-content_3\" style=\"margin-top: -30px;\" id=\"ondau-3277106629\"><a href=\"https:\/\/www.lps.com.ar\/\" aria-label=\"la-perse2\"><img loading=\"lazy\" decoding=\"async\" src=\"https:\/\/ondauno.com.ar\/wp-content\/uploads\/2021\/10\/la-perse2.jpg\" alt=\"\"  srcset=\"https:\/\/ondauno.com.ar\/wp-content\/uploads\/2021\/10\/la-perse2.jpg 1353w, https:\/\/ondauno.com.ar\/wp-content\/uploads\/2021\/10\/la-perse2-300x43.jpg 300w, https:\/\/ondauno.com.ar\/wp-content\/uploads\/2021\/10\/la-perse2-1024x148.jpg 1024w, https:\/\/ondauno.com.ar\/wp-content\/uploads\/2021\/10\/la-perse2-768x111.jpg 768w, https:\/\/ondauno.com.ar\/wp-content\/uploads\/2021\/10\/la-perse2-696x100.jpg 696w, https:\/\/ondauno.com.ar\/wp-content\/uploads\/2021\/10\/la-perse2-1068x154.jpg 1068w\" sizes=\"(max-width: 1353px) 100vw, 1353px\" class=\"no-lazyload\" width=\"1353\" height=\"195\"  style=\"display: inline-block;\" \/><\/a><\/div>\nDesde la Direcci\u00f3n&nbsp;de Higiene, Veterinaria y Bromatolog\u00eda, dependiente de la Secretar\u00eda de Gesti\u00f3n Ambiental de la Municipalidad de Tres Arroyos&nbsp;&nbsp;seinforma a la comunidad que debido al&nbsp;pronostico&nbsp;de lluvia para el d\u00eda de hoy, se reprogramaron las jornadas de vacunaciones antirr\u00e1bicas para los siguientes d\u00edas: viernes 22 de 8 a 12hs en Plaza Manos Unidas (ex Chacra L\u00f3pez)&nbsp;y martes 26 de 8 a 12hs en El Parquecito (Ruta 3 Sur).<br \/>Se recuerda que la vacunaci\u00f3n antirr\u00e1bica es OBLIGATORIA y GRATUITA y debe realizarse anualmente.\n\n\n\n\n\n\n","protected":false},"excerpt":{"rendered":"<p>Desde la Direcci\u00f3n&nbsp;de Higiene, Veterinaria y Bromatolog\u00eda, dependiente de la Secretar\u00eda de Gesti\u00f3n Ambiental de la Municipalidad de Tres Arroyos&nbsp;&nbsp;seinforma a la comunidad que debido al&nbsp;pronostico&nbsp;de lluvia para el d\u00eda de hoy, se reprogramaron las jornadas de vacunaciones antirr\u00e1bicas para los siguientes d\u00edas: viernes 22 de 8 a 12hs en Plaza Manos Unidas (ex Chacra [&hellip;]<\/p>\n","protected":false},"author":2,"featured_media":2005,"comment_status":"open","ping_status":"open","sticky":false,"template":"","format":"standard","meta":{"tdm_status":"","tdm_grid_status":"","_jetpack_memberships_contains_paid_content":false,"footnotes":"","jetpack_publicize_message":"","jetpack_publicize_feature_enabled":true,"jetpack_social_post_already_shared":false,"jetpack_social_options":{"image_generator_settings":{"template":"highway","default_image_id":0,"font":"","enabled":false},"version":2}},"categories":[2],"tags":[],"class_list":{"0":"post-2006","1":"post","2":"type-post","3":"status-publish","4":"format-standard","5":"has-post-thumbnail","7":"category-locales"},"yoast_head":"<!-- This site is optimized with the Yoast SEO plugin v22.7 - https:\/\/yoast.com\/wordpress\/plugins\/seo\/ -->\n<title>Vacunaci\u00f3n antirr\u00e1bica - reprogramaci\u00f3n por lluvia - 103.9 fm<\/title>\n<meta name=\"robots\" content=\"index, follow, max-snippet:-1, max-image-preview:large, max-video-preview:-1\" \/>\n<link rel=\"canonical\" href=\"https:\/\/ondauno.com.ar\/index.php\/2019\/11\/21\/vacunacion-antirrabica-reprogramacion-por-lluvia\/\" \/>\n<meta property=\"og:locale\" content=\"es_ES\" \/>\n<meta property=\"og:type\" content=\"article\" \/>\n<meta property=\"og:title\" content=\"Vacunaci\u00f3n antirr\u00e1bica - reprogramaci\u00f3n por lluvia - 103.9 fm\" \/>\n<meta property=\"og:description\" content=\"Desde la Direcci\u00f3n&nbsp;de Higiene, Veterinaria y Bromatolog\u00eda, dependiente de la Secretar\u00eda de Gesti\u00f3n Ambiental de la Municipalidad de Tres Arroyos&nbsp;&nbsp;seinforma a la comunidad que debido al&nbsp;pronostico&nbsp;de lluvia para el d\u00eda de hoy, se reprogramaron las jornadas de vacunaciones antirr\u00e1bicas para los siguientes d\u00edas: viernes 22 de 8 a 12hs en Plaza Manos Unidas (ex Chacra [&hellip;]\" \/>\n<meta property=\"og:url\" content=\"https:\/\/ondauno.com.ar\/index.php\/2019\/11\/21\/vacunacion-antirrabica-reprogramacion-por-lluvia\/\" \/>\n<meta property=\"og:site_name\" content=\"103.9 fm\" \/>\n<meta property=\"article:publisher\" content=\"https:\/\/www.facebook.com\/ondauno103.9\" \/>\n<meta property=\"article:published_time\" content=\"2019-11-21T19:22:19+00:00\" \/>\n<meta property=\"article:modified_time\" content=\"2019-11-21T19:23:01+00:00\" \/>\n<meta property=\"og:image\" content=\"https:\/\/ondauno.com.ar\/wp-content\/uploads\/2019\/11\/59674569_1026902580853794_3069979096319524864_n-e1557371069389-678x381.jpg\" \/>\n\t<meta property=\"og:image:width\" content=\"678\" \/>\n\t<meta property=\"og:image:height\" content=\"381\" \/>\n\t<meta property=\"og:image:type\" content=\"image\/jpeg\" \/>\n<meta name=\"author\" content=\"fernando garcia\" \/>\n<meta name=\"twitter:card\" content=\"summary_large_image\" \/>\n<meta name=\"twitter:label1\" content=\"Escrito por\" \/>\n\t<meta name=\"twitter:data1\" content=\"fernando garcia\" \/>\n<script type=\"application\/ld+json\" class=\"yoast-schema-graph\">{\"@context\":\"https:\/\/schema.org\",\"@graph\":[{\"@type\":\"WebPage\",\"@id\":\"https:\/\/ondauno.com.ar\/index.php\/2019\/11\/21\/vacunacion-antirrabica-reprogramacion-por-lluvia\/\",\"url\":\"https:\/\/ondauno.com.ar\/index.php\/2019\/11\/21\/vacunacion-antirrabica-reprogramacion-por-lluvia\/\",\"name\":\"Vacunaci\u00f3n antirr\u00e1bica - reprogramaci\u00f3n por lluvia - 103.9 fm\",\"isPartOf\":{\"@id\":\"https:\/\/ondauno.com.ar\/#website\"},\"primaryImageOfPage\":{\"@id\":\"https:\/\/ondauno.com.ar\/index.php\/2019\/11\/21\/vacunacion-antirrabica-reprogramacion-por-lluvia\/#primaryimage\"},\"image\":{\"@id\":\"https:\/\/ondauno.com.ar\/index.php\/2019\/11\/21\/vacunacion-antirrabica-reprogramacion-por-lluvia\/#primaryimage\"},\"thumbnailUrl\":\"https:\/\/ondauno.com.ar\/wp-content\/uploads\/2019\/11\/59674569_1026902580853794_3069979096319524864_n-e1557371069389-678x381.jpg\",\"datePublished\":\"2019-11-21T19:22:19+00:00\",\"dateModified\":\"2019-11-21T19:23:01+00:00\",\"author\":{\"@id\":\"https:\/\/ondauno.com.ar\/#\/schema\/person\/201d1b68e6c75e0fd396fe5f8af5d139\"},\"breadcrumb\":{\"@id\":\"https:\/\/ondauno.com.ar\/index.php\/2019\/11\/21\/vacunacion-antirrabica-reprogramacion-por-lluvia\/#breadcrumb\"},\"inLanguage\":\"es-AR\",\"potentialAction\":[{\"@type\":\"ReadAction\",\"target\":[\"https:\/\/ondauno.com.ar\/index.php\/2019\/11\/21\/vacunacion-antirrabica-reprogramacion-por-lluvia\/\"]}]},{\"@type\":\"ImageObject\",\"inLanguage\":\"es-AR\",\"@id\":\"https:\/\/ondauno.com.ar\/index.php\/2019\/11\/21\/vacunacion-antirrabica-reprogramacion-por-lluvia\/#primaryimage\",\"url\":\"https:\/\/ondauno.com.ar\/wp-content\/uploads\/2019\/11\/59674569_1026902580853794_3069979096319524864_n-e1557371069389-678x381.jpg\",\"contentUrl\":\"https:\/\/ondauno.com.ar\/wp-content\/uploads\/2019\/11\/59674569_1026902580853794_3069979096319524864_n-e1557371069389-678x381.jpg\",\"width\":678,\"height\":381},{\"@type\":\"BreadcrumbList\",\"@id\":\"https:\/\/ondauno.com.ar\/index.php\/2019\/11\/21\/vacunacion-antirrabica-reprogramacion-por-lluvia\/#breadcrumb\",\"itemListElement\":[{\"@type\":\"ListItem\",\"position\":1,\"name\":\"Inicio\",\"item\":\"https:\/\/ondauno.com.ar\/\"},{\"@type\":\"ListItem\",\"position\":2,\"name\":\"Vacunaci\u00f3n antirr\u00e1bica &#8211; reprogramaci\u00f3n por lluvia\"}]},{\"@type\":\"WebSite\",\"@id\":\"https:\/\/ondauno.com.ar\/#website\",\"url\":\"https:\/\/ondauno.com.ar\/\",\"name\":\"103.9 fm\",\"description\":\"LA PRIMERA RADIO MULTIMEDIA DE TRES ARROYOS\",\"potentialAction\":[{\"@type\":\"SearchAction\",\"target\":{\"@type\":\"EntryPoint\",\"urlTemplate\":\"https:\/\/ondauno.com.ar\/?s={search_term_string}\"},\"query-input\":\"required name=search_term_string\"}],\"inLanguage\":\"es-AR\"},{\"@type\":\"Person\",\"@id\":\"https:\/\/ondauno.com.ar\/#\/schema\/person\/201d1b68e6c75e0fd396fe5f8af5d139\",\"name\":\"fernando garcia\",\"image\":{\"@type\":\"ImageObject\",\"inLanguage\":\"es-AR\",\"@id\":\"https:\/\/ondauno.com.ar\/#\/schema\/person\/image\/\",\"url\":\"https:\/\/secure.gravatar.com\/avatar\/5f7254642ad81272e79a2e69653cfdfc?s=96&d=mm&r=g\",\"contentUrl\":\"https:\/\/secure.gravatar.com\/avatar\/5f7254642ad81272e79a2e69653cfdfc?s=96&d=mm&r=g\",\"caption\":\"fernando garcia\"},\"url\":\"https:\/\/ondauno.com.ar\/index.php\/author\/ondaunoeditor\/\"}]}<\/script>\n<!-- \/ Yoast SEO plugin. -->","yoast_head_json":{"title":"Vacunaci\u00f3n antirr\u00e1bica - reprogramaci\u00f3n por lluvia - 103.9 fm","robots":{"index":"index","follow":"follow","max-snippet":"max-snippet:-1","max-image-preview":"max-image-preview:large","max-video-preview":"max-video-preview:-1"},"canonical":"https:\/\/ondauno.com.ar\/index.php\/2019\/11\/21\/vacunacion-antirrabica-reprogramacion-por-lluvia\/","og_locale":"es_ES","og_type":"article","og_title":"Vacunaci\u00f3n antirr\u00e1bica - reprogramaci\u00f3n por lluvia - 103.9 fm","og_description":"Desde la Direcci\u00f3n&nbsp;de Higiene, Veterinaria y Bromatolog\u00eda, dependiente de la Secretar\u00eda de Gesti\u00f3n Ambiental de la Municipalidad de Tres Arroyos&nbsp;&nbsp;seinforma a la comunidad que debido al&nbsp;pronostico&nbsp;de lluvia para el d\u00eda de hoy, se reprogramaron las jornadas de vacunaciones antirr\u00e1bicas para los siguientes d\u00edas: viernes 22 de 8 a 12hs en Plaza Manos Unidas (ex Chacra [&hellip;]","og_url":"https:\/\/ondauno.com.ar\/index.php\/2019\/11\/21\/vacunacion-antirrabica-reprogramacion-por-lluvia\/","og_site_name":"103.9 fm","article_publisher":"https:\/\/www.facebook.com\/ondauno103.9","article_published_time":"2019-11-21T19:22:19+00:00","article_modified_time":"2019-11-21T19:23:01+00:00","og_image":[{"width":678,"height":381,"url":"https:\/\/ondauno.com.ar\/wp-content\/uploads\/2019\/11\/59674569_1026902580853794_3069979096319524864_n-e1557371069389-678x381.jpg","type":"image\/jpeg"}],"author":"fernando garcia","twitter_card":"summary_large_image","twitter_misc":{"Escrito por":"fernando garcia"},"schema":{"@context":"https:\/\/schema.org","@graph":[{"@type":"WebPage","@id":"https:\/\/ondauno.com.ar\/index.php\/2019\/11\/21\/vacunacion-antirrabica-reprogramacion-por-lluvia\/","url":"https:\/\/ondauno.com.ar\/index.php\/2019\/11\/21\/vacunacion-antirrabica-reprogramacion-por-lluvia\/","name":"Vacunaci\u00f3n antirr\u00e1bica - reprogramaci\u00f3n por lluvia - 103.9 fm","isPartOf":{"@id":"https:\/\/ondauno.com.ar\/#website"},"primaryImageOfPage":{"@id":"https:\/\/ondauno.com.ar\/index.php\/2019\/11\/21\/vacunacion-antirrabica-reprogramacion-por-lluvia\/#primaryimage"},"image":{"@id":"https:\/\/ondauno.com.ar\/index.php\/2019\/11\/21\/vacunacion-antirrabica-reprogramacion-por-lluvia\/#primaryimage"},"thumbnailUrl":"https:\/\/ondauno.com.ar\/wp-content\/uploads\/2019\/11\/59674569_1026902580853794_3069979096319524864_n-e1557371069389-678x381.jpg","datePublished":"2019-11-21T19:22:19+00:00","dateModified":"2019-11-21T19:23:01+00:00","author":{"@id":"https:\/\/ondauno.com.ar\/#\/schema\/person\/201d1b68e6c75e0fd396fe5f8af5d139"},"breadcrumb":{"@id":"https:\/\/ondauno.com.ar\/index.php\/2019\/11\/21\/vacunacion-antirrabica-reprogramacion-por-lluvia\/#breadcrumb"},"inLanguage":"es-AR","potentialAction":[{"@type":"ReadAction","target":["https:\/\/ondauno.com.ar\/index.php\/2019\/11\/21\/vacunacion-antirrabica-reprogramacion-por-lluvia\/"]}]},{"@type":"ImageObject","inLanguage":"es-AR","@id":"https:\/\/ondauno.com.ar\/index.php\/2019\/11\/21\/vacunacion-antirrabica-reprogramacion-por-lluvia\/#primaryimage","url":"https:\/\/ondauno.com.ar\/wp-content\/uploads\/2019\/11\/59674569_1026902580853794_3069979096319524864_n-e1557371069389-678x381.jpg","contentUrl":"https:\/\/ondauno.com.ar\/wp-content\/uploads\/2019\/11\/59674569_1026902580853794_3069979096319524864_n-e1557371069389-678x381.jpg","width":678,"height":381},{"@type":"BreadcrumbList","@id":"https:\/\/ondauno.com.ar\/index.php\/2019\/11\/21\/vacunacion-antirrabica-reprogramacion-por-lluvia\/#breadcrumb","itemListElement":[{"@type":"ListItem","position":1,"name":"Inicio","item":"https:\/\/ondauno.com.ar\/"},{"@type":"ListItem","position":2,"name":"Vacunaci\u00f3n antirr\u00e1bica &#8211; reprogramaci\u00f3n por lluvia"}]},{"@type":"WebSite","@id":"https:\/\/ondauno.com.ar\/#website","url":"https:\/\/ondauno.com.ar\/","name":"103.9 fm","description":"LA PRIMERA RADIO MULTIMEDIA DE TRES ARROYOS","potentialAction":[{"@type":"SearchAction","target":{"@type":"EntryPoint","urlTemplate":"https:\/\/ondauno.com.ar\/?s={search_term_string}"},"query-input":"required name=search_term_string"}],"inLanguage":"es-AR"},{"@type":"Person","@id":"https:\/\/ondauno.com.ar\/#\/schema\/person\/201d1b68e6c75e0fd396fe5f8af5d139","name":"fernando garcia","image":{"@type":"ImageObject","inLanguage":"es-AR","@id":"https:\/\/ondauno.com.ar\/#\/schema\/person\/image\/","url":"https:\/\/secure.gravatar.com\/avatar\/5f7254642ad81272e79a2e69653cfdfc?s=96&d=mm&r=g","contentUrl":"https:\/\/secure.gravatar.com\/avatar\/5f7254642ad81272e79a2e69653cfdfc?s=96&d=mm&r=g","caption":"fernando garcia"},"url":"https:\/\/ondauno.com.ar\/index.php\/author\/ondaunoeditor\/"}]}},"jetpack_publicize_connections":[],"jetpack_featured_media_url":"https:\/\/ondauno.com.ar\/wp-content\/uploads\/2019\/11\/59674569_1026902580853794_3069979096319524864_n-e1557371069389-678x381.jpg","jetpack_sharing_enabled":true,"_links":{"self":[{"href":"https:\/\/ondauno.com.ar\/index.php\/wp-json\/wp\/v2\/posts\/2006","targetHints":{"allow":["GET"]}}],"collection":[{"href":"https:\/\/ondauno.com.ar\/index.php\/wp-json\/wp\/v2\/posts"}],"about":[{"href":"https:\/\/ondauno.com.ar\/index.php\/wp-json\/wp\/v2\/types\/post"}],"author":[{"embeddable":true,"href":"https:\/\/ondauno.com.ar\/index.php\/wp-json\/wp\/v2\/users\/2"}],"replies":[{"embeddable":true,"href":"https:\/\/ondauno.com.ar\/index.php\/wp-json\/wp\/v2\/comments?post=2006"}],"version-history":[{"count":0,"href":"https:\/\/ondauno.com.ar\/index.php\/wp-json\/wp\/v2\/posts\/2006\/revisions"}],"wp:featuredmedia":[{"embeddable":true,"href":"https:\/\/ondauno.com.ar\/index.php\/wp-json\/wp\/v2\/media\/2005"}],"wp:attachment":[{"href":"https:\/\/ondauno.com.ar\/index.php\/wp-json\/wp\/v2\/media?parent=2006"}],"wp:term":[{"taxonomy":"category","embeddable":true,"href":"https:\/\/ondauno.com.ar\/index.php\/wp-json\/wp\/v2\/categories?post=2006"},{"taxonomy":"post_tag","embeddable":true,"href":"https:\/\/ondauno.com.ar\/index.php\/wp-json\/wp\/v2\/tags?post=2006"}],"curies":[{"name":"wp","href":"https:\/\/api.w.org\/{rel}","templated":true}]}}