{"id":19808,"date":"2020-11-25T18:57:06","date_gmt":"2020-11-25T21:57:06","guid":{"rendered":"http:\/\/ondauno.com.ar\/?p=19808"},"modified":"2020-11-25T18:57:11","modified_gmt":"2020-11-25T21:57:11","slug":"protocolo-para-campings-pensabamos-que-iba-a-ser-mas-estricto-viene-mas-liviano-de-lo-que-habiamos-planteado","status":"publish","type":"post","link":"https:\/\/ondauno.com.ar\/index.php\/2020\/11\/25\/protocolo-para-campings-pensabamos-que-iba-a-ser-mas-estricto-viene-mas-liviano-de-lo-que-habiamos-planteado\/","title":{"rendered":"Protocolo para campings: &#8220;Pens\u00e1bamos que iba a ser m\u00e1s estricto, viene m\u00e1s liviano de lo que hab\u00edamos planteado&#8221;"},"content":{"rendered":"<div class=\"ondau-before-content_3\" style=\"margin-top: -30px;\" id=\"ondau-2257507123\"><a href=\"https:\/\/www.lps.com.ar\/\" aria-label=\"la-perse2\"><img loading=\"lazy\" decoding=\"async\" src=\"https:\/\/ondauno.com.ar\/wp-content\/uploads\/2021\/10\/la-perse2.jpg\" alt=\"\"  srcset=\"https:\/\/ondauno.com.ar\/wp-content\/uploads\/2021\/10\/la-perse2.jpg 1353w, https:\/\/ondauno.com.ar\/wp-content\/uploads\/2021\/10\/la-perse2-300x43.jpg 300w, https:\/\/ondauno.com.ar\/wp-content\/uploads\/2021\/10\/la-perse2-1024x148.jpg 1024w, https:\/\/ondauno.com.ar\/wp-content\/uploads\/2021\/10\/la-perse2-768x111.jpg 768w, https:\/\/ondauno.com.ar\/wp-content\/uploads\/2021\/10\/la-perse2-696x100.jpg 696w, https:\/\/ondauno.com.ar\/wp-content\/uploads\/2021\/10\/la-perse2-1068x154.jpg 1068w\" sizes=\"(max-width: 1353px) 100vw, 1353px\" class=\"no-lazyload\" width=\"1353\" height=\"195\"  style=\"display: inline-block;\" \/><\/a><\/div>\n<figure class=\"wp-block-image\"><img loading=\"lazy\" decoding=\"async\" width=\"1024\" height=\"768\" data-src=\"http:\/\/ondauno.com.ar\/wp-content\/uploads\/2020\/11\/WhatsApp-Image-2020-11-25-at-18.48.25-1-1024x768.jpeg\" alt=\"\" class=\"wp-image-19809 lazyload\" data-srcset=\"https:\/\/ondauno.com.ar\/wp-content\/uploads\/2020\/11\/WhatsApp-Image-2020-11-25-at-18.48.25-1-1024x768.jpeg 1024w, https:\/\/ondauno.com.ar\/wp-content\/uploads\/2020\/11\/WhatsApp-Image-2020-11-25-at-18.48.25-1-300x225.jpeg 300w, https:\/\/ondauno.com.ar\/wp-content\/uploads\/2020\/11\/WhatsApp-Image-2020-11-25-at-18.48.25-1-768x576.jpeg 768w, https:\/\/ondauno.com.ar\/wp-content\/uploads\/2020\/11\/WhatsApp-Image-2020-11-25-at-18.48.25-1-80x60.jpeg 80w, https:\/\/ondauno.com.ar\/wp-content\/uploads\/2020\/11\/WhatsApp-Image-2020-11-25-at-18.48.25-1-265x198.jpeg 265w, https:\/\/ondauno.com.ar\/wp-content\/uploads\/2020\/11\/WhatsApp-Image-2020-11-25-at-18.48.25-1-696x522.jpeg 696w, https:\/\/ondauno.com.ar\/wp-content\/uploads\/2020\/11\/WhatsApp-Image-2020-11-25-at-18.48.25-1-1068x801.jpeg 1068w, https:\/\/ondauno.com.ar\/wp-content\/uploads\/2020\/11\/WhatsApp-Image-2020-11-25-at-18.48.25-1-560x420.jpeg 560w, https:\/\/ondauno.com.ar\/wp-content\/uploads\/2020\/11\/WhatsApp-Image-2020-11-25-at-18.48.25-1.jpeg 1280w\" data-sizes=\"auto, (max-width: 1024px) 100vw, 1024px\" src=\"data:image\/gif;base64,R0lGODlhAQABAAAAACH5BAEKAAEALAAAAAABAAEAAAICTAEAOw==\" style=\"--smush-placeholder-width: 1024px; --smush-placeholder-aspect-ratio: 1024\/768;\" \/><noscript><img loading=\"lazy\" decoding=\"async\" width=\"1024\" height=\"768\" src=\"http:\/\/ondauno.com.ar\/wp-content\/uploads\/2020\/11\/WhatsApp-Image-2020-11-25-at-18.48.25-1-1024x768.jpeg\" alt=\"\" class=\"wp-image-19809\" srcset=\"https:\/\/ondauno.com.ar\/wp-content\/uploads\/2020\/11\/WhatsApp-Image-2020-11-25-at-18.48.25-1-1024x768.jpeg 1024w, https:\/\/ondauno.com.ar\/wp-content\/uploads\/2020\/11\/WhatsApp-Image-2020-11-25-at-18.48.25-1-300x225.jpeg 300w, https:\/\/ondauno.com.ar\/wp-content\/uploads\/2020\/11\/WhatsApp-Image-2020-11-25-at-18.48.25-1-768x576.jpeg 768w, https:\/\/ondauno.com.ar\/wp-content\/uploads\/2020\/11\/WhatsApp-Image-2020-11-25-at-18.48.25-1-80x60.jpeg 80w, https:\/\/ondauno.com.ar\/wp-content\/uploads\/2020\/11\/WhatsApp-Image-2020-11-25-at-18.48.25-1-265x198.jpeg 265w, https:\/\/ondauno.com.ar\/wp-content\/uploads\/2020\/11\/WhatsApp-Image-2020-11-25-at-18.48.25-1-696x522.jpeg 696w, https:\/\/ondauno.com.ar\/wp-content\/uploads\/2020\/11\/WhatsApp-Image-2020-11-25-at-18.48.25-1-1068x801.jpeg 1068w, https:\/\/ondauno.com.ar\/wp-content\/uploads\/2020\/11\/WhatsApp-Image-2020-11-25-at-18.48.25-1-560x420.jpeg 560w, https:\/\/ondauno.com.ar\/wp-content\/uploads\/2020\/11\/WhatsApp-Image-2020-11-25-at-18.48.25-1.jpeg 1280w\" sizes=\"auto, (max-width: 1024px) 100vw, 1024px\" \/><\/noscript><\/figure>\n\n\n\n<p>Mat\u00edas Moli\u00f3, de la concesi\u00f3n del camping del ACA, en Claromec\u00f3, cont\u00f3 c\u00f3mo recibieron desde el sector el protocolo dise\u00f1ado por el gobierno bonaerense para que puedan trabajar durante la temporada de verano.<\/p>\n\n\n\n<figure><iframe loading=\"lazy\" data-src=\"https:\/\/www.facebook.com\/plugins\/video.php?height=314&amp;href=https%3A%2F%2Fwww.facebook.com%2Fondauno103.9%2Fvideos%2F366429111281359%2F&amp;show_text=false&amp;width=560\" width=\"560\" height=\"314\" allowfullscreen=\"true\" src=\"data:image\/gif;base64,R0lGODlhAQABAAAAACH5BAEKAAEALAAAAAABAAEAAAICTAEAOw==\" class=\"lazyload\" data-load-mode=\"1\"><\/iframe><\/figure>\n","protected":false},"excerpt":{"rendered":"<p>Mat\u00edas Moli\u00f3, de la concesi\u00f3n del camping del ACA, en Claromec\u00f3, cont\u00f3 c\u00f3mo recibieron desde el sector el protocolo dise\u00f1ado por el gobierno bonaerense para que puedan trabajar durante la temporada de verano.<\/p>\n","protected":false},"author":2,"featured_media":19810,"comment_status":"open","ping_status":"open","sticky":false,"template":"","format":"standard","meta":{"tdm_status":"","tdm_grid_status":"","_jetpack_memberships_contains_paid_content":false,"footnotes":"","jetpack_publicize_message":"","jetpack_publicize_feature_enabled":true,"jetpack_social_post_already_shared":false,"jetpack_social_options":{"image_generator_settings":{"template":"highway","default_image_id":0,"font":"","enabled":false},"version":2}},"categories":[35],"tags":[],"class_list":{"0":"post-19808","1":"post","2":"type-post","3":"status-publish","4":"format-standard","5":"has-post-thumbnail","7":"category-regionales"},"yoast_head":"<!-- This site is optimized with the Yoast SEO plugin v22.7 - https:\/\/yoast.com\/wordpress\/plugins\/seo\/ -->\n<title>Protocolo para campings: &quot;Pens\u00e1bamos que iba a ser m\u00e1s estricto, viene m\u00e1s liviano de lo que hab\u00edamos planteado&quot; - 103.9 fm<\/title>\n<meta name=\"robots\" content=\"index, follow, max-snippet:-1, max-image-preview:large, max-video-preview:-1\" \/>\n<link rel=\"canonical\" href=\"https:\/\/ondauno.com.ar\/index.php\/2020\/11\/25\/protocolo-para-campings-pensabamos-que-iba-a-ser-mas-estricto-viene-mas-liviano-de-lo-que-habiamos-planteado\/\" \/>\n<meta property=\"og:locale\" content=\"es_ES\" \/>\n<meta property=\"og:type\" content=\"article\" \/>\n<meta property=\"og:title\" content=\"Protocolo para campings: &quot;Pens\u00e1bamos que iba a ser m\u00e1s estricto, viene m\u00e1s liviano de lo que hab\u00edamos planteado&quot; - 103.9 fm\" \/>\n<meta property=\"og:description\" content=\"Mat\u00edas Moli\u00f3, de la concesi\u00f3n del camping del ACA, en Claromec\u00f3, cont\u00f3 c\u00f3mo recibieron desde el sector el protocolo dise\u00f1ado por el gobierno bonaerense para que puedan trabajar durante la temporada de verano.\" \/>\n<meta property=\"og:url\" content=\"https:\/\/ondauno.com.ar\/index.php\/2020\/11\/25\/protocolo-para-campings-pensabamos-que-iba-a-ser-mas-estricto-viene-mas-liviano-de-lo-que-habiamos-planteado\/\" \/>\n<meta property=\"og:site_name\" content=\"103.9 fm\" \/>\n<meta property=\"article:publisher\" content=\"https:\/\/www.facebook.com\/ondauno103.9\" \/>\n<meta property=\"article:published_time\" content=\"2020-11-25T21:57:06+00:00\" \/>\n<meta property=\"article:modified_time\" content=\"2020-11-25T21:57:11+00:00\" \/>\n<meta property=\"og:image\" content=\"https:\/\/ondauno.com.ar\/wp-content\/uploads\/2020\/11\/WhatsApp-Image-2020-11-25-at-18.48.25.jpeg\" \/>\n\t<meta property=\"og:image:width\" content=\"960\" \/>\n\t<meta property=\"og:image:height\" content=\"1280\" \/>\n\t<meta property=\"og:image:type\" content=\"image\/jpeg\" \/>\n<meta name=\"author\" content=\"fernando garcia\" \/>\n<meta name=\"twitter:card\" content=\"summary_large_image\" \/>\n<meta name=\"twitter:label1\" content=\"Escrito por\" \/>\n\t<meta name=\"twitter:data1\" content=\"fernando garcia\" \/>\n<script type=\"application\/ld+json\" class=\"yoast-schema-graph\">{\"@context\":\"https:\/\/schema.org\",\"@graph\":[{\"@type\":\"WebPage\",\"@id\":\"https:\/\/ondauno.com.ar\/index.php\/2020\/11\/25\/protocolo-para-campings-pensabamos-que-iba-a-ser-mas-estricto-viene-mas-liviano-de-lo-que-habiamos-planteado\/\",\"url\":\"https:\/\/ondauno.com.ar\/index.php\/2020\/11\/25\/protocolo-para-campings-pensabamos-que-iba-a-ser-mas-estricto-viene-mas-liviano-de-lo-que-habiamos-planteado\/\",\"name\":\"Protocolo para campings: \\\"Pens\u00e1bamos que iba a ser m\u00e1s estricto, viene m\u00e1s liviano de lo que hab\u00edamos planteado\\\" - 103.9 fm\",\"isPartOf\":{\"@id\":\"https:\/\/ondauno.com.ar\/#website\"},\"primaryImageOfPage\":{\"@id\":\"https:\/\/ondauno.com.ar\/index.php\/2020\/11\/25\/protocolo-para-campings-pensabamos-que-iba-a-ser-mas-estricto-viene-mas-liviano-de-lo-que-habiamos-planteado\/#primaryimage\"},\"image\":{\"@id\":\"https:\/\/ondauno.com.ar\/index.php\/2020\/11\/25\/protocolo-para-campings-pensabamos-que-iba-a-ser-mas-estricto-viene-mas-liviano-de-lo-que-habiamos-planteado\/#primaryimage\"},\"thumbnailUrl\":\"https:\/\/ondauno.com.ar\/wp-content\/uploads\/2020\/11\/WhatsApp-Image-2020-11-25-at-18.48.25.jpeg\",\"datePublished\":\"2020-11-25T21:57:06+00:00\",\"dateModified\":\"2020-11-25T21:57:11+00:00\",\"author\":{\"@id\":\"https:\/\/ondauno.com.ar\/#\/schema\/person\/201d1b68e6c75e0fd396fe5f8af5d139\"},\"breadcrumb\":{\"@id\":\"https:\/\/ondauno.com.ar\/index.php\/2020\/11\/25\/protocolo-para-campings-pensabamos-que-iba-a-ser-mas-estricto-viene-mas-liviano-de-lo-que-habiamos-planteado\/#breadcrumb\"},\"inLanguage\":\"es-AR\",\"potentialAction\":[{\"@type\":\"ReadAction\",\"target\":[\"https:\/\/ondauno.com.ar\/index.php\/2020\/11\/25\/protocolo-para-campings-pensabamos-que-iba-a-ser-mas-estricto-viene-mas-liviano-de-lo-que-habiamos-planteado\/\"]}]},{\"@type\":\"ImageObject\",\"inLanguage\":\"es-AR\",\"@id\":\"https:\/\/ondauno.com.ar\/index.php\/2020\/11\/25\/protocolo-para-campings-pensabamos-que-iba-a-ser-mas-estricto-viene-mas-liviano-de-lo-que-habiamos-planteado\/#primaryimage\",\"url\":\"https:\/\/ondauno.com.ar\/wp-content\/uploads\/2020\/11\/WhatsApp-Image-2020-11-25-at-18.48.25.jpeg\",\"contentUrl\":\"https:\/\/ondauno.com.ar\/wp-content\/uploads\/2020\/11\/WhatsApp-Image-2020-11-25-at-18.48.25.jpeg\",\"width\":960,\"height\":1280},{\"@type\":\"BreadcrumbList\",\"@id\":\"https:\/\/ondauno.com.ar\/index.php\/2020\/11\/25\/protocolo-para-campings-pensabamos-que-iba-a-ser-mas-estricto-viene-mas-liviano-de-lo-que-habiamos-planteado\/#breadcrumb\",\"itemListElement\":[{\"@type\":\"ListItem\",\"position\":1,\"name\":\"Inicio\",\"item\":\"https:\/\/ondauno.com.ar\/\"},{\"@type\":\"ListItem\",\"position\":2,\"name\":\"Protocolo para campings: &#8220;Pens\u00e1bamos que iba a ser m\u00e1s estricto, viene m\u00e1s liviano de lo que hab\u00edamos planteado&#8221;\"}]},{\"@type\":\"WebSite\",\"@id\":\"https:\/\/ondauno.com.ar\/#website\",\"url\":\"https:\/\/ondauno.com.ar\/\",\"name\":\"103.9 fm\",\"description\":\"LA PRIMERA RADIO MULTIMEDIA DE TRES ARROYOS\",\"potentialAction\":[{\"@type\":\"SearchAction\",\"target\":{\"@type\":\"EntryPoint\",\"urlTemplate\":\"https:\/\/ondauno.com.ar\/?s={search_term_string}\"},\"query-input\":\"required name=search_term_string\"}],\"inLanguage\":\"es-AR\"},{\"@type\":\"Person\",\"@id\":\"https:\/\/ondauno.com.ar\/#\/schema\/person\/201d1b68e6c75e0fd396fe5f8af5d139\",\"name\":\"fernando garcia\",\"image\":{\"@type\":\"ImageObject\",\"inLanguage\":\"es-AR\",\"@id\":\"https:\/\/ondauno.com.ar\/#\/schema\/person\/image\/\",\"url\":\"https:\/\/secure.gravatar.com\/avatar\/5f7254642ad81272e79a2e69653cfdfc?s=96&d=mm&r=g\",\"contentUrl\":\"https:\/\/secure.gravatar.com\/avatar\/5f7254642ad81272e79a2e69653cfdfc?s=96&d=mm&r=g\",\"caption\":\"fernando garcia\"},\"url\":\"https:\/\/ondauno.com.ar\/index.php\/author\/ondaunoeditor\/\"}]}<\/script>\n<!-- \/ Yoast SEO plugin. -->","yoast_head_json":{"title":"Protocolo para campings: \"Pens\u00e1bamos que iba a ser m\u00e1s estricto, viene m\u00e1s liviano de lo que hab\u00edamos planteado\" - 103.9 fm","robots":{"index":"index","follow":"follow","max-snippet":"max-snippet:-1","max-image-preview":"max-image-preview:large","max-video-preview":"max-video-preview:-1"},"canonical":"https:\/\/ondauno.com.ar\/index.php\/2020\/11\/25\/protocolo-para-campings-pensabamos-que-iba-a-ser-mas-estricto-viene-mas-liviano-de-lo-que-habiamos-planteado\/","og_locale":"es_ES","og_type":"article","og_title":"Protocolo para campings: \"Pens\u00e1bamos que iba a ser m\u00e1s estricto, viene m\u00e1s liviano de lo que hab\u00edamos planteado\" - 103.9 fm","og_description":"Mat\u00edas Moli\u00f3, de la concesi\u00f3n del camping del ACA, en Claromec\u00f3, cont\u00f3 c\u00f3mo recibieron desde el sector el protocolo dise\u00f1ado por el gobierno bonaerense para que puedan trabajar durante la temporada de verano.","og_url":"https:\/\/ondauno.com.ar\/index.php\/2020\/11\/25\/protocolo-para-campings-pensabamos-que-iba-a-ser-mas-estricto-viene-mas-liviano-de-lo-que-habiamos-planteado\/","og_site_name":"103.9 fm","article_publisher":"https:\/\/www.facebook.com\/ondauno103.9","article_published_time":"2020-11-25T21:57:06+00:00","article_modified_time":"2020-11-25T21:57:11+00:00","og_image":[{"width":960,"height":1280,"url":"https:\/\/ondauno.com.ar\/wp-content\/uploads\/2020\/11\/WhatsApp-Image-2020-11-25-at-18.48.25.jpeg","type":"image\/jpeg"}],"author":"fernando garcia","twitter_card":"summary_large_image","twitter_misc":{"Escrito por":"fernando garcia"},"schema":{"@context":"https:\/\/schema.org","@graph":[{"@type":"WebPage","@id":"https:\/\/ondauno.com.ar\/index.php\/2020\/11\/25\/protocolo-para-campings-pensabamos-que-iba-a-ser-mas-estricto-viene-mas-liviano-de-lo-que-habiamos-planteado\/","url":"https:\/\/ondauno.com.ar\/index.php\/2020\/11\/25\/protocolo-para-campings-pensabamos-que-iba-a-ser-mas-estricto-viene-mas-liviano-de-lo-que-habiamos-planteado\/","name":"Protocolo para campings: \"Pens\u00e1bamos que iba a ser m\u00e1s estricto, viene m\u00e1s liviano de lo que hab\u00edamos planteado\" - 103.9 fm","isPartOf":{"@id":"https:\/\/ondauno.com.ar\/#website"},"primaryImageOfPage":{"@id":"https:\/\/ondauno.com.ar\/index.php\/2020\/11\/25\/protocolo-para-campings-pensabamos-que-iba-a-ser-mas-estricto-viene-mas-liviano-de-lo-que-habiamos-planteado\/#primaryimage"},"image":{"@id":"https:\/\/ondauno.com.ar\/index.php\/2020\/11\/25\/protocolo-para-campings-pensabamos-que-iba-a-ser-mas-estricto-viene-mas-liviano-de-lo-que-habiamos-planteado\/#primaryimage"},"thumbnailUrl":"https:\/\/ondauno.com.ar\/wp-content\/uploads\/2020\/11\/WhatsApp-Image-2020-11-25-at-18.48.25.jpeg","datePublished":"2020-11-25T21:57:06+00:00","dateModified":"2020-11-25T21:57:11+00:00","author":{"@id":"https:\/\/ondauno.com.ar\/#\/schema\/person\/201d1b68e6c75e0fd396fe5f8af5d139"},"breadcrumb":{"@id":"https:\/\/ondauno.com.ar\/index.php\/2020\/11\/25\/protocolo-para-campings-pensabamos-que-iba-a-ser-mas-estricto-viene-mas-liviano-de-lo-que-habiamos-planteado\/#breadcrumb"},"inLanguage":"es-AR","potentialAction":[{"@type":"ReadAction","target":["https:\/\/ondauno.com.ar\/index.php\/2020\/11\/25\/protocolo-para-campings-pensabamos-que-iba-a-ser-mas-estricto-viene-mas-liviano-de-lo-que-habiamos-planteado\/"]}]},{"@type":"ImageObject","inLanguage":"es-AR","@id":"https:\/\/ondauno.com.ar\/index.php\/2020\/11\/25\/protocolo-para-campings-pensabamos-que-iba-a-ser-mas-estricto-viene-mas-liviano-de-lo-que-habiamos-planteado\/#primaryimage","url":"https:\/\/ondauno.com.ar\/wp-content\/uploads\/2020\/11\/WhatsApp-Image-2020-11-25-at-18.48.25.jpeg","contentUrl":"https:\/\/ondauno.com.ar\/wp-content\/uploads\/2020\/11\/WhatsApp-Image-2020-11-25-at-18.48.25.jpeg","width":960,"height":1280},{"@type":"BreadcrumbList","@id":"https:\/\/ondauno.com.ar\/index.php\/2020\/11\/25\/protocolo-para-campings-pensabamos-que-iba-a-ser-mas-estricto-viene-mas-liviano-de-lo-que-habiamos-planteado\/#breadcrumb","itemListElement":[{"@type":"ListItem","position":1,"name":"Inicio","item":"https:\/\/ondauno.com.ar\/"},{"@type":"ListItem","position":2,"name":"Protocolo para campings: &#8220;Pens\u00e1bamos que iba a ser m\u00e1s estricto, viene m\u00e1s liviano de lo que hab\u00edamos planteado&#8221;"}]},{"@type":"WebSite","@id":"https:\/\/ondauno.com.ar\/#website","url":"https:\/\/ondauno.com.ar\/","name":"103.9 fm","description":"LA PRIMERA RADIO MULTIMEDIA DE TRES ARROYOS","potentialAction":[{"@type":"SearchAction","target":{"@type":"EntryPoint","urlTemplate":"https:\/\/ondauno.com.ar\/?s={search_term_string}"},"query-input":"required name=search_term_string"}],"inLanguage":"es-AR"},{"@type":"Person","@id":"https:\/\/ondauno.com.ar\/#\/schema\/person\/201d1b68e6c75e0fd396fe5f8af5d139","name":"fernando garcia","image":{"@type":"ImageObject","inLanguage":"es-AR","@id":"https:\/\/ondauno.com.ar\/#\/schema\/person\/image\/","url":"https:\/\/secure.gravatar.com\/avatar\/5f7254642ad81272e79a2e69653cfdfc?s=96&d=mm&r=g","contentUrl":"https:\/\/secure.gravatar.com\/avatar\/5f7254642ad81272e79a2e69653cfdfc?s=96&d=mm&r=g","caption":"fernando garcia"},"url":"https:\/\/ondauno.com.ar\/index.php\/author\/ondaunoeditor\/"}]}},"jetpack_publicize_connections":[],"jetpack_featured_media_url":"https:\/\/ondauno.com.ar\/wp-content\/uploads\/2020\/11\/WhatsApp-Image-2020-11-25-at-18.48.25.jpeg","jetpack_sharing_enabled":true,"_links":{"self":[{"href":"https:\/\/ondauno.com.ar\/index.php\/wp-json\/wp\/v2\/posts\/19808","targetHints":{"allow":["GET"]}}],"collection":[{"href":"https:\/\/ondauno.com.ar\/index.php\/wp-json\/wp\/v2\/posts"}],"about":[{"href":"https:\/\/ondauno.com.ar\/index.php\/wp-json\/wp\/v2\/types\/post"}],"author":[{"embeddable":true,"href":"https:\/\/ondauno.com.ar\/index.php\/wp-json\/wp\/v2\/users\/2"}],"replies":[{"embeddable":true,"href":"https:\/\/ondauno.com.ar\/index.php\/wp-json\/wp\/v2\/comments?post=19808"}],"version-history":[{"count":0,"href":"https:\/\/ondauno.com.ar\/index.php\/wp-json\/wp\/v2\/posts\/19808\/revisions"}],"wp:featuredmedia":[{"embeddable":true,"href":"https:\/\/ondauno.com.ar\/index.php\/wp-json\/wp\/v2\/media\/19810"}],"wp:attachment":[{"href":"https:\/\/ondauno.com.ar\/index.php\/wp-json\/wp\/v2\/media?parent=19808"}],"wp:term":[{"taxonomy":"category","embeddable":true,"href":"https:\/\/ondauno.com.ar\/index.php\/wp-json\/wp\/v2\/categories?post=19808"},{"taxonomy":"post_tag","embeddable":true,"href":"https:\/\/ondauno.com.ar\/index.php\/wp-json\/wp\/v2\/tags?post=19808"}],"curies":[{"name":"wp","href":"https:\/\/api.w.org\/{rel}","templated":true}]}}