{"id":1962,"date":"2019-11-20T15:26:09","date_gmt":"2019-11-20T18:26:09","guid":{"rendered":"http:\/\/ondauno.com.ar\/?p=1962"},"modified":"2019-11-20T15:28:18","modified_gmt":"2019-11-20T18:28:18","slug":"en-la-despedida-emilio-monzo-se-emociono","status":"publish","type":"post","link":"https:\/\/ondauno.com.ar\/index.php\/2019\/11\/20\/en-la-despedida-emilio-monzo-se-emociono\/","title":{"rendered":"En la despedida, Emilio Monz\u00f3 se emocion\u00f3"},"content":{"rendered":"<div class=\"ondau-before-content_3\" style=\"margin-top: -30px;\" id=\"ondau-998229643\"><a href=\"https:\/\/www.lps.com.ar\/\" aria-label=\"la-perse2\"><img loading=\"lazy\" decoding=\"async\" src=\"https:\/\/ondauno.com.ar\/wp-content\/uploads\/2021\/10\/la-perse2.jpg\" alt=\"\"  srcset=\"https:\/\/ondauno.com.ar\/wp-content\/uploads\/2021\/10\/la-perse2.jpg 1353w, https:\/\/ondauno.com.ar\/wp-content\/uploads\/2021\/10\/la-perse2-300x43.jpg 300w, https:\/\/ondauno.com.ar\/wp-content\/uploads\/2021\/10\/la-perse2-1024x148.jpg 1024w, https:\/\/ondauno.com.ar\/wp-content\/uploads\/2021\/10\/la-perse2-768x111.jpg 768w, https:\/\/ondauno.com.ar\/wp-content\/uploads\/2021\/10\/la-perse2-696x100.jpg 696w, https:\/\/ondauno.com.ar\/wp-content\/uploads\/2021\/10\/la-perse2-1068x154.jpg 1068w\" sizes=\"(max-width: 1353px) 100vw, 1353px\" class=\"no-lazyload\" width=\"1353\" height=\"195\"  style=\"display: inline-block;\" \/><\/a><\/div>\nDurante la \u00faltima sesi\u00f3n como presidente de la C\u00e1mara de Diputados.\n\n\n\n\nmocion\u00f3 hoy hasta las l\u00e1grimas cuando fue despedido por los legisladores de todos los bloques pol\u00edticos, que destacaron su labor y su defensa de la &#8220;rosca pol\u00edtica&#8221;, en la \u00faltima sesi\u00f3n del per\u00edodo ordinario del cuerpo legislativo.\n\n\n\n\nhttps:\/\/www.grupolaprovincia.com\/argentina\/monzo-se-emociono-por-el-homenaje-que-le-realizaron-los-diputados-en-la-ultima-sesion-404372\n\n","protected":false},"excerpt":{"rendered":"<p>Durante la \u00faltima sesi\u00f3n como presidente de la C\u00e1mara de Diputados. mocion\u00f3 hoy hasta las l\u00e1grimas cuando fue despedido por los legisladores de todos los bloques pol\u00edticos, que destacaron su labor y su defensa de la &#8220;rosca pol\u00edtica&#8221;, en la \u00faltima sesi\u00f3n del per\u00edodo ordinario del cuerpo legislativo. https:\/\/www.grupolaprovincia.com\/argentina\/monzo-se-emociono-por-el-homenaje-que-le-realizaron-los-diputados-en-la-ultima-sesion-404372<\/p>\n","protected":false},"author":2,"featured_media":1961,"comment_status":"open","ping_status":"open","sticky":false,"template":"","format":"standard","meta":{"tdm_status":"","tdm_grid_status":"","_jetpack_memberships_contains_paid_content":false,"footnotes":"","jetpack_publicize_message":"","jetpack_publicize_feature_enabled":true,"jetpack_social_post_already_shared":false,"jetpack_social_options":{"image_generator_settings":{"template":"highway","default_image_id":0,"font":"","enabled":false},"version":2}},"categories":[26,3],"tags":[],"class_list":{"0":"post-1962","1":"post","2":"type-post","3":"status-publish","4":"format-standard","5":"has-post-thumbnail","7":"category-destacada","8":"category-nacionales"},"yoast_head":"<!-- This site is optimized with the Yoast SEO plugin v22.7 - https:\/\/yoast.com\/wordpress\/plugins\/seo\/ -->\n<title>En la despedida, Emilio Monz\u00f3 se emocion\u00f3 - 103.9 fm<\/title>\n<meta name=\"robots\" content=\"index, follow, max-snippet:-1, max-image-preview:large, max-video-preview:-1\" \/>\n<link rel=\"canonical\" href=\"https:\/\/ondauno.com.ar\/index.php\/2019\/11\/20\/en-la-despedida-emilio-monzo-se-emociono\/\" \/>\n<meta property=\"og:locale\" content=\"es_ES\" \/>\n<meta property=\"og:type\" content=\"article\" \/>\n<meta property=\"og:title\" content=\"En la despedida, Emilio Monz\u00f3 se emocion\u00f3 - 103.9 fm\" \/>\n<meta property=\"og:description\" content=\"Durante la \u00faltima sesi\u00f3n como presidente de la C\u00e1mara de Diputados. mocion\u00f3 hoy hasta las l\u00e1grimas cuando fue despedido por los legisladores de todos los bloques pol\u00edticos, que destacaron su labor y su defensa de la &#8220;rosca pol\u00edtica&#8221;, en la \u00faltima sesi\u00f3n del per\u00edodo ordinario del cuerpo legislativo. https:\/\/www.grupolaprovincia.com\/argentina\/monzo-se-emociono-por-el-homenaje-que-le-realizaron-los-diputados-en-la-ultima-sesion-404372\" \/>\n<meta property=\"og:url\" content=\"https:\/\/ondauno.com.ar\/index.php\/2019\/11\/20\/en-la-despedida-emilio-monzo-se-emociono\/\" \/>\n<meta property=\"og:site_name\" content=\"103.9 fm\" \/>\n<meta property=\"article:publisher\" content=\"https:\/\/www.facebook.com\/ondauno103.9\" \/>\n<meta property=\"article:published_time\" content=\"2019-11-20T18:26:09+00:00\" \/>\n<meta property=\"article:modified_time\" content=\"2019-11-20T18:28:18+00:00\" \/>\n<meta property=\"og:image\" content=\"https:\/\/ondauno.com.ar\/wp-content\/uploads\/2019\/11\/monzo1.jpg\" \/>\n\t<meta property=\"og:image:width\" content=\"711\" \/>\n\t<meta property=\"og:image:height\" content=\"474\" \/>\n\t<meta property=\"og:image:type\" content=\"image\/jpeg\" \/>\n<meta name=\"author\" content=\"fernando garcia\" \/>\n<meta name=\"twitter:card\" content=\"summary_large_image\" \/>\n<meta name=\"twitter:label1\" content=\"Escrito por\" \/>\n\t<meta name=\"twitter:data1\" content=\"fernando garcia\" \/>\n<script type=\"application\/ld+json\" class=\"yoast-schema-graph\">{\"@context\":\"https:\/\/schema.org\",\"@graph\":[{\"@type\":\"WebPage\",\"@id\":\"https:\/\/ondauno.com.ar\/index.php\/2019\/11\/20\/en-la-despedida-emilio-monzo-se-emociono\/\",\"url\":\"https:\/\/ondauno.com.ar\/index.php\/2019\/11\/20\/en-la-despedida-emilio-monzo-se-emociono\/\",\"name\":\"En la despedida, Emilio Monz\u00f3 se emocion\u00f3 - 103.9 fm\",\"isPartOf\":{\"@id\":\"https:\/\/ondauno.com.ar\/#website\"},\"primaryImageOfPage\":{\"@id\":\"https:\/\/ondauno.com.ar\/index.php\/2019\/11\/20\/en-la-despedida-emilio-monzo-se-emociono\/#primaryimage\"},\"image\":{\"@id\":\"https:\/\/ondauno.com.ar\/index.php\/2019\/11\/20\/en-la-despedida-emilio-monzo-se-emociono\/#primaryimage\"},\"thumbnailUrl\":\"https:\/\/ondauno.com.ar\/wp-content\/uploads\/2019\/11\/monzo1.jpg\",\"datePublished\":\"2019-11-20T18:26:09+00:00\",\"dateModified\":\"2019-11-20T18:28:18+00:00\",\"author\":{\"@id\":\"https:\/\/ondauno.com.ar\/#\/schema\/person\/201d1b68e6c75e0fd396fe5f8af5d139\"},\"breadcrumb\":{\"@id\":\"https:\/\/ondauno.com.ar\/index.php\/2019\/11\/20\/en-la-despedida-emilio-monzo-se-emociono\/#breadcrumb\"},\"inLanguage\":\"es-AR\",\"potentialAction\":[{\"@type\":\"ReadAction\",\"target\":[\"https:\/\/ondauno.com.ar\/index.php\/2019\/11\/20\/en-la-despedida-emilio-monzo-se-emociono\/\"]}]},{\"@type\":\"ImageObject\",\"inLanguage\":\"es-AR\",\"@id\":\"https:\/\/ondauno.com.ar\/index.php\/2019\/11\/20\/en-la-despedida-emilio-monzo-se-emociono\/#primaryimage\",\"url\":\"https:\/\/ondauno.com.ar\/wp-content\/uploads\/2019\/11\/monzo1.jpg\",\"contentUrl\":\"https:\/\/ondauno.com.ar\/wp-content\/uploads\/2019\/11\/monzo1.jpg\",\"width\":711,\"height\":474},{\"@type\":\"BreadcrumbList\",\"@id\":\"https:\/\/ondauno.com.ar\/index.php\/2019\/11\/20\/en-la-despedida-emilio-monzo-se-emociono\/#breadcrumb\",\"itemListElement\":[{\"@type\":\"ListItem\",\"position\":1,\"name\":\"Inicio\",\"item\":\"https:\/\/ondauno.com.ar\/\"},{\"@type\":\"ListItem\",\"position\":2,\"name\":\"En la despedida, Emilio Monz\u00f3 se emocion\u00f3\"}]},{\"@type\":\"WebSite\",\"@id\":\"https:\/\/ondauno.com.ar\/#website\",\"url\":\"https:\/\/ondauno.com.ar\/\",\"name\":\"103.9 fm\",\"description\":\"LA PRIMERA RADIO MULTIMEDIA DE TRES ARROYOS\",\"potentialAction\":[{\"@type\":\"SearchAction\",\"target\":{\"@type\":\"EntryPoint\",\"urlTemplate\":\"https:\/\/ondauno.com.ar\/?s={search_term_string}\"},\"query-input\":\"required name=search_term_string\"}],\"inLanguage\":\"es-AR\"},{\"@type\":\"Person\",\"@id\":\"https:\/\/ondauno.com.ar\/#\/schema\/person\/201d1b68e6c75e0fd396fe5f8af5d139\",\"name\":\"fernando garcia\",\"image\":{\"@type\":\"ImageObject\",\"inLanguage\":\"es-AR\",\"@id\":\"https:\/\/ondauno.com.ar\/#\/schema\/person\/image\/\",\"url\":\"https:\/\/secure.gravatar.com\/avatar\/5f7254642ad81272e79a2e69653cfdfc?s=96&d=mm&r=g\",\"contentUrl\":\"https:\/\/secure.gravatar.com\/avatar\/5f7254642ad81272e79a2e69653cfdfc?s=96&d=mm&r=g\",\"caption\":\"fernando garcia\"},\"url\":\"https:\/\/ondauno.com.ar\/index.php\/author\/ondaunoeditor\/\"}]}<\/script>\n<!-- \/ Yoast SEO plugin. -->","yoast_head_json":{"title":"En la despedida, Emilio Monz\u00f3 se emocion\u00f3 - 103.9 fm","robots":{"index":"index","follow":"follow","max-snippet":"max-snippet:-1","max-image-preview":"max-image-preview:large","max-video-preview":"max-video-preview:-1"},"canonical":"https:\/\/ondauno.com.ar\/index.php\/2019\/11\/20\/en-la-despedida-emilio-monzo-se-emociono\/","og_locale":"es_ES","og_type":"article","og_title":"En la despedida, Emilio Monz\u00f3 se emocion\u00f3 - 103.9 fm","og_description":"Durante la \u00faltima sesi\u00f3n como presidente de la C\u00e1mara de Diputados. mocion\u00f3 hoy hasta las l\u00e1grimas cuando fue despedido por los legisladores de todos los bloques pol\u00edticos, que destacaron su labor y su defensa de la &#8220;rosca pol\u00edtica&#8221;, en la \u00faltima sesi\u00f3n del per\u00edodo ordinario del cuerpo legislativo. https:\/\/www.grupolaprovincia.com\/argentina\/monzo-se-emociono-por-el-homenaje-que-le-realizaron-los-diputados-en-la-ultima-sesion-404372","og_url":"https:\/\/ondauno.com.ar\/index.php\/2019\/11\/20\/en-la-despedida-emilio-monzo-se-emociono\/","og_site_name":"103.9 fm","article_publisher":"https:\/\/www.facebook.com\/ondauno103.9","article_published_time":"2019-11-20T18:26:09+00:00","article_modified_time":"2019-11-20T18:28:18+00:00","og_image":[{"width":711,"height":474,"url":"https:\/\/ondauno.com.ar\/wp-content\/uploads\/2019\/11\/monzo1.jpg","type":"image\/jpeg"}],"author":"fernando garcia","twitter_card":"summary_large_image","twitter_misc":{"Escrito por":"fernando garcia"},"schema":{"@context":"https:\/\/schema.org","@graph":[{"@type":"WebPage","@id":"https:\/\/ondauno.com.ar\/index.php\/2019\/11\/20\/en-la-despedida-emilio-monzo-se-emociono\/","url":"https:\/\/ondauno.com.ar\/index.php\/2019\/11\/20\/en-la-despedida-emilio-monzo-se-emociono\/","name":"En la despedida, Emilio Monz\u00f3 se emocion\u00f3 - 103.9 fm","isPartOf":{"@id":"https:\/\/ondauno.com.ar\/#website"},"primaryImageOfPage":{"@id":"https:\/\/ondauno.com.ar\/index.php\/2019\/11\/20\/en-la-despedida-emilio-monzo-se-emociono\/#primaryimage"},"image":{"@id":"https:\/\/ondauno.com.ar\/index.php\/2019\/11\/20\/en-la-despedida-emilio-monzo-se-emociono\/#primaryimage"},"thumbnailUrl":"https:\/\/ondauno.com.ar\/wp-content\/uploads\/2019\/11\/monzo1.jpg","datePublished":"2019-11-20T18:26:09+00:00","dateModified":"2019-11-20T18:28:18+00:00","author":{"@id":"https:\/\/ondauno.com.ar\/#\/schema\/person\/201d1b68e6c75e0fd396fe5f8af5d139"},"breadcrumb":{"@id":"https:\/\/ondauno.com.ar\/index.php\/2019\/11\/20\/en-la-despedida-emilio-monzo-se-emociono\/#breadcrumb"},"inLanguage":"es-AR","potentialAction":[{"@type":"ReadAction","target":["https:\/\/ondauno.com.ar\/index.php\/2019\/11\/20\/en-la-despedida-emilio-monzo-se-emociono\/"]}]},{"@type":"ImageObject","inLanguage":"es-AR","@id":"https:\/\/ondauno.com.ar\/index.php\/2019\/11\/20\/en-la-despedida-emilio-monzo-se-emociono\/#primaryimage","url":"https:\/\/ondauno.com.ar\/wp-content\/uploads\/2019\/11\/monzo1.jpg","contentUrl":"https:\/\/ondauno.com.ar\/wp-content\/uploads\/2019\/11\/monzo1.jpg","width":711,"height":474},{"@type":"BreadcrumbList","@id":"https:\/\/ondauno.com.ar\/index.php\/2019\/11\/20\/en-la-despedida-emilio-monzo-se-emociono\/#breadcrumb","itemListElement":[{"@type":"ListItem","position":1,"name":"Inicio","item":"https:\/\/ondauno.com.ar\/"},{"@type":"ListItem","position":2,"name":"En la despedida, Emilio Monz\u00f3 se emocion\u00f3"}]},{"@type":"WebSite","@id":"https:\/\/ondauno.com.ar\/#website","url":"https:\/\/ondauno.com.ar\/","name":"103.9 fm","description":"LA PRIMERA RADIO MULTIMEDIA DE TRES ARROYOS","potentialAction":[{"@type":"SearchAction","target":{"@type":"EntryPoint","urlTemplate":"https:\/\/ondauno.com.ar\/?s={search_term_string}"},"query-input":"required name=search_term_string"}],"inLanguage":"es-AR"},{"@type":"Person","@id":"https:\/\/ondauno.com.ar\/#\/schema\/person\/201d1b68e6c75e0fd396fe5f8af5d139","name":"fernando garcia","image":{"@type":"ImageObject","inLanguage":"es-AR","@id":"https:\/\/ondauno.com.ar\/#\/schema\/person\/image\/","url":"https:\/\/secure.gravatar.com\/avatar\/5f7254642ad81272e79a2e69653cfdfc?s=96&d=mm&r=g","contentUrl":"https:\/\/secure.gravatar.com\/avatar\/5f7254642ad81272e79a2e69653cfdfc?s=96&d=mm&r=g","caption":"fernando garcia"},"url":"https:\/\/ondauno.com.ar\/index.php\/author\/ondaunoeditor\/"}]}},"jetpack_publicize_connections":[],"jetpack_featured_media_url":"https:\/\/ondauno.com.ar\/wp-content\/uploads\/2019\/11\/monzo1.jpg","jetpack_sharing_enabled":true,"_links":{"self":[{"href":"https:\/\/ondauno.com.ar\/index.php\/wp-json\/wp\/v2\/posts\/1962","targetHints":{"allow":["GET"]}}],"collection":[{"href":"https:\/\/ondauno.com.ar\/index.php\/wp-json\/wp\/v2\/posts"}],"about":[{"href":"https:\/\/ondauno.com.ar\/index.php\/wp-json\/wp\/v2\/types\/post"}],"author":[{"embeddable":true,"href":"https:\/\/ondauno.com.ar\/index.php\/wp-json\/wp\/v2\/users\/2"}],"replies":[{"embeddable":true,"href":"https:\/\/ondauno.com.ar\/index.php\/wp-json\/wp\/v2\/comments?post=1962"}],"version-history":[{"count":0,"href":"https:\/\/ondauno.com.ar\/index.php\/wp-json\/wp\/v2\/posts\/1962\/revisions"}],"wp:featuredmedia":[{"embeddable":true,"href":"https:\/\/ondauno.com.ar\/index.php\/wp-json\/wp\/v2\/media\/1961"}],"wp:attachment":[{"href":"https:\/\/ondauno.com.ar\/index.php\/wp-json\/wp\/v2\/media?parent=1962"}],"wp:term":[{"taxonomy":"category","embeddable":true,"href":"https:\/\/ondauno.com.ar\/index.php\/wp-json\/wp\/v2\/categories?post=1962"},{"taxonomy":"post_tag","embeddable":true,"href":"https:\/\/ondauno.com.ar\/index.php\/wp-json\/wp\/v2\/tags?post=1962"}],"curies":[{"name":"wp","href":"https:\/\/api.w.org\/{rel}","templated":true}]}}