{"id":1956,"date":"2019-11-20T03:19:22","date_gmt":"2019-11-20T06:19:22","guid":{"rendered":"http:\/\/ondauno.com.ar\/?p=1956"},"modified":"2019-11-20T03:25:07","modified_gmt":"2019-11-20T06:25:07","slug":"se-declaro-la-emergencia-agropecuaria-por-sequia-para-productores-del-partido-de-adolfo-gonzales-chaves","status":"publish","type":"post","link":"https:\/\/ondauno.com.ar\/index.php\/2019\/11\/20\/se-declaro-la-emergencia-agropecuaria-por-sequia-para-productores-del-partido-de-adolfo-gonzales-chaves\/","title":{"rendered":"SE DECLAR\u00d3 LA EMERGENCIA AGROPECUARIA POR SEQU\u00cdA PARA PRODUCTORES DEL PARTIDO DE ADOLFO GONZALES CHAVES"},"content":{"rendered":"<div class=\"ondau-before-content_3\" style=\"margin-top: -30px;\" id=\"ondau-2541936091\"><a href=\"https:\/\/www.lps.com.ar\/\" aria-label=\"la-perse2\"><img loading=\"lazy\" decoding=\"async\" src=\"https:\/\/ondauno.com.ar\/wp-content\/uploads\/2021\/10\/la-perse2.jpg\" alt=\"\"  srcset=\"https:\/\/ondauno.com.ar\/wp-content\/uploads\/2021\/10\/la-perse2.jpg 1353w, https:\/\/ondauno.com.ar\/wp-content\/uploads\/2021\/10\/la-perse2-300x43.jpg 300w, https:\/\/ondauno.com.ar\/wp-content\/uploads\/2021\/10\/la-perse2-1024x148.jpg 1024w, https:\/\/ondauno.com.ar\/wp-content\/uploads\/2021\/10\/la-perse2-768x111.jpg 768w, https:\/\/ondauno.com.ar\/wp-content\/uploads\/2021\/10\/la-perse2-696x100.jpg 696w, https:\/\/ondauno.com.ar\/wp-content\/uploads\/2021\/10\/la-perse2-1068x154.jpg 1068w\" sizes=\"(max-width: 1353px) 100vw, 1353px\" class=\"no-lazyload\" width=\"1353\" height=\"195\"  style=\"display: inline-block;\" \/><\/a><\/div>\nEl d\u00eda 12 de noviembre pasado, en reuni\u00f3n de la Comisi\u00f3n de Emergencia y Desastre Agropecuario de la Provincia de Buenos (CEDABA), se declar\u00f3 el estado de Emergencia Individual, seg\u00fan listado de productores, para las parcelas afectadas por sequ\u00eda del partido de Adolfo Gonzales Chaves por el per\u00edodo 01\/07\/19 al 31\/12\/19.\n\n\n\n\nLa fecha l\u00edmite de presentaci\u00f3n ante la CEDABA de los mencionados listados, por parte de la Municipalidad de Adolfo Gonzales Chaves, es el d\u00eda 30 de Noviembre de 2019. Para lo cual con anterioridad, cada productor afectado que desee realizar el tr\u00e1mite debe confeccionar la planilla de Declaraci\u00f3n Jurada Individual, la cual puede ser presentada hasta el d\u00eda 27 de Noviembre de 2019.\n\n\n\n\nDesde la Asociaci\u00f3n de Productores local, se recomienda a los productores afectados, solicitar las planillas de Declaraci\u00f3n Jurada, personalmente en la oficina de Casa de Campo (Tel. 481881) de lunes a viernes en horario de ma\u00f1ana o mediante correo electr\u00f3nico a&nbsp;<a href=\"mailto:as**********@gm***.com\" data-original-string=\"DJtkEycSVReDfNZ4TLnR\/lIdBj6EfFd92r8YmIDaMZI=\" title=\"This contact has been encoded by Anti-Spam by CleanTalk. Click to decode. To finish the decoding make sure that JavaScript is enabled in your browser.\"><span \n                data-original-string=\"DJtkEycSVReDfNZ4TLnR\/lIdBj6EfFd92r8YmIDaMZI=\"\n                class=\"apbct-email-encoder\"\n                title=\"This contact has been encoded by Anti-Spam by CleanTalk. Click to decode. To finish the decoding make sure that JavaScript is enabled in your browser.\">as**********@gm***.com<\/span><\/a>&nbsp;o mediante WhatsApp al 2983521235.\n\n\n\n\nASOCIACI\u00d3N DE PRODUCTORES DEL PARTIDO DE ADOLFO GONZALES CHAVES&nbsp;\n\n\n\n\nIm\u00e1genes adjuntas: Establecimiento en Cuartel 13, muerte de vacas paridas, agosto y setiembre de 2019\n\n\n\n\nFuente: chavez digital \n\n","protected":false},"excerpt":{"rendered":"<p>El d\u00eda 12 de noviembre pasado, en reuni\u00f3n de la Comisi\u00f3n de Emergencia y Desastre Agropecuario de la Provincia de Buenos (CEDABA), se declar\u00f3 el estado de Emergencia Individual, seg\u00fan listado de productores, para las parcelas afectadas por sequ\u00eda del partido de Adolfo Gonzales Chaves por el per\u00edodo 01\/07\/19 al 31\/12\/19. La fecha l\u00edmite de [&hellip;]<\/p>\n","protected":false},"author":2,"featured_media":1955,"comment_status":"open","ping_status":"open","sticky":false,"template":"","format":"standard","meta":{"tdm_status":"","tdm_grid_status":"","_jetpack_memberships_contains_paid_content":false,"footnotes":"","jetpack_publicize_message":"","jetpack_publicize_feature_enabled":true,"jetpack_social_post_already_shared":false,"jetpack_social_options":{"image_generator_settings":{"template":"highway","default_image_id":0,"font":"","enabled":false},"version":2}},"categories":[26,35],"tags":[],"class_list":{"0":"post-1956","1":"post","2":"type-post","3":"status-publish","4":"format-standard","5":"has-post-thumbnail","7":"category-destacada","8":"category-regionales"},"yoast_head":"<!-- This site is optimized with the Yoast SEO plugin v22.7 - https:\/\/yoast.com\/wordpress\/plugins\/seo\/ -->\n<title>SE DECLAR\u00d3 LA EMERGENCIA AGROPECUARIA POR SEQU\u00cdA PARA PRODUCTORES DEL PARTIDO DE ADOLFO GONZALES CHAVES - 103.9 fm<\/title>\n<meta name=\"robots\" content=\"index, follow, max-snippet:-1, max-image-preview:large, max-video-preview:-1\" \/>\n<link rel=\"canonical\" href=\"https:\/\/ondauno.com.ar\/index.php\/2019\/11\/20\/se-declaro-la-emergencia-agropecuaria-por-sequia-para-productores-del-partido-de-adolfo-gonzales-chaves\/\" \/>\n<meta property=\"og:locale\" content=\"es_ES\" \/>\n<meta property=\"og:type\" content=\"article\" \/>\n<meta property=\"og:title\" content=\"SE DECLAR\u00d3 LA EMERGENCIA AGROPECUARIA POR SEQU\u00cdA PARA PRODUCTORES DEL PARTIDO DE ADOLFO GONZALES CHAVES - 103.9 fm\" \/>\n<meta property=\"og:description\" content=\"El d\u00eda 12 de noviembre pasado, en reuni\u00f3n de la Comisi\u00f3n de Emergencia y Desastre Agropecuario de la Provincia de Buenos (CEDABA), se declar\u00f3 el estado de Emergencia Individual, seg\u00fan listado de productores, para las parcelas afectadas por sequ\u00eda del partido de Adolfo Gonzales Chaves por el per\u00edodo 01\/07\/19 al 31\/12\/19. La fecha l\u00edmite de [&hellip;]\" \/>\n<meta property=\"og:url\" content=\"https:\/\/ondauno.com.ar\/index.php\/2019\/11\/20\/se-declaro-la-emergencia-agropecuaria-por-sequia-para-productores-del-partido-de-adolfo-gonzales-chaves\/\" \/>\n<meta property=\"og:site_name\" content=\"103.9 fm\" \/>\n<meta property=\"article:publisher\" content=\"https:\/\/www.facebook.com\/ondauno103.9\" \/>\n<meta property=\"article:published_time\" content=\"2019-11-20T06:19:22+00:00\" \/>\n<meta property=\"article:modified_time\" content=\"2019-11-20T06:25:07+00:00\" \/>\n<meta property=\"og:image\" content=\"https:\/\/ondauno.com.ar\/wp-content\/uploads\/2019\/11\/Screenshot_2019-11-20-03-24-14.png\" \/>\n\t<meta property=\"og:image:width\" content=\"2160\" \/>\n\t<meta property=\"og:image:height\" content=\"1080\" \/>\n\t<meta property=\"og:image:type\" content=\"image\/png\" \/>\n<meta name=\"author\" content=\"fernando garcia\" \/>\n<meta name=\"twitter:card\" content=\"summary_large_image\" \/>\n<meta name=\"twitter:label1\" content=\"Escrito por\" \/>\n\t<meta name=\"twitter:data1\" content=\"fernando garcia\" \/>\n\t<meta name=\"twitter:label2\" content=\"Tiempo de lectura\" \/>\n\t<meta name=\"twitter:data2\" content=\"1 minuto\" \/>\n<script type=\"application\/ld+json\" class=\"yoast-schema-graph\">{\"@context\":\"https:\/\/schema.org\",\"@graph\":[{\"@type\":\"WebPage\",\"@id\":\"https:\/\/ondauno.com.ar\/index.php\/2019\/11\/20\/se-declaro-la-emergencia-agropecuaria-por-sequia-para-productores-del-partido-de-adolfo-gonzales-chaves\/\",\"url\":\"https:\/\/ondauno.com.ar\/index.php\/2019\/11\/20\/se-declaro-la-emergencia-agropecuaria-por-sequia-para-productores-del-partido-de-adolfo-gonzales-chaves\/\",\"name\":\"SE DECLAR\u00d3 LA EMERGENCIA AGROPECUARIA POR SEQU\u00cdA PARA PRODUCTORES DEL PARTIDO DE ADOLFO GONZALES CHAVES - 103.9 fm\",\"isPartOf\":{\"@id\":\"https:\/\/ondauno.com.ar\/#website\"},\"primaryImageOfPage\":{\"@id\":\"https:\/\/ondauno.com.ar\/index.php\/2019\/11\/20\/se-declaro-la-emergencia-agropecuaria-por-sequia-para-productores-del-partido-de-adolfo-gonzales-chaves\/#primaryimage\"},\"image\":{\"@id\":\"https:\/\/ondauno.com.ar\/index.php\/2019\/11\/20\/se-declaro-la-emergencia-agropecuaria-por-sequia-para-productores-del-partido-de-adolfo-gonzales-chaves\/#primaryimage\"},\"thumbnailUrl\":\"https:\/\/ondauno.com.ar\/wp-content\/uploads\/2019\/11\/Screenshot_2019-11-20-03-24-14.png\",\"datePublished\":\"2019-11-20T06:19:22+00:00\",\"dateModified\":\"2019-11-20T06:25:07+00:00\",\"author\":{\"@id\":\"https:\/\/ondauno.com.ar\/#\/schema\/person\/201d1b68e6c75e0fd396fe5f8af5d139\"},\"breadcrumb\":{\"@id\":\"https:\/\/ondauno.com.ar\/index.php\/2019\/11\/20\/se-declaro-la-emergencia-agropecuaria-por-sequia-para-productores-del-partido-de-adolfo-gonzales-chaves\/#breadcrumb\"},\"inLanguage\":\"es-AR\",\"potentialAction\":[{\"@type\":\"ReadAction\",\"target\":[\"https:\/\/ondauno.com.ar\/index.php\/2019\/11\/20\/se-declaro-la-emergencia-agropecuaria-por-sequia-para-productores-del-partido-de-adolfo-gonzales-chaves\/\"]}]},{\"@type\":\"ImageObject\",\"inLanguage\":\"es-AR\",\"@id\":\"https:\/\/ondauno.com.ar\/index.php\/2019\/11\/20\/se-declaro-la-emergencia-agropecuaria-por-sequia-para-productores-del-partido-de-adolfo-gonzales-chaves\/#primaryimage\",\"url\":\"https:\/\/ondauno.com.ar\/wp-content\/uploads\/2019\/11\/Screenshot_2019-11-20-03-24-14.png\",\"contentUrl\":\"https:\/\/ondauno.com.ar\/wp-content\/uploads\/2019\/11\/Screenshot_2019-11-20-03-24-14.png\",\"width\":2160,\"height\":1080},{\"@type\":\"BreadcrumbList\",\"@id\":\"https:\/\/ondauno.com.ar\/index.php\/2019\/11\/20\/se-declaro-la-emergencia-agropecuaria-por-sequia-para-productores-del-partido-de-adolfo-gonzales-chaves\/#breadcrumb\",\"itemListElement\":[{\"@type\":\"ListItem\",\"position\":1,\"name\":\"Inicio\",\"item\":\"https:\/\/ondauno.com.ar\/\"},{\"@type\":\"ListItem\",\"position\":2,\"name\":\"SE DECLAR\u00d3 LA EMERGENCIA AGROPECUARIA POR SEQU\u00cdA PARA PRODUCTORES DEL PARTIDO DE ADOLFO GONZALES CHAVES\"}]},{\"@type\":\"WebSite\",\"@id\":\"https:\/\/ondauno.com.ar\/#website\",\"url\":\"https:\/\/ondauno.com.ar\/\",\"name\":\"103.9 fm\",\"description\":\"LA PRIMERA RADIO MULTIMEDIA DE TRES ARROYOS\",\"potentialAction\":[{\"@type\":\"SearchAction\",\"target\":{\"@type\":\"EntryPoint\",\"urlTemplate\":\"https:\/\/ondauno.com.ar\/?s={search_term_string}\"},\"query-input\":\"required name=search_term_string\"}],\"inLanguage\":\"es-AR\"},{\"@type\":\"Person\",\"@id\":\"https:\/\/ondauno.com.ar\/#\/schema\/person\/201d1b68e6c75e0fd396fe5f8af5d139\",\"name\":\"fernando garcia\",\"image\":{\"@type\":\"ImageObject\",\"inLanguage\":\"es-AR\",\"@id\":\"https:\/\/ondauno.com.ar\/#\/schema\/person\/image\/\",\"url\":\"https:\/\/secure.gravatar.com\/avatar\/5f7254642ad81272e79a2e69653cfdfc?s=96&d=mm&r=g\",\"contentUrl\":\"https:\/\/secure.gravatar.com\/avatar\/5f7254642ad81272e79a2e69653cfdfc?s=96&d=mm&r=g\",\"caption\":\"fernando garcia\"},\"url\":\"https:\/\/ondauno.com.ar\/index.php\/author\/ondaunoeditor\/\"}]}<\/script>\n<!-- \/ Yoast SEO plugin. -->","yoast_head_json":{"title":"SE DECLAR\u00d3 LA EMERGENCIA AGROPECUARIA POR SEQU\u00cdA PARA PRODUCTORES DEL PARTIDO DE ADOLFO GONZALES CHAVES - 103.9 fm","robots":{"index":"index","follow":"follow","max-snippet":"max-snippet:-1","max-image-preview":"max-image-preview:large","max-video-preview":"max-video-preview:-1"},"canonical":"https:\/\/ondauno.com.ar\/index.php\/2019\/11\/20\/se-declaro-la-emergencia-agropecuaria-por-sequia-para-productores-del-partido-de-adolfo-gonzales-chaves\/","og_locale":"es_ES","og_type":"article","og_title":"SE DECLAR\u00d3 LA EMERGENCIA AGROPECUARIA POR SEQU\u00cdA PARA PRODUCTORES DEL PARTIDO DE ADOLFO GONZALES CHAVES - 103.9 fm","og_description":"El d\u00eda 12 de noviembre pasado, en reuni\u00f3n de la Comisi\u00f3n de Emergencia y Desastre Agropecuario de la Provincia de Buenos (CEDABA), se declar\u00f3 el estado de Emergencia Individual, seg\u00fan listado de productores, para las parcelas afectadas por sequ\u00eda del partido de Adolfo Gonzales Chaves por el per\u00edodo 01\/07\/19 al 31\/12\/19. La fecha l\u00edmite de [&hellip;]","og_url":"https:\/\/ondauno.com.ar\/index.php\/2019\/11\/20\/se-declaro-la-emergencia-agropecuaria-por-sequia-para-productores-del-partido-de-adolfo-gonzales-chaves\/","og_site_name":"103.9 fm","article_publisher":"https:\/\/www.facebook.com\/ondauno103.9","article_published_time":"2019-11-20T06:19:22+00:00","article_modified_time":"2019-11-20T06:25:07+00:00","og_image":[{"width":2160,"height":1080,"url":"https:\/\/ondauno.com.ar\/wp-content\/uploads\/2019\/11\/Screenshot_2019-11-20-03-24-14.png","type":"image\/png"}],"author":"fernando garcia","twitter_card":"summary_large_image","twitter_misc":{"Escrito por":"fernando garcia","Tiempo de lectura":"1 minuto"},"schema":{"@context":"https:\/\/schema.org","@graph":[{"@type":"WebPage","@id":"https:\/\/ondauno.com.ar\/index.php\/2019\/11\/20\/se-declaro-la-emergencia-agropecuaria-por-sequia-para-productores-del-partido-de-adolfo-gonzales-chaves\/","url":"https:\/\/ondauno.com.ar\/index.php\/2019\/11\/20\/se-declaro-la-emergencia-agropecuaria-por-sequia-para-productores-del-partido-de-adolfo-gonzales-chaves\/","name":"SE DECLAR\u00d3 LA EMERGENCIA AGROPECUARIA POR SEQU\u00cdA PARA PRODUCTORES DEL PARTIDO DE ADOLFO GONZALES CHAVES - 103.9 fm","isPartOf":{"@id":"https:\/\/ondauno.com.ar\/#website"},"primaryImageOfPage":{"@id":"https:\/\/ondauno.com.ar\/index.php\/2019\/11\/20\/se-declaro-la-emergencia-agropecuaria-por-sequia-para-productores-del-partido-de-adolfo-gonzales-chaves\/#primaryimage"},"image":{"@id":"https:\/\/ondauno.com.ar\/index.php\/2019\/11\/20\/se-declaro-la-emergencia-agropecuaria-por-sequia-para-productores-del-partido-de-adolfo-gonzales-chaves\/#primaryimage"},"thumbnailUrl":"https:\/\/ondauno.com.ar\/wp-content\/uploads\/2019\/11\/Screenshot_2019-11-20-03-24-14.png","datePublished":"2019-11-20T06:19:22+00:00","dateModified":"2019-11-20T06:25:07+00:00","author":{"@id":"https:\/\/ondauno.com.ar\/#\/schema\/person\/201d1b68e6c75e0fd396fe5f8af5d139"},"breadcrumb":{"@id":"https:\/\/ondauno.com.ar\/index.php\/2019\/11\/20\/se-declaro-la-emergencia-agropecuaria-por-sequia-para-productores-del-partido-de-adolfo-gonzales-chaves\/#breadcrumb"},"inLanguage":"es-AR","potentialAction":[{"@type":"ReadAction","target":["https:\/\/ondauno.com.ar\/index.php\/2019\/11\/20\/se-declaro-la-emergencia-agropecuaria-por-sequia-para-productores-del-partido-de-adolfo-gonzales-chaves\/"]}]},{"@type":"ImageObject","inLanguage":"es-AR","@id":"https:\/\/ondauno.com.ar\/index.php\/2019\/11\/20\/se-declaro-la-emergencia-agropecuaria-por-sequia-para-productores-del-partido-de-adolfo-gonzales-chaves\/#primaryimage","url":"https:\/\/ondauno.com.ar\/wp-content\/uploads\/2019\/11\/Screenshot_2019-11-20-03-24-14.png","contentUrl":"https:\/\/ondauno.com.ar\/wp-content\/uploads\/2019\/11\/Screenshot_2019-11-20-03-24-14.png","width":2160,"height":1080},{"@type":"BreadcrumbList","@id":"https:\/\/ondauno.com.ar\/index.php\/2019\/11\/20\/se-declaro-la-emergencia-agropecuaria-por-sequia-para-productores-del-partido-de-adolfo-gonzales-chaves\/#breadcrumb","itemListElement":[{"@type":"ListItem","position":1,"name":"Inicio","item":"https:\/\/ondauno.com.ar\/"},{"@type":"ListItem","position":2,"name":"SE DECLAR\u00d3 LA EMERGENCIA AGROPECUARIA POR SEQU\u00cdA PARA PRODUCTORES DEL PARTIDO DE ADOLFO GONZALES CHAVES"}]},{"@type":"WebSite","@id":"https:\/\/ondauno.com.ar\/#website","url":"https:\/\/ondauno.com.ar\/","name":"103.9 fm","description":"LA PRIMERA RADIO MULTIMEDIA DE TRES ARROYOS","potentialAction":[{"@type":"SearchAction","target":{"@type":"EntryPoint","urlTemplate":"https:\/\/ondauno.com.ar\/?s={search_term_string}"},"query-input":"required name=search_term_string"}],"inLanguage":"es-AR"},{"@type":"Person","@id":"https:\/\/ondauno.com.ar\/#\/schema\/person\/201d1b68e6c75e0fd396fe5f8af5d139","name":"fernando garcia","image":{"@type":"ImageObject","inLanguage":"es-AR","@id":"https:\/\/ondauno.com.ar\/#\/schema\/person\/image\/","url":"https:\/\/secure.gravatar.com\/avatar\/5f7254642ad81272e79a2e69653cfdfc?s=96&d=mm&r=g","contentUrl":"https:\/\/secure.gravatar.com\/avatar\/5f7254642ad81272e79a2e69653cfdfc?s=96&d=mm&r=g","caption":"fernando garcia"},"url":"https:\/\/ondauno.com.ar\/index.php\/author\/ondaunoeditor\/"}]}},"jetpack_publicize_connections":[],"jetpack_featured_media_url":"https:\/\/ondauno.com.ar\/wp-content\/uploads\/2019\/11\/Screenshot_2019-11-20-03-24-14.png","jetpack_sharing_enabled":true,"_links":{"self":[{"href":"https:\/\/ondauno.com.ar\/index.php\/wp-json\/wp\/v2\/posts\/1956","targetHints":{"allow":["GET"]}}],"collection":[{"href":"https:\/\/ondauno.com.ar\/index.php\/wp-json\/wp\/v2\/posts"}],"about":[{"href":"https:\/\/ondauno.com.ar\/index.php\/wp-json\/wp\/v2\/types\/post"}],"author":[{"embeddable":true,"href":"https:\/\/ondauno.com.ar\/index.php\/wp-json\/wp\/v2\/users\/2"}],"replies":[{"embeddable":true,"href":"https:\/\/ondauno.com.ar\/index.php\/wp-json\/wp\/v2\/comments?post=1956"}],"version-history":[{"count":0,"href":"https:\/\/ondauno.com.ar\/index.php\/wp-json\/wp\/v2\/posts\/1956\/revisions"}],"wp:featuredmedia":[{"embeddable":true,"href":"https:\/\/ondauno.com.ar\/index.php\/wp-json\/wp\/v2\/media\/1955"}],"wp:attachment":[{"href":"https:\/\/ondauno.com.ar\/index.php\/wp-json\/wp\/v2\/media?parent=1956"}],"wp:term":[{"taxonomy":"category","embeddable":true,"href":"https:\/\/ondauno.com.ar\/index.php\/wp-json\/wp\/v2\/categories?post=1956"},{"taxonomy":"post_tag","embeddable":true,"href":"https:\/\/ondauno.com.ar\/index.php\/wp-json\/wp\/v2\/tags?post=1956"}],"curies":[{"name":"wp","href":"https:\/\/api.w.org\/{rel}","templated":true}]}}